{"id":5944,"date":"2025-07-13T14:50:35","date_gmt":"2025-07-13T14:50:35","guid":{"rendered":"https:\/\/blogdobispo.com.br\/?p=5944"},"modified":"2025-07-13T14:50:35","modified_gmt":"2025-07-13T14:50:35","slug":"pl-segue-crescendo-no-rn-e-recebe-filiacao-do-prefeito-e-vice-de-senador-georgino-avelino","status":"publish","type":"post","link":"https:\/\/blogdobispo.com.br\/?p=5944","title":{"rendered":"PL segue crescendo no RN e recebe filia\u00e7\u00e3o do prefeito e vice de Senador Georgino Avelino"},"content":{"rendered":"\n<figure class=\"wp-block-image size-large\"><img data-recalc-dims=\"1\" fetchpriority=\"high\" decoding=\"async\" width=\"800\" height=\"450\" src=\"https:\/\/i0.wp.com\/blogdobispo.com.br\/wp-content\/uploads\/2025\/07\/6c54522a-99de-4a79-a3c7-032c3501f59b-1-1024x576.jpg?resize=800%2C450&#038;ssl=1\" class=\"wp-image-5943\" srcset=\"https:\/\/i0.wp.com\/blogdobispo.com.br\/wp-content\/uploads\/2025\/07\/6c54522a-99de-4a79-a3c7-032c3501f59b-1.jpg?resize=1024%2C576&amp;ssl=1 1024w, https:\/\/i0.wp.com\/blogdobispo.com.br\/wp-content\/uploads\/2025\/07\/6c54522a-99de-4a79-a3c7-032c3501f59b-1.jpg?resize=300%2C169&amp;ssl=1 300w, https:\/\/i0.wp.com\/blogdobispo.com.br\/wp-content\/uploads\/2025\/07\/6c54522a-99de-4a79-a3c7-032c3501f59b-1.jpg?resize=768%2C432&amp;ssl=1 768w, https:\/\/i0.wp.com\/blogdobispo.com.br\/wp-content\/uploads\/2025\/07\/6c54522a-99de-4a79-a3c7-032c3501f59b-1.jpg?resize=1536%2C864&amp;ssl=1 1536w, https:\/\/i0.wp.com\/blogdobispo.com.br\/wp-content\/uploads\/2025\/07\/6c54522a-99de-4a79-a3c7-032c3501f59b-1.jpg?w=1600&amp;ssl=1 1600w\" sizes=\"(max-width: 800px) 100vw, 800px\" \/><\/figure>\n\n\n\n<p><\/p>\n\n\n\n<p>O prefeito de Senador Georgino Avelino, Antonio Freire, oficializou neste s\u00e1bado (12) sua filia\u00e7\u00e3o ao Partido Liberal (PL), durante evento realizado na C\u00e2mara Municipal da cidade. Na oportunidade, o vice-prefeito do munic\u00edpio, Jorge da Rocha, tamb\u00e9m se filiou ao maior partido do Brasil. A cerim\u00f4nia contou com a presen\u00e7a do senador Rog\u00e9rio Marinho, presidente do PL no Rio Grande do Norte, do deputado estadual coronel Azevedo (PL), e do presidente da Femurn, Bab\u00e1 Pereira (PL), al\u00e9m de diversas lideran\u00e7as pol\u00edticas da regi\u00e3o, como os prefeitos Bergson \u00cdduino (Arez); Luciano Cunha (Lajes Pintadas), Gustavo Santos (N\u00edsia Floresta) e Ant\u00f4nio Neto (Montanhas), e o ex-prefeito de N\u00edsia Floresta, Daniel Marinho.<\/p>\n\n\n\n<p>A chegada de Antonio Freire ao PL refor\u00e7a o crescimento da legenda no Rio Grande do Norte, que vem ampliando sua representa\u00e7\u00e3o no Estado sob a condu\u00e7\u00e3o do senador Rog\u00e9rio Marinho. Com mais de 80% de aprova\u00e7\u00e3o popular, o prefeito destacou, em discurso, que sua decis\u00e3o foi tomada com responsabilidade e motivada pelo compromisso com o futuro do munic\u00edpio.<\/p>\n\n\n\n<p>Em seu pronunciamento, Rog\u00e9rio deu as boas-vindas ao prefeito, enfatizando o papel do PL no debate das pautas mais importantes do pa\u00eds. Al\u00e9m disso, ressaltou que a legenda tem se dedicado a ouvir a popula\u00e7\u00e3o com o projeto Rota 22, com o objetivo de apresentar propostas para todas as regi\u00f5es do Estado. &#8220;\u00c9 grave a situa\u00e7\u00e3o do RN. Temos estradas destru\u00eddas, hospitais sem insumos b\u00e1sicos, filas intermin\u00e1veis de cirurgias, escolas p\u00fablicas deterioradas&#8221;, disse o senador.<\/p>\n\n\n\n<p>Rog\u00e9rio ainda destacou os n\u00fameros divulgados pelo Centro de Lideran\u00e7a P\u00fablica, que mostram o Rio Grande do Norte como o 27\u00ba do pa\u00eds em competitividade no ano de 2024 \u2013 era o 16\u00ba em 2018. No Nordeste, era o 4\u00ba, hoje est\u00e1 na \u00faltima posi\u00e7\u00e3o. O RN tamb\u00e9m \u00e9 o 27\u00ba do Brasil em solidez fiscal, Ideb (qualidade do ensino), sustentabilidade ambiental e taxa de investimento p\u00fablico. Al\u00e9m disso, ainda acumulamos maus resultados em efici\u00eancia da m\u00e1quina p\u00fablica e potencial de mercado, ambos na 22\u00aa posi\u00e7\u00e3o.<\/p>\n\n\n\n<p>\u201c\u00c9 hora de estar ao lado de um partido que tem for\u00e7a no estado e em Bras\u00edlia, com capacidade de abrir portas para investimentos e conquistas reais para o povo de Senador Georgino Avelino\u201d, afirmou o prefeito Antonio Freire. Ele tamb\u00e9m ressaltou o papel de Rog\u00e9rio Marinho no fortalecimento das cidades do interior. \u201cRog\u00e9rio \u00e9 um parceiro de verdade, que caminha junto, escuta e apoia. \u00c9 com esse esp\u00edrito que queremos seguir.\u201d<\/p>\n\n\n\n<p>O prefeito reafirmou ainda que seguir\u00e1 investindo em \u00e1reas essenciais como sa\u00fade, educa\u00e7\u00e3o, infraestrutura e agricultura, e concluiu destacando a expectativa para o novo ciclo: \u201cVamos juntos escrever um novo cap\u00edtulo para nossa cidade, com trabalho, respeito e esperan\u00e7a.\u201d<\/p>\n","protected":false},"excerpt":{"rendered":"<p>O prefeito de Senador Georgino Avelino, Antonio Freire, oficializou neste s\u00e1bado (12) sua filia\u00e7\u00e3o ao Partido Liberal (PL), durante evento realizado na C\u00e2mara Municipal da cidade. Na oportunidade, o vice-prefeito do munic\u00edpio, Jorge da Rocha, tamb\u00e9m se filiou ao maior partido do Brasil. A cerim\u00f4nia contou com a presen\u00e7a do senador Rog\u00e9rio Marinho, presidente do [&hellip;]<\/p>\n","protected":false},"author":1,"featured_media":0,"comment_status":"open","ping_status":"open","sticky":false,"template":"","format":"standard","meta":{"cybocfi_hide_featured_image":"","_jetpack_memberships_contains_paid_content":false,"footnotes":""},"categories":[1],"tags":[],"class_list":["post-5944","post","type-post","status-publish","format-standard","hentry","category-diversos"],"yoast_head":"<!-- This site is optimized with the Yoast SEO plugin v25.6 - https:\/\/yoast.com\/wordpress\/plugins\/seo\/ -->\n<title>PL segue crescendo no RN e recebe filia\u00e7\u00e3o do prefeito e vice de Senador Georgino Avelino - Blog do Bispo<\/title>\n<meta name=\"robots\" content=\"index, follow, max-snippet:-1, max-image-preview:large, max-video-preview:-1\" \/>\n<link rel=\"canonical\" href=\"https:\/\/blogdobispo.com.br\/?p=5944\" \/>\n<meta property=\"og:locale\" content=\"pt_BR\" \/>\n<meta property=\"og:type\" content=\"article\" \/>\n<meta property=\"og:title\" content=\"PL segue crescendo no RN e recebe filia\u00e7\u00e3o do prefeito e vice de Senador Georgino Avelino - Blog do Bispo\" \/>\n<meta property=\"og:description\" content=\"O prefeito de Senador Georgino Avelino, Antonio Freire, oficializou neste s\u00e1bado (12) sua filia\u00e7\u00e3o ao Partido Liberal (PL), durante evento realizado na C\u00e2mara Municipal da cidade. Na oportunidade, o vice-prefeito do munic\u00edpio, Jorge da Rocha, tamb\u00e9m se filiou ao maior partido do Brasil. A cerim\u00f4nia contou com a presen\u00e7a do senador Rog\u00e9rio Marinho, presidente do [&hellip;]\" \/>\n<meta property=\"og:url\" content=\"https:\/\/blogdobispo.com.br\/?p=5944\" \/>\n<meta property=\"og:site_name\" content=\"Blog do Bispo\" \/>\n<meta property=\"article:published_time\" content=\"2025-07-13T14:50:35+00:00\" \/>\n<meta property=\"og:image\" content=\"https:\/\/blogdobispo.com.br\/wp-content\/uploads\/2025\/07\/6c54522a-99de-4a79-a3c7-032c3501f59b-1-1024x576.jpg\" \/>\n<meta name=\"author\" content=\"Jefferson Sterfeno\" \/>\n<meta name=\"twitter:card\" content=\"summary_large_image\" \/>\n<meta name=\"twitter:label1\" content=\"Escrito por\" \/>\n\t<meta name=\"twitter:data1\" content=\"Jefferson Sterfeno\" \/>\n\t<meta name=\"twitter:label2\" content=\"Est. tempo de leitura\" \/>\n\t<meta name=\"twitter:data2\" content=\"2 minutos\" \/>\n<script type=\"application\/ld+json\" class=\"yoast-schema-graph\">{\"@context\":\"https:\/\/schema.org\",\"@graph\":[{\"@type\":\"Article\",\"@id\":\"https:\/\/blogdobispo.com.br\/?p=5944#article\",\"isPartOf\":{\"@id\":\"https:\/\/blogdobispo.com.br\/?p=5944\"},\"author\":{\"name\":\"Jefferson Sterfeno\",\"@id\":\"https:\/\/blogdobispo.com.br\/#\/schema\/person\/e2209cc0e6cea5c5233d033e997b373f\"},\"headline\":\"PL segue crescendo no RN e recebe filia\u00e7\u00e3o do prefeito e vice de Senador Georgino Avelino\",\"datePublished\":\"2025-07-13T14:50:35+00:00\",\"mainEntityOfPage\":{\"@id\":\"https:\/\/blogdobispo.com.br\/?p=5944\"},\"wordCount\":495,\"commentCount\":0,\"publisher\":{\"@id\":\"https:\/\/blogdobispo.com.br\/#organization\"},\"image\":{\"@id\":\"https:\/\/blogdobispo.com.br\/?p=5944#primaryimage\"},\"thumbnailUrl\":\"https:\/\/blogdobispo.com.br\/wp-content\/uploads\/2025\/07\/6c54522a-99de-4a79-a3c7-032c3501f59b-1-1024x576.jpg\",\"articleSection\":[\"diversos\"],\"inLanguage\":\"pt-BR\",\"potentialAction\":[{\"@type\":\"CommentAction\",\"name\":\"Comment\",\"target\":[\"https:\/\/blogdobispo.com.br\/?p=5944#respond\"]}]},{\"@type\":\"WebPage\",\"@id\":\"https:\/\/blogdobispo.com.br\/?p=5944\",\"url\":\"https:\/\/blogdobispo.com.br\/?p=5944\",\"name\":\"PL segue crescendo no RN e recebe filia\u00e7\u00e3o do prefeito e vice de Senador Georgino Avelino - Blog do Bispo\",\"isPartOf\":{\"@id\":\"https:\/\/blogdobispo.com.br\/#website\"},\"primaryImageOfPage\":{\"@id\":\"https:\/\/blogdobispo.com.br\/?p=5944#primaryimage\"},\"image\":{\"@id\":\"https:\/\/blogdobispo.com.br\/?p=5944#primaryimage\"},\"thumbnailUrl\":\"https:\/\/blogdobispo.com.br\/wp-content\/uploads\/2025\/07\/6c54522a-99de-4a79-a3c7-032c3501f59b-1-1024x576.jpg\",\"datePublished\":\"2025-07-13T14:50:35+00:00\",\"breadcrumb\":{\"@id\":\"https:\/\/blogdobispo.com.br\/?p=5944#breadcrumb\"},\"inLanguage\":\"pt-BR\",\"potentialAction\":[{\"@type\":\"ReadAction\",\"target\":[\"https:\/\/blogdobispo.com.br\/?p=5944\"]}]},{\"@type\":\"ImageObject\",\"inLanguage\":\"pt-BR\",\"@id\":\"https:\/\/blogdobispo.com.br\/?p=5944#primaryimage\",\"url\":\"https:\/\/blogdobispo.com.br\/wp-content\/uploads\/2025\/07\/6c54522a-99de-4a79-a3c7-032c3501f59b-1-1024x576.jpg\",\"contentUrl\":\"https:\/\/blogdobispo.com.br\/wp-content\/uploads\/2025\/07\/6c54522a-99de-4a79-a3c7-032c3501f59b-1-1024x576.jpg\"},{\"@type\":\"BreadcrumbList\",\"@id\":\"https:\/\/blogdobispo.com.br\/?p=5944#breadcrumb\",\"itemListElement\":[{\"@type\":\"ListItem\",\"position\":1,\"name\":\"In\u00edcio\",\"item\":\"https:\/\/blogdobispo.com.br\/\"},{\"@type\":\"ListItem\",\"position\":2,\"name\":\"PL segue crescendo no RN e recebe filia\u00e7\u00e3o do prefeito e vice de Senador Georgino Avelino\"}]},{\"@type\":\"WebSite\",\"@id\":\"https:\/\/blogdobispo.com.br\/#website\",\"url\":\"https:\/\/blogdobispo.com.br\/\",\"name\":\"Blog do Bispo\",\"description\":\"Comprometido apenas com o leitor\",\"publisher\":{\"@id\":\"https:\/\/blogdobispo.com.br\/#organization\"},\"potentialAction\":[{\"@type\":\"SearchAction\",\"target\":{\"@type\":\"EntryPoint\",\"urlTemplate\":\"https:\/\/blogdobispo.com.br\/?s={search_term_string}\"},\"query-input\":{\"@type\":\"PropertyValueSpecification\",\"valueRequired\":true,\"valueName\":\"search_term_string\"}}],\"inLanguage\":\"pt-BR\"},{\"@type\":\"Organization\",\"@id\":\"https:\/\/blogdobispo.com.br\/#organization\",\"name\":\"Blog do Bispo\",\"url\":\"https:\/\/blogdobispo.com.br\/\",\"logo\":{\"@type\":\"ImageObject\",\"inLanguage\":\"pt-BR\",\"@id\":\"https:\/\/blogdobispo.com.br\/#\/schema\/logo\/image\/\",\"url\":\"http:\/\/blogdobispo.com.br\/wp-content\/uploads\/2023\/05\/cropped-headear.png\",\"contentUrl\":\"http:\/\/blogdobispo.com.br\/wp-content\/uploads\/2023\/05\/cropped-headear.png\",\"width\":1500,\"height\":399,\"caption\":\"Blog do Bispo\"},\"image\":{\"@id\":\"https:\/\/blogdobispo.com.br\/#\/schema\/logo\/image\/\"}},{\"@type\":\"Person\",\"@id\":\"https:\/\/blogdobispo.com.br\/#\/schema\/person\/e2209cc0e6cea5c5233d033e997b373f\",\"name\":\"Jefferson Sterfeno\",\"image\":{\"@type\":\"ImageObject\",\"inLanguage\":\"pt-BR\",\"@id\":\"https:\/\/blogdobispo.com.br\/#\/schema\/person\/image\/\",\"url\":\"https:\/\/secure.gravatar.com\/avatar\/0534e84764641168a677026b6d57a3f51dc7ac4db0b4f6186d9cb330d4ee1160?s=96&d=mm&r=g\",\"contentUrl\":\"https:\/\/secure.gravatar.com\/avatar\/0534e84764641168a677026b6d57a3f51dc7ac4db0b4f6186d9cb330d4ee1160?s=96&d=mm&r=g\",\"caption\":\"Jefferson Sterfeno\"},\"sameAs\":[\"http:\/\/blogdobispo.com.br\"],\"url\":\"https:\/\/blogdobispo.com.br\/?author=1\"}]}<\/script>\n<!-- \/ Yoast SEO plugin. -->","yoast_head_json":{"title":"PL segue crescendo no RN e recebe filia\u00e7\u00e3o do prefeito e vice de Senador Georgino Avelino - Blog do Bispo","robots":{"index":"index","follow":"follow","max-snippet":"max-snippet:-1","max-image-preview":"max-image-preview:large","max-video-preview":"max-video-preview:-1"},"canonical":"https:\/\/blogdobispo.com.br\/?p=5944","og_locale":"pt_BR","og_type":"article","og_title":"PL segue crescendo no RN e recebe filia\u00e7\u00e3o do prefeito e vice de Senador Georgino Avelino - Blog do Bispo","og_description":"O prefeito de Senador Georgino Avelino, Antonio Freire, oficializou neste s\u00e1bado (12) sua filia\u00e7\u00e3o ao Partido Liberal (PL), durante evento realizado na C\u00e2mara Municipal da cidade. Na oportunidade, o vice-prefeito do munic\u00edpio, Jorge da Rocha, tamb\u00e9m se filiou ao maior partido do Brasil. A cerim\u00f4nia contou com a presen\u00e7a do senador Rog\u00e9rio Marinho, presidente do [&hellip;]","og_url":"https:\/\/blogdobispo.com.br\/?p=5944","og_site_name":"Blog do Bispo","article_published_time":"2025-07-13T14:50:35+00:00","og_image":[{"url":"https:\/\/blogdobispo.com.br\/wp-content\/uploads\/2025\/07\/6c54522a-99de-4a79-a3c7-032c3501f59b-1-1024x576.jpg","type":"","width":"","height":""}],"author":"Jefferson Sterfeno","twitter_card":"summary_large_image","twitter_misc":{"Escrito por":"Jefferson Sterfeno","Est. tempo de leitura":"2 minutos"},"schema":{"@context":"https:\/\/schema.org","@graph":[{"@type":"Article","@id":"https:\/\/blogdobispo.com.br\/?p=5944#article","isPartOf":{"@id":"https:\/\/blogdobispo.com.br\/?p=5944"},"author":{"name":"Jefferson Sterfeno","@id":"https:\/\/blogdobispo.com.br\/#\/schema\/person\/e2209cc0e6cea5c5233d033e997b373f"},"headline":"PL segue crescendo no RN e recebe filia\u00e7\u00e3o do prefeito e vice de Senador Georgino Avelino","datePublished":"2025-07-13T14:50:35+00:00","mainEntityOfPage":{"@id":"https:\/\/blogdobispo.com.br\/?p=5944"},"wordCount":495,"commentCount":0,"publisher":{"@id":"https:\/\/blogdobispo.com.br\/#organization"},"image":{"@id":"https:\/\/blogdobispo.com.br\/?p=5944#primaryimage"},"thumbnailUrl":"https:\/\/blogdobispo.com.br\/wp-content\/uploads\/2025\/07\/6c54522a-99de-4a79-a3c7-032c3501f59b-1-1024x576.jpg","articleSection":["diversos"],"inLanguage":"pt-BR","potentialAction":[{"@type":"CommentAction","name":"Comment","target":["https:\/\/blogdobispo.com.br\/?p=5944#respond"]}]},{"@type":"WebPage","@id":"https:\/\/blogdobispo.com.br\/?p=5944","url":"https:\/\/blogdobispo.com.br\/?p=5944","name":"PL segue crescendo no RN e recebe filia\u00e7\u00e3o do prefeito e vice de Senador Georgino Avelino - Blog do Bispo","isPartOf":{"@id":"https:\/\/blogdobispo.com.br\/#website"},"primaryImageOfPage":{"@id":"https:\/\/blogdobispo.com.br\/?p=5944#primaryimage"},"image":{"@id":"https:\/\/blogdobispo.com.br\/?p=5944#primaryimage"},"thumbnailUrl":"https:\/\/blogdobispo.com.br\/wp-content\/uploads\/2025\/07\/6c54522a-99de-4a79-a3c7-032c3501f59b-1-1024x576.jpg","datePublished":"2025-07-13T14:50:35+00:00","breadcrumb":{"@id":"https:\/\/blogdobispo.com.br\/?p=5944#breadcrumb"},"inLanguage":"pt-BR","potentialAction":[{"@type":"ReadAction","target":["https:\/\/blogdobispo.com.br\/?p=5944"]}]},{"@type":"ImageObject","inLanguage":"pt-BR","@id":"https:\/\/blogdobispo.com.br\/?p=5944#primaryimage","url":"https:\/\/blogdobispo.com.br\/wp-content\/uploads\/2025\/07\/6c54522a-99de-4a79-a3c7-032c3501f59b-1-1024x576.jpg","contentUrl":"https:\/\/blogdobispo.com.br\/wp-content\/uploads\/2025\/07\/6c54522a-99de-4a79-a3c7-032c3501f59b-1-1024x576.jpg"},{"@type":"BreadcrumbList","@id":"https:\/\/blogdobispo.com.br\/?p=5944#breadcrumb","itemListElement":[{"@type":"ListItem","position":1,"name":"In\u00edcio","item":"https:\/\/blogdobispo.com.br\/"},{"@type":"ListItem","position":2,"name":"PL segue crescendo no RN e recebe filia\u00e7\u00e3o do prefeito e vice de Senador Georgino Avelino"}]},{"@type":"WebSite","@id":"https:\/\/blogdobispo.com.br\/#website","url":"https:\/\/blogdobispo.com.br\/","name":"Blog do Bispo","description":"Comprometido apenas com o leitor","publisher":{"@id":"https:\/\/blogdobispo.com.br\/#organization"},"potentialAction":[{"@type":"SearchAction","target":{"@type":"EntryPoint","urlTemplate":"https:\/\/blogdobispo.com.br\/?s={search_term_string}"},"query-input":{"@type":"PropertyValueSpecification","valueRequired":true,"valueName":"search_term_string"}}],"inLanguage":"pt-BR"},{"@type":"Organization","@id":"https:\/\/blogdobispo.com.br\/#organization","name":"Blog do Bispo","url":"https:\/\/blogdobispo.com.br\/","logo":{"@type":"ImageObject","inLanguage":"pt-BR","@id":"https:\/\/blogdobispo.com.br\/#\/schema\/logo\/image\/","url":"http:\/\/blogdobispo.com.br\/wp-content\/uploads\/2023\/05\/cropped-headear.png","contentUrl":"http:\/\/blogdobispo.com.br\/wp-content\/uploads\/2023\/05\/cropped-headear.png","width":1500,"height":399,"caption":"Blog do Bispo"},"image":{"@id":"https:\/\/blogdobispo.com.br\/#\/schema\/logo\/image\/"}},{"@type":"Person","@id":"https:\/\/blogdobispo.com.br\/#\/schema\/person\/e2209cc0e6cea5c5233d033e997b373f","name":"Jefferson Sterfeno","image":{"@type":"ImageObject","inLanguage":"pt-BR","@id":"https:\/\/blogdobispo.com.br\/#\/schema\/person\/image\/","url":"https:\/\/secure.gravatar.com\/avatar\/0534e84764641168a677026b6d57a3f51dc7ac4db0b4f6186d9cb330d4ee1160?s=96&d=mm&r=g","contentUrl":"https:\/\/secure.gravatar.com\/avatar\/0534e84764641168a677026b6d57a3f51dc7ac4db0b4f6186d9cb330d4ee1160?s=96&d=mm&r=g","caption":"Jefferson Sterfeno"},"sameAs":["http:\/\/blogdobispo.com.br"],"url":"https:\/\/blogdobispo.com.br\/?author=1"}]}},"featured_image_urls":{"full":"","thumbnail":"","medium":"","medium_large":"","large":"","1536x1536":"","2048x2048":""},"author_info":{"display_name":"Jefferson Sterfeno","author_link":"https:\/\/blogdobispo.com.br\/?author=1"},"category_info":"<a href=\"https:\/\/blogdobispo.com.br\/?cat=1\" rel=\"category\">diversos<\/a>","tag_info":"diversos","comment_count":"0","jetpack_featured_media_url":"","jetpack_sharing_enabled":true,"_links":{"self":[{"href":"https:\/\/blogdobispo.com.br\/index.php?rest_route=\/wp\/v2\/posts\/5944","targetHints":{"allow":["GET"]}}],"collection":[{"href":"https:\/\/blogdobispo.com.br\/index.php?rest_route=\/wp\/v2\/posts"}],"about":[{"href":"https:\/\/blogdobispo.com.br\/index.php?rest_route=\/wp\/v2\/types\/post"}],"author":[{"embeddable":true,"href":"https:\/\/blogdobispo.com.br\/index.php?rest_route=\/wp\/v2\/users\/1"}],"replies":[{"embeddable":true,"href":"https:\/\/blogdobispo.com.br\/index.php?rest_route=%2Fwp%2Fv2%2Fcomments&post=5944"}],"version-history":[{"count":0,"href":"https:\/\/blogdobispo.com.br\/index.php?rest_route=\/wp\/v2\/posts\/5944\/revisions"}],"wp:attachment":[{"href":"https:\/\/blogdobispo.com.br\/index.php?rest_route=%2Fwp%2Fv2%2Fmedia&parent=5944"}],"wp:term":[{"taxonomy":"category","embeddable":true,"href":"https:\/\/blogdobispo.com.br\/index.php?rest_route=%2Fwp%2Fv2%2Fcategories&post=5944"},{"taxonomy":"post_tag","embeddable":true,"href":"https:\/\/blogdobispo.com.br\/index.php?rest_route=%2Fwp%2Fv2%2Ftags&post=5944"}],"curies":[{"name":"wp","href":"https:\/\/api.w.org\/{rel}","templated":true}]}}