{"id":5936,"date":"2025-07-11T12:26:42","date_gmt":"2025-07-11T12:26:42","guid":{"rendered":"https:\/\/blogdobispo.com.br\/?p=5936"},"modified":"2025-07-11T12:26:43","modified_gmt":"2025-07-11T12:26:43","slug":"governo-precisa-de-recomposicao-de-base-no-congresso-diz-gilmar-mendes","status":"publish","type":"post","link":"https:\/\/blogdobispo.com.br\/?p=5936","title":{"rendered":"Governo precisa de recomposi\u00e7\u00e3o de base no Congresso, diz Gilmar Mendes"},"content":{"rendered":"\n<p>O ministro\u00a0<strong>Gilmar Mendes<\/strong>, decano do\u00a0<strong>STF (Supremo Tribunal Federal)<\/strong>, afirmou que o governo do presidente\u00a0<strong>Luiz In\u00e1cio Lula da Silva<\/strong>\u00a0(PT) precisa de uma recomposi\u00e7\u00e3o de base no\u00a0<strong>Congresso Nacional<\/strong>\u00a0para melhorar a governabilidade.<\/p>\n\n\n\n<p>A declara\u00e7\u00e3o foi dada em entrevista ao&nbsp;<strong>&#8220;EsferaCast&#8221;<\/strong>, o videocast da&nbsp;<strong>&#8220;Esfera Brasil&#8221;<\/strong>, no YouTube, publicada na quarta-feira (9).<\/p>\n\n\n\n<p>&#8220;H\u00e1 um problema do governo no ambiente congressual e isto precisa de uma recomposi\u00e7\u00e3o de base, considerando a experi\u00eancia que a gente colheu nesses tantos anos&#8221;, disse.<\/p>\n\n\n\n<p>a entrevista, gravada durante o F\u00f3rum de Lisboa, em Portugal, o ministro ressaltou que, apesar dos embates entre os poderes, o pa\u00eds est\u00e1 se desenvolvendo. &#8220;O PIB est\u00e1 mais de 3%, o pa\u00eds est\u00e1 crescendo, somos l\u00edderes em seguran\u00e7a alimentar&#8221;, continuou.<\/p>\n\n\n\n<p>Segundo o ministro, h\u00e1 v\u00e1rias formas de &#8220;enxergar&#8221; o Brasil. &#8220;Talvez, acertar algo na musculatura que leva muito \u00e0 Judicializa\u00e7\u00e3o&#8221;, afirmou ao citar o caso do&nbsp;<strong>IOF (Imposto sobre Opera\u00e7\u00f5es Financeiras)<\/strong>.<\/p>\n\n\n\n<p>&#8220;Eu vejo a quest\u00e3o do IOF como a ponta do iceberg. S\u00e3o mais problemas pol\u00edticos que n\u00f3s temos de coordena\u00e7\u00e3o [dos] que est\u00e3o sendo materializados nisso&#8221;, completou.<\/p>\n\n\n\n<p>O impasse sobre o IOF est\u00e1 no Supremo e ser\u00e1 discutido em uma audi\u00eancia de concilia\u00e7\u00e3o marcada para 15 de julho.<\/p>\n\n\n\n<p>Inicialmente, o caso foi distribu\u00eddo por sorteio ao ministro Gilmar Mendes. No entanto, ele indicou ao presidente da Corte, Lu\u00eds Roberto Barroso, que o ministro Alexandre de Moraes j\u00e1 era relator de um processo semelhante, o que pode levar \u00e0 redistribui\u00e7\u00e3o do caso.<\/p>\n\n\n\n<figure class=\"wp-block-image\"><img data-recalc-dims=\"1\" fetchpriority=\"high\" decoding=\"async\" width=\"800\" height=\"446\" src=\"https:\/\/i0.wp.com\/blogdobispo.com.br\/wp-content\/uploads\/2025\/07\/gilmar-mendes.webp?resize=800%2C446\" alt=\"\" class=\"wp-image-5937\" srcset=\"https:\/\/i0.wp.com\/blogdobispo.com.br\/wp-content\/uploads\/2025\/07\/gilmar-mendes.webp?w=1000&amp;ssl=1 1000w, https:\/\/i0.wp.com\/blogdobispo.com.br\/wp-content\/uploads\/2025\/07\/gilmar-mendes.webp?resize=300%2C167&amp;ssl=1 300w, https:\/\/i0.wp.com\/blogdobispo.com.br\/wp-content\/uploads\/2025\/07\/gilmar-mendes.webp?resize=768%2C429&amp;ssl=1 768w\" sizes=\"(max-width: 800px) 100vw, 800px\" \/><\/figure>\n","protected":false},"excerpt":{"rendered":"<p>O ministro\u00a0Gilmar Mendes, decano do\u00a0STF (Supremo Tribunal Federal), afirmou que o governo do presidente\u00a0Luiz In\u00e1cio Lula da Silva\u00a0(PT) precisa de uma recomposi\u00e7\u00e3o de base no\u00a0Congresso Nacional\u00a0para melhorar a governabilidade. A declara\u00e7\u00e3o foi dada em entrevista ao&nbsp;&#8220;EsferaCast&#8221;, o videocast da&nbsp;&#8220;Esfera Brasil&#8221;, no YouTube, publicada na quarta-feira (9). &#8220;H\u00e1 um problema do governo no ambiente congressual e [&hellip;]<\/p>\n","protected":false},"author":1,"featured_media":0,"comment_status":"open","ping_status":"open","sticky":false,"template":"","format":"standard","meta":{"cybocfi_hide_featured_image":"","_jetpack_memberships_contains_paid_content":false,"footnotes":""},"categories":[1],"tags":[],"class_list":["post-5936","post","type-post","status-publish","format-standard","hentry","category-diversos"],"yoast_head":"<!-- This site is optimized with the Yoast SEO plugin v25.6 - https:\/\/yoast.com\/wordpress\/plugins\/seo\/ -->\n<title>Governo precisa de recomposi\u00e7\u00e3o de base no Congresso, diz Gilmar Mendes - Blog do Bispo<\/title>\n<meta name=\"robots\" content=\"index, follow, max-snippet:-1, max-image-preview:large, max-video-preview:-1\" \/>\n<link rel=\"canonical\" href=\"https:\/\/blogdobispo.com.br\/?p=5936\" \/>\n<meta property=\"og:locale\" content=\"pt_BR\" \/>\n<meta property=\"og:type\" content=\"article\" \/>\n<meta property=\"og:title\" content=\"Governo precisa de recomposi\u00e7\u00e3o de base no Congresso, diz Gilmar Mendes - Blog do Bispo\" \/>\n<meta property=\"og:description\" content=\"O ministro\u00a0Gilmar Mendes, decano do\u00a0STF (Supremo Tribunal Federal), afirmou que o governo do presidente\u00a0Luiz In\u00e1cio Lula da Silva\u00a0(PT) precisa de uma recomposi\u00e7\u00e3o de base no\u00a0Congresso Nacional\u00a0para melhorar a governabilidade. A declara\u00e7\u00e3o foi dada em entrevista ao&nbsp;&#8220;EsferaCast&#8221;, o videocast da&nbsp;&#8220;Esfera Brasil&#8221;, no YouTube, publicada na quarta-feira (9). &#8220;H\u00e1 um problema do governo no ambiente congressual e [&hellip;]\" \/>\n<meta property=\"og:url\" content=\"https:\/\/blogdobispo.com.br\/?p=5936\" \/>\n<meta property=\"og:site_name\" content=\"Blog do Bispo\" \/>\n<meta property=\"article:published_time\" content=\"2025-07-11T12:26:42+00:00\" \/>\n<meta property=\"article:modified_time\" content=\"2025-07-11T12:26:43+00:00\" \/>\n<meta property=\"og:image\" content=\"http:\/\/blogdobispo.com.br\/wp-content\/uploads\/2025\/07\/gilmar-mendes.webp\" \/>\n<meta name=\"author\" content=\"Jefferson Sterfeno\" \/>\n<meta name=\"twitter:card\" content=\"summary_large_image\" \/>\n<meta name=\"twitter:label1\" content=\"Escrito por\" \/>\n\t<meta name=\"twitter:data1\" content=\"Jefferson Sterfeno\" \/>\n\t<meta name=\"twitter:label2\" content=\"Est. tempo de leitura\" \/>\n\t<meta name=\"twitter:data2\" content=\"2 minutos\" \/>\n<script type=\"application\/ld+json\" class=\"yoast-schema-graph\">{\"@context\":\"https:\/\/schema.org\",\"@graph\":[{\"@type\":\"Article\",\"@id\":\"https:\/\/blogdobispo.com.br\/?p=5936#article\",\"isPartOf\":{\"@id\":\"https:\/\/blogdobispo.com.br\/?p=5936\"},\"author\":{\"name\":\"Jefferson Sterfeno\",\"@id\":\"https:\/\/blogdobispo.com.br\/#\/schema\/person\/e2209cc0e6cea5c5233d033e997b373f\"},\"headline\":\"Governo precisa de recomposi\u00e7\u00e3o de base no Congresso, diz Gilmar Mendes\",\"datePublished\":\"2025-07-11T12:26:42+00:00\",\"dateModified\":\"2025-07-11T12:26:43+00:00\",\"mainEntityOfPage\":{\"@id\":\"https:\/\/blogdobispo.com.br\/?p=5936\"},\"wordCount\":278,\"commentCount\":0,\"publisher\":{\"@id\":\"https:\/\/blogdobispo.com.br\/#organization\"},\"image\":{\"@id\":\"https:\/\/blogdobispo.com.br\/?p=5936#primaryimage\"},\"thumbnailUrl\":\"http:\/\/blogdobispo.com.br\/wp-content\/uploads\/2025\/07\/gilmar-mendes.webp\",\"articleSection\":[\"diversos\"],\"inLanguage\":\"pt-BR\",\"potentialAction\":[{\"@type\":\"CommentAction\",\"name\":\"Comment\",\"target\":[\"https:\/\/blogdobispo.com.br\/?p=5936#respond\"]}]},{\"@type\":\"WebPage\",\"@id\":\"https:\/\/blogdobispo.com.br\/?p=5936\",\"url\":\"https:\/\/blogdobispo.com.br\/?p=5936\",\"name\":\"Governo precisa de recomposi\u00e7\u00e3o de base no Congresso, diz Gilmar Mendes - Blog do Bispo\",\"isPartOf\":{\"@id\":\"https:\/\/blogdobispo.com.br\/#website\"},\"primaryImageOfPage\":{\"@id\":\"https:\/\/blogdobispo.com.br\/?p=5936#primaryimage\"},\"image\":{\"@id\":\"https:\/\/blogdobispo.com.br\/?p=5936#primaryimage\"},\"thumbnailUrl\":\"http:\/\/blogdobispo.com.br\/wp-content\/uploads\/2025\/07\/gilmar-mendes.webp\",\"datePublished\":\"2025-07-11T12:26:42+00:00\",\"dateModified\":\"2025-07-11T12:26:43+00:00\",\"breadcrumb\":{\"@id\":\"https:\/\/blogdobispo.com.br\/?p=5936#breadcrumb\"},\"inLanguage\":\"pt-BR\",\"potentialAction\":[{\"@type\":\"ReadAction\",\"target\":[\"https:\/\/blogdobispo.com.br\/?p=5936\"]}]},{\"@type\":\"ImageObject\",\"inLanguage\":\"pt-BR\",\"@id\":\"https:\/\/blogdobispo.com.br\/?p=5936#primaryimage\",\"url\":\"http:\/\/blogdobispo.com.br\/wp-content\/uploads\/2025\/07\/gilmar-mendes.webp\",\"contentUrl\":\"http:\/\/blogdobispo.com.br\/wp-content\/uploads\/2025\/07\/gilmar-mendes.webp\"},{\"@type\":\"BreadcrumbList\",\"@id\":\"https:\/\/blogdobispo.com.br\/?p=5936#breadcrumb\",\"itemListElement\":[{\"@type\":\"ListItem\",\"position\":1,\"name\":\"In\u00edcio\",\"item\":\"https:\/\/blogdobispo.com.br\/\"},{\"@type\":\"ListItem\",\"position\":2,\"name\":\"Governo precisa de recomposi\u00e7\u00e3o de base no Congresso, diz Gilmar Mendes\"}]},{\"@type\":\"WebSite\",\"@id\":\"https:\/\/blogdobispo.com.br\/#website\",\"url\":\"https:\/\/blogdobispo.com.br\/\",\"name\":\"Blog do Bispo\",\"description\":\"Comprometido apenas com o leitor\",\"publisher\":{\"@id\":\"https:\/\/blogdobispo.com.br\/#organization\"},\"potentialAction\":[{\"@type\":\"SearchAction\",\"target\":{\"@type\":\"EntryPoint\",\"urlTemplate\":\"https:\/\/blogdobispo.com.br\/?s={search_term_string}\"},\"query-input\":{\"@type\":\"PropertyValueSpecification\",\"valueRequired\":true,\"valueName\":\"search_term_string\"}}],\"inLanguage\":\"pt-BR\"},{\"@type\":\"Organization\",\"@id\":\"https:\/\/blogdobispo.com.br\/#organization\",\"name\":\"Blog do Bispo\",\"url\":\"https:\/\/blogdobispo.com.br\/\",\"logo\":{\"@type\":\"ImageObject\",\"inLanguage\":\"pt-BR\",\"@id\":\"https:\/\/blogdobispo.com.br\/#\/schema\/logo\/image\/\",\"url\":\"http:\/\/blogdobispo.com.br\/wp-content\/uploads\/2023\/05\/cropped-headear.png\",\"contentUrl\":\"http:\/\/blogdobispo.com.br\/wp-content\/uploads\/2023\/05\/cropped-headear.png\",\"width\":1500,\"height\":399,\"caption\":\"Blog do Bispo\"},\"image\":{\"@id\":\"https:\/\/blogdobispo.com.br\/#\/schema\/logo\/image\/\"}},{\"@type\":\"Person\",\"@id\":\"https:\/\/blogdobispo.com.br\/#\/schema\/person\/e2209cc0e6cea5c5233d033e997b373f\",\"name\":\"Jefferson Sterfeno\",\"image\":{\"@type\":\"ImageObject\",\"inLanguage\":\"pt-BR\",\"@id\":\"https:\/\/blogdobispo.com.br\/#\/schema\/person\/image\/\",\"url\":\"https:\/\/secure.gravatar.com\/avatar\/0534e84764641168a677026b6d57a3f51dc7ac4db0b4f6186d9cb330d4ee1160?s=96&d=mm&r=g\",\"contentUrl\":\"https:\/\/secure.gravatar.com\/avatar\/0534e84764641168a677026b6d57a3f51dc7ac4db0b4f6186d9cb330d4ee1160?s=96&d=mm&r=g\",\"caption\":\"Jefferson Sterfeno\"},\"sameAs\":[\"http:\/\/blogdobispo.com.br\"],\"url\":\"https:\/\/blogdobispo.com.br\/?author=1\"}]}<\/script>\n<!-- \/ Yoast SEO plugin. -->","yoast_head_json":{"title":"Governo precisa de recomposi\u00e7\u00e3o de base no Congresso, diz Gilmar Mendes - Blog do Bispo","robots":{"index":"index","follow":"follow","max-snippet":"max-snippet:-1","max-image-preview":"max-image-preview:large","max-video-preview":"max-video-preview:-1"},"canonical":"https:\/\/blogdobispo.com.br\/?p=5936","og_locale":"pt_BR","og_type":"article","og_title":"Governo precisa de recomposi\u00e7\u00e3o de base no Congresso, diz Gilmar Mendes - Blog do Bispo","og_description":"O ministro\u00a0Gilmar Mendes, decano do\u00a0STF (Supremo Tribunal Federal), afirmou que o governo do presidente\u00a0Luiz In\u00e1cio Lula da Silva\u00a0(PT) precisa de uma recomposi\u00e7\u00e3o de base no\u00a0Congresso Nacional\u00a0para melhorar a governabilidade. A declara\u00e7\u00e3o foi dada em entrevista ao&nbsp;&#8220;EsferaCast&#8221;, o videocast da&nbsp;&#8220;Esfera Brasil&#8221;, no YouTube, publicada na quarta-feira (9). &#8220;H\u00e1 um problema do governo no ambiente congressual e [&hellip;]","og_url":"https:\/\/blogdobispo.com.br\/?p=5936","og_site_name":"Blog do Bispo","article_published_time":"2025-07-11T12:26:42+00:00","article_modified_time":"2025-07-11T12:26:43+00:00","og_image":[{"url":"http:\/\/blogdobispo.com.br\/wp-content\/uploads\/2025\/07\/gilmar-mendes.webp","type":"","width":"","height":""}],"author":"Jefferson Sterfeno","twitter_card":"summary_large_image","twitter_misc":{"Escrito por":"Jefferson Sterfeno","Est. tempo de leitura":"2 minutos"},"schema":{"@context":"https:\/\/schema.org","@graph":[{"@type":"Article","@id":"https:\/\/blogdobispo.com.br\/?p=5936#article","isPartOf":{"@id":"https:\/\/blogdobispo.com.br\/?p=5936"},"author":{"name":"Jefferson Sterfeno","@id":"https:\/\/blogdobispo.com.br\/#\/schema\/person\/e2209cc0e6cea5c5233d033e997b373f"},"headline":"Governo precisa de recomposi\u00e7\u00e3o de base no Congresso, diz Gilmar Mendes","datePublished":"2025-07-11T12:26:42+00:00","dateModified":"2025-07-11T12:26:43+00:00","mainEntityOfPage":{"@id":"https:\/\/blogdobispo.com.br\/?p=5936"},"wordCount":278,"commentCount":0,"publisher":{"@id":"https:\/\/blogdobispo.com.br\/#organization"},"image":{"@id":"https:\/\/blogdobispo.com.br\/?p=5936#primaryimage"},"thumbnailUrl":"http:\/\/blogdobispo.com.br\/wp-content\/uploads\/2025\/07\/gilmar-mendes.webp","articleSection":["diversos"],"inLanguage":"pt-BR","potentialAction":[{"@type":"CommentAction","name":"Comment","target":["https:\/\/blogdobispo.com.br\/?p=5936#respond"]}]},{"@type":"WebPage","@id":"https:\/\/blogdobispo.com.br\/?p=5936","url":"https:\/\/blogdobispo.com.br\/?p=5936","name":"Governo precisa de recomposi\u00e7\u00e3o de base no Congresso, diz Gilmar Mendes - Blog do Bispo","isPartOf":{"@id":"https:\/\/blogdobispo.com.br\/#website"},"primaryImageOfPage":{"@id":"https:\/\/blogdobispo.com.br\/?p=5936#primaryimage"},"image":{"@id":"https:\/\/blogdobispo.com.br\/?p=5936#primaryimage"},"thumbnailUrl":"http:\/\/blogdobispo.com.br\/wp-content\/uploads\/2025\/07\/gilmar-mendes.webp","datePublished":"2025-07-11T12:26:42+00:00","dateModified":"2025-07-11T12:26:43+00:00","breadcrumb":{"@id":"https:\/\/blogdobispo.com.br\/?p=5936#breadcrumb"},"inLanguage":"pt-BR","potentialAction":[{"@type":"ReadAction","target":["https:\/\/blogdobispo.com.br\/?p=5936"]}]},{"@type":"ImageObject","inLanguage":"pt-BR","@id":"https:\/\/blogdobispo.com.br\/?p=5936#primaryimage","url":"http:\/\/blogdobispo.com.br\/wp-content\/uploads\/2025\/07\/gilmar-mendes.webp","contentUrl":"http:\/\/blogdobispo.com.br\/wp-content\/uploads\/2025\/07\/gilmar-mendes.webp"},{"@type":"BreadcrumbList","@id":"https:\/\/blogdobispo.com.br\/?p=5936#breadcrumb","itemListElement":[{"@type":"ListItem","position":1,"name":"In\u00edcio","item":"https:\/\/blogdobispo.com.br\/"},{"@type":"ListItem","position":2,"name":"Governo precisa de recomposi\u00e7\u00e3o de base no Congresso, diz Gilmar Mendes"}]},{"@type":"WebSite","@id":"https:\/\/blogdobispo.com.br\/#website","url":"https:\/\/blogdobispo.com.br\/","name":"Blog do Bispo","description":"Comprometido apenas com o leitor","publisher":{"@id":"https:\/\/blogdobispo.com.br\/#organization"},"potentialAction":[{"@type":"SearchAction","target":{"@type":"EntryPoint","urlTemplate":"https:\/\/blogdobispo.com.br\/?s={search_term_string}"},"query-input":{"@type":"PropertyValueSpecification","valueRequired":true,"valueName":"search_term_string"}}],"inLanguage":"pt-BR"},{"@type":"Organization","@id":"https:\/\/blogdobispo.com.br\/#organization","name":"Blog do Bispo","url":"https:\/\/blogdobispo.com.br\/","logo":{"@type":"ImageObject","inLanguage":"pt-BR","@id":"https:\/\/blogdobispo.com.br\/#\/schema\/logo\/image\/","url":"http:\/\/blogdobispo.com.br\/wp-content\/uploads\/2023\/05\/cropped-headear.png","contentUrl":"http:\/\/blogdobispo.com.br\/wp-content\/uploads\/2023\/05\/cropped-headear.png","width":1500,"height":399,"caption":"Blog do Bispo"},"image":{"@id":"https:\/\/blogdobispo.com.br\/#\/schema\/logo\/image\/"}},{"@type":"Person","@id":"https:\/\/blogdobispo.com.br\/#\/schema\/person\/e2209cc0e6cea5c5233d033e997b373f","name":"Jefferson Sterfeno","image":{"@type":"ImageObject","inLanguage":"pt-BR","@id":"https:\/\/blogdobispo.com.br\/#\/schema\/person\/image\/","url":"https:\/\/secure.gravatar.com\/avatar\/0534e84764641168a677026b6d57a3f51dc7ac4db0b4f6186d9cb330d4ee1160?s=96&d=mm&r=g","contentUrl":"https:\/\/secure.gravatar.com\/avatar\/0534e84764641168a677026b6d57a3f51dc7ac4db0b4f6186d9cb330d4ee1160?s=96&d=mm&r=g","caption":"Jefferson Sterfeno"},"sameAs":["http:\/\/blogdobispo.com.br"],"url":"https:\/\/blogdobispo.com.br\/?author=1"}]}},"featured_image_urls":{"full":"","thumbnail":"","medium":"","medium_large":"","large":"","1536x1536":"","2048x2048":""},"author_info":{"display_name":"Jefferson Sterfeno","author_link":"https:\/\/blogdobispo.com.br\/?author=1"},"category_info":"<a href=\"https:\/\/blogdobispo.com.br\/?cat=1\" rel=\"category\">diversos<\/a>","tag_info":"diversos","comment_count":"0","jetpack_featured_media_url":"","jetpack_sharing_enabled":true,"_links":{"self":[{"href":"https:\/\/blogdobispo.com.br\/index.php?rest_route=\/wp\/v2\/posts\/5936","targetHints":{"allow":["GET"]}}],"collection":[{"href":"https:\/\/blogdobispo.com.br\/index.php?rest_route=\/wp\/v2\/posts"}],"about":[{"href":"https:\/\/blogdobispo.com.br\/index.php?rest_route=\/wp\/v2\/types\/post"}],"author":[{"embeddable":true,"href":"https:\/\/blogdobispo.com.br\/index.php?rest_route=\/wp\/v2\/users\/1"}],"replies":[{"embeddable":true,"href":"https:\/\/blogdobispo.com.br\/index.php?rest_route=%2Fwp%2Fv2%2Fcomments&post=5936"}],"version-history":[{"count":1,"href":"https:\/\/blogdobispo.com.br\/index.php?rest_route=\/wp\/v2\/posts\/5936\/revisions"}],"predecessor-version":[{"id":5938,"href":"https:\/\/blogdobispo.com.br\/index.php?rest_route=\/wp\/v2\/posts\/5936\/revisions\/5938"}],"wp:attachment":[{"href":"https:\/\/blogdobispo.com.br\/index.php?rest_route=%2Fwp%2Fv2%2Fmedia&parent=5936"}],"wp:term":[{"taxonomy":"category","embeddable":true,"href":"https:\/\/blogdobispo.com.br\/index.php?rest_route=%2Fwp%2Fv2%2Fcategories&post=5936"},{"taxonomy":"post_tag","embeddable":true,"href":"https:\/\/blogdobispo.com.br\/index.php?rest_route=%2Fwp%2Fv2%2Ftags&post=5936"}],"curies":[{"name":"wp","href":"https:\/\/api.w.org\/{rel}","templated":true}]}}