{"id":5927,"date":"2025-07-11T11:31:08","date_gmt":"2025-07-11T11:31:08","guid":{"rendered":"https:\/\/blogdobispo.com.br\/?p=5927"},"modified":"2025-07-11T11:31:10","modified_gmt":"2025-07-11T11:31:10","slug":"com-zenaide-maia-prestes-a-romper-pt-cogita-rosalba-como-2a-opcao-ao-senado","status":"publish","type":"post","link":"https:\/\/blogdobispo.com.br\/?p=5927","title":{"rendered":"Com Zenaide Maia prestes a romper, PT cogita Rosalba como 2\u00aa op\u00e7\u00e3o ao Senado"},"content":{"rendered":"\n<p>A ex-governadora, ex-senadora e ex-prefeita de Mossor\u00f3 Rosalba Ciarlini pode ser o 2\u00ba nome do PT para o Senado na disputa eleitoral de 2026 no Rio Grande do Norte. A ideia que vem sendo avaliada em hostes petistas \u00e9 que Rosalba se filie a um partido de centro-esquerda, como PDT ou PSB, e fa\u00e7a dobradinha com a governadora F\u00e1tima Bezerra (PT). Em 2026, ser\u00e3o duas vagas em disputa para o Senado.<\/p>\n\n\n\n<p>Pessoas que conversaram recentemente com a \u201cRosa\u201d dizem que ela n\u00e3o descarta um poss\u00edvel retorno \u00e0 pol\u00edtica e que pode tentar voltar ao cargo que ocupou de 2007 a 2010, antes de assumir o Governo do Estado. Ela est\u00e1 sem mandato desde o fim de 2020, quando era prefeita de Mossor\u00f3 e perdeu a tentativa de reelei\u00e7\u00e3o para Allyson Bezerra.<\/p>\n\n\n\n<p>Fontes do PT dizem que a poss\u00edvel forma\u00e7\u00e3o de chapa com Rosalba est\u00e1 em est\u00e1gio embrion\u00e1rio, mas que a possibilidade \u00e9 avaliada com seriedade. Um integrante da legenda disse \u00e0 reportagem, sem se identificar, que a alian\u00e7a com Rosalba \u201cn\u00e3o \u00e9 uma m\u00e1 ideia\u201d, registrando que a ex-governadora tem uma trajet\u00f3ria pol\u00edtica vitoriosa e que apoiou o PT em 2022. Sobre o hist\u00f3rico de diverg\u00eancias pol\u00edticas, a avalia\u00e7\u00e3o atual \u00e9 que, em Mossor\u00f3, a maior dificuldade do PT seria em uma eventual aproxima\u00e7\u00e3o com o prefeito Allyson Bezerra (Uni\u00e3o), o que \u00e9 considerado totalmente descartado. Neste caso, Rosalba surge como uma op\u00e7\u00e3o.<\/p>\n\n\n\n<p>Segundo interlocutores, a ideia de F\u00e1tima Bezerra \u00e9 buscar um nome que tenha condi\u00e7\u00f5es de formar um palanque competitivo em Mossor\u00f3, de onde Allyson Bezerra tem a perspectiva de sair com grande vota\u00e7\u00e3o. A governadora veria em Rosalba um nome com potencial para sustentar um discurso na \u201cCapital do Oeste\u201d. Al\u00e9m disso, a ex-governadora \u00e9 tida como um nome que transita bem no centro e \u00e0 direita, o que pode ajudar F\u00e1tima a reduzir a rejei\u00e7\u00e3o ao PT neste p\u00fablico.<\/p>\n\n\n\n<p>Em 2022, dois anos ap\u00f3s deixar a Prefeitura de Mossor\u00f3, Rosalba ensaiou disputar a elei\u00e7\u00e3o como candidata a deputada, mas acabou ficando fora das chapas do PP tanto para a Assembleia Legislativa quanto para a C\u00e2mara dos Deputados. Como resultado, sua fam\u00edlia ficou sem mandato relevante pela 1\u00aa vez em d\u00e9cadas. Para deputado federal, ela apoiou a candidatura \u00e0 reelei\u00e7\u00e3o de Beto Rosado, que foi derrotado.<\/p>\n\n\n\n<p>Foi naquela elei\u00e7\u00e3o que Rosalba se aproximou mais do PT, ap\u00f3s anos de rivalidade com o partido. Na reta final da campanha, ela declarou apoio \u00e0 reelei\u00e7\u00e3o da governadora F\u00e1tima Bezerra, embora a maior parte de seu partido, o PP, estivesse na oposi\u00e7\u00e3o.<\/p>\n\n\n\n<p>\u201cEla recuperou o Estado, pagou quatro folhas salariais deixadas pelo governo anterior e fez o dever de casa. Agora est\u00e1 pronta para avan\u00e7ar as a\u00e7\u00f5es de desenvolvimento do Rio Grande do Norte\u201d, disse Rosalba ao jornal De Fato em setembro de 2022.<\/p>\n\n\n\n<p>Agora em 2025, Rosalba voltou ao radar do PT depois que o partido dela, o PP, intensificou a aproxima\u00e7\u00e3o com Allyson Bezerra, que \u00e9 virtual candidato ao Governo do Estado. Na \u00faltima semana, a presidente do PP Mulher, Shirley Targino, assumiu a Secretaria Municipal de Assist\u00eancia Social de Mossor\u00f3. Allyson e Rosalba s\u00e3o advers\u00e1rios pol\u00edticos.<\/p>\n\n\n\n<h2 class=\"wp-block-heading\">Zenaide d\u00e1 sinais de rompimento com PT e deve ficar no palanque de Allyson<\/h2>\n\n\n\n<p>O nome de Rosalba surge num momento em que o PT v\u00ea Zenaide Maia (PSD) se distanciar do grupo que ela integra desde 2018, quando foi eleita senadora. Apesar dos apelos p\u00fablicos para que permane\u00e7a no grupo governista, a senadora tem se aproximado de Allyson Bezerra e dado sinais de que estar\u00e1 na oposi\u00e7\u00e3o em 2026.<\/p>\n\n\n\n<p>Eleita com apoio do PT e atual vice-l\u00edder do Governo Lula no Senado, Zenaide tem ignorado a press\u00e3o exercida nas \u00faltimas semanas pelo entorno de F\u00e1tima Bezerra. Apesar dos apelos p\u00fablicos para que permane\u00e7a aliada do grupo petista, a senadora tem silenciado sobre o assunto.<\/p>\n\n\n\n<p>As manifesta\u00e7\u00f5es p\u00fablicas de desejo que Zenaide siga aliada do PT partiram de nomes como a pr\u00f3pria F\u00e1tima Bezerra, do pr\u00e9-candidato a governador Cadu Xavier, do deputado federal Fernando Mineiro e do chefe da Casa Civil do governo estadual, Raimundo Alves. Todos t\u00eam defendido que Zenaide fa\u00e7a uma dobradinha com F\u00e1tima na disputa para o Senado.<\/p>\n\n\n\n<p>Em comum nas falas, todos dizem que a perman\u00eancia de Zenaide no palanque da esquerda seria \u201ccoerente\u201d com sua trajet\u00f3ria ou at\u00e9 mesmo um \u201ccaminho natural\u201d, como disse a governadora em uma entrevista \u00e0 TCM em maio.<\/p>\n\n\n\n<p>Enquanto publicamente recebe os apelos para permanecer aliada do PT, Zenaide tem preferido silenciar. Por outro lado, acumula gestos e acenos a Allyson Bezerra. Durante o Mossor\u00f3 Cidade Junina, a senadora e o prefeito chegaram a circular de bra\u00e7os dados \u2013 em uma manifesta\u00e7\u00e3o clara de sintonia, que n\u00e3o \u00e9 vista com F\u00e1tima Bezerra.<\/p>\n\n\n\n<p>Interlocutores dizem que a senadora v\u00ea em F\u00e1tima sua principal advers\u00e1ria em 2026 e que a manuten\u00e7\u00e3o da alian\u00e7a com o PT seria um suic\u00eddio pol\u00edtico. No in\u00edcio desta semana, o deputado federal Jo\u00e3o Maia (PP), irm\u00e3o de Zenaide, afirmou que a disputa da senadora em 2026 \u00e9 com F\u00e1tima.<\/p>\n\n\n\n<p>Em abril, em entrevista \u00e0 r\u00e1dio Mix, Zenaide foi econ\u00f4mica ao ser perguntada sobre a manuten\u00e7\u00e3o da alian\u00e7a com o PT. \u201cEst\u00e1 em estudo\u201d, disse ela.<\/p>\n\n\n\n<p>Mas sobre Allyson, rasgou elogios. Disse que ele seria um \u201cexcelente candidato\u201d a governador e lembrou da parceria administrativa entre os dois, citando o envio de emendas parlamentares que garantiram a constru\u00e7\u00e3o de postos de sa\u00fade na cidade.<\/p>\n\n\n\n<p>Em um discurso alinhado ao de Allyson, Zenaide afirmou ainda que tem parcerias pol\u00edticas com prefeitos de variados espectros ideol\u00f3gicos. \u201cTenho aliados de todos os partidos\u201d, enfatizou.<\/p>\n\n\n\n<p>Conselheiro pol\u00edtico e marido da senadora, o prefeito de S\u00e3o Gon\u00e7alo do Amarante, Jaime Calado (PSD), foi mais expl\u00edcito em uma declara\u00e7\u00e3o \u00e0 98 FM em maio. Elogiou Cadu Xavier, mas afirmou que considera Allyson o \u201cnome mais forte\u201d para a disputa do Governo do Estado em 2026.<\/p>\n\n\n\n<p>O pr\u00f3prio prefeito de Mossor\u00f3 disse ter compromisso pol\u00edtico com Zenaide. \u201cTemos uma profunda parceria e amizade. Zenaide tem enviado muitos recursos para Mossor\u00f3. Grande parte das 20 obras que estamos executando na sa\u00fade tem recursos dela\u201d, disse. E foi direto: \u201cSendo candidata ao Senado, ela ter\u00e1 sim a nossa posi\u00e7\u00e3o de apoio\u201d.<\/p>\n\n\n\n<p>Agora RN<\/p>\n\n\n\n<figure class=\"wp-block-image\"><img data-recalc-dims=\"1\" fetchpriority=\"high\" decoding=\"async\" width=\"800\" height=\"451\" src=\"https:\/\/i0.wp.com\/blogdobispo.com.br\/wp-content\/uploads\/2025\/07\/Fatima-e-Rosalba-830x468.jpeg.webp?resize=800%2C451\" alt=\"\" class=\"wp-image-5928\" srcset=\"https:\/\/i0.wp.com\/blogdobispo.com.br\/wp-content\/uploads\/2025\/07\/Fatima-e-Rosalba-830x468.jpeg.webp?w=830&amp;ssl=1 830w, https:\/\/i0.wp.com\/blogdobispo.com.br\/wp-content\/uploads\/2025\/07\/Fatima-e-Rosalba-830x468.jpeg.webp?resize=300%2C169&amp;ssl=1 300w, https:\/\/i0.wp.com\/blogdobispo.com.br\/wp-content\/uploads\/2025\/07\/Fatima-e-Rosalba-830x468.jpeg.webp?resize=768%2C433&amp;ssl=1 768w\" sizes=\"(max-width: 800px) 100vw, 800px\" \/><\/figure>\n","protected":false},"excerpt":{"rendered":"<p>A ex-governadora, ex-senadora e ex-prefeita de Mossor\u00f3 Rosalba Ciarlini pode ser o 2\u00ba nome do PT para o Senado na disputa eleitoral de 2026 no Rio Grande do Norte. A ideia que vem sendo avaliada em hostes petistas \u00e9 que Rosalba se filie a um partido de centro-esquerda, como PDT ou PSB, e fa\u00e7a dobradinha [&hellip;]<\/p>\n","protected":false},"author":1,"featured_media":0,"comment_status":"open","ping_status":"open","sticky":false,"template":"","format":"standard","meta":{"cybocfi_hide_featured_image":"","_jetpack_memberships_contains_paid_content":false,"footnotes":""},"categories":[1],"tags":[],"class_list":["post-5927","post","type-post","status-publish","format-standard","hentry","category-diversos"],"yoast_head":"<!-- This site is optimized with the Yoast SEO plugin v25.6 - https:\/\/yoast.com\/wordpress\/plugins\/seo\/ -->\n<title>Com Zenaide Maia prestes a romper, PT cogita Rosalba como 2\u00aa op\u00e7\u00e3o ao Senado - Blog do Bispo<\/title>\n<meta name=\"robots\" content=\"index, follow, max-snippet:-1, max-image-preview:large, max-video-preview:-1\" \/>\n<link rel=\"canonical\" href=\"https:\/\/blogdobispo.com.br\/?p=5927\" \/>\n<meta property=\"og:locale\" content=\"pt_BR\" \/>\n<meta property=\"og:type\" content=\"article\" \/>\n<meta property=\"og:title\" content=\"Com Zenaide Maia prestes a romper, PT cogita Rosalba como 2\u00aa op\u00e7\u00e3o ao Senado - Blog do Bispo\" \/>\n<meta property=\"og:description\" content=\"A ex-governadora, ex-senadora e ex-prefeita de Mossor\u00f3 Rosalba Ciarlini pode ser o 2\u00ba nome do PT para o Senado na disputa eleitoral de 2026 no Rio Grande do Norte. A ideia que vem sendo avaliada em hostes petistas \u00e9 que Rosalba se filie a um partido de centro-esquerda, como PDT ou PSB, e fa\u00e7a dobradinha [&hellip;]\" \/>\n<meta property=\"og:url\" content=\"https:\/\/blogdobispo.com.br\/?p=5927\" \/>\n<meta property=\"og:site_name\" content=\"Blog do Bispo\" \/>\n<meta property=\"article:published_time\" content=\"2025-07-11T11:31:08+00:00\" \/>\n<meta property=\"article:modified_time\" content=\"2025-07-11T11:31:10+00:00\" \/>\n<meta property=\"og:image\" content=\"http:\/\/blogdobispo.com.br\/wp-content\/uploads\/2025\/07\/Fatima-e-Rosalba-830x468.jpeg.webp\" \/>\n<meta name=\"author\" content=\"Jefferson Sterfeno\" \/>\n<meta name=\"twitter:card\" content=\"summary_large_image\" \/>\n<meta name=\"twitter:label1\" content=\"Escrito por\" \/>\n\t<meta name=\"twitter:data1\" content=\"Jefferson Sterfeno\" \/>\n\t<meta name=\"twitter:label2\" content=\"Est. tempo de leitura\" \/>\n\t<meta name=\"twitter:data2\" content=\"6 minutos\" \/>\n<script type=\"application\/ld+json\" class=\"yoast-schema-graph\">{\"@context\":\"https:\/\/schema.org\",\"@graph\":[{\"@type\":\"Article\",\"@id\":\"https:\/\/blogdobispo.com.br\/?p=5927#article\",\"isPartOf\":{\"@id\":\"https:\/\/blogdobispo.com.br\/?p=5927\"},\"author\":{\"name\":\"Jefferson Sterfeno\",\"@id\":\"https:\/\/blogdobispo.com.br\/#\/schema\/person\/e2209cc0e6cea5c5233d033e997b373f\"},\"headline\":\"Com Zenaide Maia prestes a romper, PT cogita Rosalba como 2\u00aa op\u00e7\u00e3o ao Senado\",\"datePublished\":\"2025-07-11T11:31:08+00:00\",\"dateModified\":\"2025-07-11T11:31:10+00:00\",\"mainEntityOfPage\":{\"@id\":\"https:\/\/blogdobispo.com.br\/?p=5927\"},\"wordCount\":1098,\"commentCount\":0,\"publisher\":{\"@id\":\"https:\/\/blogdobispo.com.br\/#organization\"},\"image\":{\"@id\":\"https:\/\/blogdobispo.com.br\/?p=5927#primaryimage\"},\"thumbnailUrl\":\"http:\/\/blogdobispo.com.br\/wp-content\/uploads\/2025\/07\/Fatima-e-Rosalba-830x468.jpeg.webp\",\"articleSection\":[\"diversos\"],\"inLanguage\":\"pt-BR\",\"potentialAction\":[{\"@type\":\"CommentAction\",\"name\":\"Comment\",\"target\":[\"https:\/\/blogdobispo.com.br\/?p=5927#respond\"]}]},{\"@type\":\"WebPage\",\"@id\":\"https:\/\/blogdobispo.com.br\/?p=5927\",\"url\":\"https:\/\/blogdobispo.com.br\/?p=5927\",\"name\":\"Com Zenaide Maia prestes a romper, PT cogita Rosalba como 2\u00aa op\u00e7\u00e3o ao Senado - Blog do Bispo\",\"isPartOf\":{\"@id\":\"https:\/\/blogdobispo.com.br\/#website\"},\"primaryImageOfPage\":{\"@id\":\"https:\/\/blogdobispo.com.br\/?p=5927#primaryimage\"},\"image\":{\"@id\":\"https:\/\/blogdobispo.com.br\/?p=5927#primaryimage\"},\"thumbnailUrl\":\"http:\/\/blogdobispo.com.br\/wp-content\/uploads\/2025\/07\/Fatima-e-Rosalba-830x468.jpeg.webp\",\"datePublished\":\"2025-07-11T11:31:08+00:00\",\"dateModified\":\"2025-07-11T11:31:10+00:00\",\"breadcrumb\":{\"@id\":\"https:\/\/blogdobispo.com.br\/?p=5927#breadcrumb\"},\"inLanguage\":\"pt-BR\",\"potentialAction\":[{\"@type\":\"ReadAction\",\"target\":[\"https:\/\/blogdobispo.com.br\/?p=5927\"]}]},{\"@type\":\"ImageObject\",\"inLanguage\":\"pt-BR\",\"@id\":\"https:\/\/blogdobispo.com.br\/?p=5927#primaryimage\",\"url\":\"http:\/\/blogdobispo.com.br\/wp-content\/uploads\/2025\/07\/Fatima-e-Rosalba-830x468.jpeg.webp\",\"contentUrl\":\"http:\/\/blogdobispo.com.br\/wp-content\/uploads\/2025\/07\/Fatima-e-Rosalba-830x468.jpeg.webp\"},{\"@type\":\"BreadcrumbList\",\"@id\":\"https:\/\/blogdobispo.com.br\/?p=5927#breadcrumb\",\"itemListElement\":[{\"@type\":\"ListItem\",\"position\":1,\"name\":\"In\u00edcio\",\"item\":\"https:\/\/blogdobispo.com.br\/\"},{\"@type\":\"ListItem\",\"position\":2,\"name\":\"Com Zenaide Maia prestes a romper, PT cogita Rosalba como 2\u00aa op\u00e7\u00e3o ao Senado\"}]},{\"@type\":\"WebSite\",\"@id\":\"https:\/\/blogdobispo.com.br\/#website\",\"url\":\"https:\/\/blogdobispo.com.br\/\",\"name\":\"Blog do Bispo\",\"description\":\"Comprometido apenas com o leitor\",\"publisher\":{\"@id\":\"https:\/\/blogdobispo.com.br\/#organization\"},\"potentialAction\":[{\"@type\":\"SearchAction\",\"target\":{\"@type\":\"EntryPoint\",\"urlTemplate\":\"https:\/\/blogdobispo.com.br\/?s={search_term_string}\"},\"query-input\":{\"@type\":\"PropertyValueSpecification\",\"valueRequired\":true,\"valueName\":\"search_term_string\"}}],\"inLanguage\":\"pt-BR\"},{\"@type\":\"Organization\",\"@id\":\"https:\/\/blogdobispo.com.br\/#organization\",\"name\":\"Blog do Bispo\",\"url\":\"https:\/\/blogdobispo.com.br\/\",\"logo\":{\"@type\":\"ImageObject\",\"inLanguage\":\"pt-BR\",\"@id\":\"https:\/\/blogdobispo.com.br\/#\/schema\/logo\/image\/\",\"url\":\"http:\/\/blogdobispo.com.br\/wp-content\/uploads\/2023\/05\/cropped-headear.png\",\"contentUrl\":\"http:\/\/blogdobispo.com.br\/wp-content\/uploads\/2023\/05\/cropped-headear.png\",\"width\":1500,\"height\":399,\"caption\":\"Blog do Bispo\"},\"image\":{\"@id\":\"https:\/\/blogdobispo.com.br\/#\/schema\/logo\/image\/\"}},{\"@type\":\"Person\",\"@id\":\"https:\/\/blogdobispo.com.br\/#\/schema\/person\/e2209cc0e6cea5c5233d033e997b373f\",\"name\":\"Jefferson Sterfeno\",\"image\":{\"@type\":\"ImageObject\",\"inLanguage\":\"pt-BR\",\"@id\":\"https:\/\/blogdobispo.com.br\/#\/schema\/person\/image\/\",\"url\":\"https:\/\/secure.gravatar.com\/avatar\/0534e84764641168a677026b6d57a3f51dc7ac4db0b4f6186d9cb330d4ee1160?s=96&d=mm&r=g\",\"contentUrl\":\"https:\/\/secure.gravatar.com\/avatar\/0534e84764641168a677026b6d57a3f51dc7ac4db0b4f6186d9cb330d4ee1160?s=96&d=mm&r=g\",\"caption\":\"Jefferson Sterfeno\"},\"sameAs\":[\"http:\/\/blogdobispo.com.br\"],\"url\":\"https:\/\/blogdobispo.com.br\/?author=1\"}]}<\/script>\n<!-- \/ Yoast SEO plugin. -->","yoast_head_json":{"title":"Com Zenaide Maia prestes a romper, PT cogita Rosalba como 2\u00aa op\u00e7\u00e3o ao Senado - Blog do Bispo","robots":{"index":"index","follow":"follow","max-snippet":"max-snippet:-1","max-image-preview":"max-image-preview:large","max-video-preview":"max-video-preview:-1"},"canonical":"https:\/\/blogdobispo.com.br\/?p=5927","og_locale":"pt_BR","og_type":"article","og_title":"Com Zenaide Maia prestes a romper, PT cogita Rosalba como 2\u00aa op\u00e7\u00e3o ao Senado - Blog do Bispo","og_description":"A ex-governadora, ex-senadora e ex-prefeita de Mossor\u00f3 Rosalba Ciarlini pode ser o 2\u00ba nome do PT para o Senado na disputa eleitoral de 2026 no Rio Grande do Norte. A ideia que vem sendo avaliada em hostes petistas \u00e9 que Rosalba se filie a um partido de centro-esquerda, como PDT ou PSB, e fa\u00e7a dobradinha [&hellip;]","og_url":"https:\/\/blogdobispo.com.br\/?p=5927","og_site_name":"Blog do Bispo","article_published_time":"2025-07-11T11:31:08+00:00","article_modified_time":"2025-07-11T11:31:10+00:00","og_image":[{"url":"http:\/\/blogdobispo.com.br\/wp-content\/uploads\/2025\/07\/Fatima-e-Rosalba-830x468.jpeg.webp","type":"","width":"","height":""}],"author":"Jefferson Sterfeno","twitter_card":"summary_large_image","twitter_misc":{"Escrito por":"Jefferson Sterfeno","Est. tempo de leitura":"6 minutos"},"schema":{"@context":"https:\/\/schema.org","@graph":[{"@type":"Article","@id":"https:\/\/blogdobispo.com.br\/?p=5927#article","isPartOf":{"@id":"https:\/\/blogdobispo.com.br\/?p=5927"},"author":{"name":"Jefferson Sterfeno","@id":"https:\/\/blogdobispo.com.br\/#\/schema\/person\/e2209cc0e6cea5c5233d033e997b373f"},"headline":"Com Zenaide Maia prestes a romper, PT cogita Rosalba como 2\u00aa op\u00e7\u00e3o ao Senado","datePublished":"2025-07-11T11:31:08+00:00","dateModified":"2025-07-11T11:31:10+00:00","mainEntityOfPage":{"@id":"https:\/\/blogdobispo.com.br\/?p=5927"},"wordCount":1098,"commentCount":0,"publisher":{"@id":"https:\/\/blogdobispo.com.br\/#organization"},"image":{"@id":"https:\/\/blogdobispo.com.br\/?p=5927#primaryimage"},"thumbnailUrl":"http:\/\/blogdobispo.com.br\/wp-content\/uploads\/2025\/07\/Fatima-e-Rosalba-830x468.jpeg.webp","articleSection":["diversos"],"inLanguage":"pt-BR","potentialAction":[{"@type":"CommentAction","name":"Comment","target":["https:\/\/blogdobispo.com.br\/?p=5927#respond"]}]},{"@type":"WebPage","@id":"https:\/\/blogdobispo.com.br\/?p=5927","url":"https:\/\/blogdobispo.com.br\/?p=5927","name":"Com Zenaide Maia prestes a romper, PT cogita Rosalba como 2\u00aa op\u00e7\u00e3o ao Senado - Blog do Bispo","isPartOf":{"@id":"https:\/\/blogdobispo.com.br\/#website"},"primaryImageOfPage":{"@id":"https:\/\/blogdobispo.com.br\/?p=5927#primaryimage"},"image":{"@id":"https:\/\/blogdobispo.com.br\/?p=5927#primaryimage"},"thumbnailUrl":"http:\/\/blogdobispo.com.br\/wp-content\/uploads\/2025\/07\/Fatima-e-Rosalba-830x468.jpeg.webp","datePublished":"2025-07-11T11:31:08+00:00","dateModified":"2025-07-11T11:31:10+00:00","breadcrumb":{"@id":"https:\/\/blogdobispo.com.br\/?p=5927#breadcrumb"},"inLanguage":"pt-BR","potentialAction":[{"@type":"ReadAction","target":["https:\/\/blogdobispo.com.br\/?p=5927"]}]},{"@type":"ImageObject","inLanguage":"pt-BR","@id":"https:\/\/blogdobispo.com.br\/?p=5927#primaryimage","url":"http:\/\/blogdobispo.com.br\/wp-content\/uploads\/2025\/07\/Fatima-e-Rosalba-830x468.jpeg.webp","contentUrl":"http:\/\/blogdobispo.com.br\/wp-content\/uploads\/2025\/07\/Fatima-e-Rosalba-830x468.jpeg.webp"},{"@type":"BreadcrumbList","@id":"https:\/\/blogdobispo.com.br\/?p=5927#breadcrumb","itemListElement":[{"@type":"ListItem","position":1,"name":"In\u00edcio","item":"https:\/\/blogdobispo.com.br\/"},{"@type":"ListItem","position":2,"name":"Com Zenaide Maia prestes a romper, PT cogita Rosalba como 2\u00aa op\u00e7\u00e3o ao Senado"}]},{"@type":"WebSite","@id":"https:\/\/blogdobispo.com.br\/#website","url":"https:\/\/blogdobispo.com.br\/","name":"Blog do Bispo","description":"Comprometido apenas com o leitor","publisher":{"@id":"https:\/\/blogdobispo.com.br\/#organization"},"potentialAction":[{"@type":"SearchAction","target":{"@type":"EntryPoint","urlTemplate":"https:\/\/blogdobispo.com.br\/?s={search_term_string}"},"query-input":{"@type":"PropertyValueSpecification","valueRequired":true,"valueName":"search_term_string"}}],"inLanguage":"pt-BR"},{"@type":"Organization","@id":"https:\/\/blogdobispo.com.br\/#organization","name":"Blog do Bispo","url":"https:\/\/blogdobispo.com.br\/","logo":{"@type":"ImageObject","inLanguage":"pt-BR","@id":"https:\/\/blogdobispo.com.br\/#\/schema\/logo\/image\/","url":"http:\/\/blogdobispo.com.br\/wp-content\/uploads\/2023\/05\/cropped-headear.png","contentUrl":"http:\/\/blogdobispo.com.br\/wp-content\/uploads\/2023\/05\/cropped-headear.png","width":1500,"height":399,"caption":"Blog do Bispo"},"image":{"@id":"https:\/\/blogdobispo.com.br\/#\/schema\/logo\/image\/"}},{"@type":"Person","@id":"https:\/\/blogdobispo.com.br\/#\/schema\/person\/e2209cc0e6cea5c5233d033e997b373f","name":"Jefferson Sterfeno","image":{"@type":"ImageObject","inLanguage":"pt-BR","@id":"https:\/\/blogdobispo.com.br\/#\/schema\/person\/image\/","url":"https:\/\/secure.gravatar.com\/avatar\/0534e84764641168a677026b6d57a3f51dc7ac4db0b4f6186d9cb330d4ee1160?s=96&d=mm&r=g","contentUrl":"https:\/\/secure.gravatar.com\/avatar\/0534e84764641168a677026b6d57a3f51dc7ac4db0b4f6186d9cb330d4ee1160?s=96&d=mm&r=g","caption":"Jefferson Sterfeno"},"sameAs":["http:\/\/blogdobispo.com.br"],"url":"https:\/\/blogdobispo.com.br\/?author=1"}]}},"featured_image_urls":{"full":"","thumbnail":"","medium":"","medium_large":"","large":"","1536x1536":"","2048x2048":""},"author_info":{"display_name":"Jefferson Sterfeno","author_link":"https:\/\/blogdobispo.com.br\/?author=1"},"category_info":"<a href=\"https:\/\/blogdobispo.com.br\/?cat=1\" rel=\"category\">diversos<\/a>","tag_info":"diversos","comment_count":"0","jetpack_featured_media_url":"","jetpack_sharing_enabled":true,"_links":{"self":[{"href":"https:\/\/blogdobispo.com.br\/index.php?rest_route=\/wp\/v2\/posts\/5927","targetHints":{"allow":["GET"]}}],"collection":[{"href":"https:\/\/blogdobispo.com.br\/index.php?rest_route=\/wp\/v2\/posts"}],"about":[{"href":"https:\/\/blogdobispo.com.br\/index.php?rest_route=\/wp\/v2\/types\/post"}],"author":[{"embeddable":true,"href":"https:\/\/blogdobispo.com.br\/index.php?rest_route=\/wp\/v2\/users\/1"}],"replies":[{"embeddable":true,"href":"https:\/\/blogdobispo.com.br\/index.php?rest_route=%2Fwp%2Fv2%2Fcomments&post=5927"}],"version-history":[{"count":1,"href":"https:\/\/blogdobispo.com.br\/index.php?rest_route=\/wp\/v2\/posts\/5927\/revisions"}],"predecessor-version":[{"id":5929,"href":"https:\/\/blogdobispo.com.br\/index.php?rest_route=\/wp\/v2\/posts\/5927\/revisions\/5929"}],"wp:attachment":[{"href":"https:\/\/blogdobispo.com.br\/index.php?rest_route=%2Fwp%2Fv2%2Fmedia&parent=5927"}],"wp:term":[{"taxonomy":"category","embeddable":true,"href":"https:\/\/blogdobispo.com.br\/index.php?rest_route=%2Fwp%2Fv2%2Fcategories&post=5927"},{"taxonomy":"post_tag","embeddable":true,"href":"https:\/\/blogdobispo.com.br\/index.php?rest_route=%2Fwp%2Fv2%2Ftags&post=5927"}],"curies":[{"name":"wp","href":"https:\/\/api.w.org\/{rel}","templated":true}]}}