{"id":5911,"date":"2025-07-10T14:18:25","date_gmt":"2025-07-10T14:18:25","guid":{"rendered":"https:\/\/blogdobispo.com.br\/?p=5911"},"modified":"2025-07-10T14:18:26","modified_gmt":"2025-07-10T14:18:26","slug":"casa-durval-paiva-recebe-homenagem-na-al-pelos-seus-30-anos","status":"publish","type":"post","link":"https:\/\/blogdobispo.com.br\/?p=5911","title":{"rendered":"Casa Durval Paiva recebe homenagem na AL pelos seus 30 anos"},"content":{"rendered":"\n<p>A Assembleia Legislativa do RN promoveu sess\u00e3o solene, na tarde desta quarta-feira (9), para celebrar os 30 anos da Casa Durval Paiva de Apoio \u00e0 Crian\u00e7a com C\u00e2ncer. Proposta pelo deputado Adjuto Dias (MDB), a homenagem reuniu autoridades representantes do Governo do Estado, da Ordem dos Advogados do Brasil \u2013 Seccional RN e da 7\u00aa Brigada de Infantaria Motorizada, al\u00e9m do deputado Hermano Morais (PV), da vice-prefeita de Natal, Joana Guerra, e do presidente e fundador da Casa Durval Paiva, Rilder Campos.<br><br>\u201c\u00c9 com imensa alegria e profundo respeito que iniciamos esta Sess\u00e3o Solene, proposta por nosso mandato, para celebrar uma hist\u00f3ria de amor, solidariedade e esperan\u00e7a: os 30 anos da Casa de Apoio \u00e0 Crian\u00e7a com C\u00e2ncer Durval Paiva. Tr\u00eas d\u00e9cadas se passaram desde que essa institui\u00e7\u00e3o nasceu do desejo genu\u00edno de acolher crian\u00e7as e adolescentes em uma fase t\u00e3o delicada de suas vidas, enfrentando o c\u00e2ncer e doen\u00e7as hematol\u00f3gicas cr\u00f4nicas, oferecendo n\u00e3o apenas cuidados m\u00e9dicos, mas tamb\u00e9m carinho, dignidade e o suporte necess\u00e1rio para que cada fam\u00edlia encontrasse for\u00e7a para continuar lutando\u201d, destacou o parlamentar.<br><br>Segundo Adjuto, cada paciente \u00e9 visto em sua integralidade.<br><br>\u201cAl\u00e9m do tratamento m\u00e9dico, eles recebem assist\u00eancia social, fisioterapia, nutri\u00e7\u00e3o, odontologia, apoio psicol\u00f3gico e, muitas vezes, o suporte essencial para que as fam\u00edlias tamb\u00e9m possam enfrentar esse momento com mais seguran\u00e7a e informa\u00e7\u00e3o. A Casa Durval Paiva tamb\u00e9m vai al\u00e9m dos seus muros: trabalha incansavelmente para que o diagn\u00f3stico seja feito na fase mais precoce poss\u00edvel, capacitando profissionais de sa\u00fade e educa\u00e7\u00e3o em todo o nosso Estado, numa verdadeira rede de cuidado e preven\u00e7\u00e3o. Hoje, ent\u00e3o, celebramos essa trajet\u00f3ria e, acima de tudo, reconhecemos o valor de cada pessoa, empresa, volunt\u00e1rio e parceiro que, ao longo dos anos, fez e faz parte desta corrente do bem\u201d, detalhou o deputado.<br><br>De acordo com Adjuto Dias, ao longo de seus 30 anos de exist\u00eancia, a Casa Durval Paiva j\u00e1 acolheu mais de 2.000 crian\u00e7as e adolescentes, vindos de 156 munic\u00edpios do nosso Rio Grande do Norte e de 39 cidades de outros estados brasileiros.<br><br>\u201cE eu quero refor\u00e7ar que a grandeza da Casa de Apoio \u00e0 Crian\u00e7a com C\u00e2ncer Durval Paiva se revela n\u00e3o apenas no acolhimento, mas na amplitude de suas a\u00e7\u00f5es: na Assist\u00eancia Social, combate a fome e a desnutri\u00e7\u00e3o, garantindo cestas b\u00e1sicas, refei\u00e7\u00f5es, hospedagem digna e moradia adequada por meio do \u2018Projeto Vida\u2019, que j\u00e1 construiu 115 casas e reformou outras 150, oferecendo \u00e0s fam\u00edlias condi\u00e7\u00f5es mais justas e humanas para enfrentar o tratamento. Na Educa\u00e7\u00e3o, vai al\u00e9m: como institui\u00e7\u00e3o credenciada, assegura a continuidade da vida escolar das crian\u00e7as e adolescentes por meio da Classe Domiciliar e da Classe Hospitalar \u2014 porque aprender tamb\u00e9m \u00e9 um ato de esperan\u00e7a. E, com olhar atento para todo o n\u00facleo familiar, promove capacita\u00e7\u00e3o profissional, gera\u00e7\u00e3o de renda e empreendedorismo, fortalecendo, sobretudo, o empoderamento feminino. A \u2018Casa dos Of\u00edcios\u2019 forma m\u00e3es, familiares e adolescentes em diversas \u00e1reas, gerando renda e dignidade a quem mais precisa\u201d, ressaltou o parlamentar estadual.<br><br>Finalizando seu discurso, Adjuto Dias frisou que \u201ca Casa Durval Paiva segue sendo muito mais do que um local de apoio: \u00e9 um espa\u00e7o onde a solidariedade se materializa, a cidadania se afirma e a vida renasce todos os dias\u201d.<br><br>\u201cPor tudo isso, em nome do povo do Rio Grande do Norte, manifesto minha mais profunda admira\u00e7\u00e3o e gratid\u00e3o a todos que constroem essa hist\u00f3ria de cuidado, dignidade e esperan\u00e7a. Que venham muitos outros anos de amor transformando vidas. Muito obrigado!\u201d, concluiu.<br><br>Ao receber a placa de homenageado, Hermano se disse muito honrado e agradecido pela generosidade de todos que fazem a Casa Durval Paiva pela lembran\u00e7a do seu nome.<br><br>\u201cLonga vida \u00e0 Casa Durval Paiva! Parab\u00e9ns a todos que fazem parte desta hist\u00f3ria! Muito obrigado!\u201d, agradeceu o parlamentar.<br><br>Em seguida, o senhor J\u00falio Freitas fez uma apresenta\u00e7\u00e3o cultural para homenagear a institui\u00e7\u00e3o aniversariante.<br><br>Na sequ\u00eancia, Rilder Campos, presidente e fundador da Casa Durval Paiva, fez o seu pronunciamento, agradecendo a todos os parceiros que v\u00eam auxiliando a institui\u00e7\u00e3o ao longo desses 30 anos.<br><br>\u201cEu costumo, na minha vida, agradecer a Deus muitas vezes ao longo do dia. E a casa Durval Paiva me ensinou mais ainda. Por isso, eu agrade\u00e7o a todos aqui presentes. E eu queria agradecer, especialmente, ao empres\u00e1rio Fernando Paiva, av\u00f4 do meu filho, que foi quem doou a primeira casa. Mas infelizmente ele n\u00e3o pode estar aqui hoje, por motivo de sa\u00fade\u201d, disse, emocionado.<br><br>Segundo Rilder Campos, foi Fernando Paiva quem iniciou toda a hist\u00f3ria da Casa.<br><br>\u201cMuitos anos atr\u00e1s, Fernando teve um c\u00e2ncer, e n\u00f3s fomos trat\u00e1-lo nos Estados Unidos. Na \u00e9poca n\u00f3s ficamos hospedados na 1\u00aa Casa Ronald Mc Donald. E depois de um tempo ele me sugeriu que fiz\u00e9ssemos isso aqui em Natal. Eu pensei que fosse apenas um impulso. Mas em janeiro de 1995 ele me colocou dentro do carro e disse: \u2018t\u00e1 aqui. Eu comprei a primeira casa. Tome conta\u2019. E assim n\u00f3s iniciamos a Casa Durval Paiva, eu e Daniela. N\u00f3s sab\u00edamos cuidar de um filho, mas n\u00e3o de filhos dos outros. E a Casa come\u00e7ou a crescer e se desenvolver. A nossa primeira parceria foi com a Autolatina. J\u00e1 come\u00e7amos bem. Foi ela que nos deu a primeira kombi\u201d, contou.<br><br>O presidente da Casa Durval Paiva disse ainda que a entidade sempre interagiu com a sociedade, de forma transparente e quebrando v\u00e1rios paradigmas.<br><br>\u201cO RedeMais, por exemplo, foi o nosso primeiro parceiro. E a\u00ed n\u00f3s come\u00e7amos a fazer muitas parcerias, sempre prestando bons servi\u00e7os. Tudo focado na vida. A nossa moeda \u00e9 a vida. E a gratid\u00e3o \u00e9 a nossa palavra de ordem. Voc\u00eas que foram homenageados hoje t\u00eam de n\u00f3s uma gratid\u00e3o enorme. Sem voc\u00eas a gente n\u00e3o teria chegado at\u00e9 aqui. A imprensa tamb\u00e9m nos ajuda de uma forma contundente\u201d, frisou o fundador.<br><br>Falando das dificuldades em todo esse tempo, Rilder Campos destacou a dor de conviver com as perdas.<br><br>\u201cN\u00f3s acompanhamos aquelas crian\u00e7as e adolescentes diuturnamente. E fazer esse enfrentamento n\u00e3o \u00e9 f\u00e1cil. Al\u00e9m disso, pedir \u00e9 muito dif\u00edcil. N\u00f3s temos quase 20 mil pessoas que nos ajudam mensalmente, al\u00e9m de empresas que fazem responsabilidade social conosco. Mas foi por tudo isso que a gente cresceu, se desenvolveu e teve reconhecimento nacional. \u00c9 uma miss\u00e3o gratificante e dif\u00edcil ao mesmo tempo, porque a gente est\u00e1 com a alegria, na cura; mas com a tristeza, no \u00f3bito\u201d, desabafou.<br><br>O presidente da Casa Durval Paiva falou tamb\u00e9m sobre a import\u00e2ncia do diagn\u00f3stico precoce na cura do c\u00e2ncer.<br><br>\u201cSe n\u00f3s formos olhar para o RN, n\u00f3s temos 150 casos novos de c\u00e2ncer infantojuvenil por ano. Mas, quando a gente vai ver, n\u00e3o chegam 100 crian\u00e7as ou adolescentes para tratamento. E quem n\u00e3o chega, morre. N\u00f3s temos bons hospitais e boas casas de apoio, mas o diagn\u00f3stico tardio mata. Eles perdem de 80 a 90% de chance de se curar s\u00f3 por causa disso. Da\u00ed a import\u00e2ncia do trabalho de divulga\u00e7\u00e3o e conscientiza\u00e7\u00e3o. N\u00f3s temos 186 r\u00e1dios que trabalham com a gente em todo o Estado\u201d, disse, acrescentando que o mais doloroso \u00e9 saber que estamos perdendo para o diagn\u00f3stico tardio.<br><br>\u201cSem o diagn\u00f3stico precoce, o tratamento \u00e9 mais invasivo, mais doloroso e mais caro. E com isso todos n\u00f3s pagamos, porque o c\u00e2ncer \u00e9 democr\u00e1tico: ele d\u00e1 em todas as classes, credos e ra\u00e7as. Eu tive c\u00e2ncer de pulm\u00e3o, mas com o diagn\u00f3stico precoce nem quimioterapia eu fiz. Portanto, ele \u00e9 um divisor de \u00e1guas, seja para adultos ou crian\u00e7as\u201d, enfatizou o fundador da Casa de Apoio.<br><br>Concluindo sua fala, Rilder Campos refor\u00e7ou que a gratid\u00e3o da Casa \u00e9 imensa para todos que ajudam.<br><br>\u201cCada um doando um pouquinho faz uma grande diferen\u00e7a. E que isso aconte\u00e7a cada vez mais. Portanto, eu quero externar a minha gratid\u00e3o por esse dia. Foram 30 anos dif\u00edceis, mas quem j\u00e1 foi l\u00e1 na Casa sabe que a energia \u00e9 muito boa e forte. E \u00e9 por eles que estamos aqui hoje. Muito obrigado, de cora\u00e7\u00e3o, pela homenagem, obrigado a todos que foram homenageados e a toda a sociedade. A nossa responsabilidade aumentou agora, mas vamos dividir essa \u2018carga\u2019 com os nossos parceiros. E sa\u00edmos daqui muito felizes! Muito obrigado!\u201d, finalizou o presidente e fundador da Casa Durval Paiva.<\/p>\n\n\n\n<p><br><strong>Homenageados<\/strong>:<br><br>Casa Durval Paiva de Apoio \u00e0 Crian\u00e7a com C\u00e2ncer<br>R\u00e1dio 94 FM Natal<br>R\u00e1dio 96 FM Natal<br>InterTV Cabugi<br>Deputado Hermano Morais<br>Lions Clubs International<br>RedeMAIS Supermercados<br>Supermercado Nordest\u00e3o<br>Teleperformance<br>TV Ponta Negra<br>TV Tropical<\/p>\n\n\n\n<figure class=\"wp-block-image\"><img data-recalc-dims=\"1\" fetchpriority=\"high\" decoding=\"async\" width=\"800\" height=\"532\" src=\"https:\/\/i0.wp.com\/blogdobispo.com.br\/wp-content\/uploads\/2025\/07\/CC6chD3KtGswsYxGrTIEDhqW1SMlN9uSwX8zuGkK.jpg?resize=800%2C532\" alt=\"\" class=\"wp-image-5912\" srcset=\"https:\/\/i0.wp.com\/blogdobispo.com.br\/wp-content\/uploads\/2025\/07\/CC6chD3KtGswsYxGrTIEDhqW1SMlN9uSwX8zuGkK.jpg?w=2560&amp;ssl=1 2560w, https:\/\/i0.wp.com\/blogdobispo.com.br\/wp-content\/uploads\/2025\/07\/CC6chD3KtGswsYxGrTIEDhqW1SMlN9uSwX8zuGkK.jpg?resize=300%2C200&amp;ssl=1 300w, https:\/\/i0.wp.com\/blogdobispo.com.br\/wp-content\/uploads\/2025\/07\/CC6chD3KtGswsYxGrTIEDhqW1SMlN9uSwX8zuGkK.jpg?resize=1024%2C681&amp;ssl=1 1024w, https:\/\/i0.wp.com\/blogdobispo.com.br\/wp-content\/uploads\/2025\/07\/CC6chD3KtGswsYxGrTIEDhqW1SMlN9uSwX8zuGkK.jpg?resize=768%2C511&amp;ssl=1 768w, https:\/\/i0.wp.com\/blogdobispo.com.br\/wp-content\/uploads\/2025\/07\/CC6chD3KtGswsYxGrTIEDhqW1SMlN9uSwX8zuGkK.jpg?resize=1536%2C1022&amp;ssl=1 1536w, https:\/\/i0.wp.com\/blogdobispo.com.br\/wp-content\/uploads\/2025\/07\/CC6chD3KtGswsYxGrTIEDhqW1SMlN9uSwX8zuGkK.jpg?resize=2048%2C1362&amp;ssl=1 2048w, https:\/\/i0.wp.com\/blogdobispo.com.br\/wp-content\/uploads\/2025\/07\/CC6chD3KtGswsYxGrTIEDhqW1SMlN9uSwX8zuGkK.jpg?w=1600 1600w, https:\/\/i0.wp.com\/blogdobispo.com.br\/wp-content\/uploads\/2025\/07\/CC6chD3KtGswsYxGrTIEDhqW1SMlN9uSwX8zuGkK.jpg?w=2400 2400w\" sizes=\"(max-width: 800px) 100vw, 800px\" \/><\/figure>\n","protected":false},"excerpt":{"rendered":"<p>A Assembleia Legislativa do RN promoveu sess\u00e3o solene, na tarde desta quarta-feira (9), para celebrar os 30 anos da Casa Durval Paiva de Apoio \u00e0 Crian\u00e7a com C\u00e2ncer. Proposta pelo deputado Adjuto Dias (MDB), a homenagem reuniu autoridades representantes do Governo do Estado, da Ordem dos Advogados do Brasil \u2013 Seccional RN e da 7\u00aa [&hellip;]<\/p>\n","protected":false},"author":1,"featured_media":0,"comment_status":"open","ping_status":"open","sticky":false,"template":"","format":"standard","meta":{"cybocfi_hide_featured_image":"","_jetpack_memberships_contains_paid_content":false,"footnotes":""},"categories":[1],"tags":[],"class_list":["post-5911","post","type-post","status-publish","format-standard","hentry","category-diversos"],"yoast_head":"<!-- This site is optimized with the Yoast SEO plugin v25.6 - https:\/\/yoast.com\/wordpress\/plugins\/seo\/ -->\n<title>Casa Durval Paiva recebe homenagem na AL pelos seus 30 anos - Blog do Bispo<\/title>\n<meta name=\"robots\" content=\"index, follow, max-snippet:-1, max-image-preview:large, max-video-preview:-1\" \/>\n<link rel=\"canonical\" href=\"https:\/\/blogdobispo.com.br\/?p=5911\" \/>\n<meta property=\"og:locale\" content=\"pt_BR\" \/>\n<meta property=\"og:type\" content=\"article\" \/>\n<meta property=\"og:title\" content=\"Casa Durval Paiva recebe homenagem na AL pelos seus 30 anos - Blog do Bispo\" \/>\n<meta property=\"og:description\" content=\"A Assembleia Legislativa do RN promoveu sess\u00e3o solene, na tarde desta quarta-feira (9), para celebrar os 30 anos da Casa Durval Paiva de Apoio \u00e0 Crian\u00e7a com C\u00e2ncer. Proposta pelo deputado Adjuto Dias (MDB), a homenagem reuniu autoridades representantes do Governo do Estado, da Ordem dos Advogados do Brasil \u2013 Seccional RN e da 7\u00aa [&hellip;]\" \/>\n<meta property=\"og:url\" content=\"https:\/\/blogdobispo.com.br\/?p=5911\" \/>\n<meta property=\"og:site_name\" content=\"Blog do Bispo\" \/>\n<meta property=\"article:published_time\" content=\"2025-07-10T14:18:25+00:00\" \/>\n<meta property=\"article:modified_time\" content=\"2025-07-10T14:18:26+00:00\" \/>\n<meta property=\"og:image\" content=\"http:\/\/blogdobispo.com.br\/wp-content\/uploads\/2025\/07\/CC6chD3KtGswsYxGrTIEDhqW1SMlN9uSwX8zuGkK.jpg\" \/>\n<meta name=\"author\" content=\"Jefferson Sterfeno\" \/>\n<meta name=\"twitter:card\" content=\"summary_large_image\" \/>\n<meta name=\"twitter:label1\" content=\"Escrito por\" \/>\n\t<meta name=\"twitter:data1\" content=\"Jefferson Sterfeno\" \/>\n\t<meta name=\"twitter:label2\" content=\"Est. tempo de leitura\" \/>\n\t<meta name=\"twitter:data2\" content=\"8 minutos\" \/>\n<script type=\"application\/ld+json\" class=\"yoast-schema-graph\">{\"@context\":\"https:\/\/schema.org\",\"@graph\":[{\"@type\":\"Article\",\"@id\":\"https:\/\/blogdobispo.com.br\/?p=5911#article\",\"isPartOf\":{\"@id\":\"https:\/\/blogdobispo.com.br\/?p=5911\"},\"author\":{\"name\":\"Jefferson Sterfeno\",\"@id\":\"https:\/\/blogdobispo.com.br\/#\/schema\/person\/e2209cc0e6cea5c5233d033e997b373f\"},\"headline\":\"Casa Durval Paiva recebe homenagem na AL pelos seus 30 anos\",\"datePublished\":\"2025-07-10T14:18:25+00:00\",\"dateModified\":\"2025-07-10T14:18:26+00:00\",\"mainEntityOfPage\":{\"@id\":\"https:\/\/blogdobispo.com.br\/?p=5911\"},\"wordCount\":1512,\"commentCount\":0,\"publisher\":{\"@id\":\"https:\/\/blogdobispo.com.br\/#organization\"},\"image\":{\"@id\":\"https:\/\/blogdobispo.com.br\/?p=5911#primaryimage\"},\"thumbnailUrl\":\"http:\/\/blogdobispo.com.br\/wp-content\/uploads\/2025\/07\/CC6chD3KtGswsYxGrTIEDhqW1SMlN9uSwX8zuGkK.jpg\",\"articleSection\":[\"diversos\"],\"inLanguage\":\"pt-BR\",\"potentialAction\":[{\"@type\":\"CommentAction\",\"name\":\"Comment\",\"target\":[\"https:\/\/blogdobispo.com.br\/?p=5911#respond\"]}]},{\"@type\":\"WebPage\",\"@id\":\"https:\/\/blogdobispo.com.br\/?p=5911\",\"url\":\"https:\/\/blogdobispo.com.br\/?p=5911\",\"name\":\"Casa Durval Paiva recebe homenagem na AL pelos seus 30 anos - Blog do Bispo\",\"isPartOf\":{\"@id\":\"https:\/\/blogdobispo.com.br\/#website\"},\"primaryImageOfPage\":{\"@id\":\"https:\/\/blogdobispo.com.br\/?p=5911#primaryimage\"},\"image\":{\"@id\":\"https:\/\/blogdobispo.com.br\/?p=5911#primaryimage\"},\"thumbnailUrl\":\"http:\/\/blogdobispo.com.br\/wp-content\/uploads\/2025\/07\/CC6chD3KtGswsYxGrTIEDhqW1SMlN9uSwX8zuGkK.jpg\",\"datePublished\":\"2025-07-10T14:18:25+00:00\",\"dateModified\":\"2025-07-10T14:18:26+00:00\",\"breadcrumb\":{\"@id\":\"https:\/\/blogdobispo.com.br\/?p=5911#breadcrumb\"},\"inLanguage\":\"pt-BR\",\"potentialAction\":[{\"@type\":\"ReadAction\",\"target\":[\"https:\/\/blogdobispo.com.br\/?p=5911\"]}]},{\"@type\":\"ImageObject\",\"inLanguage\":\"pt-BR\",\"@id\":\"https:\/\/blogdobispo.com.br\/?p=5911#primaryimage\",\"url\":\"http:\/\/blogdobispo.com.br\/wp-content\/uploads\/2025\/07\/CC6chD3KtGswsYxGrTIEDhqW1SMlN9uSwX8zuGkK.jpg\",\"contentUrl\":\"http:\/\/blogdobispo.com.br\/wp-content\/uploads\/2025\/07\/CC6chD3KtGswsYxGrTIEDhqW1SMlN9uSwX8zuGkK.jpg\"},{\"@type\":\"BreadcrumbList\",\"@id\":\"https:\/\/blogdobispo.com.br\/?p=5911#breadcrumb\",\"itemListElement\":[{\"@type\":\"ListItem\",\"position\":1,\"name\":\"In\u00edcio\",\"item\":\"https:\/\/blogdobispo.com.br\/\"},{\"@type\":\"ListItem\",\"position\":2,\"name\":\"Casa Durval Paiva recebe homenagem na AL pelos seus 30 anos\"}]},{\"@type\":\"WebSite\",\"@id\":\"https:\/\/blogdobispo.com.br\/#website\",\"url\":\"https:\/\/blogdobispo.com.br\/\",\"name\":\"Blog do Bispo\",\"description\":\"Comprometido apenas com o leitor\",\"publisher\":{\"@id\":\"https:\/\/blogdobispo.com.br\/#organization\"},\"potentialAction\":[{\"@type\":\"SearchAction\",\"target\":{\"@type\":\"EntryPoint\",\"urlTemplate\":\"https:\/\/blogdobispo.com.br\/?s={search_term_string}\"},\"query-input\":{\"@type\":\"PropertyValueSpecification\",\"valueRequired\":true,\"valueName\":\"search_term_string\"}}],\"inLanguage\":\"pt-BR\"},{\"@type\":\"Organization\",\"@id\":\"https:\/\/blogdobispo.com.br\/#organization\",\"name\":\"Blog do Bispo\",\"url\":\"https:\/\/blogdobispo.com.br\/\",\"logo\":{\"@type\":\"ImageObject\",\"inLanguage\":\"pt-BR\",\"@id\":\"https:\/\/blogdobispo.com.br\/#\/schema\/logo\/image\/\",\"url\":\"http:\/\/blogdobispo.com.br\/wp-content\/uploads\/2023\/05\/cropped-headear.png\",\"contentUrl\":\"http:\/\/blogdobispo.com.br\/wp-content\/uploads\/2023\/05\/cropped-headear.png\",\"width\":1500,\"height\":399,\"caption\":\"Blog do Bispo\"},\"image\":{\"@id\":\"https:\/\/blogdobispo.com.br\/#\/schema\/logo\/image\/\"}},{\"@type\":\"Person\",\"@id\":\"https:\/\/blogdobispo.com.br\/#\/schema\/person\/e2209cc0e6cea5c5233d033e997b373f\",\"name\":\"Jefferson Sterfeno\",\"image\":{\"@type\":\"ImageObject\",\"inLanguage\":\"pt-BR\",\"@id\":\"https:\/\/blogdobispo.com.br\/#\/schema\/person\/image\/\",\"url\":\"https:\/\/secure.gravatar.com\/avatar\/0534e84764641168a677026b6d57a3f51dc7ac4db0b4f6186d9cb330d4ee1160?s=96&d=mm&r=g\",\"contentUrl\":\"https:\/\/secure.gravatar.com\/avatar\/0534e84764641168a677026b6d57a3f51dc7ac4db0b4f6186d9cb330d4ee1160?s=96&d=mm&r=g\",\"caption\":\"Jefferson Sterfeno\"},\"sameAs\":[\"http:\/\/blogdobispo.com.br\"],\"url\":\"https:\/\/blogdobispo.com.br\/?author=1\"}]}<\/script>\n<!-- \/ Yoast SEO plugin. -->","yoast_head_json":{"title":"Casa Durval Paiva recebe homenagem na AL pelos seus 30 anos - Blog do Bispo","robots":{"index":"index","follow":"follow","max-snippet":"max-snippet:-1","max-image-preview":"max-image-preview:large","max-video-preview":"max-video-preview:-1"},"canonical":"https:\/\/blogdobispo.com.br\/?p=5911","og_locale":"pt_BR","og_type":"article","og_title":"Casa Durval Paiva recebe homenagem na AL pelos seus 30 anos - Blog do Bispo","og_description":"A Assembleia Legislativa do RN promoveu sess\u00e3o solene, na tarde desta quarta-feira (9), para celebrar os 30 anos da Casa Durval Paiva de Apoio \u00e0 Crian\u00e7a com C\u00e2ncer. Proposta pelo deputado Adjuto Dias (MDB), a homenagem reuniu autoridades representantes do Governo do Estado, da Ordem dos Advogados do Brasil \u2013 Seccional RN e da 7\u00aa [&hellip;]","og_url":"https:\/\/blogdobispo.com.br\/?p=5911","og_site_name":"Blog do Bispo","article_published_time":"2025-07-10T14:18:25+00:00","article_modified_time":"2025-07-10T14:18:26+00:00","og_image":[{"url":"http:\/\/blogdobispo.com.br\/wp-content\/uploads\/2025\/07\/CC6chD3KtGswsYxGrTIEDhqW1SMlN9uSwX8zuGkK.jpg","type":"","width":"","height":""}],"author":"Jefferson Sterfeno","twitter_card":"summary_large_image","twitter_misc":{"Escrito por":"Jefferson Sterfeno","Est. tempo de leitura":"8 minutos"},"schema":{"@context":"https:\/\/schema.org","@graph":[{"@type":"Article","@id":"https:\/\/blogdobispo.com.br\/?p=5911#article","isPartOf":{"@id":"https:\/\/blogdobispo.com.br\/?p=5911"},"author":{"name":"Jefferson Sterfeno","@id":"https:\/\/blogdobispo.com.br\/#\/schema\/person\/e2209cc0e6cea5c5233d033e997b373f"},"headline":"Casa Durval Paiva recebe homenagem na AL pelos seus 30 anos","datePublished":"2025-07-10T14:18:25+00:00","dateModified":"2025-07-10T14:18:26+00:00","mainEntityOfPage":{"@id":"https:\/\/blogdobispo.com.br\/?p=5911"},"wordCount":1512,"commentCount":0,"publisher":{"@id":"https:\/\/blogdobispo.com.br\/#organization"},"image":{"@id":"https:\/\/blogdobispo.com.br\/?p=5911#primaryimage"},"thumbnailUrl":"http:\/\/blogdobispo.com.br\/wp-content\/uploads\/2025\/07\/CC6chD3KtGswsYxGrTIEDhqW1SMlN9uSwX8zuGkK.jpg","articleSection":["diversos"],"inLanguage":"pt-BR","potentialAction":[{"@type":"CommentAction","name":"Comment","target":["https:\/\/blogdobispo.com.br\/?p=5911#respond"]}]},{"@type":"WebPage","@id":"https:\/\/blogdobispo.com.br\/?p=5911","url":"https:\/\/blogdobispo.com.br\/?p=5911","name":"Casa Durval Paiva recebe homenagem na AL pelos seus 30 anos - Blog do Bispo","isPartOf":{"@id":"https:\/\/blogdobispo.com.br\/#website"},"primaryImageOfPage":{"@id":"https:\/\/blogdobispo.com.br\/?p=5911#primaryimage"},"image":{"@id":"https:\/\/blogdobispo.com.br\/?p=5911#primaryimage"},"thumbnailUrl":"http:\/\/blogdobispo.com.br\/wp-content\/uploads\/2025\/07\/CC6chD3KtGswsYxGrTIEDhqW1SMlN9uSwX8zuGkK.jpg","datePublished":"2025-07-10T14:18:25+00:00","dateModified":"2025-07-10T14:18:26+00:00","breadcrumb":{"@id":"https:\/\/blogdobispo.com.br\/?p=5911#breadcrumb"},"inLanguage":"pt-BR","potentialAction":[{"@type":"ReadAction","target":["https:\/\/blogdobispo.com.br\/?p=5911"]}]},{"@type":"ImageObject","inLanguage":"pt-BR","@id":"https:\/\/blogdobispo.com.br\/?p=5911#primaryimage","url":"http:\/\/blogdobispo.com.br\/wp-content\/uploads\/2025\/07\/CC6chD3KtGswsYxGrTIEDhqW1SMlN9uSwX8zuGkK.jpg","contentUrl":"http:\/\/blogdobispo.com.br\/wp-content\/uploads\/2025\/07\/CC6chD3KtGswsYxGrTIEDhqW1SMlN9uSwX8zuGkK.jpg"},{"@type":"BreadcrumbList","@id":"https:\/\/blogdobispo.com.br\/?p=5911#breadcrumb","itemListElement":[{"@type":"ListItem","position":1,"name":"In\u00edcio","item":"https:\/\/blogdobispo.com.br\/"},{"@type":"ListItem","position":2,"name":"Casa Durval Paiva recebe homenagem na AL pelos seus 30 anos"}]},{"@type":"WebSite","@id":"https:\/\/blogdobispo.com.br\/#website","url":"https:\/\/blogdobispo.com.br\/","name":"Blog do Bispo","description":"Comprometido apenas com o leitor","publisher":{"@id":"https:\/\/blogdobispo.com.br\/#organization"},"potentialAction":[{"@type":"SearchAction","target":{"@type":"EntryPoint","urlTemplate":"https:\/\/blogdobispo.com.br\/?s={search_term_string}"},"query-input":{"@type":"PropertyValueSpecification","valueRequired":true,"valueName":"search_term_string"}}],"inLanguage":"pt-BR"},{"@type":"Organization","@id":"https:\/\/blogdobispo.com.br\/#organization","name":"Blog do Bispo","url":"https:\/\/blogdobispo.com.br\/","logo":{"@type":"ImageObject","inLanguage":"pt-BR","@id":"https:\/\/blogdobispo.com.br\/#\/schema\/logo\/image\/","url":"http:\/\/blogdobispo.com.br\/wp-content\/uploads\/2023\/05\/cropped-headear.png","contentUrl":"http:\/\/blogdobispo.com.br\/wp-content\/uploads\/2023\/05\/cropped-headear.png","width":1500,"height":399,"caption":"Blog do Bispo"},"image":{"@id":"https:\/\/blogdobispo.com.br\/#\/schema\/logo\/image\/"}},{"@type":"Person","@id":"https:\/\/blogdobispo.com.br\/#\/schema\/person\/e2209cc0e6cea5c5233d033e997b373f","name":"Jefferson Sterfeno","image":{"@type":"ImageObject","inLanguage":"pt-BR","@id":"https:\/\/blogdobispo.com.br\/#\/schema\/person\/image\/","url":"https:\/\/secure.gravatar.com\/avatar\/0534e84764641168a677026b6d57a3f51dc7ac4db0b4f6186d9cb330d4ee1160?s=96&d=mm&r=g","contentUrl":"https:\/\/secure.gravatar.com\/avatar\/0534e84764641168a677026b6d57a3f51dc7ac4db0b4f6186d9cb330d4ee1160?s=96&d=mm&r=g","caption":"Jefferson Sterfeno"},"sameAs":["http:\/\/blogdobispo.com.br"],"url":"https:\/\/blogdobispo.com.br\/?author=1"}]}},"featured_image_urls":{"full":"","thumbnail":"","medium":"","medium_large":"","large":"","1536x1536":"","2048x2048":""},"author_info":{"display_name":"Jefferson Sterfeno","author_link":"https:\/\/blogdobispo.com.br\/?author=1"},"category_info":"<a href=\"https:\/\/blogdobispo.com.br\/?cat=1\" rel=\"category\">diversos<\/a>","tag_info":"diversos","comment_count":"0","jetpack_featured_media_url":"","jetpack_sharing_enabled":true,"_links":{"self":[{"href":"https:\/\/blogdobispo.com.br\/index.php?rest_route=\/wp\/v2\/posts\/5911","targetHints":{"allow":["GET"]}}],"collection":[{"href":"https:\/\/blogdobispo.com.br\/index.php?rest_route=\/wp\/v2\/posts"}],"about":[{"href":"https:\/\/blogdobispo.com.br\/index.php?rest_route=\/wp\/v2\/types\/post"}],"author":[{"embeddable":true,"href":"https:\/\/blogdobispo.com.br\/index.php?rest_route=\/wp\/v2\/users\/1"}],"replies":[{"embeddable":true,"href":"https:\/\/blogdobispo.com.br\/index.php?rest_route=%2Fwp%2Fv2%2Fcomments&post=5911"}],"version-history":[{"count":1,"href":"https:\/\/blogdobispo.com.br\/index.php?rest_route=\/wp\/v2\/posts\/5911\/revisions"}],"predecessor-version":[{"id":5913,"href":"https:\/\/blogdobispo.com.br\/index.php?rest_route=\/wp\/v2\/posts\/5911\/revisions\/5913"}],"wp:attachment":[{"href":"https:\/\/blogdobispo.com.br\/index.php?rest_route=%2Fwp%2Fv2%2Fmedia&parent=5911"}],"wp:term":[{"taxonomy":"category","embeddable":true,"href":"https:\/\/blogdobispo.com.br\/index.php?rest_route=%2Fwp%2Fv2%2Fcategories&post=5911"},{"taxonomy":"post_tag","embeddable":true,"href":"https:\/\/blogdobispo.com.br\/index.php?rest_route=%2Fwp%2Fv2%2Ftags&post=5911"}],"curies":[{"name":"wp","href":"https:\/\/api.w.org\/{rel}","templated":true}]}}