{"id":5908,"date":"2025-07-10T14:14:27","date_gmt":"2025-07-10T14:14:27","guid":{"rendered":"https:\/\/blogdobispo.com.br\/?p=5908"},"modified":"2025-07-10T14:14:29","modified_gmt":"2025-07-10T14:14:29","slug":"vereadores-entregam-titulo-de-cidadao-parnamirinense-a-ezequiel-ferreira","status":"publish","type":"post","link":"https:\/\/blogdobispo.com.br\/?p=5908","title":{"rendered":"Vereadores entregam T\u00edtulo de Cidad\u00e3o Parnamirinense a Ezequiel Ferreira"},"content":{"rendered":"\n<p>Uma comitiva formada por vereadores de Parnamirim esteve na Assembleia Legislativa do Rio Grande do Norte, nesta quarta-feira (9), para entregar ao presidente da Casa, deputado Ezequiel Ferreira (PSDB), o T\u00edtulo de Cidad\u00e3o Parnamirinense, honraria concedida pela C\u00e2mara Municipal em reconhecimento aos relevantes servi\u00e7os prestados ao munic\u00edpio.<\/p>\n\n\n\n<p>\u201c\u00c9 com alegria e gratid\u00e3o que recebo esse t\u00edtulo, que refor\u00e7a meu compromisso com Parnamirim e com o povo desta terra t\u00e3o importante para o desenvolvimento do nosso estado\u201d, afirmou Ezequiel.<\/p>\n\n\n\n<p>A entrega simb\u00f3lica foi feita pelos vereadores Professor \u00cdtalo, C\u00e9sar Maia, atual presidente da C\u00e2mara, Rhalessa de Cl\u00eanio, Marquinhos da Climep e Eurico da Jap\u00e3o, pelo diretor da C\u00e2mara, ex-vereador e propositor da homenagem Gustavo Neg\u00f3cio, al\u00e9m do secret\u00e1rio municipal de Tributa\u00e7\u00e3o, Woney Fran\u00e7a.<\/p>\n\n\n\n<p>\u201cA honraria representa o agradecimento da cidade ao deputado Ezequiel Ferreira, que tem se destacado pelo apoio a iniciativas que beneficiam a popula\u00e7\u00e3o parnamirinense, tanto na \u00e1rea da infraestrutura quanto em pautas ligadas \u00e0 sa\u00fade, seguran\u00e7a e cidadania\u201d, justificou o vereador Professor \u00cdtalo.<\/p>\n\n\n\n<p>Para o propositor da homenagem, Gustavo Neg\u00f3cio, a concess\u00e3o do t\u00edtulo \u00e9 fruto de uma trajet\u00f3ria de compromisso com o munic\u00edpio: \u201cEzequiel \u00e9 um parceiro de Parnamirim. Sua atua\u00e7\u00e3o parlamentar tem feito diferen\u00e7a concreta na vida das pessoas, seja por meio de obras, emendas ou articula\u00e7\u00e3o pol\u00edtica em favor da nossa cidade\u201d, disse.<\/p>\n\n\n\n<p>O presidente da C\u00e2mara, vereador C\u00e9sar Maia, tamb\u00e9m destacou a import\u00e2ncia da homenagem: \u201cEsta \u00e9 uma forma de reconhecer publicamente um trabalho s\u00e9rio e constante em favor de Parnamirim. O deputado Ezequiel tem sido uma voz ativa por nossa cidade e merece, com justi\u00e7a, ser chamado de parnamirinense de cora\u00e7\u00e3o\u201d, ressaltou.<\/p>\n\n\n\n<figure class=\"wp-block-image\"><img data-recalc-dims=\"1\" fetchpriority=\"high\" decoding=\"async\" width=\"800\" height=\"533\" src=\"https:\/\/i0.wp.com\/blogdobispo.com.br\/wp-content\/uploads\/2025\/07\/e0nWHHp6bdgLRxZLC1GvdKDj3iqgxUeC4JTUoLpL.jpg?resize=800%2C533\" alt=\"\" class=\"wp-image-5909\" srcset=\"https:\/\/i0.wp.com\/blogdobispo.com.br\/wp-content\/uploads\/2025\/07\/e0nWHHp6bdgLRxZLC1GvdKDj3iqgxUeC4JTUoLpL.jpg?w=1620&amp;ssl=1 1620w, https:\/\/i0.wp.com\/blogdobispo.com.br\/wp-content\/uploads\/2025\/07\/e0nWHHp6bdgLRxZLC1GvdKDj3iqgxUeC4JTUoLpL.jpg?resize=300%2C200&amp;ssl=1 300w, https:\/\/i0.wp.com\/blogdobispo.com.br\/wp-content\/uploads\/2025\/07\/e0nWHHp6bdgLRxZLC1GvdKDj3iqgxUeC4JTUoLpL.jpg?resize=1024%2C683&amp;ssl=1 1024w, https:\/\/i0.wp.com\/blogdobispo.com.br\/wp-content\/uploads\/2025\/07\/e0nWHHp6bdgLRxZLC1GvdKDj3iqgxUeC4JTUoLpL.jpg?resize=768%2C512&amp;ssl=1 768w, https:\/\/i0.wp.com\/blogdobispo.com.br\/wp-content\/uploads\/2025\/07\/e0nWHHp6bdgLRxZLC1GvdKDj3iqgxUeC4JTUoLpL.jpg?resize=1536%2C1024&amp;ssl=1 1536w\" sizes=\"(max-width: 800px) 100vw, 800px\" \/><\/figure>\n","protected":false},"excerpt":{"rendered":"<p>Uma comitiva formada por vereadores de Parnamirim esteve na Assembleia Legislativa do Rio Grande do Norte, nesta quarta-feira (9), para entregar ao presidente da Casa, deputado Ezequiel Ferreira (PSDB), o T\u00edtulo de Cidad\u00e3o Parnamirinense, honraria concedida pela C\u00e2mara Municipal em reconhecimento aos relevantes servi\u00e7os prestados ao munic\u00edpio. \u201c\u00c9 com alegria e gratid\u00e3o que recebo esse [&hellip;]<\/p>\n","protected":false},"author":1,"featured_media":0,"comment_status":"open","ping_status":"open","sticky":false,"template":"","format":"standard","meta":{"cybocfi_hide_featured_image":"","_jetpack_memberships_contains_paid_content":false,"footnotes":""},"categories":[1],"tags":[],"class_list":["post-5908","post","type-post","status-publish","format-standard","hentry","category-diversos"],"yoast_head":"<!-- This site is optimized with the Yoast SEO plugin v25.6 - https:\/\/yoast.com\/wordpress\/plugins\/seo\/ -->\n<title>Vereadores entregam T\u00edtulo de Cidad\u00e3o Parnamirinense a Ezequiel Ferreira - Blog do Bispo<\/title>\n<meta name=\"robots\" content=\"index, follow, max-snippet:-1, max-image-preview:large, max-video-preview:-1\" \/>\n<link rel=\"canonical\" href=\"https:\/\/blogdobispo.com.br\/?p=5908\" \/>\n<meta property=\"og:locale\" content=\"pt_BR\" \/>\n<meta property=\"og:type\" content=\"article\" \/>\n<meta property=\"og:title\" content=\"Vereadores entregam T\u00edtulo de Cidad\u00e3o Parnamirinense a Ezequiel Ferreira - Blog do Bispo\" \/>\n<meta property=\"og:description\" content=\"Uma comitiva formada por vereadores de Parnamirim esteve na Assembleia Legislativa do Rio Grande do Norte, nesta quarta-feira (9), para entregar ao presidente da Casa, deputado Ezequiel Ferreira (PSDB), o T\u00edtulo de Cidad\u00e3o Parnamirinense, honraria concedida pela C\u00e2mara Municipal em reconhecimento aos relevantes servi\u00e7os prestados ao munic\u00edpio. \u201c\u00c9 com alegria e gratid\u00e3o que recebo esse [&hellip;]\" \/>\n<meta property=\"og:url\" content=\"https:\/\/blogdobispo.com.br\/?p=5908\" \/>\n<meta property=\"og:site_name\" content=\"Blog do Bispo\" \/>\n<meta property=\"article:published_time\" content=\"2025-07-10T14:14:27+00:00\" \/>\n<meta property=\"article:modified_time\" content=\"2025-07-10T14:14:29+00:00\" \/>\n<meta property=\"og:image\" content=\"http:\/\/blogdobispo.com.br\/wp-content\/uploads\/2025\/07\/e0nWHHp6bdgLRxZLC1GvdKDj3iqgxUeC4JTUoLpL.jpg\" \/>\n<meta name=\"author\" content=\"Jefferson Sterfeno\" \/>\n<meta name=\"twitter:card\" content=\"summary_large_image\" \/>\n<meta name=\"twitter:label1\" content=\"Escrito por\" \/>\n\t<meta name=\"twitter:data1\" content=\"Jefferson Sterfeno\" \/>\n\t<meta name=\"twitter:label2\" content=\"Est. tempo de leitura\" \/>\n\t<meta name=\"twitter:data2\" content=\"2 minutos\" \/>\n<script type=\"application\/ld+json\" class=\"yoast-schema-graph\">{\"@context\":\"https:\/\/schema.org\",\"@graph\":[{\"@type\":\"Article\",\"@id\":\"https:\/\/blogdobispo.com.br\/?p=5908#article\",\"isPartOf\":{\"@id\":\"https:\/\/blogdobispo.com.br\/?p=5908\"},\"author\":{\"name\":\"Jefferson Sterfeno\",\"@id\":\"https:\/\/blogdobispo.com.br\/#\/schema\/person\/e2209cc0e6cea5c5233d033e997b373f\"},\"headline\":\"Vereadores entregam T\u00edtulo de Cidad\u00e3o Parnamirinense a Ezequiel Ferreira\",\"datePublished\":\"2025-07-10T14:14:27+00:00\",\"dateModified\":\"2025-07-10T14:14:29+00:00\",\"mainEntityOfPage\":{\"@id\":\"https:\/\/blogdobispo.com.br\/?p=5908\"},\"wordCount\":313,\"commentCount\":0,\"publisher\":{\"@id\":\"https:\/\/blogdobispo.com.br\/#organization\"},\"image\":{\"@id\":\"https:\/\/blogdobispo.com.br\/?p=5908#primaryimage\"},\"thumbnailUrl\":\"http:\/\/blogdobispo.com.br\/wp-content\/uploads\/2025\/07\/e0nWHHp6bdgLRxZLC1GvdKDj3iqgxUeC4JTUoLpL.jpg\",\"articleSection\":[\"diversos\"],\"inLanguage\":\"pt-BR\",\"potentialAction\":[{\"@type\":\"CommentAction\",\"name\":\"Comment\",\"target\":[\"https:\/\/blogdobispo.com.br\/?p=5908#respond\"]}]},{\"@type\":\"WebPage\",\"@id\":\"https:\/\/blogdobispo.com.br\/?p=5908\",\"url\":\"https:\/\/blogdobispo.com.br\/?p=5908\",\"name\":\"Vereadores entregam T\u00edtulo de Cidad\u00e3o Parnamirinense a Ezequiel Ferreira - Blog do Bispo\",\"isPartOf\":{\"@id\":\"https:\/\/blogdobispo.com.br\/#website\"},\"primaryImageOfPage\":{\"@id\":\"https:\/\/blogdobispo.com.br\/?p=5908#primaryimage\"},\"image\":{\"@id\":\"https:\/\/blogdobispo.com.br\/?p=5908#primaryimage\"},\"thumbnailUrl\":\"http:\/\/blogdobispo.com.br\/wp-content\/uploads\/2025\/07\/e0nWHHp6bdgLRxZLC1GvdKDj3iqgxUeC4JTUoLpL.jpg\",\"datePublished\":\"2025-07-10T14:14:27+00:00\",\"dateModified\":\"2025-07-10T14:14:29+00:00\",\"breadcrumb\":{\"@id\":\"https:\/\/blogdobispo.com.br\/?p=5908#breadcrumb\"},\"inLanguage\":\"pt-BR\",\"potentialAction\":[{\"@type\":\"ReadAction\",\"target\":[\"https:\/\/blogdobispo.com.br\/?p=5908\"]}]},{\"@type\":\"ImageObject\",\"inLanguage\":\"pt-BR\",\"@id\":\"https:\/\/blogdobispo.com.br\/?p=5908#primaryimage\",\"url\":\"http:\/\/blogdobispo.com.br\/wp-content\/uploads\/2025\/07\/e0nWHHp6bdgLRxZLC1GvdKDj3iqgxUeC4JTUoLpL.jpg\",\"contentUrl\":\"http:\/\/blogdobispo.com.br\/wp-content\/uploads\/2025\/07\/e0nWHHp6bdgLRxZLC1GvdKDj3iqgxUeC4JTUoLpL.jpg\"},{\"@type\":\"BreadcrumbList\",\"@id\":\"https:\/\/blogdobispo.com.br\/?p=5908#breadcrumb\",\"itemListElement\":[{\"@type\":\"ListItem\",\"position\":1,\"name\":\"In\u00edcio\",\"item\":\"https:\/\/blogdobispo.com.br\/\"},{\"@type\":\"ListItem\",\"position\":2,\"name\":\"Vereadores entregam T\u00edtulo de Cidad\u00e3o Parnamirinense a Ezequiel Ferreira\"}]},{\"@type\":\"WebSite\",\"@id\":\"https:\/\/blogdobispo.com.br\/#website\",\"url\":\"https:\/\/blogdobispo.com.br\/\",\"name\":\"Blog do Bispo\",\"description\":\"Comprometido apenas com o leitor\",\"publisher\":{\"@id\":\"https:\/\/blogdobispo.com.br\/#organization\"},\"potentialAction\":[{\"@type\":\"SearchAction\",\"target\":{\"@type\":\"EntryPoint\",\"urlTemplate\":\"https:\/\/blogdobispo.com.br\/?s={search_term_string}\"},\"query-input\":{\"@type\":\"PropertyValueSpecification\",\"valueRequired\":true,\"valueName\":\"search_term_string\"}}],\"inLanguage\":\"pt-BR\"},{\"@type\":\"Organization\",\"@id\":\"https:\/\/blogdobispo.com.br\/#organization\",\"name\":\"Blog do Bispo\",\"url\":\"https:\/\/blogdobispo.com.br\/\",\"logo\":{\"@type\":\"ImageObject\",\"inLanguage\":\"pt-BR\",\"@id\":\"https:\/\/blogdobispo.com.br\/#\/schema\/logo\/image\/\",\"url\":\"http:\/\/blogdobispo.com.br\/wp-content\/uploads\/2023\/05\/cropped-headear.png\",\"contentUrl\":\"http:\/\/blogdobispo.com.br\/wp-content\/uploads\/2023\/05\/cropped-headear.png\",\"width\":1500,\"height\":399,\"caption\":\"Blog do Bispo\"},\"image\":{\"@id\":\"https:\/\/blogdobispo.com.br\/#\/schema\/logo\/image\/\"}},{\"@type\":\"Person\",\"@id\":\"https:\/\/blogdobispo.com.br\/#\/schema\/person\/e2209cc0e6cea5c5233d033e997b373f\",\"name\":\"Jefferson Sterfeno\",\"image\":{\"@type\":\"ImageObject\",\"inLanguage\":\"pt-BR\",\"@id\":\"https:\/\/blogdobispo.com.br\/#\/schema\/person\/image\/\",\"url\":\"https:\/\/secure.gravatar.com\/avatar\/0534e84764641168a677026b6d57a3f51dc7ac4db0b4f6186d9cb330d4ee1160?s=96&d=mm&r=g\",\"contentUrl\":\"https:\/\/secure.gravatar.com\/avatar\/0534e84764641168a677026b6d57a3f51dc7ac4db0b4f6186d9cb330d4ee1160?s=96&d=mm&r=g\",\"caption\":\"Jefferson Sterfeno\"},\"sameAs\":[\"http:\/\/blogdobispo.com.br\"],\"url\":\"https:\/\/blogdobispo.com.br\/?author=1\"}]}<\/script>\n<!-- \/ Yoast SEO plugin. -->","yoast_head_json":{"title":"Vereadores entregam T\u00edtulo de Cidad\u00e3o Parnamirinense a Ezequiel Ferreira - Blog do Bispo","robots":{"index":"index","follow":"follow","max-snippet":"max-snippet:-1","max-image-preview":"max-image-preview:large","max-video-preview":"max-video-preview:-1"},"canonical":"https:\/\/blogdobispo.com.br\/?p=5908","og_locale":"pt_BR","og_type":"article","og_title":"Vereadores entregam T\u00edtulo de Cidad\u00e3o Parnamirinense a Ezequiel Ferreira - Blog do Bispo","og_description":"Uma comitiva formada por vereadores de Parnamirim esteve na Assembleia Legislativa do Rio Grande do Norte, nesta quarta-feira (9), para entregar ao presidente da Casa, deputado Ezequiel Ferreira (PSDB), o T\u00edtulo de Cidad\u00e3o Parnamirinense, honraria concedida pela C\u00e2mara Municipal em reconhecimento aos relevantes servi\u00e7os prestados ao munic\u00edpio. \u201c\u00c9 com alegria e gratid\u00e3o que recebo esse [&hellip;]","og_url":"https:\/\/blogdobispo.com.br\/?p=5908","og_site_name":"Blog do Bispo","article_published_time":"2025-07-10T14:14:27+00:00","article_modified_time":"2025-07-10T14:14:29+00:00","og_image":[{"url":"http:\/\/blogdobispo.com.br\/wp-content\/uploads\/2025\/07\/e0nWHHp6bdgLRxZLC1GvdKDj3iqgxUeC4JTUoLpL.jpg","type":"","width":"","height":""}],"author":"Jefferson Sterfeno","twitter_card":"summary_large_image","twitter_misc":{"Escrito por":"Jefferson Sterfeno","Est. tempo de leitura":"2 minutos"},"schema":{"@context":"https:\/\/schema.org","@graph":[{"@type":"Article","@id":"https:\/\/blogdobispo.com.br\/?p=5908#article","isPartOf":{"@id":"https:\/\/blogdobispo.com.br\/?p=5908"},"author":{"name":"Jefferson Sterfeno","@id":"https:\/\/blogdobispo.com.br\/#\/schema\/person\/e2209cc0e6cea5c5233d033e997b373f"},"headline":"Vereadores entregam T\u00edtulo de Cidad\u00e3o Parnamirinense a Ezequiel Ferreira","datePublished":"2025-07-10T14:14:27+00:00","dateModified":"2025-07-10T14:14:29+00:00","mainEntityOfPage":{"@id":"https:\/\/blogdobispo.com.br\/?p=5908"},"wordCount":313,"commentCount":0,"publisher":{"@id":"https:\/\/blogdobispo.com.br\/#organization"},"image":{"@id":"https:\/\/blogdobispo.com.br\/?p=5908#primaryimage"},"thumbnailUrl":"http:\/\/blogdobispo.com.br\/wp-content\/uploads\/2025\/07\/e0nWHHp6bdgLRxZLC1GvdKDj3iqgxUeC4JTUoLpL.jpg","articleSection":["diversos"],"inLanguage":"pt-BR","potentialAction":[{"@type":"CommentAction","name":"Comment","target":["https:\/\/blogdobispo.com.br\/?p=5908#respond"]}]},{"@type":"WebPage","@id":"https:\/\/blogdobispo.com.br\/?p=5908","url":"https:\/\/blogdobispo.com.br\/?p=5908","name":"Vereadores entregam T\u00edtulo de Cidad\u00e3o Parnamirinense a Ezequiel Ferreira - Blog do Bispo","isPartOf":{"@id":"https:\/\/blogdobispo.com.br\/#website"},"primaryImageOfPage":{"@id":"https:\/\/blogdobispo.com.br\/?p=5908#primaryimage"},"image":{"@id":"https:\/\/blogdobispo.com.br\/?p=5908#primaryimage"},"thumbnailUrl":"http:\/\/blogdobispo.com.br\/wp-content\/uploads\/2025\/07\/e0nWHHp6bdgLRxZLC1GvdKDj3iqgxUeC4JTUoLpL.jpg","datePublished":"2025-07-10T14:14:27+00:00","dateModified":"2025-07-10T14:14:29+00:00","breadcrumb":{"@id":"https:\/\/blogdobispo.com.br\/?p=5908#breadcrumb"},"inLanguage":"pt-BR","potentialAction":[{"@type":"ReadAction","target":["https:\/\/blogdobispo.com.br\/?p=5908"]}]},{"@type":"ImageObject","inLanguage":"pt-BR","@id":"https:\/\/blogdobispo.com.br\/?p=5908#primaryimage","url":"http:\/\/blogdobispo.com.br\/wp-content\/uploads\/2025\/07\/e0nWHHp6bdgLRxZLC1GvdKDj3iqgxUeC4JTUoLpL.jpg","contentUrl":"http:\/\/blogdobispo.com.br\/wp-content\/uploads\/2025\/07\/e0nWHHp6bdgLRxZLC1GvdKDj3iqgxUeC4JTUoLpL.jpg"},{"@type":"BreadcrumbList","@id":"https:\/\/blogdobispo.com.br\/?p=5908#breadcrumb","itemListElement":[{"@type":"ListItem","position":1,"name":"In\u00edcio","item":"https:\/\/blogdobispo.com.br\/"},{"@type":"ListItem","position":2,"name":"Vereadores entregam T\u00edtulo de Cidad\u00e3o Parnamirinense a Ezequiel Ferreira"}]},{"@type":"WebSite","@id":"https:\/\/blogdobispo.com.br\/#website","url":"https:\/\/blogdobispo.com.br\/","name":"Blog do Bispo","description":"Comprometido apenas com o leitor","publisher":{"@id":"https:\/\/blogdobispo.com.br\/#organization"},"potentialAction":[{"@type":"SearchAction","target":{"@type":"EntryPoint","urlTemplate":"https:\/\/blogdobispo.com.br\/?s={search_term_string}"},"query-input":{"@type":"PropertyValueSpecification","valueRequired":true,"valueName":"search_term_string"}}],"inLanguage":"pt-BR"},{"@type":"Organization","@id":"https:\/\/blogdobispo.com.br\/#organization","name":"Blog do Bispo","url":"https:\/\/blogdobispo.com.br\/","logo":{"@type":"ImageObject","inLanguage":"pt-BR","@id":"https:\/\/blogdobispo.com.br\/#\/schema\/logo\/image\/","url":"http:\/\/blogdobispo.com.br\/wp-content\/uploads\/2023\/05\/cropped-headear.png","contentUrl":"http:\/\/blogdobispo.com.br\/wp-content\/uploads\/2023\/05\/cropped-headear.png","width":1500,"height":399,"caption":"Blog do Bispo"},"image":{"@id":"https:\/\/blogdobispo.com.br\/#\/schema\/logo\/image\/"}},{"@type":"Person","@id":"https:\/\/blogdobispo.com.br\/#\/schema\/person\/e2209cc0e6cea5c5233d033e997b373f","name":"Jefferson Sterfeno","image":{"@type":"ImageObject","inLanguage":"pt-BR","@id":"https:\/\/blogdobispo.com.br\/#\/schema\/person\/image\/","url":"https:\/\/secure.gravatar.com\/avatar\/0534e84764641168a677026b6d57a3f51dc7ac4db0b4f6186d9cb330d4ee1160?s=96&d=mm&r=g","contentUrl":"https:\/\/secure.gravatar.com\/avatar\/0534e84764641168a677026b6d57a3f51dc7ac4db0b4f6186d9cb330d4ee1160?s=96&d=mm&r=g","caption":"Jefferson Sterfeno"},"sameAs":["http:\/\/blogdobispo.com.br"],"url":"https:\/\/blogdobispo.com.br\/?author=1"}]}},"featured_image_urls":{"full":"","thumbnail":"","medium":"","medium_large":"","large":"","1536x1536":"","2048x2048":""},"author_info":{"display_name":"Jefferson Sterfeno","author_link":"https:\/\/blogdobispo.com.br\/?author=1"},"category_info":"<a href=\"https:\/\/blogdobispo.com.br\/?cat=1\" rel=\"category\">diversos<\/a>","tag_info":"diversos","comment_count":"0","jetpack_featured_media_url":"","jetpack_sharing_enabled":true,"_links":{"self":[{"href":"https:\/\/blogdobispo.com.br\/index.php?rest_route=\/wp\/v2\/posts\/5908","targetHints":{"allow":["GET"]}}],"collection":[{"href":"https:\/\/blogdobispo.com.br\/index.php?rest_route=\/wp\/v2\/posts"}],"about":[{"href":"https:\/\/blogdobispo.com.br\/index.php?rest_route=\/wp\/v2\/types\/post"}],"author":[{"embeddable":true,"href":"https:\/\/blogdobispo.com.br\/index.php?rest_route=\/wp\/v2\/users\/1"}],"replies":[{"embeddable":true,"href":"https:\/\/blogdobispo.com.br\/index.php?rest_route=%2Fwp%2Fv2%2Fcomments&post=5908"}],"version-history":[{"count":1,"href":"https:\/\/blogdobispo.com.br\/index.php?rest_route=\/wp\/v2\/posts\/5908\/revisions"}],"predecessor-version":[{"id":5910,"href":"https:\/\/blogdobispo.com.br\/index.php?rest_route=\/wp\/v2\/posts\/5908\/revisions\/5910"}],"wp:attachment":[{"href":"https:\/\/blogdobispo.com.br\/index.php?rest_route=%2Fwp%2Fv2%2Fmedia&parent=5908"}],"wp:term":[{"taxonomy":"category","embeddable":true,"href":"https:\/\/blogdobispo.com.br\/index.php?rest_route=%2Fwp%2Fv2%2Fcategories&post=5908"},{"taxonomy":"post_tag","embeddable":true,"href":"https:\/\/blogdobispo.com.br\/index.php?rest_route=%2Fwp%2Fv2%2Ftags&post=5908"}],"curies":[{"name":"wp","href":"https:\/\/api.w.org\/{rel}","templated":true}]}}