{"id":5905,"date":"2025-07-09T13:03:03","date_gmt":"2025-07-09T13:03:03","guid":{"rendered":"https:\/\/blogdobispo.com.br\/?p=5905"},"modified":"2025-07-09T13:03:04","modified_gmt":"2025-07-09T13:03:04","slug":"aniversario-solidario-de-luciano-nascimento-sera-o-maior-evento-social-da-zona-oeste-de-natal","status":"publish","type":"post","link":"https:\/\/blogdobispo.com.br\/?p=5905","title":{"rendered":"Anivers\u00e1rio Solid\u00e1rio de Luciano Nascimento ser\u00e1 o maior evento social da zona Oeste de Natal"},"content":{"rendered":"\n<p>O vereador Luciano Nascimento realizar\u00e1, no pr\u00f3ximo domingo , 13 de julho, a 7\u00aa edi\u00e7\u00e3o do Anivers\u00e1rio Solid\u00e1rio, considerado o maior evento social j\u00e1 realizado na hist\u00f3ria da zona Oeste de Natal. Com foco em a\u00e7\u00f5es de sa\u00fade, cidadania e lazer, o evento promete mobilizar milhares de pessoas da comunidade, oferecendo diversos servi\u00e7os gratuitos ao longo do dia.<\/p>\n\n\n\n<p>Durante toda a programa\u00e7\u00e3o diurna, os participantes ter\u00e3o acesso a atendimentos em \u00e1reas fundamentais como cl\u00ednico geral, psicologia, psiquiatria, enfermagem, fisioterapia, odontologia, al\u00e9m de assessoria jur\u00eddica, apoio do conselho tutelar, junta militar, manicure, cabeleireiro e barbeiro. Ser\u00e3o realizados mais de 50 exames de mamografia para mulheres acima dos 40 anos, al\u00e9m da distribui\u00e7\u00e3o de cestas b\u00e1sicas, brinquedos para crian\u00e7as, pipoca e picol\u00e9s, garantindo cuidado integral \u00e0s fam\u00edlias da regi\u00e3o.<\/p>\n\n\n\n<p>A iniciativa, fruto do compromisso social do vereador Luciano Nascimento, visa promover inclus\u00e3o e qualidade de vida, especialmente para as pessoas em situa\u00e7\u00e3o de vulnerabilidade. \u201c\u00c9 uma alegria enorme poder realizar mais uma edi\u00e7\u00e3o dessa a\u00e7\u00e3o que j\u00e1 se tornou tradi\u00e7\u00e3o e que leva tantos servi\u00e7os importantes para a nossa comunidade\u201d, destacou Luciano.<\/p>\n\n\n\n<p>\u00c0 noite, o evento segue com uma programa\u00e7\u00e3o cultural de peso, reunindo artistas locais e regionais como Kelvin Pablo, Flay, Litto Lins, Diego Barbosa, Chama Musical, Edivanilson Paix\u00e3o, Paulinho, Al\u00e9cio Farra e Marcos Paix\u00e3o, garantindo entretenimento e celebra\u00e7\u00e3o para toda a popula\u00e7\u00e3o presente. O Anivers\u00e1rio Solid\u00e1rio acontecer\u00e1 na Avenida Amintas Barros, no bairro Nazar\u00e9, reafirmando o compromisso do vereador com a zona Oeste de Natal.<\/p>\n\n\n\n<figure class=\"wp-block-image\"><img data-recalc-dims=\"1\" fetchpriority=\"high\" decoding=\"async\" width=\"800\" height=\"1000\" src=\"https:\/\/i0.wp.com\/blogdobispo.com.br\/wp-content\/uploads\/2025\/07\/686e57d591184.jpg?resize=800%2C1000\" alt=\"\" class=\"wp-image-5906\" srcset=\"https:\/\/i0.wp.com\/blogdobispo.com.br\/wp-content\/uploads\/2025\/07\/686e57d591184.jpg?w=1024&amp;ssl=1 1024w, https:\/\/i0.wp.com\/blogdobispo.com.br\/wp-content\/uploads\/2025\/07\/686e57d591184.jpg?resize=240%2C300&amp;ssl=1 240w, https:\/\/i0.wp.com\/blogdobispo.com.br\/wp-content\/uploads\/2025\/07\/686e57d591184.jpg?resize=819%2C1024&amp;ssl=1 819w, https:\/\/i0.wp.com\/blogdobispo.com.br\/wp-content\/uploads\/2025\/07\/686e57d591184.jpg?resize=768%2C960&amp;ssl=1 768w\" sizes=\"(max-width: 800px) 100vw, 800px\" \/><\/figure>\n","protected":false},"excerpt":{"rendered":"<p>O vereador Luciano Nascimento realizar\u00e1, no pr\u00f3ximo domingo , 13 de julho, a 7\u00aa edi\u00e7\u00e3o do Anivers\u00e1rio Solid\u00e1rio, considerado o maior evento social j\u00e1 realizado na hist\u00f3ria da zona Oeste de Natal. Com foco em a\u00e7\u00f5es de sa\u00fade, cidadania e lazer, o evento promete mobilizar milhares de pessoas da comunidade, oferecendo diversos servi\u00e7os gratuitos ao [&hellip;]<\/p>\n","protected":false},"author":1,"featured_media":0,"comment_status":"open","ping_status":"open","sticky":false,"template":"","format":"standard","meta":{"cybocfi_hide_featured_image":"","_jetpack_memberships_contains_paid_content":false,"footnotes":""},"categories":[1],"tags":[],"class_list":["post-5905","post","type-post","status-publish","format-standard","hentry","category-diversos"],"yoast_head":"<!-- This site is optimized with the Yoast SEO plugin v25.6 - https:\/\/yoast.com\/wordpress\/plugins\/seo\/ -->\n<title>Anivers\u00e1rio Solid\u00e1rio de Luciano Nascimento ser\u00e1 o maior evento social da zona Oeste de Natal - Blog do Bispo<\/title>\n<meta name=\"robots\" content=\"index, follow, max-snippet:-1, max-image-preview:large, max-video-preview:-1\" \/>\n<link rel=\"canonical\" href=\"https:\/\/blogdobispo.com.br\/?p=5905\" \/>\n<meta property=\"og:locale\" content=\"pt_BR\" \/>\n<meta property=\"og:type\" content=\"article\" \/>\n<meta property=\"og:title\" content=\"Anivers\u00e1rio Solid\u00e1rio de Luciano Nascimento ser\u00e1 o maior evento social da zona Oeste de Natal - Blog do Bispo\" \/>\n<meta property=\"og:description\" content=\"O vereador Luciano Nascimento realizar\u00e1, no pr\u00f3ximo domingo , 13 de julho, a 7\u00aa edi\u00e7\u00e3o do Anivers\u00e1rio Solid\u00e1rio, considerado o maior evento social j\u00e1 realizado na hist\u00f3ria da zona Oeste de Natal. Com foco em a\u00e7\u00f5es de sa\u00fade, cidadania e lazer, o evento promete mobilizar milhares de pessoas da comunidade, oferecendo diversos servi\u00e7os gratuitos ao [&hellip;]\" \/>\n<meta property=\"og:url\" content=\"https:\/\/blogdobispo.com.br\/?p=5905\" \/>\n<meta property=\"og:site_name\" content=\"Blog do Bispo\" \/>\n<meta property=\"article:published_time\" content=\"2025-07-09T13:03:03+00:00\" \/>\n<meta property=\"article:modified_time\" content=\"2025-07-09T13:03:04+00:00\" \/>\n<meta property=\"og:image\" content=\"http:\/\/blogdobispo.com.br\/wp-content\/uploads\/2025\/07\/686e57d591184.jpg\" \/>\n<meta name=\"author\" content=\"Jefferson Sterfeno\" \/>\n<meta name=\"twitter:card\" content=\"summary_large_image\" \/>\n<meta name=\"twitter:label1\" content=\"Escrito por\" \/>\n\t<meta name=\"twitter:data1\" content=\"Jefferson Sterfeno\" \/>\n\t<meta name=\"twitter:label2\" content=\"Est. tempo de leitura\" \/>\n\t<meta name=\"twitter:data2\" content=\"2 minutos\" \/>\n<script type=\"application\/ld+json\" class=\"yoast-schema-graph\">{\"@context\":\"https:\/\/schema.org\",\"@graph\":[{\"@type\":\"Article\",\"@id\":\"https:\/\/blogdobispo.com.br\/?p=5905#article\",\"isPartOf\":{\"@id\":\"https:\/\/blogdobispo.com.br\/?p=5905\"},\"author\":{\"name\":\"Jefferson Sterfeno\",\"@id\":\"https:\/\/blogdobispo.com.br\/#\/schema\/person\/e2209cc0e6cea5c5233d033e997b373f\"},\"headline\":\"Anivers\u00e1rio Solid\u00e1rio de Luciano Nascimento ser\u00e1 o maior evento social da zona Oeste de Natal\",\"datePublished\":\"2025-07-09T13:03:03+00:00\",\"dateModified\":\"2025-07-09T13:03:04+00:00\",\"mainEntityOfPage\":{\"@id\":\"https:\/\/blogdobispo.com.br\/?p=5905\"},\"wordCount\":290,\"commentCount\":0,\"publisher\":{\"@id\":\"https:\/\/blogdobispo.com.br\/#organization\"},\"image\":{\"@id\":\"https:\/\/blogdobispo.com.br\/?p=5905#primaryimage\"},\"thumbnailUrl\":\"http:\/\/blogdobispo.com.br\/wp-content\/uploads\/2025\/07\/686e57d591184.jpg\",\"articleSection\":[\"diversos\"],\"inLanguage\":\"pt-BR\",\"potentialAction\":[{\"@type\":\"CommentAction\",\"name\":\"Comment\",\"target\":[\"https:\/\/blogdobispo.com.br\/?p=5905#respond\"]}]},{\"@type\":\"WebPage\",\"@id\":\"https:\/\/blogdobispo.com.br\/?p=5905\",\"url\":\"https:\/\/blogdobispo.com.br\/?p=5905\",\"name\":\"Anivers\u00e1rio Solid\u00e1rio de Luciano Nascimento ser\u00e1 o maior evento social da zona Oeste de Natal - Blog do Bispo\",\"isPartOf\":{\"@id\":\"https:\/\/blogdobispo.com.br\/#website\"},\"primaryImageOfPage\":{\"@id\":\"https:\/\/blogdobispo.com.br\/?p=5905#primaryimage\"},\"image\":{\"@id\":\"https:\/\/blogdobispo.com.br\/?p=5905#primaryimage\"},\"thumbnailUrl\":\"http:\/\/blogdobispo.com.br\/wp-content\/uploads\/2025\/07\/686e57d591184.jpg\",\"datePublished\":\"2025-07-09T13:03:03+00:00\",\"dateModified\":\"2025-07-09T13:03:04+00:00\",\"breadcrumb\":{\"@id\":\"https:\/\/blogdobispo.com.br\/?p=5905#breadcrumb\"},\"inLanguage\":\"pt-BR\",\"potentialAction\":[{\"@type\":\"ReadAction\",\"target\":[\"https:\/\/blogdobispo.com.br\/?p=5905\"]}]},{\"@type\":\"ImageObject\",\"inLanguage\":\"pt-BR\",\"@id\":\"https:\/\/blogdobispo.com.br\/?p=5905#primaryimage\",\"url\":\"http:\/\/blogdobispo.com.br\/wp-content\/uploads\/2025\/07\/686e57d591184.jpg\",\"contentUrl\":\"http:\/\/blogdobispo.com.br\/wp-content\/uploads\/2025\/07\/686e57d591184.jpg\"},{\"@type\":\"BreadcrumbList\",\"@id\":\"https:\/\/blogdobispo.com.br\/?p=5905#breadcrumb\",\"itemListElement\":[{\"@type\":\"ListItem\",\"position\":1,\"name\":\"In\u00edcio\",\"item\":\"https:\/\/blogdobispo.com.br\/\"},{\"@type\":\"ListItem\",\"position\":2,\"name\":\"Anivers\u00e1rio Solid\u00e1rio de Luciano Nascimento ser\u00e1 o maior evento social da zona Oeste de Natal\"}]},{\"@type\":\"WebSite\",\"@id\":\"https:\/\/blogdobispo.com.br\/#website\",\"url\":\"https:\/\/blogdobispo.com.br\/\",\"name\":\"Blog do Bispo\",\"description\":\"Comprometido apenas com o leitor\",\"publisher\":{\"@id\":\"https:\/\/blogdobispo.com.br\/#organization\"},\"potentialAction\":[{\"@type\":\"SearchAction\",\"target\":{\"@type\":\"EntryPoint\",\"urlTemplate\":\"https:\/\/blogdobispo.com.br\/?s={search_term_string}\"},\"query-input\":{\"@type\":\"PropertyValueSpecification\",\"valueRequired\":true,\"valueName\":\"search_term_string\"}}],\"inLanguage\":\"pt-BR\"},{\"@type\":\"Organization\",\"@id\":\"https:\/\/blogdobispo.com.br\/#organization\",\"name\":\"Blog do Bispo\",\"url\":\"https:\/\/blogdobispo.com.br\/\",\"logo\":{\"@type\":\"ImageObject\",\"inLanguage\":\"pt-BR\",\"@id\":\"https:\/\/blogdobispo.com.br\/#\/schema\/logo\/image\/\",\"url\":\"http:\/\/blogdobispo.com.br\/wp-content\/uploads\/2023\/05\/cropped-headear.png\",\"contentUrl\":\"http:\/\/blogdobispo.com.br\/wp-content\/uploads\/2023\/05\/cropped-headear.png\",\"width\":1500,\"height\":399,\"caption\":\"Blog do Bispo\"},\"image\":{\"@id\":\"https:\/\/blogdobispo.com.br\/#\/schema\/logo\/image\/\"}},{\"@type\":\"Person\",\"@id\":\"https:\/\/blogdobispo.com.br\/#\/schema\/person\/e2209cc0e6cea5c5233d033e997b373f\",\"name\":\"Jefferson Sterfeno\",\"image\":{\"@type\":\"ImageObject\",\"inLanguage\":\"pt-BR\",\"@id\":\"https:\/\/blogdobispo.com.br\/#\/schema\/person\/image\/\",\"url\":\"https:\/\/secure.gravatar.com\/avatar\/0534e84764641168a677026b6d57a3f51dc7ac4db0b4f6186d9cb330d4ee1160?s=96&d=mm&r=g\",\"contentUrl\":\"https:\/\/secure.gravatar.com\/avatar\/0534e84764641168a677026b6d57a3f51dc7ac4db0b4f6186d9cb330d4ee1160?s=96&d=mm&r=g\",\"caption\":\"Jefferson Sterfeno\"},\"sameAs\":[\"http:\/\/blogdobispo.com.br\"],\"url\":\"https:\/\/blogdobispo.com.br\/?author=1\"}]}<\/script>\n<!-- \/ Yoast SEO plugin. -->","yoast_head_json":{"title":"Anivers\u00e1rio Solid\u00e1rio de Luciano Nascimento ser\u00e1 o maior evento social da zona Oeste de Natal - Blog do Bispo","robots":{"index":"index","follow":"follow","max-snippet":"max-snippet:-1","max-image-preview":"max-image-preview:large","max-video-preview":"max-video-preview:-1"},"canonical":"https:\/\/blogdobispo.com.br\/?p=5905","og_locale":"pt_BR","og_type":"article","og_title":"Anivers\u00e1rio Solid\u00e1rio de Luciano Nascimento ser\u00e1 o maior evento social da zona Oeste de Natal - Blog do Bispo","og_description":"O vereador Luciano Nascimento realizar\u00e1, no pr\u00f3ximo domingo , 13 de julho, a 7\u00aa edi\u00e7\u00e3o do Anivers\u00e1rio Solid\u00e1rio, considerado o maior evento social j\u00e1 realizado na hist\u00f3ria da zona Oeste de Natal. Com foco em a\u00e7\u00f5es de sa\u00fade, cidadania e lazer, o evento promete mobilizar milhares de pessoas da comunidade, oferecendo diversos servi\u00e7os gratuitos ao [&hellip;]","og_url":"https:\/\/blogdobispo.com.br\/?p=5905","og_site_name":"Blog do Bispo","article_published_time":"2025-07-09T13:03:03+00:00","article_modified_time":"2025-07-09T13:03:04+00:00","og_image":[{"url":"http:\/\/blogdobispo.com.br\/wp-content\/uploads\/2025\/07\/686e57d591184.jpg","type":"","width":"","height":""}],"author":"Jefferson Sterfeno","twitter_card":"summary_large_image","twitter_misc":{"Escrito por":"Jefferson Sterfeno","Est. tempo de leitura":"2 minutos"},"schema":{"@context":"https:\/\/schema.org","@graph":[{"@type":"Article","@id":"https:\/\/blogdobispo.com.br\/?p=5905#article","isPartOf":{"@id":"https:\/\/blogdobispo.com.br\/?p=5905"},"author":{"name":"Jefferson Sterfeno","@id":"https:\/\/blogdobispo.com.br\/#\/schema\/person\/e2209cc0e6cea5c5233d033e997b373f"},"headline":"Anivers\u00e1rio Solid\u00e1rio de Luciano Nascimento ser\u00e1 o maior evento social da zona Oeste de Natal","datePublished":"2025-07-09T13:03:03+00:00","dateModified":"2025-07-09T13:03:04+00:00","mainEntityOfPage":{"@id":"https:\/\/blogdobispo.com.br\/?p=5905"},"wordCount":290,"commentCount":0,"publisher":{"@id":"https:\/\/blogdobispo.com.br\/#organization"},"image":{"@id":"https:\/\/blogdobispo.com.br\/?p=5905#primaryimage"},"thumbnailUrl":"http:\/\/blogdobispo.com.br\/wp-content\/uploads\/2025\/07\/686e57d591184.jpg","articleSection":["diversos"],"inLanguage":"pt-BR","potentialAction":[{"@type":"CommentAction","name":"Comment","target":["https:\/\/blogdobispo.com.br\/?p=5905#respond"]}]},{"@type":"WebPage","@id":"https:\/\/blogdobispo.com.br\/?p=5905","url":"https:\/\/blogdobispo.com.br\/?p=5905","name":"Anivers\u00e1rio Solid\u00e1rio de Luciano Nascimento ser\u00e1 o maior evento social da zona Oeste de Natal - Blog do Bispo","isPartOf":{"@id":"https:\/\/blogdobispo.com.br\/#website"},"primaryImageOfPage":{"@id":"https:\/\/blogdobispo.com.br\/?p=5905#primaryimage"},"image":{"@id":"https:\/\/blogdobispo.com.br\/?p=5905#primaryimage"},"thumbnailUrl":"http:\/\/blogdobispo.com.br\/wp-content\/uploads\/2025\/07\/686e57d591184.jpg","datePublished":"2025-07-09T13:03:03+00:00","dateModified":"2025-07-09T13:03:04+00:00","breadcrumb":{"@id":"https:\/\/blogdobispo.com.br\/?p=5905#breadcrumb"},"inLanguage":"pt-BR","potentialAction":[{"@type":"ReadAction","target":["https:\/\/blogdobispo.com.br\/?p=5905"]}]},{"@type":"ImageObject","inLanguage":"pt-BR","@id":"https:\/\/blogdobispo.com.br\/?p=5905#primaryimage","url":"http:\/\/blogdobispo.com.br\/wp-content\/uploads\/2025\/07\/686e57d591184.jpg","contentUrl":"http:\/\/blogdobispo.com.br\/wp-content\/uploads\/2025\/07\/686e57d591184.jpg"},{"@type":"BreadcrumbList","@id":"https:\/\/blogdobispo.com.br\/?p=5905#breadcrumb","itemListElement":[{"@type":"ListItem","position":1,"name":"In\u00edcio","item":"https:\/\/blogdobispo.com.br\/"},{"@type":"ListItem","position":2,"name":"Anivers\u00e1rio Solid\u00e1rio de Luciano Nascimento ser\u00e1 o maior evento social da zona Oeste de Natal"}]},{"@type":"WebSite","@id":"https:\/\/blogdobispo.com.br\/#website","url":"https:\/\/blogdobispo.com.br\/","name":"Blog do Bispo","description":"Comprometido apenas com o leitor","publisher":{"@id":"https:\/\/blogdobispo.com.br\/#organization"},"potentialAction":[{"@type":"SearchAction","target":{"@type":"EntryPoint","urlTemplate":"https:\/\/blogdobispo.com.br\/?s={search_term_string}"},"query-input":{"@type":"PropertyValueSpecification","valueRequired":true,"valueName":"search_term_string"}}],"inLanguage":"pt-BR"},{"@type":"Organization","@id":"https:\/\/blogdobispo.com.br\/#organization","name":"Blog do Bispo","url":"https:\/\/blogdobispo.com.br\/","logo":{"@type":"ImageObject","inLanguage":"pt-BR","@id":"https:\/\/blogdobispo.com.br\/#\/schema\/logo\/image\/","url":"http:\/\/blogdobispo.com.br\/wp-content\/uploads\/2023\/05\/cropped-headear.png","contentUrl":"http:\/\/blogdobispo.com.br\/wp-content\/uploads\/2023\/05\/cropped-headear.png","width":1500,"height":399,"caption":"Blog do Bispo"},"image":{"@id":"https:\/\/blogdobispo.com.br\/#\/schema\/logo\/image\/"}},{"@type":"Person","@id":"https:\/\/blogdobispo.com.br\/#\/schema\/person\/e2209cc0e6cea5c5233d033e997b373f","name":"Jefferson Sterfeno","image":{"@type":"ImageObject","inLanguage":"pt-BR","@id":"https:\/\/blogdobispo.com.br\/#\/schema\/person\/image\/","url":"https:\/\/secure.gravatar.com\/avatar\/0534e84764641168a677026b6d57a3f51dc7ac4db0b4f6186d9cb330d4ee1160?s=96&d=mm&r=g","contentUrl":"https:\/\/secure.gravatar.com\/avatar\/0534e84764641168a677026b6d57a3f51dc7ac4db0b4f6186d9cb330d4ee1160?s=96&d=mm&r=g","caption":"Jefferson Sterfeno"},"sameAs":["http:\/\/blogdobispo.com.br"],"url":"https:\/\/blogdobispo.com.br\/?author=1"}]}},"featured_image_urls":{"full":"","thumbnail":"","medium":"","medium_large":"","large":"","1536x1536":"","2048x2048":""},"author_info":{"display_name":"Jefferson Sterfeno","author_link":"https:\/\/blogdobispo.com.br\/?author=1"},"category_info":"<a href=\"https:\/\/blogdobispo.com.br\/?cat=1\" rel=\"category\">diversos<\/a>","tag_info":"diversos","comment_count":"0","jetpack_featured_media_url":"","jetpack_sharing_enabled":true,"_links":{"self":[{"href":"https:\/\/blogdobispo.com.br\/index.php?rest_route=\/wp\/v2\/posts\/5905","targetHints":{"allow":["GET"]}}],"collection":[{"href":"https:\/\/blogdobispo.com.br\/index.php?rest_route=\/wp\/v2\/posts"}],"about":[{"href":"https:\/\/blogdobispo.com.br\/index.php?rest_route=\/wp\/v2\/types\/post"}],"author":[{"embeddable":true,"href":"https:\/\/blogdobispo.com.br\/index.php?rest_route=\/wp\/v2\/users\/1"}],"replies":[{"embeddable":true,"href":"https:\/\/blogdobispo.com.br\/index.php?rest_route=%2Fwp%2Fv2%2Fcomments&post=5905"}],"version-history":[{"count":1,"href":"https:\/\/blogdobispo.com.br\/index.php?rest_route=\/wp\/v2\/posts\/5905\/revisions"}],"predecessor-version":[{"id":5907,"href":"https:\/\/blogdobispo.com.br\/index.php?rest_route=\/wp\/v2\/posts\/5905\/revisions\/5907"}],"wp:attachment":[{"href":"https:\/\/blogdobispo.com.br\/index.php?rest_route=%2Fwp%2Fv2%2Fmedia&parent=5905"}],"wp:term":[{"taxonomy":"category","embeddable":true,"href":"https:\/\/blogdobispo.com.br\/index.php?rest_route=%2Fwp%2Fv2%2Fcategories&post=5905"},{"taxonomy":"post_tag","embeddable":true,"href":"https:\/\/blogdobispo.com.br\/index.php?rest_route=%2Fwp%2Fv2%2Ftags&post=5905"}],"curies":[{"name":"wp","href":"https:\/\/api.w.org\/{rel}","templated":true}]}}