{"id":5891,"date":"2025-07-08T23:46:09","date_gmt":"2025-07-08T23:46:09","guid":{"rendered":"https:\/\/blogdobispo.com.br\/?p=5891"},"modified":"2025-07-08T23:48:51","modified_gmt":"2025-07-08T23:48:51","slug":"mossoro-se-prepara-para-o-maior-festival-gospel-do-rn-sal-luz-2025-reune-grandes-nomes-da-musica-crista-na-estacao-das-artes","status":"publish","type":"post","link":"https:\/\/blogdobispo.com.br\/?p=5891","title":{"rendered":"Mossor\u00f3 se prepara para o maior festival gospel do RN: \u201cSal &amp; Luz 2025\u201d re\u00fane grandes nomes da m\u00fasica crist\u00e3 na Esta\u00e7\u00e3o das Artes"},"content":{"rendered":"\n<figure class=\"wp-block-image size-large\"><img data-recalc-dims=\"1\" fetchpriority=\"high\" decoding=\"async\" width=\"495\" height=\"619\" src=\"https:\/\/i0.wp.com\/blogdobispo.com.br\/wp-content\/uploads\/2025\/07\/img_5476-1.jpg?resize=495%2C619&#038;ssl=1\" alt=\"\" class=\"wp-image-5890\" srcset=\"https:\/\/i0.wp.com\/blogdobispo.com.br\/wp-content\/uploads\/2025\/07\/img_5476-1.jpg?w=495&amp;ssl=1 495w, https:\/\/i0.wp.com\/blogdobispo.com.br\/wp-content\/uploads\/2025\/07\/img_5476-1.jpg?resize=240%2C300&amp;ssl=1 240w\" sizes=\"(max-width: 495px) 100vw, 495px\" \/><\/figure>\n\n\n\n<p class=\"p1\"><\/p>\n\n\n\n<p class=\"p3\">A cidade de Mossor\u00f3 vai se transformar, entre os dias 19 e 26 de julho, em um verdadeiro palco de f\u00e9, m\u00fasica e adora\u00e7\u00e3o com a realiza\u00e7\u00e3o do \u201cMossor\u00f3 Sal &amp; Luz 2025\u201d, um dos maiores festivais gospel do Rio Grande do Norte.<\/p>\n\n\n\n<p class=\"p3\">Com entrada gratuita, o evento ser\u00e1 realizado na Esta\u00e7\u00e3o das Artes Elizeu Ventania, e contar\u00e1 com uma programa\u00e7\u00e3o intensa que reunir\u00e1 grandes nomes da m\u00fasica crist\u00e3 nacional. A a\u00e7\u00e3o \u00e9 promovida pela Prefeitura de Mossor\u00f3 e promete mobilizar milhares de pessoas de v\u00e1rias partes do estado e de outras regi\u00f5es do pa\u00eds.<\/p>\n\n\n\n<p class=\"p3\">Entre as atra\u00e7\u00f5es confirmadas est\u00e3o nomes de peso como Thalles Roberto, Eli Soares, Paulo C\u00e9sar Baruk, Cassiane, Bruna Karla, Midian Lima, Leandro Borges, Isadora Pompeo, Eyshila, Gabriel Guedes, Valesca Mayssa, Maria Mar\u00e7al, Isa\u00edas Saad, Novo Som, al\u00e9m de atra\u00e7\u00f5es locais como C\u00edcero Oliveira e a banda Sal &amp; Luz Music.<\/p>\n\n\n\n<p class=\"p3\">O evento tamb\u00e9m conta com um espa\u00e7o voltado para o p\u00fablico infantil com a presen\u00e7a do grupo 3 Palavrinhas, e traz apresenta\u00e7\u00f5es voltadas \u00e0 juventude, misturando diferentes estilos e gera\u00e7\u00f5es da m\u00fasica gospel em um mesmo festival.<\/p>\n\n\n\n<p class=\"p1\"><\/p>\n\n\n\n<p class=\"p1\"><\/p>\n\n\n\n<p class=\"p3\">A organiza\u00e7\u00e3o ressalta que toda a estrutura est\u00e1 sendo pensada para oferecer conforto e seguran\u00e7a ao p\u00fablico. A expectativa \u00e9 que o festival fortale\u00e7a o calend\u00e1rio de eventos culturais e religiosos de Mossor\u00f3, consolidando a cidade como um polo de grandes celebra\u00e7\u00f5es crist\u00e3s.<\/p>\n\n\n\n<p class=\"p3\">Para acompanhar detalhes e poss\u00edveis atualiza\u00e7\u00f5es na programa\u00e7\u00e3o, o p\u00fablico pode seguir o perfil oficial do evento no Instagram: <a href=\"https:\/\/instagram.com\/mossorosaleluz\">@mossorosaleluz<\/a>.<\/p>\n","protected":false},"excerpt":{"rendered":"<p>A cidade de Mossor\u00f3 vai se transformar, entre os dias 19 e 26 de julho, em um verdadeiro palco de f\u00e9, m\u00fasica e adora\u00e7\u00e3o com a realiza\u00e7\u00e3o do \u201cMossor\u00f3 Sal &amp; Luz 2025\u201d, um dos maiores festivais gospel do Rio Grande do Norte. Com entrada gratuita, o evento ser\u00e1 realizado na Esta\u00e7\u00e3o das Artes Elizeu [&hellip;]<\/p>\n","protected":false},"author":1,"featured_media":0,"comment_status":"open","ping_status":"open","sticky":false,"template":"","format":"standard","meta":{"cybocfi_hide_featured_image":"","_jetpack_memberships_contains_paid_content":false,"footnotes":""},"categories":[1],"tags":[],"class_list":["post-5891","post","type-post","status-publish","format-standard","hentry","category-diversos"],"yoast_head":"<!-- This site is optimized with the Yoast SEO plugin v25.6 - https:\/\/yoast.com\/wordpress\/plugins\/seo\/ -->\n<title>Mossor\u00f3 se prepara para o maior festival gospel do RN: \u201cSal &amp; Luz 2025\u201d re\u00fane grandes nomes da m\u00fasica crist\u00e3 na Esta\u00e7\u00e3o das Artes - Blog do Bispo<\/title>\n<meta name=\"robots\" content=\"index, follow, max-snippet:-1, max-image-preview:large, max-video-preview:-1\" \/>\n<link rel=\"canonical\" href=\"https:\/\/blogdobispo.com.br\/?p=5891\" \/>\n<meta property=\"og:locale\" content=\"pt_BR\" \/>\n<meta property=\"og:type\" content=\"article\" \/>\n<meta property=\"og:title\" content=\"Mossor\u00f3 se prepara para o maior festival gospel do RN: \u201cSal &amp; Luz 2025\u201d re\u00fane grandes nomes da m\u00fasica crist\u00e3 na Esta\u00e7\u00e3o das Artes - Blog do Bispo\" \/>\n<meta property=\"og:description\" content=\"A cidade de Mossor\u00f3 vai se transformar, entre os dias 19 e 26 de julho, em um verdadeiro palco de f\u00e9, m\u00fasica e adora\u00e7\u00e3o com a realiza\u00e7\u00e3o do \u201cMossor\u00f3 Sal &amp; Luz 2025\u201d, um dos maiores festivais gospel do Rio Grande do Norte. Com entrada gratuita, o evento ser\u00e1 realizado na Esta\u00e7\u00e3o das Artes Elizeu [&hellip;]\" \/>\n<meta property=\"og:url\" content=\"https:\/\/blogdobispo.com.br\/?p=5891\" \/>\n<meta property=\"og:site_name\" content=\"Blog do Bispo\" \/>\n<meta property=\"article:published_time\" content=\"2025-07-08T23:46:09+00:00\" \/>\n<meta property=\"article:modified_time\" content=\"2025-07-08T23:48:51+00:00\" \/>\n<meta property=\"og:image\" content=\"https:\/\/blogdobispo.com.br\/wp-content\/uploads\/2025\/07\/img_5476-1.jpg\" \/>\n<meta name=\"author\" content=\"Jefferson Sterfeno\" \/>\n<meta name=\"twitter:card\" content=\"summary_large_image\" \/>\n<meta name=\"twitter:label1\" content=\"Escrito por\" \/>\n\t<meta name=\"twitter:data1\" content=\"Jefferson Sterfeno\" \/>\n\t<meta name=\"twitter:label2\" content=\"Est. tempo de leitura\" \/>\n\t<meta name=\"twitter:data2\" content=\"1 minuto\" \/>\n<script type=\"application\/ld+json\" class=\"yoast-schema-graph\">{\"@context\":\"https:\/\/schema.org\",\"@graph\":[{\"@type\":\"Article\",\"@id\":\"https:\/\/blogdobispo.com.br\/?p=5891#article\",\"isPartOf\":{\"@id\":\"https:\/\/blogdobispo.com.br\/?p=5891\"},\"author\":{\"name\":\"Jefferson Sterfeno\",\"@id\":\"https:\/\/blogdobispo.com.br\/#\/schema\/person\/e2209cc0e6cea5c5233d033e997b373f\"},\"headline\":\"Mossor\u00f3 se prepara para o maior festival gospel do RN: \u201cSal &amp; Luz 2025\u201d re\u00fane grandes nomes da m\u00fasica crist\u00e3 na Esta\u00e7\u00e3o das Artes\",\"datePublished\":\"2025-07-08T23:46:09+00:00\",\"dateModified\":\"2025-07-08T23:48:51+00:00\",\"mainEntityOfPage\":{\"@id\":\"https:\/\/blogdobispo.com.br\/?p=5891\"},\"wordCount\":300,\"commentCount\":0,\"publisher\":{\"@id\":\"https:\/\/blogdobispo.com.br\/#organization\"},\"image\":{\"@id\":\"https:\/\/blogdobispo.com.br\/?p=5891#primaryimage\"},\"thumbnailUrl\":\"https:\/\/blogdobispo.com.br\/wp-content\/uploads\/2025\/07\/img_5476-1.jpg\",\"articleSection\":[\"diversos\"],\"inLanguage\":\"pt-BR\",\"potentialAction\":[{\"@type\":\"CommentAction\",\"name\":\"Comment\",\"target\":[\"https:\/\/blogdobispo.com.br\/?p=5891#respond\"]}]},{\"@type\":\"WebPage\",\"@id\":\"https:\/\/blogdobispo.com.br\/?p=5891\",\"url\":\"https:\/\/blogdobispo.com.br\/?p=5891\",\"name\":\"Mossor\u00f3 se prepara para o maior festival gospel do RN: \u201cSal &amp; Luz 2025\u201d re\u00fane grandes nomes da m\u00fasica crist\u00e3 na Esta\u00e7\u00e3o das Artes - Blog do Bispo\",\"isPartOf\":{\"@id\":\"https:\/\/blogdobispo.com.br\/#website\"},\"primaryImageOfPage\":{\"@id\":\"https:\/\/blogdobispo.com.br\/?p=5891#primaryimage\"},\"image\":{\"@id\":\"https:\/\/blogdobispo.com.br\/?p=5891#primaryimage\"},\"thumbnailUrl\":\"https:\/\/blogdobispo.com.br\/wp-content\/uploads\/2025\/07\/img_5476-1.jpg\",\"datePublished\":\"2025-07-08T23:46:09+00:00\",\"dateModified\":\"2025-07-08T23:48:51+00:00\",\"breadcrumb\":{\"@id\":\"https:\/\/blogdobispo.com.br\/?p=5891#breadcrumb\"},\"inLanguage\":\"pt-BR\",\"potentialAction\":[{\"@type\":\"ReadAction\",\"target\":[\"https:\/\/blogdobispo.com.br\/?p=5891\"]}]},{\"@type\":\"ImageObject\",\"inLanguage\":\"pt-BR\",\"@id\":\"https:\/\/blogdobispo.com.br\/?p=5891#primaryimage\",\"url\":\"https:\/\/blogdobispo.com.br\/wp-content\/uploads\/2025\/07\/img_5476-1.jpg\",\"contentUrl\":\"https:\/\/blogdobispo.com.br\/wp-content\/uploads\/2025\/07\/img_5476-1.jpg\"},{\"@type\":\"BreadcrumbList\",\"@id\":\"https:\/\/blogdobispo.com.br\/?p=5891#breadcrumb\",\"itemListElement\":[{\"@type\":\"ListItem\",\"position\":1,\"name\":\"In\u00edcio\",\"item\":\"https:\/\/blogdobispo.com.br\/\"},{\"@type\":\"ListItem\",\"position\":2,\"name\":\"Mossor\u00f3 se prepara para o maior festival gospel do RN: \u201cSal &amp; Luz 2025\u201d re\u00fane grandes nomes da m\u00fasica crist\u00e3 na Esta\u00e7\u00e3o das Artes\"}]},{\"@type\":\"WebSite\",\"@id\":\"https:\/\/blogdobispo.com.br\/#website\",\"url\":\"https:\/\/blogdobispo.com.br\/\",\"name\":\"Blog do Bispo\",\"description\":\"Comprometido apenas com o leitor\",\"publisher\":{\"@id\":\"https:\/\/blogdobispo.com.br\/#organization\"},\"potentialAction\":[{\"@type\":\"SearchAction\",\"target\":{\"@type\":\"EntryPoint\",\"urlTemplate\":\"https:\/\/blogdobispo.com.br\/?s={search_term_string}\"},\"query-input\":{\"@type\":\"PropertyValueSpecification\",\"valueRequired\":true,\"valueName\":\"search_term_string\"}}],\"inLanguage\":\"pt-BR\"},{\"@type\":\"Organization\",\"@id\":\"https:\/\/blogdobispo.com.br\/#organization\",\"name\":\"Blog do Bispo\",\"url\":\"https:\/\/blogdobispo.com.br\/\",\"logo\":{\"@type\":\"ImageObject\",\"inLanguage\":\"pt-BR\",\"@id\":\"https:\/\/blogdobispo.com.br\/#\/schema\/logo\/image\/\",\"url\":\"http:\/\/blogdobispo.com.br\/wp-content\/uploads\/2023\/05\/cropped-headear.png\",\"contentUrl\":\"http:\/\/blogdobispo.com.br\/wp-content\/uploads\/2023\/05\/cropped-headear.png\",\"width\":1500,\"height\":399,\"caption\":\"Blog do Bispo\"},\"image\":{\"@id\":\"https:\/\/blogdobispo.com.br\/#\/schema\/logo\/image\/\"}},{\"@type\":\"Person\",\"@id\":\"https:\/\/blogdobispo.com.br\/#\/schema\/person\/e2209cc0e6cea5c5233d033e997b373f\",\"name\":\"Jefferson Sterfeno\",\"image\":{\"@type\":\"ImageObject\",\"inLanguage\":\"pt-BR\",\"@id\":\"https:\/\/blogdobispo.com.br\/#\/schema\/person\/image\/\",\"url\":\"https:\/\/secure.gravatar.com\/avatar\/0534e84764641168a677026b6d57a3f51dc7ac4db0b4f6186d9cb330d4ee1160?s=96&d=mm&r=g\",\"contentUrl\":\"https:\/\/secure.gravatar.com\/avatar\/0534e84764641168a677026b6d57a3f51dc7ac4db0b4f6186d9cb330d4ee1160?s=96&d=mm&r=g\",\"caption\":\"Jefferson Sterfeno\"},\"sameAs\":[\"http:\/\/blogdobispo.com.br\"],\"url\":\"https:\/\/blogdobispo.com.br\/?author=1\"}]}<\/script>\n<!-- \/ Yoast SEO plugin. -->","yoast_head_json":{"title":"Mossor\u00f3 se prepara para o maior festival gospel do RN: \u201cSal &amp; Luz 2025\u201d re\u00fane grandes nomes da m\u00fasica crist\u00e3 na Esta\u00e7\u00e3o das Artes - Blog do Bispo","robots":{"index":"index","follow":"follow","max-snippet":"max-snippet:-1","max-image-preview":"max-image-preview:large","max-video-preview":"max-video-preview:-1"},"canonical":"https:\/\/blogdobispo.com.br\/?p=5891","og_locale":"pt_BR","og_type":"article","og_title":"Mossor\u00f3 se prepara para o maior festival gospel do RN: \u201cSal &amp; Luz 2025\u201d re\u00fane grandes nomes da m\u00fasica crist\u00e3 na Esta\u00e7\u00e3o das Artes - Blog do Bispo","og_description":"A cidade de Mossor\u00f3 vai se transformar, entre os dias 19 e 26 de julho, em um verdadeiro palco de f\u00e9, m\u00fasica e adora\u00e7\u00e3o com a realiza\u00e7\u00e3o do \u201cMossor\u00f3 Sal &amp; Luz 2025\u201d, um dos maiores festivais gospel do Rio Grande do Norte. Com entrada gratuita, o evento ser\u00e1 realizado na Esta\u00e7\u00e3o das Artes Elizeu [&hellip;]","og_url":"https:\/\/blogdobispo.com.br\/?p=5891","og_site_name":"Blog do Bispo","article_published_time":"2025-07-08T23:46:09+00:00","article_modified_time":"2025-07-08T23:48:51+00:00","og_image":[{"url":"https:\/\/blogdobispo.com.br\/wp-content\/uploads\/2025\/07\/img_5476-1.jpg","type":"","width":"","height":""}],"author":"Jefferson Sterfeno","twitter_card":"summary_large_image","twitter_misc":{"Escrito por":"Jefferson Sterfeno","Est. tempo de leitura":"1 minuto"},"schema":{"@context":"https:\/\/schema.org","@graph":[{"@type":"Article","@id":"https:\/\/blogdobispo.com.br\/?p=5891#article","isPartOf":{"@id":"https:\/\/blogdobispo.com.br\/?p=5891"},"author":{"name":"Jefferson Sterfeno","@id":"https:\/\/blogdobispo.com.br\/#\/schema\/person\/e2209cc0e6cea5c5233d033e997b373f"},"headline":"Mossor\u00f3 se prepara para o maior festival gospel do RN: \u201cSal &amp; Luz 2025\u201d re\u00fane grandes nomes da m\u00fasica crist\u00e3 na Esta\u00e7\u00e3o das Artes","datePublished":"2025-07-08T23:46:09+00:00","dateModified":"2025-07-08T23:48:51+00:00","mainEntityOfPage":{"@id":"https:\/\/blogdobispo.com.br\/?p=5891"},"wordCount":300,"commentCount":0,"publisher":{"@id":"https:\/\/blogdobispo.com.br\/#organization"},"image":{"@id":"https:\/\/blogdobispo.com.br\/?p=5891#primaryimage"},"thumbnailUrl":"https:\/\/blogdobispo.com.br\/wp-content\/uploads\/2025\/07\/img_5476-1.jpg","articleSection":["diversos"],"inLanguage":"pt-BR","potentialAction":[{"@type":"CommentAction","name":"Comment","target":["https:\/\/blogdobispo.com.br\/?p=5891#respond"]}]},{"@type":"WebPage","@id":"https:\/\/blogdobispo.com.br\/?p=5891","url":"https:\/\/blogdobispo.com.br\/?p=5891","name":"Mossor\u00f3 se prepara para o maior festival gospel do RN: \u201cSal &amp; Luz 2025\u201d re\u00fane grandes nomes da m\u00fasica crist\u00e3 na Esta\u00e7\u00e3o das Artes - Blog do Bispo","isPartOf":{"@id":"https:\/\/blogdobispo.com.br\/#website"},"primaryImageOfPage":{"@id":"https:\/\/blogdobispo.com.br\/?p=5891#primaryimage"},"image":{"@id":"https:\/\/blogdobispo.com.br\/?p=5891#primaryimage"},"thumbnailUrl":"https:\/\/blogdobispo.com.br\/wp-content\/uploads\/2025\/07\/img_5476-1.jpg","datePublished":"2025-07-08T23:46:09+00:00","dateModified":"2025-07-08T23:48:51+00:00","breadcrumb":{"@id":"https:\/\/blogdobispo.com.br\/?p=5891#breadcrumb"},"inLanguage":"pt-BR","potentialAction":[{"@type":"ReadAction","target":["https:\/\/blogdobispo.com.br\/?p=5891"]}]},{"@type":"ImageObject","inLanguage":"pt-BR","@id":"https:\/\/blogdobispo.com.br\/?p=5891#primaryimage","url":"https:\/\/blogdobispo.com.br\/wp-content\/uploads\/2025\/07\/img_5476-1.jpg","contentUrl":"https:\/\/blogdobispo.com.br\/wp-content\/uploads\/2025\/07\/img_5476-1.jpg"},{"@type":"BreadcrumbList","@id":"https:\/\/blogdobispo.com.br\/?p=5891#breadcrumb","itemListElement":[{"@type":"ListItem","position":1,"name":"In\u00edcio","item":"https:\/\/blogdobispo.com.br\/"},{"@type":"ListItem","position":2,"name":"Mossor\u00f3 se prepara para o maior festival gospel do RN: \u201cSal &amp; Luz 2025\u201d re\u00fane grandes nomes da m\u00fasica crist\u00e3 na Esta\u00e7\u00e3o das Artes"}]},{"@type":"WebSite","@id":"https:\/\/blogdobispo.com.br\/#website","url":"https:\/\/blogdobispo.com.br\/","name":"Blog do Bispo","description":"Comprometido apenas com o leitor","publisher":{"@id":"https:\/\/blogdobispo.com.br\/#organization"},"potentialAction":[{"@type":"SearchAction","target":{"@type":"EntryPoint","urlTemplate":"https:\/\/blogdobispo.com.br\/?s={search_term_string}"},"query-input":{"@type":"PropertyValueSpecification","valueRequired":true,"valueName":"search_term_string"}}],"inLanguage":"pt-BR"},{"@type":"Organization","@id":"https:\/\/blogdobispo.com.br\/#organization","name":"Blog do Bispo","url":"https:\/\/blogdobispo.com.br\/","logo":{"@type":"ImageObject","inLanguage":"pt-BR","@id":"https:\/\/blogdobispo.com.br\/#\/schema\/logo\/image\/","url":"http:\/\/blogdobispo.com.br\/wp-content\/uploads\/2023\/05\/cropped-headear.png","contentUrl":"http:\/\/blogdobispo.com.br\/wp-content\/uploads\/2023\/05\/cropped-headear.png","width":1500,"height":399,"caption":"Blog do Bispo"},"image":{"@id":"https:\/\/blogdobispo.com.br\/#\/schema\/logo\/image\/"}},{"@type":"Person","@id":"https:\/\/blogdobispo.com.br\/#\/schema\/person\/e2209cc0e6cea5c5233d033e997b373f","name":"Jefferson Sterfeno","image":{"@type":"ImageObject","inLanguage":"pt-BR","@id":"https:\/\/blogdobispo.com.br\/#\/schema\/person\/image\/","url":"https:\/\/secure.gravatar.com\/avatar\/0534e84764641168a677026b6d57a3f51dc7ac4db0b4f6186d9cb330d4ee1160?s=96&d=mm&r=g","contentUrl":"https:\/\/secure.gravatar.com\/avatar\/0534e84764641168a677026b6d57a3f51dc7ac4db0b4f6186d9cb330d4ee1160?s=96&d=mm&r=g","caption":"Jefferson Sterfeno"},"sameAs":["http:\/\/blogdobispo.com.br"],"url":"https:\/\/blogdobispo.com.br\/?author=1"}]}},"featured_image_urls":{"full":"","thumbnail":"","medium":"","medium_large":"","large":"","1536x1536":"","2048x2048":""},"author_info":{"display_name":"Jefferson Sterfeno","author_link":"https:\/\/blogdobispo.com.br\/?author=1"},"category_info":"<a href=\"https:\/\/blogdobispo.com.br\/?cat=1\" rel=\"category\">diversos<\/a>","tag_info":"diversos","comment_count":"0","jetpack_featured_media_url":"","jetpack_sharing_enabled":true,"_links":{"self":[{"href":"https:\/\/blogdobispo.com.br\/index.php?rest_route=\/wp\/v2\/posts\/5891","targetHints":{"allow":["GET"]}}],"collection":[{"href":"https:\/\/blogdobispo.com.br\/index.php?rest_route=\/wp\/v2\/posts"}],"about":[{"href":"https:\/\/blogdobispo.com.br\/index.php?rest_route=\/wp\/v2\/types\/post"}],"author":[{"embeddable":true,"href":"https:\/\/blogdobispo.com.br\/index.php?rest_route=\/wp\/v2\/users\/1"}],"replies":[{"embeddable":true,"href":"https:\/\/blogdobispo.com.br\/index.php?rest_route=%2Fwp%2Fv2%2Fcomments&post=5891"}],"version-history":[{"count":2,"href":"https:\/\/blogdobispo.com.br\/index.php?rest_route=\/wp\/v2\/posts\/5891\/revisions"}],"predecessor-version":[{"id":5893,"href":"https:\/\/blogdobispo.com.br\/index.php?rest_route=\/wp\/v2\/posts\/5891\/revisions\/5893"}],"wp:attachment":[{"href":"https:\/\/blogdobispo.com.br\/index.php?rest_route=%2Fwp%2Fv2%2Fmedia&parent=5891"}],"wp:term":[{"taxonomy":"category","embeddable":true,"href":"https:\/\/blogdobispo.com.br\/index.php?rest_route=%2Fwp%2Fv2%2Fcategories&post=5891"},{"taxonomy":"post_tag","embeddable":true,"href":"https:\/\/blogdobispo.com.br\/index.php?rest_route=%2Fwp%2Fv2%2Ftags&post=5891"}],"curies":[{"name":"wp","href":"https:\/\/api.w.org\/{rel}","templated":true}]}}