{"id":5882,"date":"2025-07-07T22:24:51","date_gmt":"2025-07-07T22:24:51","guid":{"rendered":"https:\/\/blogdobispo.com.br\/?p=5882"},"modified":"2025-07-07T22:24:51","modified_gmt":"2025-07-07T22:24:51","slug":"eriko-jacome-trabalha-pre-candidatura-a-camara-federal-mas-reforca-que-a-decisao-final-esta-nas-maos-de-paulinho-freire","status":"publish","type":"post","link":"https:\/\/blogdobispo.com.br\/?p=5882","title":{"rendered":"Eriko J\u00e1come trabalha pr\u00e9-candidatura \u00e0 C\u00e2mara Federal, mas refor\u00e7a que a decis\u00e3o final est\u00e1 nas m\u00e3os de Paulinho Freire"},"content":{"rendered":"\n<figure class=\"wp-block-image size-large\"><img data-recalc-dims=\"1\" fetchpriority=\"high\" decoding=\"async\" width=\"800\" height=\"534\" src=\"https:\/\/i0.wp.com\/blogdobispo.com.br\/wp-content\/uploads\/2025\/07\/33f55569-5607-475d-a2c8-487430839f01-1-1024x683.jpg?resize=800%2C534&#038;ssl=1\" class=\"wp-image-5881\" srcset=\"https:\/\/i0.wp.com\/blogdobispo.com.br\/wp-content\/uploads\/2025\/07\/33f55569-5607-475d-a2c8-487430839f01-1.jpg?resize=1024%2C683&amp;ssl=1 1024w, https:\/\/i0.wp.com\/blogdobispo.com.br\/wp-content\/uploads\/2025\/07\/33f55569-5607-475d-a2c8-487430839f01-1.jpg?resize=300%2C200&amp;ssl=1 300w, https:\/\/i0.wp.com\/blogdobispo.com.br\/wp-content\/uploads\/2025\/07\/33f55569-5607-475d-a2c8-487430839f01-1.jpg?resize=768%2C512&amp;ssl=1 768w, https:\/\/i0.wp.com\/blogdobispo.com.br\/wp-content\/uploads\/2025\/07\/33f55569-5607-475d-a2c8-487430839f01-1.jpg?resize=1536%2C1024&amp;ssl=1 1536w, https:\/\/i0.wp.com\/blogdobispo.com.br\/wp-content\/uploads\/2025\/07\/33f55569-5607-475d-a2c8-487430839f01-1.jpg?w=1600&amp;ssl=1 1600w\" sizes=\"(max-width: 800px) 100vw, 800px\" \/><\/figure>\n\n\n\n<p><\/p>\n\n\n\n<p>Em entrevista concedida na tarde desta segunda-feira (7), o presidente da C\u00e2mara Municipal de Natal, Eriko J\u00e1come, confirmou que est\u00e1 trabalhando seu nome como pr\u00e9-candidato a deputado federal nas elei\u00e7\u00f5es de 2026. No entanto, destacou que sua pr\u00e9-candidatura est\u00e1 alinhada ao grupo pol\u00edtico liderado pelo prefeito Paulinho Freire, e que a decis\u00e3o final sobre o nome que representar\u00e1 o grupo na disputa federal caber\u00e1 a ele.<br \/>Ao ser questionado sobre as declara\u00e7\u00f5es recentes da secret\u00e1ria de Assist\u00eancia Social, Nina Souza, que tamb\u00e9m manifestou interesse em concorrer \u00e0 C\u00e2mara Federal, Eriko respondeu com serenidade que o grupo est\u00e1 alinhado. \u201cN\u00e3o tenho nenhum problema com Nina. Somos do mesmo grupo, e cada um est\u00e1 construindo seu espa\u00e7o com respeito. Tenho certeza de que em 2026 o grupo vai decidir, de forma democr\u00e1tica e unida, o nome mais preparado para representar o Rio Grande do Norte em Bras\u00edlia&#8221;, disse.<\/p>\n\n\n\n<p>Eriko tamb\u00e9m refor\u00e7ou sua confian\u00e7a e amizade com o prefeito Paulinho Freire.<br>\u201cTenho uma admira\u00e7\u00e3o enorme por Paulinho. Ele \u00e9 um grande amigo, uma lideran\u00e7a experiente, com profundo conhecimento pol\u00edtico. Sei que ele saber\u00e1 conduzir essa escolha com sabedoria, pensando sempre no melhor para o grupo e para o nosso estado. Tenho plena confian\u00e7a de que a chapa ser\u00e1 bem definida e fortalecer\u00e1 ainda mais nosso projeto coletivo&#8221;, concluiu<\/p>\n","protected":false},"excerpt":{"rendered":"<p>Em entrevista concedida na tarde desta segunda-feira (7), o presidente da C\u00e2mara Municipal de Natal, Eriko J\u00e1come, confirmou que est\u00e1 trabalhando seu nome como pr\u00e9-candidato a deputado federal nas elei\u00e7\u00f5es de 2026. No entanto, destacou que sua pr\u00e9-candidatura est\u00e1 alinhada ao grupo pol\u00edtico liderado pelo prefeito Paulinho Freire, e que a decis\u00e3o final sobre o [&hellip;]<\/p>\n","protected":false},"author":1,"featured_media":0,"comment_status":"open","ping_status":"open","sticky":false,"template":"","format":"standard","meta":{"cybocfi_hide_featured_image":"","_jetpack_memberships_contains_paid_content":false,"footnotes":""},"categories":[1],"tags":[],"class_list":["post-5882","post","type-post","status-publish","format-standard","hentry","category-diversos"],"yoast_head":"<!-- This site is optimized with the Yoast SEO plugin v25.6 - https:\/\/yoast.com\/wordpress\/plugins\/seo\/ -->\n<title>Eriko J\u00e1come trabalha pr\u00e9-candidatura \u00e0 C\u00e2mara Federal, mas refor\u00e7a que a decis\u00e3o final est\u00e1 nas m\u00e3os de Paulinho Freire - Blog do Bispo<\/title>\n<meta name=\"robots\" content=\"index, follow, max-snippet:-1, max-image-preview:large, max-video-preview:-1\" \/>\n<link rel=\"canonical\" href=\"https:\/\/blogdobispo.com.br\/?p=5882\" \/>\n<meta property=\"og:locale\" content=\"pt_BR\" \/>\n<meta property=\"og:type\" content=\"article\" \/>\n<meta property=\"og:title\" content=\"Eriko J\u00e1come trabalha pr\u00e9-candidatura \u00e0 C\u00e2mara Federal, mas refor\u00e7a que a decis\u00e3o final est\u00e1 nas m\u00e3os de Paulinho Freire - Blog do Bispo\" \/>\n<meta property=\"og:description\" content=\"Em entrevista concedida na tarde desta segunda-feira (7), o presidente da C\u00e2mara Municipal de Natal, Eriko J\u00e1come, confirmou que est\u00e1 trabalhando seu nome como pr\u00e9-candidato a deputado federal nas elei\u00e7\u00f5es de 2026. No entanto, destacou que sua pr\u00e9-candidatura est\u00e1 alinhada ao grupo pol\u00edtico liderado pelo prefeito Paulinho Freire, e que a decis\u00e3o final sobre o [&hellip;]\" \/>\n<meta property=\"og:url\" content=\"https:\/\/blogdobispo.com.br\/?p=5882\" \/>\n<meta property=\"og:site_name\" content=\"Blog do Bispo\" \/>\n<meta property=\"article:published_time\" content=\"2025-07-07T22:24:51+00:00\" \/>\n<meta property=\"og:image\" content=\"https:\/\/blogdobispo.com.br\/wp-content\/uploads\/2025\/07\/33f55569-5607-475d-a2c8-487430839f01-1-1024x683.jpg\" \/>\n<meta name=\"author\" content=\"Jefferson Sterfeno\" \/>\n<meta name=\"twitter:card\" content=\"summary_large_image\" \/>\n<meta name=\"twitter:label1\" content=\"Escrito por\" \/>\n\t<meta name=\"twitter:data1\" content=\"Jefferson Sterfeno\" \/>\n\t<meta name=\"twitter:label2\" content=\"Est. tempo de leitura\" \/>\n\t<meta name=\"twitter:data2\" content=\"1 minuto\" \/>\n<script type=\"application\/ld+json\" class=\"yoast-schema-graph\">{\"@context\":\"https:\/\/schema.org\",\"@graph\":[{\"@type\":\"Article\",\"@id\":\"https:\/\/blogdobispo.com.br\/?p=5882#article\",\"isPartOf\":{\"@id\":\"https:\/\/blogdobispo.com.br\/?p=5882\"},\"author\":{\"name\":\"Jefferson Sterfeno\",\"@id\":\"https:\/\/blogdobispo.com.br\/#\/schema\/person\/e2209cc0e6cea5c5233d033e997b373f\"},\"headline\":\"Eriko J\u00e1come trabalha pr\u00e9-candidatura \u00e0 C\u00e2mara Federal, mas refor\u00e7a que a decis\u00e3o final est\u00e1 nas m\u00e3os de Paulinho Freire\",\"datePublished\":\"2025-07-07T22:24:51+00:00\",\"mainEntityOfPage\":{\"@id\":\"https:\/\/blogdobispo.com.br\/?p=5882\"},\"wordCount\":257,\"commentCount\":0,\"publisher\":{\"@id\":\"https:\/\/blogdobispo.com.br\/#organization\"},\"image\":{\"@id\":\"https:\/\/blogdobispo.com.br\/?p=5882#primaryimage\"},\"thumbnailUrl\":\"https:\/\/blogdobispo.com.br\/wp-content\/uploads\/2025\/07\/33f55569-5607-475d-a2c8-487430839f01-1-1024x683.jpg\",\"articleSection\":[\"diversos\"],\"inLanguage\":\"pt-BR\",\"potentialAction\":[{\"@type\":\"CommentAction\",\"name\":\"Comment\",\"target\":[\"https:\/\/blogdobispo.com.br\/?p=5882#respond\"]}]},{\"@type\":\"WebPage\",\"@id\":\"https:\/\/blogdobispo.com.br\/?p=5882\",\"url\":\"https:\/\/blogdobispo.com.br\/?p=5882\",\"name\":\"Eriko J\u00e1come trabalha pr\u00e9-candidatura \u00e0 C\u00e2mara Federal, mas refor\u00e7a que a decis\u00e3o final est\u00e1 nas m\u00e3os de Paulinho Freire - Blog do Bispo\",\"isPartOf\":{\"@id\":\"https:\/\/blogdobispo.com.br\/#website\"},\"primaryImageOfPage\":{\"@id\":\"https:\/\/blogdobispo.com.br\/?p=5882#primaryimage\"},\"image\":{\"@id\":\"https:\/\/blogdobispo.com.br\/?p=5882#primaryimage\"},\"thumbnailUrl\":\"https:\/\/blogdobispo.com.br\/wp-content\/uploads\/2025\/07\/33f55569-5607-475d-a2c8-487430839f01-1-1024x683.jpg\",\"datePublished\":\"2025-07-07T22:24:51+00:00\",\"breadcrumb\":{\"@id\":\"https:\/\/blogdobispo.com.br\/?p=5882#breadcrumb\"},\"inLanguage\":\"pt-BR\",\"potentialAction\":[{\"@type\":\"ReadAction\",\"target\":[\"https:\/\/blogdobispo.com.br\/?p=5882\"]}]},{\"@type\":\"ImageObject\",\"inLanguage\":\"pt-BR\",\"@id\":\"https:\/\/blogdobispo.com.br\/?p=5882#primaryimage\",\"url\":\"https:\/\/blogdobispo.com.br\/wp-content\/uploads\/2025\/07\/33f55569-5607-475d-a2c8-487430839f01-1-1024x683.jpg\",\"contentUrl\":\"https:\/\/blogdobispo.com.br\/wp-content\/uploads\/2025\/07\/33f55569-5607-475d-a2c8-487430839f01-1-1024x683.jpg\"},{\"@type\":\"BreadcrumbList\",\"@id\":\"https:\/\/blogdobispo.com.br\/?p=5882#breadcrumb\",\"itemListElement\":[{\"@type\":\"ListItem\",\"position\":1,\"name\":\"In\u00edcio\",\"item\":\"https:\/\/blogdobispo.com.br\/\"},{\"@type\":\"ListItem\",\"position\":2,\"name\":\"Eriko J\u00e1come trabalha pr\u00e9-candidatura \u00e0 C\u00e2mara Federal, mas refor\u00e7a que a decis\u00e3o final est\u00e1 nas m\u00e3os de Paulinho Freire\"}]},{\"@type\":\"WebSite\",\"@id\":\"https:\/\/blogdobispo.com.br\/#website\",\"url\":\"https:\/\/blogdobispo.com.br\/\",\"name\":\"Blog do Bispo\",\"description\":\"Comprometido apenas com o leitor\",\"publisher\":{\"@id\":\"https:\/\/blogdobispo.com.br\/#organization\"},\"potentialAction\":[{\"@type\":\"SearchAction\",\"target\":{\"@type\":\"EntryPoint\",\"urlTemplate\":\"https:\/\/blogdobispo.com.br\/?s={search_term_string}\"},\"query-input\":{\"@type\":\"PropertyValueSpecification\",\"valueRequired\":true,\"valueName\":\"search_term_string\"}}],\"inLanguage\":\"pt-BR\"},{\"@type\":\"Organization\",\"@id\":\"https:\/\/blogdobispo.com.br\/#organization\",\"name\":\"Blog do Bispo\",\"url\":\"https:\/\/blogdobispo.com.br\/\",\"logo\":{\"@type\":\"ImageObject\",\"inLanguage\":\"pt-BR\",\"@id\":\"https:\/\/blogdobispo.com.br\/#\/schema\/logo\/image\/\",\"url\":\"http:\/\/blogdobispo.com.br\/wp-content\/uploads\/2023\/05\/cropped-headear.png\",\"contentUrl\":\"http:\/\/blogdobispo.com.br\/wp-content\/uploads\/2023\/05\/cropped-headear.png\",\"width\":1500,\"height\":399,\"caption\":\"Blog do Bispo\"},\"image\":{\"@id\":\"https:\/\/blogdobispo.com.br\/#\/schema\/logo\/image\/\"}},{\"@type\":\"Person\",\"@id\":\"https:\/\/blogdobispo.com.br\/#\/schema\/person\/e2209cc0e6cea5c5233d033e997b373f\",\"name\":\"Jefferson Sterfeno\",\"image\":{\"@type\":\"ImageObject\",\"inLanguage\":\"pt-BR\",\"@id\":\"https:\/\/blogdobispo.com.br\/#\/schema\/person\/image\/\",\"url\":\"https:\/\/secure.gravatar.com\/avatar\/0534e84764641168a677026b6d57a3f51dc7ac4db0b4f6186d9cb330d4ee1160?s=96&d=mm&r=g\",\"contentUrl\":\"https:\/\/secure.gravatar.com\/avatar\/0534e84764641168a677026b6d57a3f51dc7ac4db0b4f6186d9cb330d4ee1160?s=96&d=mm&r=g\",\"caption\":\"Jefferson Sterfeno\"},\"sameAs\":[\"http:\/\/blogdobispo.com.br\"],\"url\":\"https:\/\/blogdobispo.com.br\/?author=1\"}]}<\/script>\n<!-- \/ Yoast SEO plugin. -->","yoast_head_json":{"title":"Eriko J\u00e1come trabalha pr\u00e9-candidatura \u00e0 C\u00e2mara Federal, mas refor\u00e7a que a decis\u00e3o final est\u00e1 nas m\u00e3os de Paulinho Freire - Blog do Bispo","robots":{"index":"index","follow":"follow","max-snippet":"max-snippet:-1","max-image-preview":"max-image-preview:large","max-video-preview":"max-video-preview:-1"},"canonical":"https:\/\/blogdobispo.com.br\/?p=5882","og_locale":"pt_BR","og_type":"article","og_title":"Eriko J\u00e1come trabalha pr\u00e9-candidatura \u00e0 C\u00e2mara Federal, mas refor\u00e7a que a decis\u00e3o final est\u00e1 nas m\u00e3os de Paulinho Freire - Blog do Bispo","og_description":"Em entrevista concedida na tarde desta segunda-feira (7), o presidente da C\u00e2mara Municipal de Natal, Eriko J\u00e1come, confirmou que est\u00e1 trabalhando seu nome como pr\u00e9-candidato a deputado federal nas elei\u00e7\u00f5es de 2026. No entanto, destacou que sua pr\u00e9-candidatura est\u00e1 alinhada ao grupo pol\u00edtico liderado pelo prefeito Paulinho Freire, e que a decis\u00e3o final sobre o [&hellip;]","og_url":"https:\/\/blogdobispo.com.br\/?p=5882","og_site_name":"Blog do Bispo","article_published_time":"2025-07-07T22:24:51+00:00","og_image":[{"url":"https:\/\/blogdobispo.com.br\/wp-content\/uploads\/2025\/07\/33f55569-5607-475d-a2c8-487430839f01-1-1024x683.jpg","type":"","width":"","height":""}],"author":"Jefferson Sterfeno","twitter_card":"summary_large_image","twitter_misc":{"Escrito por":"Jefferson Sterfeno","Est. tempo de leitura":"1 minuto"},"schema":{"@context":"https:\/\/schema.org","@graph":[{"@type":"Article","@id":"https:\/\/blogdobispo.com.br\/?p=5882#article","isPartOf":{"@id":"https:\/\/blogdobispo.com.br\/?p=5882"},"author":{"name":"Jefferson Sterfeno","@id":"https:\/\/blogdobispo.com.br\/#\/schema\/person\/e2209cc0e6cea5c5233d033e997b373f"},"headline":"Eriko J\u00e1come trabalha pr\u00e9-candidatura \u00e0 C\u00e2mara Federal, mas refor\u00e7a que a decis\u00e3o final est\u00e1 nas m\u00e3os de Paulinho Freire","datePublished":"2025-07-07T22:24:51+00:00","mainEntityOfPage":{"@id":"https:\/\/blogdobispo.com.br\/?p=5882"},"wordCount":257,"commentCount":0,"publisher":{"@id":"https:\/\/blogdobispo.com.br\/#organization"},"image":{"@id":"https:\/\/blogdobispo.com.br\/?p=5882#primaryimage"},"thumbnailUrl":"https:\/\/blogdobispo.com.br\/wp-content\/uploads\/2025\/07\/33f55569-5607-475d-a2c8-487430839f01-1-1024x683.jpg","articleSection":["diversos"],"inLanguage":"pt-BR","potentialAction":[{"@type":"CommentAction","name":"Comment","target":["https:\/\/blogdobispo.com.br\/?p=5882#respond"]}]},{"@type":"WebPage","@id":"https:\/\/blogdobispo.com.br\/?p=5882","url":"https:\/\/blogdobispo.com.br\/?p=5882","name":"Eriko J\u00e1come trabalha pr\u00e9-candidatura \u00e0 C\u00e2mara Federal, mas refor\u00e7a que a decis\u00e3o final est\u00e1 nas m\u00e3os de Paulinho Freire - Blog do Bispo","isPartOf":{"@id":"https:\/\/blogdobispo.com.br\/#website"},"primaryImageOfPage":{"@id":"https:\/\/blogdobispo.com.br\/?p=5882#primaryimage"},"image":{"@id":"https:\/\/blogdobispo.com.br\/?p=5882#primaryimage"},"thumbnailUrl":"https:\/\/blogdobispo.com.br\/wp-content\/uploads\/2025\/07\/33f55569-5607-475d-a2c8-487430839f01-1-1024x683.jpg","datePublished":"2025-07-07T22:24:51+00:00","breadcrumb":{"@id":"https:\/\/blogdobispo.com.br\/?p=5882#breadcrumb"},"inLanguage":"pt-BR","potentialAction":[{"@type":"ReadAction","target":["https:\/\/blogdobispo.com.br\/?p=5882"]}]},{"@type":"ImageObject","inLanguage":"pt-BR","@id":"https:\/\/blogdobispo.com.br\/?p=5882#primaryimage","url":"https:\/\/blogdobispo.com.br\/wp-content\/uploads\/2025\/07\/33f55569-5607-475d-a2c8-487430839f01-1-1024x683.jpg","contentUrl":"https:\/\/blogdobispo.com.br\/wp-content\/uploads\/2025\/07\/33f55569-5607-475d-a2c8-487430839f01-1-1024x683.jpg"},{"@type":"BreadcrumbList","@id":"https:\/\/blogdobispo.com.br\/?p=5882#breadcrumb","itemListElement":[{"@type":"ListItem","position":1,"name":"In\u00edcio","item":"https:\/\/blogdobispo.com.br\/"},{"@type":"ListItem","position":2,"name":"Eriko J\u00e1come trabalha pr\u00e9-candidatura \u00e0 C\u00e2mara Federal, mas refor\u00e7a que a decis\u00e3o final est\u00e1 nas m\u00e3os de Paulinho Freire"}]},{"@type":"WebSite","@id":"https:\/\/blogdobispo.com.br\/#website","url":"https:\/\/blogdobispo.com.br\/","name":"Blog do Bispo","description":"Comprometido apenas com o leitor","publisher":{"@id":"https:\/\/blogdobispo.com.br\/#organization"},"potentialAction":[{"@type":"SearchAction","target":{"@type":"EntryPoint","urlTemplate":"https:\/\/blogdobispo.com.br\/?s={search_term_string}"},"query-input":{"@type":"PropertyValueSpecification","valueRequired":true,"valueName":"search_term_string"}}],"inLanguage":"pt-BR"},{"@type":"Organization","@id":"https:\/\/blogdobispo.com.br\/#organization","name":"Blog do Bispo","url":"https:\/\/blogdobispo.com.br\/","logo":{"@type":"ImageObject","inLanguage":"pt-BR","@id":"https:\/\/blogdobispo.com.br\/#\/schema\/logo\/image\/","url":"http:\/\/blogdobispo.com.br\/wp-content\/uploads\/2023\/05\/cropped-headear.png","contentUrl":"http:\/\/blogdobispo.com.br\/wp-content\/uploads\/2023\/05\/cropped-headear.png","width":1500,"height":399,"caption":"Blog do Bispo"},"image":{"@id":"https:\/\/blogdobispo.com.br\/#\/schema\/logo\/image\/"}},{"@type":"Person","@id":"https:\/\/blogdobispo.com.br\/#\/schema\/person\/e2209cc0e6cea5c5233d033e997b373f","name":"Jefferson Sterfeno","image":{"@type":"ImageObject","inLanguage":"pt-BR","@id":"https:\/\/blogdobispo.com.br\/#\/schema\/person\/image\/","url":"https:\/\/secure.gravatar.com\/avatar\/0534e84764641168a677026b6d57a3f51dc7ac4db0b4f6186d9cb330d4ee1160?s=96&d=mm&r=g","contentUrl":"https:\/\/secure.gravatar.com\/avatar\/0534e84764641168a677026b6d57a3f51dc7ac4db0b4f6186d9cb330d4ee1160?s=96&d=mm&r=g","caption":"Jefferson Sterfeno"},"sameAs":["http:\/\/blogdobispo.com.br"],"url":"https:\/\/blogdobispo.com.br\/?author=1"}]}},"featured_image_urls":{"full":"","thumbnail":"","medium":"","medium_large":"","large":"","1536x1536":"","2048x2048":""},"author_info":{"display_name":"Jefferson Sterfeno","author_link":"https:\/\/blogdobispo.com.br\/?author=1"},"category_info":"<a href=\"https:\/\/blogdobispo.com.br\/?cat=1\" rel=\"category\">diversos<\/a>","tag_info":"diversos","comment_count":"0","jetpack_featured_media_url":"","jetpack_sharing_enabled":true,"_links":{"self":[{"href":"https:\/\/blogdobispo.com.br\/index.php?rest_route=\/wp\/v2\/posts\/5882","targetHints":{"allow":["GET"]}}],"collection":[{"href":"https:\/\/blogdobispo.com.br\/index.php?rest_route=\/wp\/v2\/posts"}],"about":[{"href":"https:\/\/blogdobispo.com.br\/index.php?rest_route=\/wp\/v2\/types\/post"}],"author":[{"embeddable":true,"href":"https:\/\/blogdobispo.com.br\/index.php?rest_route=\/wp\/v2\/users\/1"}],"replies":[{"embeddable":true,"href":"https:\/\/blogdobispo.com.br\/index.php?rest_route=%2Fwp%2Fv2%2Fcomments&post=5882"}],"version-history":[{"count":0,"href":"https:\/\/blogdobispo.com.br\/index.php?rest_route=\/wp\/v2\/posts\/5882\/revisions"}],"wp:attachment":[{"href":"https:\/\/blogdobispo.com.br\/index.php?rest_route=%2Fwp%2Fv2%2Fmedia&parent=5882"}],"wp:term":[{"taxonomy":"category","embeddable":true,"href":"https:\/\/blogdobispo.com.br\/index.php?rest_route=%2Fwp%2Fv2%2Fcategories&post=5882"},{"taxonomy":"post_tag","embeddable":true,"href":"https:\/\/blogdobispo.com.br\/index.php?rest_route=%2Fwp%2Fv2%2Ftags&post=5882"}],"curies":[{"name":"wp","href":"https:\/\/api.w.org\/{rel}","templated":true}]}}