{"id":5878,"date":"2025-07-07T17:17:20","date_gmt":"2025-07-07T17:17:20","guid":{"rendered":"https:\/\/blogdobispo.com.br\/?p=5878"},"modified":"2025-07-07T17:17:20","modified_gmt":"2025-07-07T17:17:20","slug":"caern-anuncia-para-deputado-ubaldo-e-prefeito-augusto-saneamento-de-tangara-atraves-de-ppp","status":"publish","type":"post","link":"https:\/\/blogdobispo.com.br\/?p=5878","title":{"rendered":"Caern anuncia para deputado Ubaldo e prefeito Augusto saneamento de Tangar\u00e1 atrav\u00e9s de PPP"},"content":{"rendered":"\n<figure class=\"wp-block-image size-large\"><img data-recalc-dims=\"1\" fetchpriority=\"high\" decoding=\"async\" width=\"800\" height=\"600\" src=\"https:\/\/i0.wp.com\/blogdobispo.com.br\/wp-content\/uploads\/2025\/07\/5bdc2fb6-684f-44ab-a4ec-ef69cefecdf6-1-1024x768.jpg?resize=800%2C600&#038;ssl=1\" class=\"wp-image-5877\" srcset=\"https:\/\/i0.wp.com\/blogdobispo.com.br\/wp-content\/uploads\/2025\/07\/5bdc2fb6-684f-44ab-a4ec-ef69cefecdf6-1.jpg?resize=1024%2C768&amp;ssl=1 1024w, https:\/\/i0.wp.com\/blogdobispo.com.br\/wp-content\/uploads\/2025\/07\/5bdc2fb6-684f-44ab-a4ec-ef69cefecdf6-1.jpg?resize=300%2C225&amp;ssl=1 300w, https:\/\/i0.wp.com\/blogdobispo.com.br\/wp-content\/uploads\/2025\/07\/5bdc2fb6-684f-44ab-a4ec-ef69cefecdf6-1.jpg?resize=768%2C576&amp;ssl=1 768w, https:\/\/i0.wp.com\/blogdobispo.com.br\/wp-content\/uploads\/2025\/07\/5bdc2fb6-684f-44ab-a4ec-ef69cefecdf6-1.jpg?resize=1536%2C1152&amp;ssl=1 1536w, https:\/\/i0.wp.com\/blogdobispo.com.br\/wp-content\/uploads\/2025\/07\/5bdc2fb6-684f-44ab-a4ec-ef69cefecdf6-1.jpg?w=2000&amp;ssl=1 2000w, https:\/\/i0.wp.com\/blogdobispo.com.br\/wp-content\/uploads\/2025\/07\/5bdc2fb6-684f-44ab-a4ec-ef69cefecdf6-1.jpg?w=1600 1600w\" sizes=\"(max-width: 800px) 100vw, 800px\" \/><\/figure>\n\n\n\n<p><\/p>\n\n\n\n<p>O deputado estadual Ubaldo Fernandes articulou, nesta segunda-feira, 07, uma importante reuni\u00e3o com a diretoria da Companhia de \u00c1guas e Esgotos do Rio Grande do Norte (Caern) para discutir solu\u00e7\u00f5es estruturantes para o munic\u00edpio de Tangar\u00e1, que enfrenta um grave problema de falta de saneamento b\u00e1sico. O encontro contou com a participa\u00e7\u00e3o do presidente da Caern, Roberto Linhares, t\u00e9cnicos da companhia e o prefeito Augusto Alves.<br>Durante a reuni\u00e3o, a boa not\u00edcia foi confirmada: Tangar\u00e1 est\u00e1 inclu\u00edda na Parceria P\u00fablico-Privada (PPP) da Caern, que prev\u00ea cobertura m\u00ednima de 90% do esgotamento sanit\u00e1rio at\u00e9 2033, em conformidade com o novo marco legal do saneamento. O edital da PPP deve ser lan\u00e7ado at\u00e9 abril de 2026, com in\u00edcio das a\u00e7\u00f5es no segundo semestre do mesmo ano. \u201cEstamos aqui com a c\u00fapula da Caern e o prefeito Augusto, tratando de um projeto futurista, que \u00e9 o saneamento b\u00e1sico para toda Tangar\u00e1. Uma pauta essencial para o bem-estar do nosso povo\u201d, destacou o deputado Ubaldo.<br>O presidente da Caern refor\u00e7ou o compromisso da companhia: \u201cTangar\u00e1 est\u00e1 na PPP e isso garante uma transforma\u00e7\u00e3o real. J\u00e1 existem projetos prontos, e o trabalho ser\u00e1 acelerado para que o munic\u00edpio viva uma nova realidade com o esgotamento implantado nos pr\u00f3ximos anos\u201d, explicou Roberto Linhares. J\u00e1 o prefeito Augusto Alves agradeceu ao deputado pela articula\u00e7\u00e3o e \u00e0 Caern pela receptividade: \u201cSeguimos trabalhando com dedica\u00e7\u00e3o, buscando melhorias concretas para nosso povo. Essa parceria \u00e9 mais um passo importante\u201d, afirmou. A agenda reafirma o compromisso do deputado Ubaldo Fernandes com o desenvolvimento dos munic\u00edpios potiguares.<\/p>\n","protected":false},"excerpt":{"rendered":"<p>O deputado estadual Ubaldo Fernandes articulou, nesta segunda-feira, 07, uma importante reuni\u00e3o com a diretoria da Companhia de \u00c1guas e Esgotos do Rio Grande do Norte (Caern) para discutir solu\u00e7\u00f5es estruturantes para o munic\u00edpio de Tangar\u00e1, que enfrenta um grave problema de falta de saneamento b\u00e1sico. O encontro contou com a participa\u00e7\u00e3o do presidente da [&hellip;]<\/p>\n","protected":false},"author":1,"featured_media":0,"comment_status":"open","ping_status":"open","sticky":false,"template":"","format":"standard","meta":{"cybocfi_hide_featured_image":"","_jetpack_memberships_contains_paid_content":false,"footnotes":""},"categories":[1],"tags":[],"class_list":["post-5878","post","type-post","status-publish","format-standard","hentry","category-diversos"],"yoast_head":"<!-- This site is optimized with the Yoast SEO plugin v25.6 - https:\/\/yoast.com\/wordpress\/plugins\/seo\/ -->\n<title>Caern anuncia para deputado Ubaldo e prefeito Augusto saneamento de Tangar\u00e1 atrav\u00e9s de PPP - Blog do Bispo<\/title>\n<meta name=\"robots\" content=\"index, follow, max-snippet:-1, max-image-preview:large, max-video-preview:-1\" \/>\n<link rel=\"canonical\" href=\"https:\/\/blogdobispo.com.br\/?p=5878\" \/>\n<meta property=\"og:locale\" content=\"pt_BR\" \/>\n<meta property=\"og:type\" content=\"article\" \/>\n<meta property=\"og:title\" content=\"Caern anuncia para deputado Ubaldo e prefeito Augusto saneamento de Tangar\u00e1 atrav\u00e9s de PPP - Blog do Bispo\" \/>\n<meta property=\"og:description\" content=\"O deputado estadual Ubaldo Fernandes articulou, nesta segunda-feira, 07, uma importante reuni\u00e3o com a diretoria da Companhia de \u00c1guas e Esgotos do Rio Grande do Norte (Caern) para discutir solu\u00e7\u00f5es estruturantes para o munic\u00edpio de Tangar\u00e1, que enfrenta um grave problema de falta de saneamento b\u00e1sico. O encontro contou com a participa\u00e7\u00e3o do presidente da [&hellip;]\" \/>\n<meta property=\"og:url\" content=\"https:\/\/blogdobispo.com.br\/?p=5878\" \/>\n<meta property=\"og:site_name\" content=\"Blog do Bispo\" \/>\n<meta property=\"article:published_time\" content=\"2025-07-07T17:17:20+00:00\" \/>\n<meta property=\"og:image\" content=\"https:\/\/blogdobispo.com.br\/wp-content\/uploads\/2025\/07\/5bdc2fb6-684f-44ab-a4ec-ef69cefecdf6-1-1024x768.jpg\" \/>\n<meta name=\"author\" content=\"Jefferson Sterfeno\" \/>\n<meta name=\"twitter:card\" content=\"summary_large_image\" \/>\n<meta name=\"twitter:label1\" content=\"Escrito por\" \/>\n\t<meta name=\"twitter:data1\" content=\"Jefferson Sterfeno\" \/>\n\t<meta name=\"twitter:label2\" content=\"Est. tempo de leitura\" \/>\n\t<meta name=\"twitter:data2\" content=\"1 minuto\" \/>\n<script type=\"application\/ld+json\" class=\"yoast-schema-graph\">{\"@context\":\"https:\/\/schema.org\",\"@graph\":[{\"@type\":\"Article\",\"@id\":\"https:\/\/blogdobispo.com.br\/?p=5878#article\",\"isPartOf\":{\"@id\":\"https:\/\/blogdobispo.com.br\/?p=5878\"},\"author\":{\"name\":\"Jefferson Sterfeno\",\"@id\":\"https:\/\/blogdobispo.com.br\/#\/schema\/person\/e2209cc0e6cea5c5233d033e997b373f\"},\"headline\":\"Caern anuncia para deputado Ubaldo e prefeito Augusto saneamento de Tangar\u00e1 atrav\u00e9s de PPP\",\"datePublished\":\"2025-07-07T17:17:20+00:00\",\"mainEntityOfPage\":{\"@id\":\"https:\/\/blogdobispo.com.br\/?p=5878\"},\"wordCount\":287,\"commentCount\":0,\"publisher\":{\"@id\":\"https:\/\/blogdobispo.com.br\/#organization\"},\"image\":{\"@id\":\"https:\/\/blogdobispo.com.br\/?p=5878#primaryimage\"},\"thumbnailUrl\":\"https:\/\/blogdobispo.com.br\/wp-content\/uploads\/2025\/07\/5bdc2fb6-684f-44ab-a4ec-ef69cefecdf6-1-1024x768.jpg\",\"articleSection\":[\"diversos\"],\"inLanguage\":\"pt-BR\",\"potentialAction\":[{\"@type\":\"CommentAction\",\"name\":\"Comment\",\"target\":[\"https:\/\/blogdobispo.com.br\/?p=5878#respond\"]}]},{\"@type\":\"WebPage\",\"@id\":\"https:\/\/blogdobispo.com.br\/?p=5878\",\"url\":\"https:\/\/blogdobispo.com.br\/?p=5878\",\"name\":\"Caern anuncia para deputado Ubaldo e prefeito Augusto saneamento de Tangar\u00e1 atrav\u00e9s de PPP - Blog do Bispo\",\"isPartOf\":{\"@id\":\"https:\/\/blogdobispo.com.br\/#website\"},\"primaryImageOfPage\":{\"@id\":\"https:\/\/blogdobispo.com.br\/?p=5878#primaryimage\"},\"image\":{\"@id\":\"https:\/\/blogdobispo.com.br\/?p=5878#primaryimage\"},\"thumbnailUrl\":\"https:\/\/blogdobispo.com.br\/wp-content\/uploads\/2025\/07\/5bdc2fb6-684f-44ab-a4ec-ef69cefecdf6-1-1024x768.jpg\",\"datePublished\":\"2025-07-07T17:17:20+00:00\",\"breadcrumb\":{\"@id\":\"https:\/\/blogdobispo.com.br\/?p=5878#breadcrumb\"},\"inLanguage\":\"pt-BR\",\"potentialAction\":[{\"@type\":\"ReadAction\",\"target\":[\"https:\/\/blogdobispo.com.br\/?p=5878\"]}]},{\"@type\":\"ImageObject\",\"inLanguage\":\"pt-BR\",\"@id\":\"https:\/\/blogdobispo.com.br\/?p=5878#primaryimage\",\"url\":\"https:\/\/blogdobispo.com.br\/wp-content\/uploads\/2025\/07\/5bdc2fb6-684f-44ab-a4ec-ef69cefecdf6-1-1024x768.jpg\",\"contentUrl\":\"https:\/\/blogdobispo.com.br\/wp-content\/uploads\/2025\/07\/5bdc2fb6-684f-44ab-a4ec-ef69cefecdf6-1-1024x768.jpg\"},{\"@type\":\"BreadcrumbList\",\"@id\":\"https:\/\/blogdobispo.com.br\/?p=5878#breadcrumb\",\"itemListElement\":[{\"@type\":\"ListItem\",\"position\":1,\"name\":\"In\u00edcio\",\"item\":\"https:\/\/blogdobispo.com.br\/\"},{\"@type\":\"ListItem\",\"position\":2,\"name\":\"Caern anuncia para deputado Ubaldo e prefeito Augusto saneamento de Tangar\u00e1 atrav\u00e9s de PPP\"}]},{\"@type\":\"WebSite\",\"@id\":\"https:\/\/blogdobispo.com.br\/#website\",\"url\":\"https:\/\/blogdobispo.com.br\/\",\"name\":\"Blog do Bispo\",\"description\":\"Comprometido apenas com o leitor\",\"publisher\":{\"@id\":\"https:\/\/blogdobispo.com.br\/#organization\"},\"potentialAction\":[{\"@type\":\"SearchAction\",\"target\":{\"@type\":\"EntryPoint\",\"urlTemplate\":\"https:\/\/blogdobispo.com.br\/?s={search_term_string}\"},\"query-input\":{\"@type\":\"PropertyValueSpecification\",\"valueRequired\":true,\"valueName\":\"search_term_string\"}}],\"inLanguage\":\"pt-BR\"},{\"@type\":\"Organization\",\"@id\":\"https:\/\/blogdobispo.com.br\/#organization\",\"name\":\"Blog do Bispo\",\"url\":\"https:\/\/blogdobispo.com.br\/\",\"logo\":{\"@type\":\"ImageObject\",\"inLanguage\":\"pt-BR\",\"@id\":\"https:\/\/blogdobispo.com.br\/#\/schema\/logo\/image\/\",\"url\":\"http:\/\/blogdobispo.com.br\/wp-content\/uploads\/2023\/05\/cropped-headear.png\",\"contentUrl\":\"http:\/\/blogdobispo.com.br\/wp-content\/uploads\/2023\/05\/cropped-headear.png\",\"width\":1500,\"height\":399,\"caption\":\"Blog do Bispo\"},\"image\":{\"@id\":\"https:\/\/blogdobispo.com.br\/#\/schema\/logo\/image\/\"}},{\"@type\":\"Person\",\"@id\":\"https:\/\/blogdobispo.com.br\/#\/schema\/person\/e2209cc0e6cea5c5233d033e997b373f\",\"name\":\"Jefferson Sterfeno\",\"image\":{\"@type\":\"ImageObject\",\"inLanguage\":\"pt-BR\",\"@id\":\"https:\/\/blogdobispo.com.br\/#\/schema\/person\/image\/\",\"url\":\"https:\/\/secure.gravatar.com\/avatar\/0534e84764641168a677026b6d57a3f51dc7ac4db0b4f6186d9cb330d4ee1160?s=96&d=mm&r=g\",\"contentUrl\":\"https:\/\/secure.gravatar.com\/avatar\/0534e84764641168a677026b6d57a3f51dc7ac4db0b4f6186d9cb330d4ee1160?s=96&d=mm&r=g\",\"caption\":\"Jefferson Sterfeno\"},\"sameAs\":[\"http:\/\/blogdobispo.com.br\"],\"url\":\"https:\/\/blogdobispo.com.br\/?author=1\"}]}<\/script>\n<!-- \/ Yoast SEO plugin. -->","yoast_head_json":{"title":"Caern anuncia para deputado Ubaldo e prefeito Augusto saneamento de Tangar\u00e1 atrav\u00e9s de PPP - Blog do Bispo","robots":{"index":"index","follow":"follow","max-snippet":"max-snippet:-1","max-image-preview":"max-image-preview:large","max-video-preview":"max-video-preview:-1"},"canonical":"https:\/\/blogdobispo.com.br\/?p=5878","og_locale":"pt_BR","og_type":"article","og_title":"Caern anuncia para deputado Ubaldo e prefeito Augusto saneamento de Tangar\u00e1 atrav\u00e9s de PPP - Blog do Bispo","og_description":"O deputado estadual Ubaldo Fernandes articulou, nesta segunda-feira, 07, uma importante reuni\u00e3o com a diretoria da Companhia de \u00c1guas e Esgotos do Rio Grande do Norte (Caern) para discutir solu\u00e7\u00f5es estruturantes para o munic\u00edpio de Tangar\u00e1, que enfrenta um grave problema de falta de saneamento b\u00e1sico. O encontro contou com a participa\u00e7\u00e3o do presidente da [&hellip;]","og_url":"https:\/\/blogdobispo.com.br\/?p=5878","og_site_name":"Blog do Bispo","article_published_time":"2025-07-07T17:17:20+00:00","og_image":[{"url":"https:\/\/blogdobispo.com.br\/wp-content\/uploads\/2025\/07\/5bdc2fb6-684f-44ab-a4ec-ef69cefecdf6-1-1024x768.jpg","type":"","width":"","height":""}],"author":"Jefferson Sterfeno","twitter_card":"summary_large_image","twitter_misc":{"Escrito por":"Jefferson Sterfeno","Est. tempo de leitura":"1 minuto"},"schema":{"@context":"https:\/\/schema.org","@graph":[{"@type":"Article","@id":"https:\/\/blogdobispo.com.br\/?p=5878#article","isPartOf":{"@id":"https:\/\/blogdobispo.com.br\/?p=5878"},"author":{"name":"Jefferson Sterfeno","@id":"https:\/\/blogdobispo.com.br\/#\/schema\/person\/e2209cc0e6cea5c5233d033e997b373f"},"headline":"Caern anuncia para deputado Ubaldo e prefeito Augusto saneamento de Tangar\u00e1 atrav\u00e9s de PPP","datePublished":"2025-07-07T17:17:20+00:00","mainEntityOfPage":{"@id":"https:\/\/blogdobispo.com.br\/?p=5878"},"wordCount":287,"commentCount":0,"publisher":{"@id":"https:\/\/blogdobispo.com.br\/#organization"},"image":{"@id":"https:\/\/blogdobispo.com.br\/?p=5878#primaryimage"},"thumbnailUrl":"https:\/\/blogdobispo.com.br\/wp-content\/uploads\/2025\/07\/5bdc2fb6-684f-44ab-a4ec-ef69cefecdf6-1-1024x768.jpg","articleSection":["diversos"],"inLanguage":"pt-BR","potentialAction":[{"@type":"CommentAction","name":"Comment","target":["https:\/\/blogdobispo.com.br\/?p=5878#respond"]}]},{"@type":"WebPage","@id":"https:\/\/blogdobispo.com.br\/?p=5878","url":"https:\/\/blogdobispo.com.br\/?p=5878","name":"Caern anuncia para deputado Ubaldo e prefeito Augusto saneamento de Tangar\u00e1 atrav\u00e9s de PPP - Blog do Bispo","isPartOf":{"@id":"https:\/\/blogdobispo.com.br\/#website"},"primaryImageOfPage":{"@id":"https:\/\/blogdobispo.com.br\/?p=5878#primaryimage"},"image":{"@id":"https:\/\/blogdobispo.com.br\/?p=5878#primaryimage"},"thumbnailUrl":"https:\/\/blogdobispo.com.br\/wp-content\/uploads\/2025\/07\/5bdc2fb6-684f-44ab-a4ec-ef69cefecdf6-1-1024x768.jpg","datePublished":"2025-07-07T17:17:20+00:00","breadcrumb":{"@id":"https:\/\/blogdobispo.com.br\/?p=5878#breadcrumb"},"inLanguage":"pt-BR","potentialAction":[{"@type":"ReadAction","target":["https:\/\/blogdobispo.com.br\/?p=5878"]}]},{"@type":"ImageObject","inLanguage":"pt-BR","@id":"https:\/\/blogdobispo.com.br\/?p=5878#primaryimage","url":"https:\/\/blogdobispo.com.br\/wp-content\/uploads\/2025\/07\/5bdc2fb6-684f-44ab-a4ec-ef69cefecdf6-1-1024x768.jpg","contentUrl":"https:\/\/blogdobispo.com.br\/wp-content\/uploads\/2025\/07\/5bdc2fb6-684f-44ab-a4ec-ef69cefecdf6-1-1024x768.jpg"},{"@type":"BreadcrumbList","@id":"https:\/\/blogdobispo.com.br\/?p=5878#breadcrumb","itemListElement":[{"@type":"ListItem","position":1,"name":"In\u00edcio","item":"https:\/\/blogdobispo.com.br\/"},{"@type":"ListItem","position":2,"name":"Caern anuncia para deputado Ubaldo e prefeito Augusto saneamento de Tangar\u00e1 atrav\u00e9s de PPP"}]},{"@type":"WebSite","@id":"https:\/\/blogdobispo.com.br\/#website","url":"https:\/\/blogdobispo.com.br\/","name":"Blog do Bispo","description":"Comprometido apenas com o leitor","publisher":{"@id":"https:\/\/blogdobispo.com.br\/#organization"},"potentialAction":[{"@type":"SearchAction","target":{"@type":"EntryPoint","urlTemplate":"https:\/\/blogdobispo.com.br\/?s={search_term_string}"},"query-input":{"@type":"PropertyValueSpecification","valueRequired":true,"valueName":"search_term_string"}}],"inLanguage":"pt-BR"},{"@type":"Organization","@id":"https:\/\/blogdobispo.com.br\/#organization","name":"Blog do Bispo","url":"https:\/\/blogdobispo.com.br\/","logo":{"@type":"ImageObject","inLanguage":"pt-BR","@id":"https:\/\/blogdobispo.com.br\/#\/schema\/logo\/image\/","url":"http:\/\/blogdobispo.com.br\/wp-content\/uploads\/2023\/05\/cropped-headear.png","contentUrl":"http:\/\/blogdobispo.com.br\/wp-content\/uploads\/2023\/05\/cropped-headear.png","width":1500,"height":399,"caption":"Blog do Bispo"},"image":{"@id":"https:\/\/blogdobispo.com.br\/#\/schema\/logo\/image\/"}},{"@type":"Person","@id":"https:\/\/blogdobispo.com.br\/#\/schema\/person\/e2209cc0e6cea5c5233d033e997b373f","name":"Jefferson Sterfeno","image":{"@type":"ImageObject","inLanguage":"pt-BR","@id":"https:\/\/blogdobispo.com.br\/#\/schema\/person\/image\/","url":"https:\/\/secure.gravatar.com\/avatar\/0534e84764641168a677026b6d57a3f51dc7ac4db0b4f6186d9cb330d4ee1160?s=96&d=mm&r=g","contentUrl":"https:\/\/secure.gravatar.com\/avatar\/0534e84764641168a677026b6d57a3f51dc7ac4db0b4f6186d9cb330d4ee1160?s=96&d=mm&r=g","caption":"Jefferson Sterfeno"},"sameAs":["http:\/\/blogdobispo.com.br"],"url":"https:\/\/blogdobispo.com.br\/?author=1"}]}},"featured_image_urls":{"full":"","thumbnail":"","medium":"","medium_large":"","large":"","1536x1536":"","2048x2048":""},"author_info":{"display_name":"Jefferson Sterfeno","author_link":"https:\/\/blogdobispo.com.br\/?author=1"},"category_info":"<a href=\"https:\/\/blogdobispo.com.br\/?cat=1\" rel=\"category\">diversos<\/a>","tag_info":"diversos","comment_count":"0","jetpack_featured_media_url":"","jetpack_sharing_enabled":true,"_links":{"self":[{"href":"https:\/\/blogdobispo.com.br\/index.php?rest_route=\/wp\/v2\/posts\/5878","targetHints":{"allow":["GET"]}}],"collection":[{"href":"https:\/\/blogdobispo.com.br\/index.php?rest_route=\/wp\/v2\/posts"}],"about":[{"href":"https:\/\/blogdobispo.com.br\/index.php?rest_route=\/wp\/v2\/types\/post"}],"author":[{"embeddable":true,"href":"https:\/\/blogdobispo.com.br\/index.php?rest_route=\/wp\/v2\/users\/1"}],"replies":[{"embeddable":true,"href":"https:\/\/blogdobispo.com.br\/index.php?rest_route=%2Fwp%2Fv2%2Fcomments&post=5878"}],"version-history":[{"count":0,"href":"https:\/\/blogdobispo.com.br\/index.php?rest_route=\/wp\/v2\/posts\/5878\/revisions"}],"wp:attachment":[{"href":"https:\/\/blogdobispo.com.br\/index.php?rest_route=%2Fwp%2Fv2%2Fmedia&parent=5878"}],"wp:term":[{"taxonomy":"category","embeddable":true,"href":"https:\/\/blogdobispo.com.br\/index.php?rest_route=%2Fwp%2Fv2%2Fcategories&post=5878"},{"taxonomy":"post_tag","embeddable":true,"href":"https:\/\/blogdobispo.com.br\/index.php?rest_route=%2Fwp%2Fv2%2Ftags&post=5878"}],"curies":[{"name":"wp","href":"https:\/\/api.w.org\/{rel}","templated":true}]}}