{"id":5872,"date":"2025-07-07T15:37:41","date_gmt":"2025-07-07T15:37:41","guid":{"rendered":"https:\/\/blogdobispo.com.br\/?p=5872"},"modified":"2025-07-07T15:43:34","modified_gmt":"2025-07-07T15:43:34","slug":"prefeito-de-cidade-no-ma-e-suspeito-de-matar-policial-em-vaquejada","status":"publish","type":"post","link":"https:\/\/blogdobispo.com.br\/?p=5872","title":{"rendered":"Prefeito \u00e9 suspeito de matar policial em vaquejada"},"content":{"rendered":"\n<p>O prefeito de Igarap\u00e9 Grande, Jo\u00e3o Vitor Xavier (PDT), \u00e9 suspeito de ter assassinado a tiros o policial militar Geidson Thiago da Silva dos Santos, de 37 anos, durante uma vaquejada na noite de domingo (6), no munic\u00edpio de Trizidela do Vale, a cerca de 280 km de S\u00e3o Lu\u00eds (MA).<\/p>\n\n\n\n<p>Segundo informa\u00e7\u00f5es preliminares da Secretaria de Seguran\u00e7a P\u00fablica do Maranh\u00e3o (SSP-MA), o crime aconteceu durante a <strong>35\u00aa Vaquejada do Parque Marat\u00e1<\/strong>, ap\u00f3s uma confus\u00e3o entre o prefeito e o PM, que estava de folga. As motiva\u00e7\u00f5es do desentendimento ainda n\u00e3o foram esclarecidas.<\/p>\n\n\n\n<p>Geidson foi atingido por v\u00e1rios disparos nas costas e chegou a ser socorrido com vida por uma ambul\u00e2ncia presente no local da festa. No entanto, morreu pouco depois de dar entrada em um hospital da regi\u00e3o.<\/p>\n\n\n\n<p>A SSP n\u00e3o informou se o prefeito foi detido, nem se houve apreens\u00e3o da arma utilizada no crime. Tamb\u00e9m n\u00e3o h\u00e1 confirma\u00e7\u00e3o oficial sobre testemunhas ou se h\u00e1 v\u00eddeos que registraram a a\u00e7\u00e3o.<\/p>\n\n\n\n<p>A morte do policial causou como\u00e7\u00e3o entre colegas de corpora\u00e7\u00e3o e moradores das cidades envolvidas. Entidades ligadas \u00e0 seguran\u00e7a p\u00fablica cobraram apura\u00e7\u00e3o r\u00e1pida e isenta.<\/p>\n\n\n\n<p>O governo do Maranh\u00e3o ainda n\u00e3o se manifestou publicamente sobre o caso.<\/p>\n\n\n\n<p>Portal UOL<\/p>\n\n\n\n<figure class=\"wp-block-image\"><img data-recalc-dims=\"1\" fetchpriority=\"high\" decoding=\"async\" width=\"800\" height=\"450\" src=\"https:\/\/i0.wp.com\/blogdobispo.com.br\/wp-content\/uploads\/2025\/07\/a-esquerda-o-prefeito-de-igarape-grande-e-a-direita-o-policial-militar-baleado-1751893983414_v2_900x506.png.webp?resize=800%2C450\" alt=\"\" class=\"wp-image-5873\" srcset=\"https:\/\/i0.wp.com\/blogdobispo.com.br\/wp-content\/uploads\/2025\/07\/a-esquerda-o-prefeito-de-igarape-grande-e-a-direita-o-policial-militar-baleado-1751893983414_v2_900x506.png.webp?w=900&amp;ssl=1 900w, https:\/\/i0.wp.com\/blogdobispo.com.br\/wp-content\/uploads\/2025\/07\/a-esquerda-o-prefeito-de-igarape-grande-e-a-direita-o-policial-militar-baleado-1751893983414_v2_900x506.png.webp?resize=300%2C169&amp;ssl=1 300w, https:\/\/i0.wp.com\/blogdobispo.com.br\/wp-content\/uploads\/2025\/07\/a-esquerda-o-prefeito-de-igarape-grande-e-a-direita-o-policial-militar-baleado-1751893983414_v2_900x506.png.webp?resize=768%2C432&amp;ssl=1 768w\" sizes=\"(max-width: 800px) 100vw, 800px\" \/><\/figure>\n","protected":false},"excerpt":{"rendered":"<p>O prefeito de Igarap\u00e9 Grande, Jo\u00e3o Vitor Xavier (PDT), \u00e9 suspeito de ter assassinado a tiros o policial militar Geidson Thiago da Silva dos Santos, de 37 anos, durante uma vaquejada na noite de domingo (6), no munic\u00edpio de Trizidela do Vale, a cerca de 280 km de S\u00e3o Lu\u00eds (MA). Segundo informa\u00e7\u00f5es preliminares da [&hellip;]<\/p>\n","protected":false},"author":1,"featured_media":0,"comment_status":"open","ping_status":"open","sticky":false,"template":"","format":"standard","meta":{"cybocfi_hide_featured_image":"","_jetpack_memberships_contains_paid_content":false,"footnotes":""},"categories":[1],"tags":[],"class_list":["post-5872","post","type-post","status-publish","format-standard","hentry","category-diversos"],"yoast_head":"<!-- This site is optimized with the Yoast SEO plugin v25.6 - https:\/\/yoast.com\/wordpress\/plugins\/seo\/ -->\n<title>Prefeito \u00e9 suspeito de matar policial em vaquejada - Blog do Bispo<\/title>\n<meta name=\"robots\" content=\"index, follow, max-snippet:-1, max-image-preview:large, max-video-preview:-1\" \/>\n<link rel=\"canonical\" href=\"https:\/\/blogdobispo.com.br\/?p=5872\" \/>\n<meta property=\"og:locale\" content=\"pt_BR\" \/>\n<meta property=\"og:type\" content=\"article\" \/>\n<meta property=\"og:title\" content=\"Prefeito \u00e9 suspeito de matar policial em vaquejada - Blog do Bispo\" \/>\n<meta property=\"og:description\" content=\"O prefeito de Igarap\u00e9 Grande, Jo\u00e3o Vitor Xavier (PDT), \u00e9 suspeito de ter assassinado a tiros o policial militar Geidson Thiago da Silva dos Santos, de 37 anos, durante uma vaquejada na noite de domingo (6), no munic\u00edpio de Trizidela do Vale, a cerca de 280 km de S\u00e3o Lu\u00eds (MA). Segundo informa\u00e7\u00f5es preliminares da [&hellip;]\" \/>\n<meta property=\"og:url\" content=\"https:\/\/blogdobispo.com.br\/?p=5872\" \/>\n<meta property=\"og:site_name\" content=\"Blog do Bispo\" \/>\n<meta property=\"article:published_time\" content=\"2025-07-07T15:37:41+00:00\" \/>\n<meta property=\"article:modified_time\" content=\"2025-07-07T15:43:34+00:00\" \/>\n<meta property=\"og:image\" content=\"http:\/\/blogdobispo.com.br\/wp-content\/uploads\/2025\/07\/a-esquerda-o-prefeito-de-igarape-grande-e-a-direita-o-policial-militar-baleado-1751893983414_v2_900x506.png.webp\" \/>\n<meta name=\"author\" content=\"Jefferson Sterfeno\" \/>\n<meta name=\"twitter:card\" content=\"summary_large_image\" \/>\n<meta name=\"twitter:label1\" content=\"Escrito por\" \/>\n\t<meta name=\"twitter:data1\" content=\"Jefferson Sterfeno\" \/>\n\t<meta name=\"twitter:label2\" content=\"Est. tempo de leitura\" \/>\n\t<meta name=\"twitter:data2\" content=\"2 minutos\" \/>\n<script type=\"application\/ld+json\" class=\"yoast-schema-graph\">{\"@context\":\"https:\/\/schema.org\",\"@graph\":[{\"@type\":\"Article\",\"@id\":\"https:\/\/blogdobispo.com.br\/?p=5872#article\",\"isPartOf\":{\"@id\":\"https:\/\/blogdobispo.com.br\/?p=5872\"},\"author\":{\"name\":\"Jefferson Sterfeno\",\"@id\":\"https:\/\/blogdobispo.com.br\/#\/schema\/person\/e2209cc0e6cea5c5233d033e997b373f\"},\"headline\":\"Prefeito \u00e9 suspeito de matar policial em vaquejada\",\"datePublished\":\"2025-07-07T15:37:41+00:00\",\"dateModified\":\"2025-07-07T15:43:34+00:00\",\"mainEntityOfPage\":{\"@id\":\"https:\/\/blogdobispo.com.br\/?p=5872\"},\"wordCount\":232,\"commentCount\":0,\"publisher\":{\"@id\":\"https:\/\/blogdobispo.com.br\/#organization\"},\"image\":{\"@id\":\"https:\/\/blogdobispo.com.br\/?p=5872#primaryimage\"},\"thumbnailUrl\":\"http:\/\/blogdobispo.com.br\/wp-content\/uploads\/2025\/07\/a-esquerda-o-prefeito-de-igarape-grande-e-a-direita-o-policial-militar-baleado-1751893983414_v2_900x506.png.webp\",\"articleSection\":[\"diversos\"],\"inLanguage\":\"pt-BR\",\"potentialAction\":[{\"@type\":\"CommentAction\",\"name\":\"Comment\",\"target\":[\"https:\/\/blogdobispo.com.br\/?p=5872#respond\"]}]},{\"@type\":\"WebPage\",\"@id\":\"https:\/\/blogdobispo.com.br\/?p=5872\",\"url\":\"https:\/\/blogdobispo.com.br\/?p=5872\",\"name\":\"Prefeito \u00e9 suspeito de matar policial em vaquejada - Blog do Bispo\",\"isPartOf\":{\"@id\":\"https:\/\/blogdobispo.com.br\/#website\"},\"primaryImageOfPage\":{\"@id\":\"https:\/\/blogdobispo.com.br\/?p=5872#primaryimage\"},\"image\":{\"@id\":\"https:\/\/blogdobispo.com.br\/?p=5872#primaryimage\"},\"thumbnailUrl\":\"http:\/\/blogdobispo.com.br\/wp-content\/uploads\/2025\/07\/a-esquerda-o-prefeito-de-igarape-grande-e-a-direita-o-policial-militar-baleado-1751893983414_v2_900x506.png.webp\",\"datePublished\":\"2025-07-07T15:37:41+00:00\",\"dateModified\":\"2025-07-07T15:43:34+00:00\",\"breadcrumb\":{\"@id\":\"https:\/\/blogdobispo.com.br\/?p=5872#breadcrumb\"},\"inLanguage\":\"pt-BR\",\"potentialAction\":[{\"@type\":\"ReadAction\",\"target\":[\"https:\/\/blogdobispo.com.br\/?p=5872\"]}]},{\"@type\":\"ImageObject\",\"inLanguage\":\"pt-BR\",\"@id\":\"https:\/\/blogdobispo.com.br\/?p=5872#primaryimage\",\"url\":\"http:\/\/blogdobispo.com.br\/wp-content\/uploads\/2025\/07\/a-esquerda-o-prefeito-de-igarape-grande-e-a-direita-o-policial-militar-baleado-1751893983414_v2_900x506.png.webp\",\"contentUrl\":\"http:\/\/blogdobispo.com.br\/wp-content\/uploads\/2025\/07\/a-esquerda-o-prefeito-de-igarape-grande-e-a-direita-o-policial-militar-baleado-1751893983414_v2_900x506.png.webp\"},{\"@type\":\"BreadcrumbList\",\"@id\":\"https:\/\/blogdobispo.com.br\/?p=5872#breadcrumb\",\"itemListElement\":[{\"@type\":\"ListItem\",\"position\":1,\"name\":\"In\u00edcio\",\"item\":\"https:\/\/blogdobispo.com.br\/\"},{\"@type\":\"ListItem\",\"position\":2,\"name\":\"Prefeito \u00e9 suspeito de matar policial em vaquejada\"}]},{\"@type\":\"WebSite\",\"@id\":\"https:\/\/blogdobispo.com.br\/#website\",\"url\":\"https:\/\/blogdobispo.com.br\/\",\"name\":\"Blog do Bispo\",\"description\":\"Comprometido apenas com o leitor\",\"publisher\":{\"@id\":\"https:\/\/blogdobispo.com.br\/#organization\"},\"potentialAction\":[{\"@type\":\"SearchAction\",\"target\":{\"@type\":\"EntryPoint\",\"urlTemplate\":\"https:\/\/blogdobispo.com.br\/?s={search_term_string}\"},\"query-input\":{\"@type\":\"PropertyValueSpecification\",\"valueRequired\":true,\"valueName\":\"search_term_string\"}}],\"inLanguage\":\"pt-BR\"},{\"@type\":\"Organization\",\"@id\":\"https:\/\/blogdobispo.com.br\/#organization\",\"name\":\"Blog do Bispo\",\"url\":\"https:\/\/blogdobispo.com.br\/\",\"logo\":{\"@type\":\"ImageObject\",\"inLanguage\":\"pt-BR\",\"@id\":\"https:\/\/blogdobispo.com.br\/#\/schema\/logo\/image\/\",\"url\":\"http:\/\/blogdobispo.com.br\/wp-content\/uploads\/2023\/05\/cropped-headear.png\",\"contentUrl\":\"http:\/\/blogdobispo.com.br\/wp-content\/uploads\/2023\/05\/cropped-headear.png\",\"width\":1500,\"height\":399,\"caption\":\"Blog do Bispo\"},\"image\":{\"@id\":\"https:\/\/blogdobispo.com.br\/#\/schema\/logo\/image\/\"}},{\"@type\":\"Person\",\"@id\":\"https:\/\/blogdobispo.com.br\/#\/schema\/person\/e2209cc0e6cea5c5233d033e997b373f\",\"name\":\"Jefferson Sterfeno\",\"image\":{\"@type\":\"ImageObject\",\"inLanguage\":\"pt-BR\",\"@id\":\"https:\/\/blogdobispo.com.br\/#\/schema\/person\/image\/\",\"url\":\"https:\/\/secure.gravatar.com\/avatar\/0534e84764641168a677026b6d57a3f51dc7ac4db0b4f6186d9cb330d4ee1160?s=96&d=mm&r=g\",\"contentUrl\":\"https:\/\/secure.gravatar.com\/avatar\/0534e84764641168a677026b6d57a3f51dc7ac4db0b4f6186d9cb330d4ee1160?s=96&d=mm&r=g\",\"caption\":\"Jefferson Sterfeno\"},\"sameAs\":[\"http:\/\/blogdobispo.com.br\"],\"url\":\"https:\/\/blogdobispo.com.br\/?author=1\"}]}<\/script>\n<!-- \/ Yoast SEO plugin. -->","yoast_head_json":{"title":"Prefeito \u00e9 suspeito de matar policial em vaquejada - Blog do Bispo","robots":{"index":"index","follow":"follow","max-snippet":"max-snippet:-1","max-image-preview":"max-image-preview:large","max-video-preview":"max-video-preview:-1"},"canonical":"https:\/\/blogdobispo.com.br\/?p=5872","og_locale":"pt_BR","og_type":"article","og_title":"Prefeito \u00e9 suspeito de matar policial em vaquejada - Blog do Bispo","og_description":"O prefeito de Igarap\u00e9 Grande, Jo\u00e3o Vitor Xavier (PDT), \u00e9 suspeito de ter assassinado a tiros o policial militar Geidson Thiago da Silva dos Santos, de 37 anos, durante uma vaquejada na noite de domingo (6), no munic\u00edpio de Trizidela do Vale, a cerca de 280 km de S\u00e3o Lu\u00eds (MA). Segundo informa\u00e7\u00f5es preliminares da [&hellip;]","og_url":"https:\/\/blogdobispo.com.br\/?p=5872","og_site_name":"Blog do Bispo","article_published_time":"2025-07-07T15:37:41+00:00","article_modified_time":"2025-07-07T15:43:34+00:00","og_image":[{"url":"http:\/\/blogdobispo.com.br\/wp-content\/uploads\/2025\/07\/a-esquerda-o-prefeito-de-igarape-grande-e-a-direita-o-policial-militar-baleado-1751893983414_v2_900x506.png.webp","type":"","width":"","height":""}],"author":"Jefferson Sterfeno","twitter_card":"summary_large_image","twitter_misc":{"Escrito por":"Jefferson Sterfeno","Est. tempo de leitura":"2 minutos"},"schema":{"@context":"https:\/\/schema.org","@graph":[{"@type":"Article","@id":"https:\/\/blogdobispo.com.br\/?p=5872#article","isPartOf":{"@id":"https:\/\/blogdobispo.com.br\/?p=5872"},"author":{"name":"Jefferson Sterfeno","@id":"https:\/\/blogdobispo.com.br\/#\/schema\/person\/e2209cc0e6cea5c5233d033e997b373f"},"headline":"Prefeito \u00e9 suspeito de matar policial em vaquejada","datePublished":"2025-07-07T15:37:41+00:00","dateModified":"2025-07-07T15:43:34+00:00","mainEntityOfPage":{"@id":"https:\/\/blogdobispo.com.br\/?p=5872"},"wordCount":232,"commentCount":0,"publisher":{"@id":"https:\/\/blogdobispo.com.br\/#organization"},"image":{"@id":"https:\/\/blogdobispo.com.br\/?p=5872#primaryimage"},"thumbnailUrl":"http:\/\/blogdobispo.com.br\/wp-content\/uploads\/2025\/07\/a-esquerda-o-prefeito-de-igarape-grande-e-a-direita-o-policial-militar-baleado-1751893983414_v2_900x506.png.webp","articleSection":["diversos"],"inLanguage":"pt-BR","potentialAction":[{"@type":"CommentAction","name":"Comment","target":["https:\/\/blogdobispo.com.br\/?p=5872#respond"]}]},{"@type":"WebPage","@id":"https:\/\/blogdobispo.com.br\/?p=5872","url":"https:\/\/blogdobispo.com.br\/?p=5872","name":"Prefeito \u00e9 suspeito de matar policial em vaquejada - Blog do Bispo","isPartOf":{"@id":"https:\/\/blogdobispo.com.br\/#website"},"primaryImageOfPage":{"@id":"https:\/\/blogdobispo.com.br\/?p=5872#primaryimage"},"image":{"@id":"https:\/\/blogdobispo.com.br\/?p=5872#primaryimage"},"thumbnailUrl":"http:\/\/blogdobispo.com.br\/wp-content\/uploads\/2025\/07\/a-esquerda-o-prefeito-de-igarape-grande-e-a-direita-o-policial-militar-baleado-1751893983414_v2_900x506.png.webp","datePublished":"2025-07-07T15:37:41+00:00","dateModified":"2025-07-07T15:43:34+00:00","breadcrumb":{"@id":"https:\/\/blogdobispo.com.br\/?p=5872#breadcrumb"},"inLanguage":"pt-BR","potentialAction":[{"@type":"ReadAction","target":["https:\/\/blogdobispo.com.br\/?p=5872"]}]},{"@type":"ImageObject","inLanguage":"pt-BR","@id":"https:\/\/blogdobispo.com.br\/?p=5872#primaryimage","url":"http:\/\/blogdobispo.com.br\/wp-content\/uploads\/2025\/07\/a-esquerda-o-prefeito-de-igarape-grande-e-a-direita-o-policial-militar-baleado-1751893983414_v2_900x506.png.webp","contentUrl":"http:\/\/blogdobispo.com.br\/wp-content\/uploads\/2025\/07\/a-esquerda-o-prefeito-de-igarape-grande-e-a-direita-o-policial-militar-baleado-1751893983414_v2_900x506.png.webp"},{"@type":"BreadcrumbList","@id":"https:\/\/blogdobispo.com.br\/?p=5872#breadcrumb","itemListElement":[{"@type":"ListItem","position":1,"name":"In\u00edcio","item":"https:\/\/blogdobispo.com.br\/"},{"@type":"ListItem","position":2,"name":"Prefeito \u00e9 suspeito de matar policial em vaquejada"}]},{"@type":"WebSite","@id":"https:\/\/blogdobispo.com.br\/#website","url":"https:\/\/blogdobispo.com.br\/","name":"Blog do Bispo","description":"Comprometido apenas com o leitor","publisher":{"@id":"https:\/\/blogdobispo.com.br\/#organization"},"potentialAction":[{"@type":"SearchAction","target":{"@type":"EntryPoint","urlTemplate":"https:\/\/blogdobispo.com.br\/?s={search_term_string}"},"query-input":{"@type":"PropertyValueSpecification","valueRequired":true,"valueName":"search_term_string"}}],"inLanguage":"pt-BR"},{"@type":"Organization","@id":"https:\/\/blogdobispo.com.br\/#organization","name":"Blog do Bispo","url":"https:\/\/blogdobispo.com.br\/","logo":{"@type":"ImageObject","inLanguage":"pt-BR","@id":"https:\/\/blogdobispo.com.br\/#\/schema\/logo\/image\/","url":"http:\/\/blogdobispo.com.br\/wp-content\/uploads\/2023\/05\/cropped-headear.png","contentUrl":"http:\/\/blogdobispo.com.br\/wp-content\/uploads\/2023\/05\/cropped-headear.png","width":1500,"height":399,"caption":"Blog do Bispo"},"image":{"@id":"https:\/\/blogdobispo.com.br\/#\/schema\/logo\/image\/"}},{"@type":"Person","@id":"https:\/\/blogdobispo.com.br\/#\/schema\/person\/e2209cc0e6cea5c5233d033e997b373f","name":"Jefferson Sterfeno","image":{"@type":"ImageObject","inLanguage":"pt-BR","@id":"https:\/\/blogdobispo.com.br\/#\/schema\/person\/image\/","url":"https:\/\/secure.gravatar.com\/avatar\/0534e84764641168a677026b6d57a3f51dc7ac4db0b4f6186d9cb330d4ee1160?s=96&d=mm&r=g","contentUrl":"https:\/\/secure.gravatar.com\/avatar\/0534e84764641168a677026b6d57a3f51dc7ac4db0b4f6186d9cb330d4ee1160?s=96&d=mm&r=g","caption":"Jefferson Sterfeno"},"sameAs":["http:\/\/blogdobispo.com.br"],"url":"https:\/\/blogdobispo.com.br\/?author=1"}]}},"featured_image_urls":{"full":"","thumbnail":"","medium":"","medium_large":"","large":"","1536x1536":"","2048x2048":""},"author_info":{"display_name":"Jefferson Sterfeno","author_link":"https:\/\/blogdobispo.com.br\/?author=1"},"category_info":"<a href=\"https:\/\/blogdobispo.com.br\/?cat=1\" rel=\"category\">diversos<\/a>","tag_info":"diversos","comment_count":"0","jetpack_featured_media_url":"","jetpack_sharing_enabled":true,"_links":{"self":[{"href":"https:\/\/blogdobispo.com.br\/index.php?rest_route=\/wp\/v2\/posts\/5872","targetHints":{"allow":["GET"]}}],"collection":[{"href":"https:\/\/blogdobispo.com.br\/index.php?rest_route=\/wp\/v2\/posts"}],"about":[{"href":"https:\/\/blogdobispo.com.br\/index.php?rest_route=\/wp\/v2\/types\/post"}],"author":[{"embeddable":true,"href":"https:\/\/blogdobispo.com.br\/index.php?rest_route=\/wp\/v2\/users\/1"}],"replies":[{"embeddable":true,"href":"https:\/\/blogdobispo.com.br\/index.php?rest_route=%2Fwp%2Fv2%2Fcomments&post=5872"}],"version-history":[{"count":3,"href":"https:\/\/blogdobispo.com.br\/index.php?rest_route=\/wp\/v2\/posts\/5872\/revisions"}],"predecessor-version":[{"id":5876,"href":"https:\/\/blogdobispo.com.br\/index.php?rest_route=\/wp\/v2\/posts\/5872\/revisions\/5876"}],"wp:attachment":[{"href":"https:\/\/blogdobispo.com.br\/index.php?rest_route=%2Fwp%2Fv2%2Fmedia&parent=5872"}],"wp:term":[{"taxonomy":"category","embeddable":true,"href":"https:\/\/blogdobispo.com.br\/index.php?rest_route=%2Fwp%2Fv2%2Fcategories&post=5872"},{"taxonomy":"post_tag","embeddable":true,"href":"https:\/\/blogdobispo.com.br\/index.php?rest_route=%2Fwp%2Fv2%2Ftags&post=5872"}],"curies":[{"name":"wp","href":"https:\/\/api.w.org\/{rel}","templated":true}]}}