{"id":5869,"date":"2025-07-07T15:17:59","date_gmt":"2025-07-07T15:17:59","guid":{"rendered":"https:\/\/blogdobispo.com.br\/?p=5869"},"modified":"2025-07-07T15:18:01","modified_gmt":"2025-07-07T15:18:01","slug":"lula-decide-que-nao-vai-sancionar-aumento-de-deputados-e-joga-desgaste-para-o-congresso","status":"publish","type":"post","link":"https:\/\/blogdobispo.com.br\/?p=5869","title":{"rendered":"Lula decide que n\u00e3o vai sancionar aumento de deputados e joga desgaste para o Congresso"},"content":{"rendered":"\n<p><strong>M\u00f4nica Bergamo \u2013 Folha de S. Paulo<\/strong><\/p>\n\n\n\n<p>O presidente Lula bateu o martelo e n\u00e3o vai sancionar o projeto de lei complementar aprovado em junho pelo Congresso que aumenta de 513 para 531 o n\u00famero de deputados federais.<\/p>\n\n\n\n<p>A coluna confirmou a informa\u00e7\u00e3o com tr\u00eas ministros que despacham com o presidente no Pal\u00e1cio do Planalto. A tend\u00eancia j\u00e1 era essa desde o in\u00edcio da discuss\u00e3o, quando o Congresso aprovou o aumento, como mostrou a Folha.<\/p>\n\n\n\n<p>Auxiliares, no entanto, ainda tentavam convencer o presidente a sancionar, argumentando que seria um gesto para distensionar a rela\u00e7\u00e3o do governo com o parlamento.<\/p>\n\n\n\n<p>No fim de semana, o presidente sacramentou a decis\u00e3o: n\u00e3o vai endossar a proposta.<\/p>\n\n\n\n<p>Uma vez decidido que n\u00e3o vai sancionar o projeto para que ele se transforme em lei, Lula agora estuda dois cen\u00e1rios: vetar a proposta, ou simplesmente lavar as m\u00e3os e deixar que ela seja promulgada pelo pr\u00f3prio Congresso.<\/p>\n\n\n\n<p>Lula j\u00e1 afirmou a ministros que quer vetar a proposta.<\/p>\n\n\n\n<p>Ele, no entanto, ainda sofre press\u00e3o para n\u00e3o fazer isso pois aumentaria o conflito com o Congresso.<\/p>\n\n\n\n<p>As possibilidades, a partir de agora, s\u00e3o duas.<\/p>\n\n\n\n<p>Na primeira hip\u00f3tese, Lula n\u00e3o foge do assunto, se responsabiliza diretamente por tentar barrar a proposta e faz um gesto de ampla popularidade: de acordo com o Datafolha, 76% dos brasileiros s\u00e3o contra o aumento no n\u00famero de deputados.<\/p>\n\n\n\n<p>Por outro lado, a indisposi\u00e7\u00e3o do presidente da C\u00e2mara, Hugo Motta (Republicanos \u2013 PB), com o governo aumentar\u00e1. Ele comandou a vota\u00e7\u00e3o e defende com veem\u00eancia o aumento no n\u00famero de parlamentares.<\/p>\n\n\n\n<p>Se Lula barrar a proposta, o Congresso ter\u00e1 que derrubar o veto dele para que ela seja implementada.<\/p>\n\n\n\n<p>Na segunda hip\u00f3tese \u2014 n\u00e3o vetar a proposta, mas apenas n\u00e3o sancion\u00e1-la, deixando a promulga\u00e7\u00e3o nas m\u00e3os do Congresso\u2014 Lula n\u00e3o usufruir\u00e1 das gl\u00f3rias do veto. Mas, por outro lado, evitar\u00e1 mais um confronto direto com o parlamento.<\/p>\n\n\n\n<p>Um ministro que despacha diretamente com Lula diz que o presidente est\u00e1 recebendo conselhos para os dois lados. Mas que, se dependesse de sua \u00fanica vontade, ele vetaria.<\/p>\n\n\n\n<p>Um outro ministro afirma que \u201co povo\u201d est\u00e1 esperando pelo veto, mas que Lula precisa ponderar o tamanho da briga que vai comprar com o parlamento. A Congresso, no entanto, n\u00e3o teria moral para reagir, j\u00e1 que tamb\u00e9m tem derrubado medidas de Lula.<\/p>\n\n\n\n<p>Por outro lado, nada fazer passaria a impress\u00e3o de um presidente \u201cfrouxo\u201d, que n\u00e3o tem coragem de tomar a decis\u00e3o correta e de acordo com sua consci\u00eancia.<\/p>\n\n\n\n<p>Deputados do PT fazem press\u00e3o pelo veto. \u201cLula deveria vetar. N\u00e3o \u00e9 o caso de se omitir\u201d, diz o deputado Rui Falc\u00e3o (PT-SP). \u201cO povo depois julga quem est\u00e1 com a raz\u00e3o\u201d.<\/p>\n\n\n\n<p>Apoiador do presidente, o coordenador do grupo Prerrogativas, Marco Aur\u00e9lio de Carvalho, diz que \u00e9 \u201cfundamental que o presidente utilize o direito de vetar para, a partir disso, promover um amplo debate sobre o assunto\u201d.<\/p>\n\n\n\n<p>\u201cO Presidente Lula tem muita sensibilidade. Sabe capturar o sentimento do povo. E, neste caso, n\u00e3o h\u00e1 d\u00favida alguma. O sentimento \u00e9 de repulsa. Com o veto, abre-se um espa\u00e7o importante para reflex\u00e3o\u201d, afirma o advogado.<\/p>\n\n\n\n<p><a href=\"https:\/\/www.blogdobg.com.br\/lula-decide-que-nao-vai-sancionar-aumento-de-deputados-e-joga-desgaste-para-o-congresso\/#comentarios\">COMENTE AQUI<\/a><\/p>\n\n\n\n<p><a href=\"tg:\/\/msg?text=https%3A%2F%2Fwww.blogdobg.com.br%2Flula-decide-que-nao-vai-sancionar-aumento-de-deputados-e-joga-desgaste-para-o-congresso%2F%20Lula%20decide%20que%20n%C3%A3o%20vai%20sancionar%20aumento%20de%20deputados%20e%20joga%20desgaste%20para%20o%20Congresso\"><\/a><\/p>\n\n\n\n<figure class=\"wp-block-image\"><img data-recalc-dims=\"1\" fetchpriority=\"high\" decoding=\"async\" width=\"800\" height=\"533\" src=\"https:\/\/i0.wp.com\/blogdobispo.com.br\/wp-content\/uploads\/2025\/07\/175146526068653d2c7321c_1751465260_3x2_rt-2048x1365-1.jpg?resize=800%2C533\" alt=\"\" class=\"wp-image-5870\" srcset=\"https:\/\/i0.wp.com\/blogdobispo.com.br\/wp-content\/uploads\/2025\/07\/175146526068653d2c7321c_1751465260_3x2_rt-2048x1365-1.jpg?w=2048&amp;ssl=1 2048w, https:\/\/i0.wp.com\/blogdobispo.com.br\/wp-content\/uploads\/2025\/07\/175146526068653d2c7321c_1751465260_3x2_rt-2048x1365-1.jpg?resize=300%2C200&amp;ssl=1 300w, https:\/\/i0.wp.com\/blogdobispo.com.br\/wp-content\/uploads\/2025\/07\/175146526068653d2c7321c_1751465260_3x2_rt-2048x1365-1.jpg?resize=1024%2C683&amp;ssl=1 1024w, https:\/\/i0.wp.com\/blogdobispo.com.br\/wp-content\/uploads\/2025\/07\/175146526068653d2c7321c_1751465260_3x2_rt-2048x1365-1.jpg?resize=768%2C512&amp;ssl=1 768w, https:\/\/i0.wp.com\/blogdobispo.com.br\/wp-content\/uploads\/2025\/07\/175146526068653d2c7321c_1751465260_3x2_rt-2048x1365-1.jpg?resize=1536%2C1024&amp;ssl=1 1536w, https:\/\/i0.wp.com\/blogdobispo.com.br\/wp-content\/uploads\/2025\/07\/175146526068653d2c7321c_1751465260_3x2_rt-2048x1365-1.jpg?w=1600 1600w\" sizes=\"(max-width: 800px) 100vw, 800px\" \/><\/figure>\n","protected":false},"excerpt":{"rendered":"<p>M\u00f4nica Bergamo \u2013 Folha de S. Paulo O presidente Lula bateu o martelo e n\u00e3o vai sancionar o projeto de lei complementar aprovado em junho pelo Congresso que aumenta de 513 para 531 o n\u00famero de deputados federais. A coluna confirmou a informa\u00e7\u00e3o com tr\u00eas ministros que despacham com o presidente no Pal\u00e1cio do Planalto. [&hellip;]<\/p>\n","protected":false},"author":1,"featured_media":0,"comment_status":"open","ping_status":"open","sticky":false,"template":"","format":"standard","meta":{"cybocfi_hide_featured_image":"","_jetpack_memberships_contains_paid_content":false,"footnotes":""},"categories":[1],"tags":[],"class_list":["post-5869","post","type-post","status-publish","format-standard","hentry","category-diversos"],"yoast_head":"<!-- This site is optimized with the Yoast SEO plugin v25.6 - https:\/\/yoast.com\/wordpress\/plugins\/seo\/ -->\n<title>Lula decide que n\u00e3o vai sancionar aumento de deputados e joga desgaste para o Congresso - Blog do Bispo<\/title>\n<meta name=\"robots\" content=\"index, follow, max-snippet:-1, max-image-preview:large, max-video-preview:-1\" \/>\n<link rel=\"canonical\" href=\"https:\/\/blogdobispo.com.br\/?p=5869\" \/>\n<meta property=\"og:locale\" content=\"pt_BR\" \/>\n<meta property=\"og:type\" content=\"article\" \/>\n<meta property=\"og:title\" content=\"Lula decide que n\u00e3o vai sancionar aumento de deputados e joga desgaste para o Congresso - Blog do Bispo\" \/>\n<meta property=\"og:description\" content=\"M\u00f4nica Bergamo \u2013 Folha de S. Paulo O presidente Lula bateu o martelo e n\u00e3o vai sancionar o projeto de lei complementar aprovado em junho pelo Congresso que aumenta de 513 para 531 o n\u00famero de deputados federais. A coluna confirmou a informa\u00e7\u00e3o com tr\u00eas ministros que despacham com o presidente no Pal\u00e1cio do Planalto. [&hellip;]\" \/>\n<meta property=\"og:url\" content=\"https:\/\/blogdobispo.com.br\/?p=5869\" \/>\n<meta property=\"og:site_name\" content=\"Blog do Bispo\" \/>\n<meta property=\"article:published_time\" content=\"2025-07-07T15:17:59+00:00\" \/>\n<meta property=\"article:modified_time\" content=\"2025-07-07T15:18:01+00:00\" \/>\n<meta property=\"og:image\" content=\"http:\/\/blogdobispo.com.br\/wp-content\/uploads\/2025\/07\/175146526068653d2c7321c_1751465260_3x2_rt-2048x1365-1.jpg\" \/>\n<meta name=\"author\" content=\"Jefferson Sterfeno\" \/>\n<meta name=\"twitter:card\" content=\"summary_large_image\" \/>\n<meta name=\"twitter:label1\" content=\"Escrito por\" \/>\n\t<meta name=\"twitter:data1\" content=\"Jefferson Sterfeno\" \/>\n\t<meta name=\"twitter:label2\" content=\"Est. tempo de leitura\" \/>\n\t<meta name=\"twitter:data2\" content=\"4 minutos\" \/>\n<script type=\"application\/ld+json\" class=\"yoast-schema-graph\">{\"@context\":\"https:\/\/schema.org\",\"@graph\":[{\"@type\":\"Article\",\"@id\":\"https:\/\/blogdobispo.com.br\/?p=5869#article\",\"isPartOf\":{\"@id\":\"https:\/\/blogdobispo.com.br\/?p=5869\"},\"author\":{\"name\":\"Jefferson Sterfeno\",\"@id\":\"https:\/\/blogdobispo.com.br\/#\/schema\/person\/e2209cc0e6cea5c5233d033e997b373f\"},\"headline\":\"Lula decide que n\u00e3o vai sancionar aumento de deputados e joga desgaste para o Congresso\",\"datePublished\":\"2025-07-07T15:17:59+00:00\",\"dateModified\":\"2025-07-07T15:18:01+00:00\",\"mainEntityOfPage\":{\"@id\":\"https:\/\/blogdobispo.com.br\/?p=5869\"},\"wordCount\":574,\"commentCount\":0,\"publisher\":{\"@id\":\"https:\/\/blogdobispo.com.br\/#organization\"},\"image\":{\"@id\":\"https:\/\/blogdobispo.com.br\/?p=5869#primaryimage\"},\"thumbnailUrl\":\"http:\/\/blogdobispo.com.br\/wp-content\/uploads\/2025\/07\/175146526068653d2c7321c_1751465260_3x2_rt-2048x1365-1.jpg\",\"articleSection\":[\"diversos\"],\"inLanguage\":\"pt-BR\",\"potentialAction\":[{\"@type\":\"CommentAction\",\"name\":\"Comment\",\"target\":[\"https:\/\/blogdobispo.com.br\/?p=5869#respond\"]}]},{\"@type\":\"WebPage\",\"@id\":\"https:\/\/blogdobispo.com.br\/?p=5869\",\"url\":\"https:\/\/blogdobispo.com.br\/?p=5869\",\"name\":\"Lula decide que n\u00e3o vai sancionar aumento de deputados e joga desgaste para o Congresso - Blog do Bispo\",\"isPartOf\":{\"@id\":\"https:\/\/blogdobispo.com.br\/#website\"},\"primaryImageOfPage\":{\"@id\":\"https:\/\/blogdobispo.com.br\/?p=5869#primaryimage\"},\"image\":{\"@id\":\"https:\/\/blogdobispo.com.br\/?p=5869#primaryimage\"},\"thumbnailUrl\":\"http:\/\/blogdobispo.com.br\/wp-content\/uploads\/2025\/07\/175146526068653d2c7321c_1751465260_3x2_rt-2048x1365-1.jpg\",\"datePublished\":\"2025-07-07T15:17:59+00:00\",\"dateModified\":\"2025-07-07T15:18:01+00:00\",\"breadcrumb\":{\"@id\":\"https:\/\/blogdobispo.com.br\/?p=5869#breadcrumb\"},\"inLanguage\":\"pt-BR\",\"potentialAction\":[{\"@type\":\"ReadAction\",\"target\":[\"https:\/\/blogdobispo.com.br\/?p=5869\"]}]},{\"@type\":\"ImageObject\",\"inLanguage\":\"pt-BR\",\"@id\":\"https:\/\/blogdobispo.com.br\/?p=5869#primaryimage\",\"url\":\"http:\/\/blogdobispo.com.br\/wp-content\/uploads\/2025\/07\/175146526068653d2c7321c_1751465260_3x2_rt-2048x1365-1.jpg\",\"contentUrl\":\"http:\/\/blogdobispo.com.br\/wp-content\/uploads\/2025\/07\/175146526068653d2c7321c_1751465260_3x2_rt-2048x1365-1.jpg\"},{\"@type\":\"BreadcrumbList\",\"@id\":\"https:\/\/blogdobispo.com.br\/?p=5869#breadcrumb\",\"itemListElement\":[{\"@type\":\"ListItem\",\"position\":1,\"name\":\"In\u00edcio\",\"item\":\"https:\/\/blogdobispo.com.br\/\"},{\"@type\":\"ListItem\",\"position\":2,\"name\":\"Lula decide que n\u00e3o vai sancionar aumento de deputados e joga desgaste para o Congresso\"}]},{\"@type\":\"WebSite\",\"@id\":\"https:\/\/blogdobispo.com.br\/#website\",\"url\":\"https:\/\/blogdobispo.com.br\/\",\"name\":\"Blog do Bispo\",\"description\":\"Comprometido apenas com o leitor\",\"publisher\":{\"@id\":\"https:\/\/blogdobispo.com.br\/#organization\"},\"potentialAction\":[{\"@type\":\"SearchAction\",\"target\":{\"@type\":\"EntryPoint\",\"urlTemplate\":\"https:\/\/blogdobispo.com.br\/?s={search_term_string}\"},\"query-input\":{\"@type\":\"PropertyValueSpecification\",\"valueRequired\":true,\"valueName\":\"search_term_string\"}}],\"inLanguage\":\"pt-BR\"},{\"@type\":\"Organization\",\"@id\":\"https:\/\/blogdobispo.com.br\/#organization\",\"name\":\"Blog do Bispo\",\"url\":\"https:\/\/blogdobispo.com.br\/\",\"logo\":{\"@type\":\"ImageObject\",\"inLanguage\":\"pt-BR\",\"@id\":\"https:\/\/blogdobispo.com.br\/#\/schema\/logo\/image\/\",\"url\":\"http:\/\/blogdobispo.com.br\/wp-content\/uploads\/2023\/05\/cropped-headear.png\",\"contentUrl\":\"http:\/\/blogdobispo.com.br\/wp-content\/uploads\/2023\/05\/cropped-headear.png\",\"width\":1500,\"height\":399,\"caption\":\"Blog do Bispo\"},\"image\":{\"@id\":\"https:\/\/blogdobispo.com.br\/#\/schema\/logo\/image\/\"}},{\"@type\":\"Person\",\"@id\":\"https:\/\/blogdobispo.com.br\/#\/schema\/person\/e2209cc0e6cea5c5233d033e997b373f\",\"name\":\"Jefferson Sterfeno\",\"image\":{\"@type\":\"ImageObject\",\"inLanguage\":\"pt-BR\",\"@id\":\"https:\/\/blogdobispo.com.br\/#\/schema\/person\/image\/\",\"url\":\"https:\/\/secure.gravatar.com\/avatar\/0534e84764641168a677026b6d57a3f51dc7ac4db0b4f6186d9cb330d4ee1160?s=96&d=mm&r=g\",\"contentUrl\":\"https:\/\/secure.gravatar.com\/avatar\/0534e84764641168a677026b6d57a3f51dc7ac4db0b4f6186d9cb330d4ee1160?s=96&d=mm&r=g\",\"caption\":\"Jefferson Sterfeno\"},\"sameAs\":[\"http:\/\/blogdobispo.com.br\"],\"url\":\"https:\/\/blogdobispo.com.br\/?author=1\"}]}<\/script>\n<!-- \/ Yoast SEO plugin. -->","yoast_head_json":{"title":"Lula decide que n\u00e3o vai sancionar aumento de deputados e joga desgaste para o Congresso - Blog do Bispo","robots":{"index":"index","follow":"follow","max-snippet":"max-snippet:-1","max-image-preview":"max-image-preview:large","max-video-preview":"max-video-preview:-1"},"canonical":"https:\/\/blogdobispo.com.br\/?p=5869","og_locale":"pt_BR","og_type":"article","og_title":"Lula decide que n\u00e3o vai sancionar aumento de deputados e joga desgaste para o Congresso - Blog do Bispo","og_description":"M\u00f4nica Bergamo \u2013 Folha de S. Paulo O presidente Lula bateu o martelo e n\u00e3o vai sancionar o projeto de lei complementar aprovado em junho pelo Congresso que aumenta de 513 para 531 o n\u00famero de deputados federais. A coluna confirmou a informa\u00e7\u00e3o com tr\u00eas ministros que despacham com o presidente no Pal\u00e1cio do Planalto. [&hellip;]","og_url":"https:\/\/blogdobispo.com.br\/?p=5869","og_site_name":"Blog do Bispo","article_published_time":"2025-07-07T15:17:59+00:00","article_modified_time":"2025-07-07T15:18:01+00:00","og_image":[{"url":"http:\/\/blogdobispo.com.br\/wp-content\/uploads\/2025\/07\/175146526068653d2c7321c_1751465260_3x2_rt-2048x1365-1.jpg","type":"","width":"","height":""}],"author":"Jefferson Sterfeno","twitter_card":"summary_large_image","twitter_misc":{"Escrito por":"Jefferson Sterfeno","Est. tempo de leitura":"4 minutos"},"schema":{"@context":"https:\/\/schema.org","@graph":[{"@type":"Article","@id":"https:\/\/blogdobispo.com.br\/?p=5869#article","isPartOf":{"@id":"https:\/\/blogdobispo.com.br\/?p=5869"},"author":{"name":"Jefferson Sterfeno","@id":"https:\/\/blogdobispo.com.br\/#\/schema\/person\/e2209cc0e6cea5c5233d033e997b373f"},"headline":"Lula decide que n\u00e3o vai sancionar aumento de deputados e joga desgaste para o Congresso","datePublished":"2025-07-07T15:17:59+00:00","dateModified":"2025-07-07T15:18:01+00:00","mainEntityOfPage":{"@id":"https:\/\/blogdobispo.com.br\/?p=5869"},"wordCount":574,"commentCount":0,"publisher":{"@id":"https:\/\/blogdobispo.com.br\/#organization"},"image":{"@id":"https:\/\/blogdobispo.com.br\/?p=5869#primaryimage"},"thumbnailUrl":"http:\/\/blogdobispo.com.br\/wp-content\/uploads\/2025\/07\/175146526068653d2c7321c_1751465260_3x2_rt-2048x1365-1.jpg","articleSection":["diversos"],"inLanguage":"pt-BR","potentialAction":[{"@type":"CommentAction","name":"Comment","target":["https:\/\/blogdobispo.com.br\/?p=5869#respond"]}]},{"@type":"WebPage","@id":"https:\/\/blogdobispo.com.br\/?p=5869","url":"https:\/\/blogdobispo.com.br\/?p=5869","name":"Lula decide que n\u00e3o vai sancionar aumento de deputados e joga desgaste para o Congresso - Blog do Bispo","isPartOf":{"@id":"https:\/\/blogdobispo.com.br\/#website"},"primaryImageOfPage":{"@id":"https:\/\/blogdobispo.com.br\/?p=5869#primaryimage"},"image":{"@id":"https:\/\/blogdobispo.com.br\/?p=5869#primaryimage"},"thumbnailUrl":"http:\/\/blogdobispo.com.br\/wp-content\/uploads\/2025\/07\/175146526068653d2c7321c_1751465260_3x2_rt-2048x1365-1.jpg","datePublished":"2025-07-07T15:17:59+00:00","dateModified":"2025-07-07T15:18:01+00:00","breadcrumb":{"@id":"https:\/\/blogdobispo.com.br\/?p=5869#breadcrumb"},"inLanguage":"pt-BR","potentialAction":[{"@type":"ReadAction","target":["https:\/\/blogdobispo.com.br\/?p=5869"]}]},{"@type":"ImageObject","inLanguage":"pt-BR","@id":"https:\/\/blogdobispo.com.br\/?p=5869#primaryimage","url":"http:\/\/blogdobispo.com.br\/wp-content\/uploads\/2025\/07\/175146526068653d2c7321c_1751465260_3x2_rt-2048x1365-1.jpg","contentUrl":"http:\/\/blogdobispo.com.br\/wp-content\/uploads\/2025\/07\/175146526068653d2c7321c_1751465260_3x2_rt-2048x1365-1.jpg"},{"@type":"BreadcrumbList","@id":"https:\/\/blogdobispo.com.br\/?p=5869#breadcrumb","itemListElement":[{"@type":"ListItem","position":1,"name":"In\u00edcio","item":"https:\/\/blogdobispo.com.br\/"},{"@type":"ListItem","position":2,"name":"Lula decide que n\u00e3o vai sancionar aumento de deputados e joga desgaste para o Congresso"}]},{"@type":"WebSite","@id":"https:\/\/blogdobispo.com.br\/#website","url":"https:\/\/blogdobispo.com.br\/","name":"Blog do Bispo","description":"Comprometido apenas com o leitor","publisher":{"@id":"https:\/\/blogdobispo.com.br\/#organization"},"potentialAction":[{"@type":"SearchAction","target":{"@type":"EntryPoint","urlTemplate":"https:\/\/blogdobispo.com.br\/?s={search_term_string}"},"query-input":{"@type":"PropertyValueSpecification","valueRequired":true,"valueName":"search_term_string"}}],"inLanguage":"pt-BR"},{"@type":"Organization","@id":"https:\/\/blogdobispo.com.br\/#organization","name":"Blog do Bispo","url":"https:\/\/blogdobispo.com.br\/","logo":{"@type":"ImageObject","inLanguage":"pt-BR","@id":"https:\/\/blogdobispo.com.br\/#\/schema\/logo\/image\/","url":"http:\/\/blogdobispo.com.br\/wp-content\/uploads\/2023\/05\/cropped-headear.png","contentUrl":"http:\/\/blogdobispo.com.br\/wp-content\/uploads\/2023\/05\/cropped-headear.png","width":1500,"height":399,"caption":"Blog do Bispo"},"image":{"@id":"https:\/\/blogdobispo.com.br\/#\/schema\/logo\/image\/"}},{"@type":"Person","@id":"https:\/\/blogdobispo.com.br\/#\/schema\/person\/e2209cc0e6cea5c5233d033e997b373f","name":"Jefferson Sterfeno","image":{"@type":"ImageObject","inLanguage":"pt-BR","@id":"https:\/\/blogdobispo.com.br\/#\/schema\/person\/image\/","url":"https:\/\/secure.gravatar.com\/avatar\/0534e84764641168a677026b6d57a3f51dc7ac4db0b4f6186d9cb330d4ee1160?s=96&d=mm&r=g","contentUrl":"https:\/\/secure.gravatar.com\/avatar\/0534e84764641168a677026b6d57a3f51dc7ac4db0b4f6186d9cb330d4ee1160?s=96&d=mm&r=g","caption":"Jefferson Sterfeno"},"sameAs":["http:\/\/blogdobispo.com.br"],"url":"https:\/\/blogdobispo.com.br\/?author=1"}]}},"featured_image_urls":{"full":"","thumbnail":"","medium":"","medium_large":"","large":"","1536x1536":"","2048x2048":""},"author_info":{"display_name":"Jefferson Sterfeno","author_link":"https:\/\/blogdobispo.com.br\/?author=1"},"category_info":"<a href=\"https:\/\/blogdobispo.com.br\/?cat=1\" rel=\"category\">diversos<\/a>","tag_info":"diversos","comment_count":"0","jetpack_featured_media_url":"","jetpack_sharing_enabled":true,"_links":{"self":[{"href":"https:\/\/blogdobispo.com.br\/index.php?rest_route=\/wp\/v2\/posts\/5869","targetHints":{"allow":["GET"]}}],"collection":[{"href":"https:\/\/blogdobispo.com.br\/index.php?rest_route=\/wp\/v2\/posts"}],"about":[{"href":"https:\/\/blogdobispo.com.br\/index.php?rest_route=\/wp\/v2\/types\/post"}],"author":[{"embeddable":true,"href":"https:\/\/blogdobispo.com.br\/index.php?rest_route=\/wp\/v2\/users\/1"}],"replies":[{"embeddable":true,"href":"https:\/\/blogdobispo.com.br\/index.php?rest_route=%2Fwp%2Fv2%2Fcomments&post=5869"}],"version-history":[{"count":1,"href":"https:\/\/blogdobispo.com.br\/index.php?rest_route=\/wp\/v2\/posts\/5869\/revisions"}],"predecessor-version":[{"id":5871,"href":"https:\/\/blogdobispo.com.br\/index.php?rest_route=\/wp\/v2\/posts\/5869\/revisions\/5871"}],"wp:attachment":[{"href":"https:\/\/blogdobispo.com.br\/index.php?rest_route=%2Fwp%2Fv2%2Fmedia&parent=5869"}],"wp:term":[{"taxonomy":"category","embeddable":true,"href":"https:\/\/blogdobispo.com.br\/index.php?rest_route=%2Fwp%2Fv2%2Fcategories&post=5869"},{"taxonomy":"post_tag","embeddable":true,"href":"https:\/\/blogdobispo.com.br\/index.php?rest_route=%2Fwp%2Fv2%2Ftags&post=5869"}],"curies":[{"name":"wp","href":"https:\/\/api.w.org\/{rel}","templated":true}]}}