{"id":5866,"date":"2025-07-07T14:47:00","date_gmt":"2025-07-07T14:47:00","guid":{"rendered":"https:\/\/blogdobispo.com.br\/?p=5866"},"modified":"2025-07-07T14:47:02","modified_gmt":"2025-07-07T14:47:02","slug":"escola-do-legislativo-da-camara-de-natal-ganha-novo-folego-sob-direcao-de-lincoln-werner","status":"publish","type":"post","link":"https:\/\/blogdobispo.com.br\/?p=5866","title":{"rendered":"Escola do Legislativo da C\u00e2mara de Natal ganha novo f\u00f4lego sob dire\u00e7\u00e3o de Lincoln Werner"},"content":{"rendered":"\n<p>A Escola do Legislativo da C\u00e2mara Municipal de Natal vive um novo momento em 2025. Sob a dire\u00e7\u00e3o de Lincoln Werner, a institui\u00e7\u00e3o \u2014 que por anos foi vista como um espa\u00e7o sem grande relev\u00e2ncia dentro da estrutura legislativa \u2014 passou a ter papel ativo na forma\u00e7\u00e3o cidad\u00e3 e na qualifica\u00e7\u00e3o do servi\u00e7o p\u00fablico.<\/p>\n\n\n\n<figure class=\"wp-block-image\"><img data-recalc-dims=\"1\" fetchpriority=\"high\" decoding=\"async\" width=\"433\" height=\"515\" src=\"https:\/\/i0.wp.com\/blogdobispo.com.br\/wp-content\/uploads\/2025\/07\/foto-lincoln.jpg?resize=433%2C515\" alt=\"\" class=\"wp-image-5867\" srcset=\"https:\/\/i0.wp.com\/blogdobispo.com.br\/wp-content\/uploads\/2025\/07\/foto-lincoln.jpg?w=433&amp;ssl=1 433w, https:\/\/i0.wp.com\/blogdobispo.com.br\/wp-content\/uploads\/2025\/07\/foto-lincoln.jpg?resize=252%2C300&amp;ssl=1 252w\" sizes=\"(max-width: 433px) 100vw, 433px\" \/><\/figure>\n\n\n\n<p>No primeiro semestre deste ano, a escola tem registrado visitas frequentes de institui\u00e7\u00f5es de ensino, com programa\u00e7\u00f5es educativas voltadas para estudantes e professores. Al\u00e9m disso, foram ofertados cursos de capacita\u00e7\u00e3o voltados para servidores p\u00fablicos, ampliando o alcance da escola para al\u00e9m das fronteiras do parlamento.<\/p>\n\n\n\n<p>O novo dinamismo se d\u00e1 pela proposta de transformar o espa\u00e7o em um centro de forma\u00e7\u00e3o pol\u00edtica, cidad\u00e3 e t\u00e9cnica. A inten\u00e7\u00e3o, segundo Lincoln Werner, \u00e9 fazer da Escola do Legislativo uma ponte entre a C\u00e2mara Municipal e a sociedade, promovendo o conhecimento das fun\u00e7\u00f5es do Poder Legislativo e contribuindo para o aperfei\u00e7oamento da gest\u00e3o p\u00fablica.<\/p>\n\n\n\n<p>Com essa mudan\u00e7a de postura, a Escola do Legislativo de Natal sai da condi\u00e7\u00e3o de \u00f3rg\u00e3o secund\u00e1rio para se firmar como um importante vetor de educa\u00e7\u00e3o institucional e aproxima\u00e7\u00e3o da popula\u00e7\u00e3o com o Legislativo.<\/p>\n","protected":false},"excerpt":{"rendered":"<p>A Escola do Legislativo da C\u00e2mara Municipal de Natal vive um novo momento em 2025. Sob a dire\u00e7\u00e3o de Lincoln Werner, a institui\u00e7\u00e3o \u2014 que por anos foi vista como um espa\u00e7o sem grande relev\u00e2ncia dentro da estrutura legislativa \u2014 passou a ter papel ativo na forma\u00e7\u00e3o cidad\u00e3 e na qualifica\u00e7\u00e3o do servi\u00e7o p\u00fablico. No [&hellip;]<\/p>\n","protected":false},"author":1,"featured_media":0,"comment_status":"open","ping_status":"open","sticky":false,"template":"","format":"standard","meta":{"cybocfi_hide_featured_image":"","_jetpack_memberships_contains_paid_content":false,"footnotes":""},"categories":[1],"tags":[],"class_list":["post-5866","post","type-post","status-publish","format-standard","hentry","category-diversos"],"yoast_head":"<!-- This site is optimized with the Yoast SEO plugin v25.6 - https:\/\/yoast.com\/wordpress\/plugins\/seo\/ -->\n<title>Escola do Legislativo da C\u00e2mara de Natal ganha novo f\u00f4lego sob dire\u00e7\u00e3o de Lincoln Werner - Blog do Bispo<\/title>\n<meta name=\"robots\" content=\"index, follow, max-snippet:-1, max-image-preview:large, max-video-preview:-1\" \/>\n<link rel=\"canonical\" href=\"https:\/\/blogdobispo.com.br\/?p=5866\" \/>\n<meta property=\"og:locale\" content=\"pt_BR\" \/>\n<meta property=\"og:type\" content=\"article\" \/>\n<meta property=\"og:title\" content=\"Escola do Legislativo da C\u00e2mara de Natal ganha novo f\u00f4lego sob dire\u00e7\u00e3o de Lincoln Werner - Blog do Bispo\" \/>\n<meta property=\"og:description\" content=\"A Escola do Legislativo da C\u00e2mara Municipal de Natal vive um novo momento em 2025. Sob a dire\u00e7\u00e3o de Lincoln Werner, a institui\u00e7\u00e3o \u2014 que por anos foi vista como um espa\u00e7o sem grande relev\u00e2ncia dentro da estrutura legislativa \u2014 passou a ter papel ativo na forma\u00e7\u00e3o cidad\u00e3 e na qualifica\u00e7\u00e3o do servi\u00e7o p\u00fablico. No [&hellip;]\" \/>\n<meta property=\"og:url\" content=\"https:\/\/blogdobispo.com.br\/?p=5866\" \/>\n<meta property=\"og:site_name\" content=\"Blog do Bispo\" \/>\n<meta property=\"article:published_time\" content=\"2025-07-07T14:47:00+00:00\" \/>\n<meta property=\"article:modified_time\" content=\"2025-07-07T14:47:02+00:00\" \/>\n<meta property=\"og:image\" content=\"http:\/\/blogdobispo.com.br\/wp-content\/uploads\/2025\/07\/foto-lincoln.jpg\" \/>\n<meta name=\"author\" content=\"Jefferson Sterfeno\" \/>\n<meta name=\"twitter:card\" content=\"summary_large_image\" \/>\n<meta name=\"twitter:label1\" content=\"Escrito por\" \/>\n\t<meta name=\"twitter:data1\" content=\"Jefferson Sterfeno\" \/>\n\t<meta name=\"twitter:label2\" content=\"Est. tempo de leitura\" \/>\n\t<meta name=\"twitter:data2\" content=\"2 minutos\" \/>\n<script type=\"application\/ld+json\" class=\"yoast-schema-graph\">{\"@context\":\"https:\/\/schema.org\",\"@graph\":[{\"@type\":\"Article\",\"@id\":\"https:\/\/blogdobispo.com.br\/?p=5866#article\",\"isPartOf\":{\"@id\":\"https:\/\/blogdobispo.com.br\/?p=5866\"},\"author\":{\"name\":\"Jefferson Sterfeno\",\"@id\":\"https:\/\/blogdobispo.com.br\/#\/schema\/person\/e2209cc0e6cea5c5233d033e997b373f\"},\"headline\":\"Escola do Legislativo da C\u00e2mara de Natal ganha novo f\u00f4lego sob dire\u00e7\u00e3o de Lincoln Werner\",\"datePublished\":\"2025-07-07T14:47:00+00:00\",\"dateModified\":\"2025-07-07T14:47:02+00:00\",\"mainEntityOfPage\":{\"@id\":\"https:\/\/blogdobispo.com.br\/?p=5866\"},\"wordCount\":235,\"commentCount\":0,\"publisher\":{\"@id\":\"https:\/\/blogdobispo.com.br\/#organization\"},\"image\":{\"@id\":\"https:\/\/blogdobispo.com.br\/?p=5866#primaryimage\"},\"thumbnailUrl\":\"http:\/\/blogdobispo.com.br\/wp-content\/uploads\/2025\/07\/foto-lincoln.jpg\",\"articleSection\":[\"diversos\"],\"inLanguage\":\"pt-BR\",\"potentialAction\":[{\"@type\":\"CommentAction\",\"name\":\"Comment\",\"target\":[\"https:\/\/blogdobispo.com.br\/?p=5866#respond\"]}]},{\"@type\":\"WebPage\",\"@id\":\"https:\/\/blogdobispo.com.br\/?p=5866\",\"url\":\"https:\/\/blogdobispo.com.br\/?p=5866\",\"name\":\"Escola do Legislativo da C\u00e2mara de Natal ganha novo f\u00f4lego sob dire\u00e7\u00e3o de Lincoln Werner - Blog do Bispo\",\"isPartOf\":{\"@id\":\"https:\/\/blogdobispo.com.br\/#website\"},\"primaryImageOfPage\":{\"@id\":\"https:\/\/blogdobispo.com.br\/?p=5866#primaryimage\"},\"image\":{\"@id\":\"https:\/\/blogdobispo.com.br\/?p=5866#primaryimage\"},\"thumbnailUrl\":\"http:\/\/blogdobispo.com.br\/wp-content\/uploads\/2025\/07\/foto-lincoln.jpg\",\"datePublished\":\"2025-07-07T14:47:00+00:00\",\"dateModified\":\"2025-07-07T14:47:02+00:00\",\"breadcrumb\":{\"@id\":\"https:\/\/blogdobispo.com.br\/?p=5866#breadcrumb\"},\"inLanguage\":\"pt-BR\",\"potentialAction\":[{\"@type\":\"ReadAction\",\"target\":[\"https:\/\/blogdobispo.com.br\/?p=5866\"]}]},{\"@type\":\"ImageObject\",\"inLanguage\":\"pt-BR\",\"@id\":\"https:\/\/blogdobispo.com.br\/?p=5866#primaryimage\",\"url\":\"http:\/\/blogdobispo.com.br\/wp-content\/uploads\/2025\/07\/foto-lincoln.jpg\",\"contentUrl\":\"http:\/\/blogdobispo.com.br\/wp-content\/uploads\/2025\/07\/foto-lincoln.jpg\"},{\"@type\":\"BreadcrumbList\",\"@id\":\"https:\/\/blogdobispo.com.br\/?p=5866#breadcrumb\",\"itemListElement\":[{\"@type\":\"ListItem\",\"position\":1,\"name\":\"In\u00edcio\",\"item\":\"https:\/\/blogdobispo.com.br\/\"},{\"@type\":\"ListItem\",\"position\":2,\"name\":\"Escola do Legislativo da C\u00e2mara de Natal ganha novo f\u00f4lego sob dire\u00e7\u00e3o de Lincoln Werner\"}]},{\"@type\":\"WebSite\",\"@id\":\"https:\/\/blogdobispo.com.br\/#website\",\"url\":\"https:\/\/blogdobispo.com.br\/\",\"name\":\"Blog do Bispo\",\"description\":\"Comprometido apenas com o leitor\",\"publisher\":{\"@id\":\"https:\/\/blogdobispo.com.br\/#organization\"},\"potentialAction\":[{\"@type\":\"SearchAction\",\"target\":{\"@type\":\"EntryPoint\",\"urlTemplate\":\"https:\/\/blogdobispo.com.br\/?s={search_term_string}\"},\"query-input\":{\"@type\":\"PropertyValueSpecification\",\"valueRequired\":true,\"valueName\":\"search_term_string\"}}],\"inLanguage\":\"pt-BR\"},{\"@type\":\"Organization\",\"@id\":\"https:\/\/blogdobispo.com.br\/#organization\",\"name\":\"Blog do Bispo\",\"url\":\"https:\/\/blogdobispo.com.br\/\",\"logo\":{\"@type\":\"ImageObject\",\"inLanguage\":\"pt-BR\",\"@id\":\"https:\/\/blogdobispo.com.br\/#\/schema\/logo\/image\/\",\"url\":\"http:\/\/blogdobispo.com.br\/wp-content\/uploads\/2023\/05\/cropped-headear.png\",\"contentUrl\":\"http:\/\/blogdobispo.com.br\/wp-content\/uploads\/2023\/05\/cropped-headear.png\",\"width\":1500,\"height\":399,\"caption\":\"Blog do Bispo\"},\"image\":{\"@id\":\"https:\/\/blogdobispo.com.br\/#\/schema\/logo\/image\/\"}},{\"@type\":\"Person\",\"@id\":\"https:\/\/blogdobispo.com.br\/#\/schema\/person\/e2209cc0e6cea5c5233d033e997b373f\",\"name\":\"Jefferson Sterfeno\",\"image\":{\"@type\":\"ImageObject\",\"inLanguage\":\"pt-BR\",\"@id\":\"https:\/\/blogdobispo.com.br\/#\/schema\/person\/image\/\",\"url\":\"https:\/\/secure.gravatar.com\/avatar\/0534e84764641168a677026b6d57a3f51dc7ac4db0b4f6186d9cb330d4ee1160?s=96&d=mm&r=g\",\"contentUrl\":\"https:\/\/secure.gravatar.com\/avatar\/0534e84764641168a677026b6d57a3f51dc7ac4db0b4f6186d9cb330d4ee1160?s=96&d=mm&r=g\",\"caption\":\"Jefferson Sterfeno\"},\"sameAs\":[\"http:\/\/blogdobispo.com.br\"],\"url\":\"https:\/\/blogdobispo.com.br\/?author=1\"}]}<\/script>\n<!-- \/ Yoast SEO plugin. -->","yoast_head_json":{"title":"Escola do Legislativo da C\u00e2mara de Natal ganha novo f\u00f4lego sob dire\u00e7\u00e3o de Lincoln Werner - Blog do Bispo","robots":{"index":"index","follow":"follow","max-snippet":"max-snippet:-1","max-image-preview":"max-image-preview:large","max-video-preview":"max-video-preview:-1"},"canonical":"https:\/\/blogdobispo.com.br\/?p=5866","og_locale":"pt_BR","og_type":"article","og_title":"Escola do Legislativo da C\u00e2mara de Natal ganha novo f\u00f4lego sob dire\u00e7\u00e3o de Lincoln Werner - Blog do Bispo","og_description":"A Escola do Legislativo da C\u00e2mara Municipal de Natal vive um novo momento em 2025. Sob a dire\u00e7\u00e3o de Lincoln Werner, a institui\u00e7\u00e3o \u2014 que por anos foi vista como um espa\u00e7o sem grande relev\u00e2ncia dentro da estrutura legislativa \u2014 passou a ter papel ativo na forma\u00e7\u00e3o cidad\u00e3 e na qualifica\u00e7\u00e3o do servi\u00e7o p\u00fablico. No [&hellip;]","og_url":"https:\/\/blogdobispo.com.br\/?p=5866","og_site_name":"Blog do Bispo","article_published_time":"2025-07-07T14:47:00+00:00","article_modified_time":"2025-07-07T14:47:02+00:00","og_image":[{"url":"http:\/\/blogdobispo.com.br\/wp-content\/uploads\/2025\/07\/foto-lincoln.jpg","type":"","width":"","height":""}],"author":"Jefferson Sterfeno","twitter_card":"summary_large_image","twitter_misc":{"Escrito por":"Jefferson Sterfeno","Est. tempo de leitura":"2 minutos"},"schema":{"@context":"https:\/\/schema.org","@graph":[{"@type":"Article","@id":"https:\/\/blogdobispo.com.br\/?p=5866#article","isPartOf":{"@id":"https:\/\/blogdobispo.com.br\/?p=5866"},"author":{"name":"Jefferson Sterfeno","@id":"https:\/\/blogdobispo.com.br\/#\/schema\/person\/e2209cc0e6cea5c5233d033e997b373f"},"headline":"Escola do Legislativo da C\u00e2mara de Natal ganha novo f\u00f4lego sob dire\u00e7\u00e3o de Lincoln Werner","datePublished":"2025-07-07T14:47:00+00:00","dateModified":"2025-07-07T14:47:02+00:00","mainEntityOfPage":{"@id":"https:\/\/blogdobispo.com.br\/?p=5866"},"wordCount":235,"commentCount":0,"publisher":{"@id":"https:\/\/blogdobispo.com.br\/#organization"},"image":{"@id":"https:\/\/blogdobispo.com.br\/?p=5866#primaryimage"},"thumbnailUrl":"http:\/\/blogdobispo.com.br\/wp-content\/uploads\/2025\/07\/foto-lincoln.jpg","articleSection":["diversos"],"inLanguage":"pt-BR","potentialAction":[{"@type":"CommentAction","name":"Comment","target":["https:\/\/blogdobispo.com.br\/?p=5866#respond"]}]},{"@type":"WebPage","@id":"https:\/\/blogdobispo.com.br\/?p=5866","url":"https:\/\/blogdobispo.com.br\/?p=5866","name":"Escola do Legislativo da C\u00e2mara de Natal ganha novo f\u00f4lego sob dire\u00e7\u00e3o de Lincoln Werner - Blog do Bispo","isPartOf":{"@id":"https:\/\/blogdobispo.com.br\/#website"},"primaryImageOfPage":{"@id":"https:\/\/blogdobispo.com.br\/?p=5866#primaryimage"},"image":{"@id":"https:\/\/blogdobispo.com.br\/?p=5866#primaryimage"},"thumbnailUrl":"http:\/\/blogdobispo.com.br\/wp-content\/uploads\/2025\/07\/foto-lincoln.jpg","datePublished":"2025-07-07T14:47:00+00:00","dateModified":"2025-07-07T14:47:02+00:00","breadcrumb":{"@id":"https:\/\/blogdobispo.com.br\/?p=5866#breadcrumb"},"inLanguage":"pt-BR","potentialAction":[{"@type":"ReadAction","target":["https:\/\/blogdobispo.com.br\/?p=5866"]}]},{"@type":"ImageObject","inLanguage":"pt-BR","@id":"https:\/\/blogdobispo.com.br\/?p=5866#primaryimage","url":"http:\/\/blogdobispo.com.br\/wp-content\/uploads\/2025\/07\/foto-lincoln.jpg","contentUrl":"http:\/\/blogdobispo.com.br\/wp-content\/uploads\/2025\/07\/foto-lincoln.jpg"},{"@type":"BreadcrumbList","@id":"https:\/\/blogdobispo.com.br\/?p=5866#breadcrumb","itemListElement":[{"@type":"ListItem","position":1,"name":"In\u00edcio","item":"https:\/\/blogdobispo.com.br\/"},{"@type":"ListItem","position":2,"name":"Escola do Legislativo da C\u00e2mara de Natal ganha novo f\u00f4lego sob dire\u00e7\u00e3o de Lincoln Werner"}]},{"@type":"WebSite","@id":"https:\/\/blogdobispo.com.br\/#website","url":"https:\/\/blogdobispo.com.br\/","name":"Blog do Bispo","description":"Comprometido apenas com o leitor","publisher":{"@id":"https:\/\/blogdobispo.com.br\/#organization"},"potentialAction":[{"@type":"SearchAction","target":{"@type":"EntryPoint","urlTemplate":"https:\/\/blogdobispo.com.br\/?s={search_term_string}"},"query-input":{"@type":"PropertyValueSpecification","valueRequired":true,"valueName":"search_term_string"}}],"inLanguage":"pt-BR"},{"@type":"Organization","@id":"https:\/\/blogdobispo.com.br\/#organization","name":"Blog do Bispo","url":"https:\/\/blogdobispo.com.br\/","logo":{"@type":"ImageObject","inLanguage":"pt-BR","@id":"https:\/\/blogdobispo.com.br\/#\/schema\/logo\/image\/","url":"http:\/\/blogdobispo.com.br\/wp-content\/uploads\/2023\/05\/cropped-headear.png","contentUrl":"http:\/\/blogdobispo.com.br\/wp-content\/uploads\/2023\/05\/cropped-headear.png","width":1500,"height":399,"caption":"Blog do Bispo"},"image":{"@id":"https:\/\/blogdobispo.com.br\/#\/schema\/logo\/image\/"}},{"@type":"Person","@id":"https:\/\/blogdobispo.com.br\/#\/schema\/person\/e2209cc0e6cea5c5233d033e997b373f","name":"Jefferson Sterfeno","image":{"@type":"ImageObject","inLanguage":"pt-BR","@id":"https:\/\/blogdobispo.com.br\/#\/schema\/person\/image\/","url":"https:\/\/secure.gravatar.com\/avatar\/0534e84764641168a677026b6d57a3f51dc7ac4db0b4f6186d9cb330d4ee1160?s=96&d=mm&r=g","contentUrl":"https:\/\/secure.gravatar.com\/avatar\/0534e84764641168a677026b6d57a3f51dc7ac4db0b4f6186d9cb330d4ee1160?s=96&d=mm&r=g","caption":"Jefferson Sterfeno"},"sameAs":["http:\/\/blogdobispo.com.br"],"url":"https:\/\/blogdobispo.com.br\/?author=1"}]}},"featured_image_urls":{"full":"","thumbnail":"","medium":"","medium_large":"","large":"","1536x1536":"","2048x2048":""},"author_info":{"display_name":"Jefferson Sterfeno","author_link":"https:\/\/blogdobispo.com.br\/?author=1"},"category_info":"<a href=\"https:\/\/blogdobispo.com.br\/?cat=1\" rel=\"category\">diversos<\/a>","tag_info":"diversos","comment_count":"0","jetpack_featured_media_url":"","jetpack_sharing_enabled":true,"_links":{"self":[{"href":"https:\/\/blogdobispo.com.br\/index.php?rest_route=\/wp\/v2\/posts\/5866","targetHints":{"allow":["GET"]}}],"collection":[{"href":"https:\/\/blogdobispo.com.br\/index.php?rest_route=\/wp\/v2\/posts"}],"about":[{"href":"https:\/\/blogdobispo.com.br\/index.php?rest_route=\/wp\/v2\/types\/post"}],"author":[{"embeddable":true,"href":"https:\/\/blogdobispo.com.br\/index.php?rest_route=\/wp\/v2\/users\/1"}],"replies":[{"embeddable":true,"href":"https:\/\/blogdobispo.com.br\/index.php?rest_route=%2Fwp%2Fv2%2Fcomments&post=5866"}],"version-history":[{"count":1,"href":"https:\/\/blogdobispo.com.br\/index.php?rest_route=\/wp\/v2\/posts\/5866\/revisions"}],"predecessor-version":[{"id":5868,"href":"https:\/\/blogdobispo.com.br\/index.php?rest_route=\/wp\/v2\/posts\/5866\/revisions\/5868"}],"wp:attachment":[{"href":"https:\/\/blogdobispo.com.br\/index.php?rest_route=%2Fwp%2Fv2%2Fmedia&parent=5866"}],"wp:term":[{"taxonomy":"category","embeddable":true,"href":"https:\/\/blogdobispo.com.br\/index.php?rest_route=%2Fwp%2Fv2%2Fcategories&post=5866"},{"taxonomy":"post_tag","embeddable":true,"href":"https:\/\/blogdobispo.com.br\/index.php?rest_route=%2Fwp%2Fv2%2Ftags&post=5866"}],"curies":[{"name":"wp","href":"https:\/\/api.w.org\/{rel}","templated":true}]}}