{"id":5854,"date":"2025-07-07T12:58:01","date_gmt":"2025-07-07T12:58:01","guid":{"rendered":"https:\/\/blogdobispo.com.br\/?p=5854"},"modified":"2025-07-07T13:20:57","modified_gmt":"2025-07-07T13:20:57","slug":"deputado-se-recupera-depois-de-passar-mal-durante-viagem-e-ser-submetido-cirurgia-de-urgencia-em-sp","status":"publish","type":"post","link":"https:\/\/blogdobispo.com.br\/?p=5854","title":{"rendered":"Deputado se recupera depois de  passar mal durante viagem e ser submetido cirurgia de urg\u00eancia em SP"},"content":{"rendered":"\n<p>O deputado estadual Ivanilson Oliveira (Uni\u00e3o Brasil) precisou ser internado e passou por um procedimento card\u00edaco de urg\u00eancia durante viagem a S\u00e3o Paulo nesta domingo (6). O parlamentar estava na capital paulista para participar do Festival ABCR 2025, evento nacional que re\u00fane lideran\u00e7as e especialistas para discutir pol\u00edticas p\u00fablicas voltadas ao fortalecimento da \u00e1rea.<\/p>\n\n\n\n<p>Em publica\u00e7\u00e3o nas redes sociais, Ivanilson relatou que teve um mal-estar durante a viagem e, ap\u00f3s a realiza\u00e7\u00e3o de exames, foi constatada a necessidade do procedimento m\u00e9dico imediato. Ele segue em recupera\u00e7\u00e3o, acompanhado por uma equipe especializada.<\/p>\n\n\n\n<p>\u201cSigo em recupera\u00e7\u00e3o, bem acompanhado por uma equipe m\u00e9dica especializada. Mesmo distante fisicamente, permaneci atento aos assuntos do nosso estado e em contato constante com minha equipe. Agrade\u00e7o, de cora\u00e7\u00e3o, todas as mensagens de apoio e carinho. Elas t\u00eam sido um grande incentivo nesse momento de recupera\u00e7\u00e3o\u201d, escreveu o deputado.<\/p>\n\n\n\n<p>Ivanilson Oliveira tamb\u00e9m informou que deve retornar em breve ao Rio Grande do Norte. \u201cDaqui a pouco estarei de volta, com ainda mais energia para seguir trabalhando por voc\u00eas\u201d, afirmou.<\/p>\n\n\n\n<p>O estado de sa\u00fade do parlamentar \u00e9 est\u00e1vel, e ele segue sob cuidados m\u00e9dicos at\u00e9 libera\u00e7\u00e3o para viagem de retorno.<\/p>\n\n\n\n<p><a href=\"https:\/\/www.facebook.com\/sharer.php?u=https%3A%2F%2Ftribunadonorte.com.br%2Fpolitica%2Fdeputado-passa-mal-durante-viagem-e-e-submetido-a-cirurgia-de-urgencia-em-sp%2F\"><\/a><\/p>\n\n\n\n<p>Tribuna do Norte<\/p>\n\n\n\n<figure class=\"wp-block-image\"><img data-recalc-dims=\"1\" fetchpriority=\"high\" decoding=\"async\" width=\"468\" height=\"532\" src=\"https:\/\/i0.wp.com\/blogdobispo.com.br\/wp-content\/uploads\/2025\/07\/image-3-1.webp?resize=468%2C532\" alt=\"\" class=\"wp-image-5864\" srcset=\"https:\/\/i0.wp.com\/blogdobispo.com.br\/wp-content\/uploads\/2025\/07\/image-3-1.webp?w=468&amp;ssl=1 468w, https:\/\/i0.wp.com\/blogdobispo.com.br\/wp-content\/uploads\/2025\/07\/image-3-1.webp?resize=264%2C300&amp;ssl=1 264w\" sizes=\"(max-width: 468px) 100vw, 468px\" \/><\/figure>\n","protected":false},"excerpt":{"rendered":"<p>O deputado estadual Ivanilson Oliveira (Uni\u00e3o Brasil) precisou ser internado e passou por um procedimento card\u00edaco de urg\u00eancia durante viagem a S\u00e3o Paulo nesta domingo (6). O parlamentar estava na capital paulista para participar do Festival ABCR 2025, evento nacional que re\u00fane lideran\u00e7as e especialistas para discutir pol\u00edticas p\u00fablicas voltadas ao fortalecimento da \u00e1rea. Em [&hellip;]<\/p>\n","protected":false},"author":1,"featured_media":0,"comment_status":"open","ping_status":"open","sticky":false,"template":"","format":"standard","meta":{"cybocfi_hide_featured_image":"","_jetpack_memberships_contains_paid_content":false,"footnotes":""},"categories":[1],"tags":[],"class_list":["post-5854","post","type-post","status-publish","format-standard","hentry","category-diversos"],"yoast_head":"<!-- This site is optimized with the Yoast SEO plugin v25.6 - https:\/\/yoast.com\/wordpress\/plugins\/seo\/ -->\n<title>Deputado se recupera depois de passar mal durante viagem e ser submetido cirurgia de urg\u00eancia em SP - Blog do Bispo<\/title>\n<meta name=\"robots\" content=\"index, follow, max-snippet:-1, max-image-preview:large, max-video-preview:-1\" \/>\n<link rel=\"canonical\" href=\"https:\/\/blogdobispo.com.br\/?p=5854\" \/>\n<meta property=\"og:locale\" content=\"pt_BR\" \/>\n<meta property=\"og:type\" content=\"article\" \/>\n<meta property=\"og:title\" content=\"Deputado se recupera depois de passar mal durante viagem e ser submetido cirurgia de urg\u00eancia em SP - Blog do Bispo\" \/>\n<meta property=\"og:description\" content=\"O deputado estadual Ivanilson Oliveira (Uni\u00e3o Brasil) precisou ser internado e passou por um procedimento card\u00edaco de urg\u00eancia durante viagem a S\u00e3o Paulo nesta domingo (6). O parlamentar estava na capital paulista para participar do Festival ABCR 2025, evento nacional que re\u00fane lideran\u00e7as e especialistas para discutir pol\u00edticas p\u00fablicas voltadas ao fortalecimento da \u00e1rea. Em [&hellip;]\" \/>\n<meta property=\"og:url\" content=\"https:\/\/blogdobispo.com.br\/?p=5854\" \/>\n<meta property=\"og:site_name\" content=\"Blog do Bispo\" \/>\n<meta property=\"article:published_time\" content=\"2025-07-07T12:58:01+00:00\" \/>\n<meta property=\"article:modified_time\" content=\"2025-07-07T13:20:57+00:00\" \/>\n<meta property=\"og:image\" content=\"http:\/\/blogdobispo.com.br\/wp-content\/uploads\/2025\/07\/image-3-1.webp\" \/>\n<meta name=\"author\" content=\"Jefferson Sterfeno\" \/>\n<meta name=\"twitter:card\" content=\"summary_large_image\" \/>\n<meta name=\"twitter:label1\" content=\"Escrito por\" \/>\n\t<meta name=\"twitter:data1\" content=\"Jefferson Sterfeno\" \/>\n\t<meta name=\"twitter:label2\" content=\"Est. tempo de leitura\" \/>\n\t<meta name=\"twitter:data2\" content=\"2 minutos\" \/>\n<script type=\"application\/ld+json\" class=\"yoast-schema-graph\">{\"@context\":\"https:\/\/schema.org\",\"@graph\":[{\"@type\":\"Article\",\"@id\":\"https:\/\/blogdobispo.com.br\/?p=5854#article\",\"isPartOf\":{\"@id\":\"https:\/\/blogdobispo.com.br\/?p=5854\"},\"author\":{\"name\":\"Jefferson Sterfeno\",\"@id\":\"https:\/\/blogdobispo.com.br\/#\/schema\/person\/e2209cc0e6cea5c5233d033e997b373f\"},\"headline\":\"Deputado se recupera depois de passar mal durante viagem e ser submetido cirurgia de urg\u00eancia em SP\",\"datePublished\":\"2025-07-07T12:58:01+00:00\",\"dateModified\":\"2025-07-07T13:20:57+00:00\",\"mainEntityOfPage\":{\"@id\":\"https:\/\/blogdobispo.com.br\/?p=5854\"},\"wordCount\":234,\"commentCount\":0,\"publisher\":{\"@id\":\"https:\/\/blogdobispo.com.br\/#organization\"},\"image\":{\"@id\":\"https:\/\/blogdobispo.com.br\/?p=5854#primaryimage\"},\"thumbnailUrl\":\"http:\/\/blogdobispo.com.br\/wp-content\/uploads\/2025\/07\/image-3-1.webp\",\"articleSection\":[\"diversos\"],\"inLanguage\":\"pt-BR\",\"potentialAction\":[{\"@type\":\"CommentAction\",\"name\":\"Comment\",\"target\":[\"https:\/\/blogdobispo.com.br\/?p=5854#respond\"]}]},{\"@type\":\"WebPage\",\"@id\":\"https:\/\/blogdobispo.com.br\/?p=5854\",\"url\":\"https:\/\/blogdobispo.com.br\/?p=5854\",\"name\":\"Deputado se recupera depois de passar mal durante viagem e ser submetido cirurgia de urg\u00eancia em SP - Blog do Bispo\",\"isPartOf\":{\"@id\":\"https:\/\/blogdobispo.com.br\/#website\"},\"primaryImageOfPage\":{\"@id\":\"https:\/\/blogdobispo.com.br\/?p=5854#primaryimage\"},\"image\":{\"@id\":\"https:\/\/blogdobispo.com.br\/?p=5854#primaryimage\"},\"thumbnailUrl\":\"http:\/\/blogdobispo.com.br\/wp-content\/uploads\/2025\/07\/image-3-1.webp\",\"datePublished\":\"2025-07-07T12:58:01+00:00\",\"dateModified\":\"2025-07-07T13:20:57+00:00\",\"breadcrumb\":{\"@id\":\"https:\/\/blogdobispo.com.br\/?p=5854#breadcrumb\"},\"inLanguage\":\"pt-BR\",\"potentialAction\":[{\"@type\":\"ReadAction\",\"target\":[\"https:\/\/blogdobispo.com.br\/?p=5854\"]}]},{\"@type\":\"ImageObject\",\"inLanguage\":\"pt-BR\",\"@id\":\"https:\/\/blogdobispo.com.br\/?p=5854#primaryimage\",\"url\":\"http:\/\/blogdobispo.com.br\/wp-content\/uploads\/2025\/07\/image-3-1.webp\",\"contentUrl\":\"http:\/\/blogdobispo.com.br\/wp-content\/uploads\/2025\/07\/image-3-1.webp\"},{\"@type\":\"BreadcrumbList\",\"@id\":\"https:\/\/blogdobispo.com.br\/?p=5854#breadcrumb\",\"itemListElement\":[{\"@type\":\"ListItem\",\"position\":1,\"name\":\"In\u00edcio\",\"item\":\"https:\/\/blogdobispo.com.br\/\"},{\"@type\":\"ListItem\",\"position\":2,\"name\":\"Deputado se recupera depois de passar mal durante viagem e ser submetido cirurgia de urg\u00eancia em SP\"}]},{\"@type\":\"WebSite\",\"@id\":\"https:\/\/blogdobispo.com.br\/#website\",\"url\":\"https:\/\/blogdobispo.com.br\/\",\"name\":\"Blog do Bispo\",\"description\":\"Comprometido apenas com o leitor\",\"publisher\":{\"@id\":\"https:\/\/blogdobispo.com.br\/#organization\"},\"potentialAction\":[{\"@type\":\"SearchAction\",\"target\":{\"@type\":\"EntryPoint\",\"urlTemplate\":\"https:\/\/blogdobispo.com.br\/?s={search_term_string}\"},\"query-input\":{\"@type\":\"PropertyValueSpecification\",\"valueRequired\":true,\"valueName\":\"search_term_string\"}}],\"inLanguage\":\"pt-BR\"},{\"@type\":\"Organization\",\"@id\":\"https:\/\/blogdobispo.com.br\/#organization\",\"name\":\"Blog do Bispo\",\"url\":\"https:\/\/blogdobispo.com.br\/\",\"logo\":{\"@type\":\"ImageObject\",\"inLanguage\":\"pt-BR\",\"@id\":\"https:\/\/blogdobispo.com.br\/#\/schema\/logo\/image\/\",\"url\":\"http:\/\/blogdobispo.com.br\/wp-content\/uploads\/2023\/05\/cropped-headear.png\",\"contentUrl\":\"http:\/\/blogdobispo.com.br\/wp-content\/uploads\/2023\/05\/cropped-headear.png\",\"width\":1500,\"height\":399,\"caption\":\"Blog do Bispo\"},\"image\":{\"@id\":\"https:\/\/blogdobispo.com.br\/#\/schema\/logo\/image\/\"}},{\"@type\":\"Person\",\"@id\":\"https:\/\/blogdobispo.com.br\/#\/schema\/person\/e2209cc0e6cea5c5233d033e997b373f\",\"name\":\"Jefferson Sterfeno\",\"image\":{\"@type\":\"ImageObject\",\"inLanguage\":\"pt-BR\",\"@id\":\"https:\/\/blogdobispo.com.br\/#\/schema\/person\/image\/\",\"url\":\"https:\/\/secure.gravatar.com\/avatar\/0534e84764641168a677026b6d57a3f51dc7ac4db0b4f6186d9cb330d4ee1160?s=96&d=mm&r=g\",\"contentUrl\":\"https:\/\/secure.gravatar.com\/avatar\/0534e84764641168a677026b6d57a3f51dc7ac4db0b4f6186d9cb330d4ee1160?s=96&d=mm&r=g\",\"caption\":\"Jefferson Sterfeno\"},\"sameAs\":[\"http:\/\/blogdobispo.com.br\"],\"url\":\"https:\/\/blogdobispo.com.br\/?author=1\"}]}<\/script>\n<!-- \/ Yoast SEO plugin. -->","yoast_head_json":{"title":"Deputado se recupera depois de passar mal durante viagem e ser submetido cirurgia de urg\u00eancia em SP - Blog do Bispo","robots":{"index":"index","follow":"follow","max-snippet":"max-snippet:-1","max-image-preview":"max-image-preview:large","max-video-preview":"max-video-preview:-1"},"canonical":"https:\/\/blogdobispo.com.br\/?p=5854","og_locale":"pt_BR","og_type":"article","og_title":"Deputado se recupera depois de passar mal durante viagem e ser submetido cirurgia de urg\u00eancia em SP - Blog do Bispo","og_description":"O deputado estadual Ivanilson Oliveira (Uni\u00e3o Brasil) precisou ser internado e passou por um procedimento card\u00edaco de urg\u00eancia durante viagem a S\u00e3o Paulo nesta domingo (6). O parlamentar estava na capital paulista para participar do Festival ABCR 2025, evento nacional que re\u00fane lideran\u00e7as e especialistas para discutir pol\u00edticas p\u00fablicas voltadas ao fortalecimento da \u00e1rea. Em [&hellip;]","og_url":"https:\/\/blogdobispo.com.br\/?p=5854","og_site_name":"Blog do Bispo","article_published_time":"2025-07-07T12:58:01+00:00","article_modified_time":"2025-07-07T13:20:57+00:00","og_image":[{"url":"http:\/\/blogdobispo.com.br\/wp-content\/uploads\/2025\/07\/image-3-1.webp","type":"","width":"","height":""}],"author":"Jefferson Sterfeno","twitter_card":"summary_large_image","twitter_misc":{"Escrito por":"Jefferson Sterfeno","Est. tempo de leitura":"2 minutos"},"schema":{"@context":"https:\/\/schema.org","@graph":[{"@type":"Article","@id":"https:\/\/blogdobispo.com.br\/?p=5854#article","isPartOf":{"@id":"https:\/\/blogdobispo.com.br\/?p=5854"},"author":{"name":"Jefferson Sterfeno","@id":"https:\/\/blogdobispo.com.br\/#\/schema\/person\/e2209cc0e6cea5c5233d033e997b373f"},"headline":"Deputado se recupera depois de passar mal durante viagem e ser submetido cirurgia de urg\u00eancia em SP","datePublished":"2025-07-07T12:58:01+00:00","dateModified":"2025-07-07T13:20:57+00:00","mainEntityOfPage":{"@id":"https:\/\/blogdobispo.com.br\/?p=5854"},"wordCount":234,"commentCount":0,"publisher":{"@id":"https:\/\/blogdobispo.com.br\/#organization"},"image":{"@id":"https:\/\/blogdobispo.com.br\/?p=5854#primaryimage"},"thumbnailUrl":"http:\/\/blogdobispo.com.br\/wp-content\/uploads\/2025\/07\/image-3-1.webp","articleSection":["diversos"],"inLanguage":"pt-BR","potentialAction":[{"@type":"CommentAction","name":"Comment","target":["https:\/\/blogdobispo.com.br\/?p=5854#respond"]}]},{"@type":"WebPage","@id":"https:\/\/blogdobispo.com.br\/?p=5854","url":"https:\/\/blogdobispo.com.br\/?p=5854","name":"Deputado se recupera depois de passar mal durante viagem e ser submetido cirurgia de urg\u00eancia em SP - Blog do Bispo","isPartOf":{"@id":"https:\/\/blogdobispo.com.br\/#website"},"primaryImageOfPage":{"@id":"https:\/\/blogdobispo.com.br\/?p=5854#primaryimage"},"image":{"@id":"https:\/\/blogdobispo.com.br\/?p=5854#primaryimage"},"thumbnailUrl":"http:\/\/blogdobispo.com.br\/wp-content\/uploads\/2025\/07\/image-3-1.webp","datePublished":"2025-07-07T12:58:01+00:00","dateModified":"2025-07-07T13:20:57+00:00","breadcrumb":{"@id":"https:\/\/blogdobispo.com.br\/?p=5854#breadcrumb"},"inLanguage":"pt-BR","potentialAction":[{"@type":"ReadAction","target":["https:\/\/blogdobispo.com.br\/?p=5854"]}]},{"@type":"ImageObject","inLanguage":"pt-BR","@id":"https:\/\/blogdobispo.com.br\/?p=5854#primaryimage","url":"http:\/\/blogdobispo.com.br\/wp-content\/uploads\/2025\/07\/image-3-1.webp","contentUrl":"http:\/\/blogdobispo.com.br\/wp-content\/uploads\/2025\/07\/image-3-1.webp"},{"@type":"BreadcrumbList","@id":"https:\/\/blogdobispo.com.br\/?p=5854#breadcrumb","itemListElement":[{"@type":"ListItem","position":1,"name":"In\u00edcio","item":"https:\/\/blogdobispo.com.br\/"},{"@type":"ListItem","position":2,"name":"Deputado se recupera depois de passar mal durante viagem e ser submetido cirurgia de urg\u00eancia em SP"}]},{"@type":"WebSite","@id":"https:\/\/blogdobispo.com.br\/#website","url":"https:\/\/blogdobispo.com.br\/","name":"Blog do Bispo","description":"Comprometido apenas com o leitor","publisher":{"@id":"https:\/\/blogdobispo.com.br\/#organization"},"potentialAction":[{"@type":"SearchAction","target":{"@type":"EntryPoint","urlTemplate":"https:\/\/blogdobispo.com.br\/?s={search_term_string}"},"query-input":{"@type":"PropertyValueSpecification","valueRequired":true,"valueName":"search_term_string"}}],"inLanguage":"pt-BR"},{"@type":"Organization","@id":"https:\/\/blogdobispo.com.br\/#organization","name":"Blog do Bispo","url":"https:\/\/blogdobispo.com.br\/","logo":{"@type":"ImageObject","inLanguage":"pt-BR","@id":"https:\/\/blogdobispo.com.br\/#\/schema\/logo\/image\/","url":"http:\/\/blogdobispo.com.br\/wp-content\/uploads\/2023\/05\/cropped-headear.png","contentUrl":"http:\/\/blogdobispo.com.br\/wp-content\/uploads\/2023\/05\/cropped-headear.png","width":1500,"height":399,"caption":"Blog do Bispo"},"image":{"@id":"https:\/\/blogdobispo.com.br\/#\/schema\/logo\/image\/"}},{"@type":"Person","@id":"https:\/\/blogdobispo.com.br\/#\/schema\/person\/e2209cc0e6cea5c5233d033e997b373f","name":"Jefferson Sterfeno","image":{"@type":"ImageObject","inLanguage":"pt-BR","@id":"https:\/\/blogdobispo.com.br\/#\/schema\/person\/image\/","url":"https:\/\/secure.gravatar.com\/avatar\/0534e84764641168a677026b6d57a3f51dc7ac4db0b4f6186d9cb330d4ee1160?s=96&d=mm&r=g","contentUrl":"https:\/\/secure.gravatar.com\/avatar\/0534e84764641168a677026b6d57a3f51dc7ac4db0b4f6186d9cb330d4ee1160?s=96&d=mm&r=g","caption":"Jefferson Sterfeno"},"sameAs":["http:\/\/blogdobispo.com.br"],"url":"https:\/\/blogdobispo.com.br\/?author=1"}]}},"featured_image_urls":{"full":"","thumbnail":"","medium":"","medium_large":"","large":"","1536x1536":"","2048x2048":""},"author_info":{"display_name":"Jefferson Sterfeno","author_link":"https:\/\/blogdobispo.com.br\/?author=1"},"category_info":"<a href=\"https:\/\/blogdobispo.com.br\/?cat=1\" rel=\"category\">diversos<\/a>","tag_info":"diversos","comment_count":"0","jetpack_featured_media_url":"","jetpack_sharing_enabled":true,"_links":{"self":[{"href":"https:\/\/blogdobispo.com.br\/index.php?rest_route=\/wp\/v2\/posts\/5854","targetHints":{"allow":["GET"]}}],"collection":[{"href":"https:\/\/blogdobispo.com.br\/index.php?rest_route=\/wp\/v2\/posts"}],"about":[{"href":"https:\/\/blogdobispo.com.br\/index.php?rest_route=\/wp\/v2\/types\/post"}],"author":[{"embeddable":true,"href":"https:\/\/blogdobispo.com.br\/index.php?rest_route=\/wp\/v2\/users\/1"}],"replies":[{"embeddable":true,"href":"https:\/\/blogdobispo.com.br\/index.php?rest_route=%2Fwp%2Fv2%2Fcomments&post=5854"}],"version-history":[{"count":2,"href":"https:\/\/blogdobispo.com.br\/index.php?rest_route=\/wp\/v2\/posts\/5854\/revisions"}],"predecessor-version":[{"id":5865,"href":"https:\/\/blogdobispo.com.br\/index.php?rest_route=\/wp\/v2\/posts\/5854\/revisions\/5865"}],"wp:attachment":[{"href":"https:\/\/blogdobispo.com.br\/index.php?rest_route=%2Fwp%2Fv2%2Fmedia&parent=5854"}],"wp:term":[{"taxonomy":"category","embeddable":true,"href":"https:\/\/blogdobispo.com.br\/index.php?rest_route=%2Fwp%2Fv2%2Fcategories&post=5854"},{"taxonomy":"post_tag","embeddable":true,"href":"https:\/\/blogdobispo.com.br\/index.php?rest_route=%2Fwp%2Fv2%2Ftags&post=5854"}],"curies":[{"name":"wp","href":"https:\/\/api.w.org\/{rel}","templated":true}]}}