{"id":5849,"date":"2025-07-05T19:46:42","date_gmt":"2025-07-05T19:46:42","guid":{"rendered":"https:\/\/blogdobispo.com.br\/?p=5849"},"modified":"2025-07-28T13:47:01","modified_gmt":"2025-07-28T13:47:01","slug":"ubaldo-fernandes-visita-ong-inspiradora-em-eloi-de-souza-e-destaca-importancia-de-fortalecer-acoes-no-campo","status":"publish","type":"post","link":"https:\/\/blogdobispo.com.br\/?p=5849","title":{"rendered":"Ap\u00f3s Solicita\u00e7\u00e3o do Mandato, Vereador Eribaldo Medeiros Comemora In\u00edcio de Opera\u00e7\u00e3o Tapa-Buraco nas Rocas"},"content":{"rendered":"\n<figure class=\"wp-block-image size-full\"><img data-recalc-dims=\"1\" fetchpriority=\"high\" decoding=\"async\" width=\"507\" height=\"380\" src=\"https:\/\/i0.wp.com\/blogdobispo.com.br\/wp-content\/uploads\/2025\/07\/25808.jpeg?resize=507%2C380\" alt=\"\" class=\"wp-image-6133\" srcset=\"https:\/\/i0.wp.com\/blogdobispo.com.br\/wp-content\/uploads\/2025\/07\/25808.jpeg?w=507&amp;ssl=1 507w, https:\/\/i0.wp.com\/blogdobispo.com.br\/wp-content\/uploads\/2025\/07\/25808.jpeg?resize=300%2C225&amp;ssl=1 300w\" sizes=\"(max-width: 507px) 100vw, 507px\" \/><\/figure>\n\n\n\n<p><\/p>\n\n\n\n<p>No dia <strong>3 de julho<\/strong>, o bairro das <strong>Rocas<\/strong>, na Zona Leste de Natal, recebeu uma <strong>opera\u00e7\u00e3o tapa-buraco<\/strong> da Prefeitura, atendendo a uma solicita\u00e7\u00e3o do <strong>vereador Eribaldo Medeiros<\/strong>. A a\u00e7\u00e3o contempla ruas que vinham apresentando desgaste no asfalto, prejudicando a mobilidade e gerando transtornos \u00e0 popula\u00e7\u00e3o.<\/p>\n\n\n\n<p>A iniciativa partiu de demandas apresentadas pelos pr\u00f3prios moradores ao gabinete do vereador, que prontamente formalizou o pedido junto aos \u00f3rg\u00e3os respons\u00e1veis.<\/p>\n\n\n\n<blockquote class=\"wp-block-quote is-layout-flow wp-block-quote-is-layout-flow\">\n<p>\u201cFico feliz em ver que o nosso mandato est\u00e1 conseguindo trazer melhorias concretas para as Rocas. Essa opera\u00e7\u00e3o \u00e9 fruto da escuta ativa da popula\u00e7\u00e3o e do nosso compromisso com a infraestrutura dos bairros\u201d, destacou Eribaldo Medeiros.<\/p>\n<\/blockquote>\n\n\n\n<p>Al\u00e9m de comemorar o in\u00edcio dos reparos, o vereador refor\u00e7ou que seguir\u00e1 acompanhando de perto os servi\u00e7os realizados e continuar\u00e1 cobrando novas melhorias para a regi\u00e3o, com foco na seguran\u00e7a vi\u00e1ria e no bem-estar da popula\u00e7\u00e3o.<\/p>\n\n\n\n<p><\/p>\n","protected":false},"excerpt":{"rendered":"<p>No dia 3 de julho, o bairro das Rocas, na Zona Leste de Natal, recebeu uma opera\u00e7\u00e3o tapa-buraco da Prefeitura, atendendo a uma solicita\u00e7\u00e3o do vereador Eribaldo Medeiros. A a\u00e7\u00e3o contempla ruas que vinham apresentando desgaste no asfalto, prejudicando a mobilidade e gerando transtornos \u00e0 popula\u00e7\u00e3o. A iniciativa partiu de demandas apresentadas pelos pr\u00f3prios moradores [&hellip;]<\/p>\n","protected":false},"author":1,"featured_media":0,"comment_status":"open","ping_status":"open","sticky":false,"template":"","format":"standard","meta":{"cybocfi_hide_featured_image":"","_jetpack_memberships_contains_paid_content":false,"footnotes":""},"categories":[1],"tags":[],"class_list":["post-5849","post","type-post","status-publish","format-standard","hentry","category-diversos"],"yoast_head":"<!-- This site is optimized with the Yoast SEO plugin v25.6 - https:\/\/yoast.com\/wordpress\/plugins\/seo\/ -->\n<title>Ap\u00f3s Solicita\u00e7\u00e3o do Mandato, Vereador Eribaldo Medeiros Comemora In\u00edcio de Opera\u00e7\u00e3o Tapa-Buraco nas Rocas - Blog do Bispo<\/title>\n<meta name=\"robots\" content=\"index, follow, max-snippet:-1, max-image-preview:large, max-video-preview:-1\" \/>\n<link rel=\"canonical\" href=\"https:\/\/blogdobispo.com.br\/?p=5849\" \/>\n<meta property=\"og:locale\" content=\"pt_BR\" \/>\n<meta property=\"og:type\" content=\"article\" \/>\n<meta property=\"og:title\" content=\"Ap\u00f3s Solicita\u00e7\u00e3o do Mandato, Vereador Eribaldo Medeiros Comemora In\u00edcio de Opera\u00e7\u00e3o Tapa-Buraco nas Rocas - Blog do Bispo\" \/>\n<meta property=\"og:description\" content=\"No dia 3 de julho, o bairro das Rocas, na Zona Leste de Natal, recebeu uma opera\u00e7\u00e3o tapa-buraco da Prefeitura, atendendo a uma solicita\u00e7\u00e3o do vereador Eribaldo Medeiros. A a\u00e7\u00e3o contempla ruas que vinham apresentando desgaste no asfalto, prejudicando a mobilidade e gerando transtornos \u00e0 popula\u00e7\u00e3o. A iniciativa partiu de demandas apresentadas pelos pr\u00f3prios moradores [&hellip;]\" \/>\n<meta property=\"og:url\" content=\"https:\/\/blogdobispo.com.br\/?p=5849\" \/>\n<meta property=\"og:site_name\" content=\"Blog do Bispo\" \/>\n<meta property=\"article:published_time\" content=\"2025-07-05T19:46:42+00:00\" \/>\n<meta property=\"article:modified_time\" content=\"2025-07-28T13:47:01+00:00\" \/>\n<meta property=\"og:image\" content=\"http:\/\/blogdobispo.com.br\/wp-content\/uploads\/2025\/07\/25808.jpeg\" \/>\n<meta name=\"author\" content=\"Jefferson Sterfeno\" \/>\n<meta name=\"twitter:card\" content=\"summary_large_image\" \/>\n<meta name=\"twitter:label1\" content=\"Escrito por\" \/>\n\t<meta name=\"twitter:data1\" content=\"Jefferson Sterfeno\" \/>\n\t<meta name=\"twitter:label2\" content=\"Est. tempo de leitura\" \/>\n\t<meta name=\"twitter:data2\" content=\"1 minuto\" \/>\n<script type=\"application\/ld+json\" class=\"yoast-schema-graph\">{\"@context\":\"https:\/\/schema.org\",\"@graph\":[{\"@type\":\"Article\",\"@id\":\"https:\/\/blogdobispo.com.br\/?p=5849#article\",\"isPartOf\":{\"@id\":\"https:\/\/blogdobispo.com.br\/?p=5849\"},\"author\":{\"name\":\"Jefferson Sterfeno\",\"@id\":\"https:\/\/blogdobispo.com.br\/#\/schema\/person\/e2209cc0e6cea5c5233d033e997b373f\"},\"headline\":\"Ap\u00f3s Solicita\u00e7\u00e3o do Mandato, Vereador Eribaldo Medeiros Comemora In\u00edcio de Opera\u00e7\u00e3o Tapa-Buraco nas Rocas\",\"datePublished\":\"2025-07-05T19:46:42+00:00\",\"dateModified\":\"2025-07-28T13:47:01+00:00\",\"mainEntityOfPage\":{\"@id\":\"https:\/\/blogdobispo.com.br\/?p=5849\"},\"wordCount\":173,\"commentCount\":0,\"publisher\":{\"@id\":\"https:\/\/blogdobispo.com.br\/#organization\"},\"image\":{\"@id\":\"https:\/\/blogdobispo.com.br\/?p=5849#primaryimage\"},\"thumbnailUrl\":\"http:\/\/blogdobispo.com.br\/wp-content\/uploads\/2025\/07\/25808.jpeg\",\"articleSection\":[\"diversos\"],\"inLanguage\":\"pt-BR\",\"potentialAction\":[{\"@type\":\"CommentAction\",\"name\":\"Comment\",\"target\":[\"https:\/\/blogdobispo.com.br\/?p=5849#respond\"]}]},{\"@type\":\"WebPage\",\"@id\":\"https:\/\/blogdobispo.com.br\/?p=5849\",\"url\":\"https:\/\/blogdobispo.com.br\/?p=5849\",\"name\":\"Ap\u00f3s Solicita\u00e7\u00e3o do Mandato, Vereador Eribaldo Medeiros Comemora In\u00edcio de Opera\u00e7\u00e3o Tapa-Buraco nas Rocas - Blog do Bispo\",\"isPartOf\":{\"@id\":\"https:\/\/blogdobispo.com.br\/#website\"},\"primaryImageOfPage\":{\"@id\":\"https:\/\/blogdobispo.com.br\/?p=5849#primaryimage\"},\"image\":{\"@id\":\"https:\/\/blogdobispo.com.br\/?p=5849#primaryimage\"},\"thumbnailUrl\":\"http:\/\/blogdobispo.com.br\/wp-content\/uploads\/2025\/07\/25808.jpeg\",\"datePublished\":\"2025-07-05T19:46:42+00:00\",\"dateModified\":\"2025-07-28T13:47:01+00:00\",\"breadcrumb\":{\"@id\":\"https:\/\/blogdobispo.com.br\/?p=5849#breadcrumb\"},\"inLanguage\":\"pt-BR\",\"potentialAction\":[{\"@type\":\"ReadAction\",\"target\":[\"https:\/\/blogdobispo.com.br\/?p=5849\"]}]},{\"@type\":\"ImageObject\",\"inLanguage\":\"pt-BR\",\"@id\":\"https:\/\/blogdobispo.com.br\/?p=5849#primaryimage\",\"url\":\"https:\/\/i0.wp.com\/blogdobispo.com.br\/wp-content\/uploads\/2025\/07\/25808.jpeg?fit=507%2C380&ssl=1\",\"contentUrl\":\"https:\/\/i0.wp.com\/blogdobispo.com.br\/wp-content\/uploads\/2025\/07\/25808.jpeg?fit=507%2C380&ssl=1\",\"width\":507,\"height\":380},{\"@type\":\"BreadcrumbList\",\"@id\":\"https:\/\/blogdobispo.com.br\/?p=5849#breadcrumb\",\"itemListElement\":[{\"@type\":\"ListItem\",\"position\":1,\"name\":\"In\u00edcio\",\"item\":\"https:\/\/blogdobispo.com.br\/\"},{\"@type\":\"ListItem\",\"position\":2,\"name\":\"Ap\u00f3s Solicita\u00e7\u00e3o do Mandato, Vereador Eribaldo Medeiros Comemora In\u00edcio de Opera\u00e7\u00e3o Tapa-Buraco nas Rocas\"}]},{\"@type\":\"WebSite\",\"@id\":\"https:\/\/blogdobispo.com.br\/#website\",\"url\":\"https:\/\/blogdobispo.com.br\/\",\"name\":\"Blog do Bispo\",\"description\":\"Comprometido apenas com o leitor\",\"publisher\":{\"@id\":\"https:\/\/blogdobispo.com.br\/#organization\"},\"potentialAction\":[{\"@type\":\"SearchAction\",\"target\":{\"@type\":\"EntryPoint\",\"urlTemplate\":\"https:\/\/blogdobispo.com.br\/?s={search_term_string}\"},\"query-input\":{\"@type\":\"PropertyValueSpecification\",\"valueRequired\":true,\"valueName\":\"search_term_string\"}}],\"inLanguage\":\"pt-BR\"},{\"@type\":\"Organization\",\"@id\":\"https:\/\/blogdobispo.com.br\/#organization\",\"name\":\"Blog do Bispo\",\"url\":\"https:\/\/blogdobispo.com.br\/\",\"logo\":{\"@type\":\"ImageObject\",\"inLanguage\":\"pt-BR\",\"@id\":\"https:\/\/blogdobispo.com.br\/#\/schema\/logo\/image\/\",\"url\":\"http:\/\/blogdobispo.com.br\/wp-content\/uploads\/2023\/05\/cropped-headear.png\",\"contentUrl\":\"http:\/\/blogdobispo.com.br\/wp-content\/uploads\/2023\/05\/cropped-headear.png\",\"width\":1500,\"height\":399,\"caption\":\"Blog do Bispo\"},\"image\":{\"@id\":\"https:\/\/blogdobispo.com.br\/#\/schema\/logo\/image\/\"}},{\"@type\":\"Person\",\"@id\":\"https:\/\/blogdobispo.com.br\/#\/schema\/person\/e2209cc0e6cea5c5233d033e997b373f\",\"name\":\"Jefferson Sterfeno\",\"image\":{\"@type\":\"ImageObject\",\"inLanguage\":\"pt-BR\",\"@id\":\"https:\/\/blogdobispo.com.br\/#\/schema\/person\/image\/\",\"url\":\"https:\/\/secure.gravatar.com\/avatar\/0534e84764641168a677026b6d57a3f51dc7ac4db0b4f6186d9cb330d4ee1160?s=96&d=mm&r=g\",\"contentUrl\":\"https:\/\/secure.gravatar.com\/avatar\/0534e84764641168a677026b6d57a3f51dc7ac4db0b4f6186d9cb330d4ee1160?s=96&d=mm&r=g\",\"caption\":\"Jefferson Sterfeno\"},\"sameAs\":[\"http:\/\/blogdobispo.com.br\"],\"url\":\"https:\/\/blogdobispo.com.br\/?author=1\"}]}<\/script>\n<!-- \/ Yoast SEO plugin. -->","yoast_head_json":{"title":"Ap\u00f3s Solicita\u00e7\u00e3o do Mandato, Vereador Eribaldo Medeiros Comemora In\u00edcio de Opera\u00e7\u00e3o Tapa-Buraco nas Rocas - Blog do Bispo","robots":{"index":"index","follow":"follow","max-snippet":"max-snippet:-1","max-image-preview":"max-image-preview:large","max-video-preview":"max-video-preview:-1"},"canonical":"https:\/\/blogdobispo.com.br\/?p=5849","og_locale":"pt_BR","og_type":"article","og_title":"Ap\u00f3s Solicita\u00e7\u00e3o do Mandato, Vereador Eribaldo Medeiros Comemora In\u00edcio de Opera\u00e7\u00e3o Tapa-Buraco nas Rocas - Blog do Bispo","og_description":"No dia 3 de julho, o bairro das Rocas, na Zona Leste de Natal, recebeu uma opera\u00e7\u00e3o tapa-buraco da Prefeitura, atendendo a uma solicita\u00e7\u00e3o do vereador Eribaldo Medeiros. A a\u00e7\u00e3o contempla ruas que vinham apresentando desgaste no asfalto, prejudicando a mobilidade e gerando transtornos \u00e0 popula\u00e7\u00e3o. A iniciativa partiu de demandas apresentadas pelos pr\u00f3prios moradores [&hellip;]","og_url":"https:\/\/blogdobispo.com.br\/?p=5849","og_site_name":"Blog do Bispo","article_published_time":"2025-07-05T19:46:42+00:00","article_modified_time":"2025-07-28T13:47:01+00:00","og_image":[{"url":"http:\/\/blogdobispo.com.br\/wp-content\/uploads\/2025\/07\/25808.jpeg","type":"","width":"","height":""}],"author":"Jefferson Sterfeno","twitter_card":"summary_large_image","twitter_misc":{"Escrito por":"Jefferson Sterfeno","Est. tempo de leitura":"1 minuto"},"schema":{"@context":"https:\/\/schema.org","@graph":[{"@type":"Article","@id":"https:\/\/blogdobispo.com.br\/?p=5849#article","isPartOf":{"@id":"https:\/\/blogdobispo.com.br\/?p=5849"},"author":{"name":"Jefferson Sterfeno","@id":"https:\/\/blogdobispo.com.br\/#\/schema\/person\/e2209cc0e6cea5c5233d033e997b373f"},"headline":"Ap\u00f3s Solicita\u00e7\u00e3o do Mandato, Vereador Eribaldo Medeiros Comemora In\u00edcio de Opera\u00e7\u00e3o Tapa-Buraco nas Rocas","datePublished":"2025-07-05T19:46:42+00:00","dateModified":"2025-07-28T13:47:01+00:00","mainEntityOfPage":{"@id":"https:\/\/blogdobispo.com.br\/?p=5849"},"wordCount":173,"commentCount":0,"publisher":{"@id":"https:\/\/blogdobispo.com.br\/#organization"},"image":{"@id":"https:\/\/blogdobispo.com.br\/?p=5849#primaryimage"},"thumbnailUrl":"http:\/\/blogdobispo.com.br\/wp-content\/uploads\/2025\/07\/25808.jpeg","articleSection":["diversos"],"inLanguage":"pt-BR","potentialAction":[{"@type":"CommentAction","name":"Comment","target":["https:\/\/blogdobispo.com.br\/?p=5849#respond"]}]},{"@type":"WebPage","@id":"https:\/\/blogdobispo.com.br\/?p=5849","url":"https:\/\/blogdobispo.com.br\/?p=5849","name":"Ap\u00f3s Solicita\u00e7\u00e3o do Mandato, Vereador Eribaldo Medeiros Comemora In\u00edcio de Opera\u00e7\u00e3o Tapa-Buraco nas Rocas - Blog do Bispo","isPartOf":{"@id":"https:\/\/blogdobispo.com.br\/#website"},"primaryImageOfPage":{"@id":"https:\/\/blogdobispo.com.br\/?p=5849#primaryimage"},"image":{"@id":"https:\/\/blogdobispo.com.br\/?p=5849#primaryimage"},"thumbnailUrl":"http:\/\/blogdobispo.com.br\/wp-content\/uploads\/2025\/07\/25808.jpeg","datePublished":"2025-07-05T19:46:42+00:00","dateModified":"2025-07-28T13:47:01+00:00","breadcrumb":{"@id":"https:\/\/blogdobispo.com.br\/?p=5849#breadcrumb"},"inLanguage":"pt-BR","potentialAction":[{"@type":"ReadAction","target":["https:\/\/blogdobispo.com.br\/?p=5849"]}]},{"@type":"ImageObject","inLanguage":"pt-BR","@id":"https:\/\/blogdobispo.com.br\/?p=5849#primaryimage","url":"https:\/\/i0.wp.com\/blogdobispo.com.br\/wp-content\/uploads\/2025\/07\/25808.jpeg?fit=507%2C380&ssl=1","contentUrl":"https:\/\/i0.wp.com\/blogdobispo.com.br\/wp-content\/uploads\/2025\/07\/25808.jpeg?fit=507%2C380&ssl=1","width":507,"height":380},{"@type":"BreadcrumbList","@id":"https:\/\/blogdobispo.com.br\/?p=5849#breadcrumb","itemListElement":[{"@type":"ListItem","position":1,"name":"In\u00edcio","item":"https:\/\/blogdobispo.com.br\/"},{"@type":"ListItem","position":2,"name":"Ap\u00f3s Solicita\u00e7\u00e3o do Mandato, Vereador Eribaldo Medeiros Comemora In\u00edcio de Opera\u00e7\u00e3o Tapa-Buraco nas Rocas"}]},{"@type":"WebSite","@id":"https:\/\/blogdobispo.com.br\/#website","url":"https:\/\/blogdobispo.com.br\/","name":"Blog do Bispo","description":"Comprometido apenas com o leitor","publisher":{"@id":"https:\/\/blogdobispo.com.br\/#organization"},"potentialAction":[{"@type":"SearchAction","target":{"@type":"EntryPoint","urlTemplate":"https:\/\/blogdobispo.com.br\/?s={search_term_string}"},"query-input":{"@type":"PropertyValueSpecification","valueRequired":true,"valueName":"search_term_string"}}],"inLanguage":"pt-BR"},{"@type":"Organization","@id":"https:\/\/blogdobispo.com.br\/#organization","name":"Blog do Bispo","url":"https:\/\/blogdobispo.com.br\/","logo":{"@type":"ImageObject","inLanguage":"pt-BR","@id":"https:\/\/blogdobispo.com.br\/#\/schema\/logo\/image\/","url":"http:\/\/blogdobispo.com.br\/wp-content\/uploads\/2023\/05\/cropped-headear.png","contentUrl":"http:\/\/blogdobispo.com.br\/wp-content\/uploads\/2023\/05\/cropped-headear.png","width":1500,"height":399,"caption":"Blog do Bispo"},"image":{"@id":"https:\/\/blogdobispo.com.br\/#\/schema\/logo\/image\/"}},{"@type":"Person","@id":"https:\/\/blogdobispo.com.br\/#\/schema\/person\/e2209cc0e6cea5c5233d033e997b373f","name":"Jefferson Sterfeno","image":{"@type":"ImageObject","inLanguage":"pt-BR","@id":"https:\/\/blogdobispo.com.br\/#\/schema\/person\/image\/","url":"https:\/\/secure.gravatar.com\/avatar\/0534e84764641168a677026b6d57a3f51dc7ac4db0b4f6186d9cb330d4ee1160?s=96&d=mm&r=g","contentUrl":"https:\/\/secure.gravatar.com\/avatar\/0534e84764641168a677026b6d57a3f51dc7ac4db0b4f6186d9cb330d4ee1160?s=96&d=mm&r=g","caption":"Jefferson Sterfeno"},"sameAs":["http:\/\/blogdobispo.com.br"],"url":"https:\/\/blogdobispo.com.br\/?author=1"}]}},"featured_image_urls":{"full":"","thumbnail":"","medium":"","medium_large":"","large":"","1536x1536":"","2048x2048":""},"author_info":{"display_name":"Jefferson Sterfeno","author_link":"https:\/\/blogdobispo.com.br\/?author=1"},"category_info":"<a href=\"https:\/\/blogdobispo.com.br\/?cat=1\" rel=\"category\">diversos<\/a>","tag_info":"diversos","comment_count":"0","jetpack_featured_media_url":"","jetpack_sharing_enabled":true,"_links":{"self":[{"href":"https:\/\/blogdobispo.com.br\/index.php?rest_route=\/wp\/v2\/posts\/5849","targetHints":{"allow":["GET"]}}],"collection":[{"href":"https:\/\/blogdobispo.com.br\/index.php?rest_route=\/wp\/v2\/posts"}],"about":[{"href":"https:\/\/blogdobispo.com.br\/index.php?rest_route=\/wp\/v2\/types\/post"}],"author":[{"embeddable":true,"href":"https:\/\/blogdobispo.com.br\/index.php?rest_route=\/wp\/v2\/users\/1"}],"replies":[{"embeddable":true,"href":"https:\/\/blogdobispo.com.br\/index.php?rest_route=%2Fwp%2Fv2%2Fcomments&post=5849"}],"version-history":[{"count":1,"href":"https:\/\/blogdobispo.com.br\/index.php?rest_route=\/wp\/v2\/posts\/5849\/revisions"}],"predecessor-version":[{"id":6134,"href":"https:\/\/blogdobispo.com.br\/index.php?rest_route=\/wp\/v2\/posts\/5849\/revisions\/6134"}],"wp:attachment":[{"href":"https:\/\/blogdobispo.com.br\/index.php?rest_route=%2Fwp%2Fv2%2Fmedia&parent=5849"}],"wp:term":[{"taxonomy":"category","embeddable":true,"href":"https:\/\/blogdobispo.com.br\/index.php?rest_route=%2Fwp%2Fv2%2Fcategories&post=5849"},{"taxonomy":"post_tag","embeddable":true,"href":"https:\/\/blogdobispo.com.br\/index.php?rest_route=%2Fwp%2Fv2%2Ftags&post=5849"}],"curies":[{"name":"wp","href":"https:\/\/api.w.org\/{rel}","templated":true}]}}