{"id":5847,"date":"2025-07-05T19:04:50","date_gmt":"2025-07-05T19:04:50","guid":{"rendered":"https:\/\/blogdobispo.com.br\/?p=5847"},"modified":"2025-07-05T19:04:50","modified_gmt":"2025-07-05T19:04:50","slug":"em-entrevista-camila-araujo-confirma-que-sera-candidata-a-deputada-estadual-em-2026","status":"publish","type":"post","link":"https:\/\/blogdobispo.com.br\/?p=5847","title":{"rendered":"Em entrevista, Camila Ara\u00fajo confirma que ser\u00e1 candidata a deputada estadual em 2026"},"content":{"rendered":"\n<figure class=\"wp-block-image size-large\"><img data-recalc-dims=\"1\" fetchpriority=\"high\" decoding=\"async\" width=\"768\" height=\"1024\" src=\"https:\/\/i0.wp.com\/blogdobispo.com.br\/wp-content\/uploads\/2025\/07\/82ddf281-60d2-4d7d-be00-6988f0d02f35-1-768x1024.jpg?resize=768%2C1024&#038;ssl=1\" class=\"wp-image-5846\" srcset=\"https:\/\/i0.wp.com\/blogdobispo.com.br\/wp-content\/uploads\/2025\/07\/82ddf281-60d2-4d7d-be00-6988f0d02f35-1.jpg?resize=768%2C1024&amp;ssl=1 768w, https:\/\/i0.wp.com\/blogdobispo.com.br\/wp-content\/uploads\/2025\/07\/82ddf281-60d2-4d7d-be00-6988f0d02f35-1.jpg?resize=225%2C300&amp;ssl=1 225w, https:\/\/i0.wp.com\/blogdobispo.com.br\/wp-content\/uploads\/2025\/07\/82ddf281-60d2-4d7d-be00-6988f0d02f35-1.jpg?resize=1152%2C1536&amp;ssl=1 1152w, https:\/\/i0.wp.com\/blogdobispo.com.br\/wp-content\/uploads\/2025\/07\/82ddf281-60d2-4d7d-be00-6988f0d02f35-1.jpg?resize=1024%2C1365&amp;ssl=1 1024w, https:\/\/i0.wp.com\/blogdobispo.com.br\/wp-content\/uploads\/2025\/07\/82ddf281-60d2-4d7d-be00-6988f0d02f35-1.jpg?w=1200&amp;ssl=1 1200w\" sizes=\"(max-width: 768px) 100vw, 768px\" \/><\/figure>\n\n\n\n<p><\/p>\n\n\n\n<p>Durante entrevista ao Jornal das 6, da 96fm, nesta sexta-feira (4), a vereadora Camila Ara\u00fajo confirmou que vai concorrer a uma cadeira na Assembleia Legislativa em 2026.<\/p>\n\n\n\n<p>Ap\u00f3s fazer cr\u00edticas \u00e0 omiss\u00e3o de parte da bancada em rela\u00e7\u00e3o ao que chama de \u201cdesgoverno\u201d de F\u00e1tima Bezerra, ela disse, ao ser indagada pelo jornalista Dinarte Assun\u00e7\u00e3o, que colocar\u00e1 seu nome \u00e0 disposi\u00e7\u00e3o da popula\u00e7\u00e3o para o cargo de deputada estadual.<\/p>\n\n\n\n<p>Presidente da Comiss\u00e3o de Sa\u00fade da C\u00e2mara Municipal, Camila classifica a aten\u00e7\u00e3o \u00e0 sa\u00fade b\u00e1sica no Estado como \u201ccalamitosa\u201d e disse que essa ser\u00e1 uma de suas bandeiras na AL.<\/p>\n\n\n\n<p>O projeto de Camila para 2026 tamb\u00e9m deve ganhar ades\u00e3o de uma parcela importante do eleitorado: os evang\u00e9licos. Fatia de p\u00fablico que mais cresceu nos \u00faltimos 10 anos, segundo o Censo, esse segmento perdeu for\u00e7a na Assembleia Legislativa nas \u00faltimas elei\u00e7\u00f5es. Nesse cen\u00e1rio, Camila surge como principal nome para defender os interesses desse segmento no Legislativo estadual.<\/p>\n","protected":false},"excerpt":{"rendered":"<p>Durante entrevista ao Jornal das 6, da 96fm, nesta sexta-feira (4), a vereadora Camila Ara\u00fajo confirmou que vai concorrer a uma cadeira na Assembleia Legislativa em 2026. Ap\u00f3s fazer cr\u00edticas \u00e0 omiss\u00e3o de parte da bancada em rela\u00e7\u00e3o ao que chama de \u201cdesgoverno\u201d de F\u00e1tima Bezerra, ela disse, ao ser indagada pelo jornalista Dinarte Assun\u00e7\u00e3o, [&hellip;]<\/p>\n","protected":false},"author":1,"featured_media":0,"comment_status":"open","ping_status":"open","sticky":false,"template":"","format":"standard","meta":{"cybocfi_hide_featured_image":"","_jetpack_memberships_contains_paid_content":false,"footnotes":""},"categories":[1],"tags":[],"class_list":["post-5847","post","type-post","status-publish","format-standard","hentry","category-diversos"],"yoast_head":"<!-- This site is optimized with the Yoast SEO plugin v25.6 - https:\/\/yoast.com\/wordpress\/plugins\/seo\/ -->\n<title>Em entrevista, Camila Ara\u00fajo confirma que ser\u00e1 candidata a deputada estadual em 2026 - Blog do Bispo<\/title>\n<meta name=\"robots\" content=\"index, follow, max-snippet:-1, max-image-preview:large, max-video-preview:-1\" \/>\n<link rel=\"canonical\" href=\"https:\/\/blogdobispo.com.br\/?p=5847\" \/>\n<meta property=\"og:locale\" content=\"pt_BR\" \/>\n<meta property=\"og:type\" content=\"article\" \/>\n<meta property=\"og:title\" content=\"Em entrevista, Camila Ara\u00fajo confirma que ser\u00e1 candidata a deputada estadual em 2026 - Blog do Bispo\" \/>\n<meta property=\"og:description\" content=\"Durante entrevista ao Jornal das 6, da 96fm, nesta sexta-feira (4), a vereadora Camila Ara\u00fajo confirmou que vai concorrer a uma cadeira na Assembleia Legislativa em 2026. Ap\u00f3s fazer cr\u00edticas \u00e0 omiss\u00e3o de parte da bancada em rela\u00e7\u00e3o ao que chama de \u201cdesgoverno\u201d de F\u00e1tima Bezerra, ela disse, ao ser indagada pelo jornalista Dinarte Assun\u00e7\u00e3o, [&hellip;]\" \/>\n<meta property=\"og:url\" content=\"https:\/\/blogdobispo.com.br\/?p=5847\" \/>\n<meta property=\"og:site_name\" content=\"Blog do Bispo\" \/>\n<meta property=\"article:published_time\" content=\"2025-07-05T19:04:50+00:00\" \/>\n<meta property=\"og:image\" content=\"https:\/\/blogdobispo.com.br\/wp-content\/uploads\/2025\/07\/82ddf281-60d2-4d7d-be00-6988f0d02f35-1-768x1024.jpg\" \/>\n<meta name=\"author\" content=\"Jefferson Sterfeno\" \/>\n<meta name=\"twitter:card\" content=\"summary_large_image\" \/>\n<meta name=\"twitter:label1\" content=\"Escrito por\" \/>\n\t<meta name=\"twitter:data1\" content=\"Jefferson Sterfeno\" \/>\n\t<meta name=\"twitter:label2\" content=\"Est. tempo de leitura\" \/>\n\t<meta name=\"twitter:data2\" content=\"1 minuto\" \/>\n<script type=\"application\/ld+json\" class=\"yoast-schema-graph\">{\"@context\":\"https:\/\/schema.org\",\"@graph\":[{\"@type\":\"Article\",\"@id\":\"https:\/\/blogdobispo.com.br\/?p=5847#article\",\"isPartOf\":{\"@id\":\"https:\/\/blogdobispo.com.br\/?p=5847\"},\"author\":{\"name\":\"Jefferson Sterfeno\",\"@id\":\"https:\/\/blogdobispo.com.br\/#\/schema\/person\/e2209cc0e6cea5c5233d033e997b373f\"},\"headline\":\"Em entrevista, Camila Ara\u00fajo confirma que ser\u00e1 candidata a deputada estadual em 2026\",\"datePublished\":\"2025-07-05T19:04:50+00:00\",\"mainEntityOfPage\":{\"@id\":\"https:\/\/blogdobispo.com.br\/?p=5847\"},\"wordCount\":183,\"commentCount\":0,\"publisher\":{\"@id\":\"https:\/\/blogdobispo.com.br\/#organization\"},\"image\":{\"@id\":\"https:\/\/blogdobispo.com.br\/?p=5847#primaryimage\"},\"thumbnailUrl\":\"https:\/\/blogdobispo.com.br\/wp-content\/uploads\/2025\/07\/82ddf281-60d2-4d7d-be00-6988f0d02f35-1-768x1024.jpg\",\"articleSection\":[\"diversos\"],\"inLanguage\":\"pt-BR\",\"potentialAction\":[{\"@type\":\"CommentAction\",\"name\":\"Comment\",\"target\":[\"https:\/\/blogdobispo.com.br\/?p=5847#respond\"]}]},{\"@type\":\"WebPage\",\"@id\":\"https:\/\/blogdobispo.com.br\/?p=5847\",\"url\":\"https:\/\/blogdobispo.com.br\/?p=5847\",\"name\":\"Em entrevista, Camila Ara\u00fajo confirma que ser\u00e1 candidata a deputada estadual em 2026 - Blog do Bispo\",\"isPartOf\":{\"@id\":\"https:\/\/blogdobispo.com.br\/#website\"},\"primaryImageOfPage\":{\"@id\":\"https:\/\/blogdobispo.com.br\/?p=5847#primaryimage\"},\"image\":{\"@id\":\"https:\/\/blogdobispo.com.br\/?p=5847#primaryimage\"},\"thumbnailUrl\":\"https:\/\/blogdobispo.com.br\/wp-content\/uploads\/2025\/07\/82ddf281-60d2-4d7d-be00-6988f0d02f35-1-768x1024.jpg\",\"datePublished\":\"2025-07-05T19:04:50+00:00\",\"breadcrumb\":{\"@id\":\"https:\/\/blogdobispo.com.br\/?p=5847#breadcrumb\"},\"inLanguage\":\"pt-BR\",\"potentialAction\":[{\"@type\":\"ReadAction\",\"target\":[\"https:\/\/blogdobispo.com.br\/?p=5847\"]}]},{\"@type\":\"ImageObject\",\"inLanguage\":\"pt-BR\",\"@id\":\"https:\/\/blogdobispo.com.br\/?p=5847#primaryimage\",\"url\":\"https:\/\/blogdobispo.com.br\/wp-content\/uploads\/2025\/07\/82ddf281-60d2-4d7d-be00-6988f0d02f35-1-768x1024.jpg\",\"contentUrl\":\"https:\/\/blogdobispo.com.br\/wp-content\/uploads\/2025\/07\/82ddf281-60d2-4d7d-be00-6988f0d02f35-1-768x1024.jpg\"},{\"@type\":\"BreadcrumbList\",\"@id\":\"https:\/\/blogdobispo.com.br\/?p=5847#breadcrumb\",\"itemListElement\":[{\"@type\":\"ListItem\",\"position\":1,\"name\":\"In\u00edcio\",\"item\":\"https:\/\/blogdobispo.com.br\/\"},{\"@type\":\"ListItem\",\"position\":2,\"name\":\"Em entrevista, Camila Ara\u00fajo confirma que ser\u00e1 candidata a deputada estadual em 2026\"}]},{\"@type\":\"WebSite\",\"@id\":\"https:\/\/blogdobispo.com.br\/#website\",\"url\":\"https:\/\/blogdobispo.com.br\/\",\"name\":\"Blog do Bispo\",\"description\":\"Comprometido apenas com o leitor\",\"publisher\":{\"@id\":\"https:\/\/blogdobispo.com.br\/#organization\"},\"potentialAction\":[{\"@type\":\"SearchAction\",\"target\":{\"@type\":\"EntryPoint\",\"urlTemplate\":\"https:\/\/blogdobispo.com.br\/?s={search_term_string}\"},\"query-input\":{\"@type\":\"PropertyValueSpecification\",\"valueRequired\":true,\"valueName\":\"search_term_string\"}}],\"inLanguage\":\"pt-BR\"},{\"@type\":\"Organization\",\"@id\":\"https:\/\/blogdobispo.com.br\/#organization\",\"name\":\"Blog do Bispo\",\"url\":\"https:\/\/blogdobispo.com.br\/\",\"logo\":{\"@type\":\"ImageObject\",\"inLanguage\":\"pt-BR\",\"@id\":\"https:\/\/blogdobispo.com.br\/#\/schema\/logo\/image\/\",\"url\":\"http:\/\/blogdobispo.com.br\/wp-content\/uploads\/2023\/05\/cropped-headear.png\",\"contentUrl\":\"http:\/\/blogdobispo.com.br\/wp-content\/uploads\/2023\/05\/cropped-headear.png\",\"width\":1500,\"height\":399,\"caption\":\"Blog do Bispo\"},\"image\":{\"@id\":\"https:\/\/blogdobispo.com.br\/#\/schema\/logo\/image\/\"}},{\"@type\":\"Person\",\"@id\":\"https:\/\/blogdobispo.com.br\/#\/schema\/person\/e2209cc0e6cea5c5233d033e997b373f\",\"name\":\"Jefferson Sterfeno\",\"image\":{\"@type\":\"ImageObject\",\"inLanguage\":\"pt-BR\",\"@id\":\"https:\/\/blogdobispo.com.br\/#\/schema\/person\/image\/\",\"url\":\"https:\/\/secure.gravatar.com\/avatar\/0534e84764641168a677026b6d57a3f51dc7ac4db0b4f6186d9cb330d4ee1160?s=96&d=mm&r=g\",\"contentUrl\":\"https:\/\/secure.gravatar.com\/avatar\/0534e84764641168a677026b6d57a3f51dc7ac4db0b4f6186d9cb330d4ee1160?s=96&d=mm&r=g\",\"caption\":\"Jefferson Sterfeno\"},\"sameAs\":[\"http:\/\/blogdobispo.com.br\"],\"url\":\"https:\/\/blogdobispo.com.br\/?author=1\"}]}<\/script>\n<!-- \/ Yoast SEO plugin. -->","yoast_head_json":{"title":"Em entrevista, Camila Ara\u00fajo confirma que ser\u00e1 candidata a deputada estadual em 2026 - Blog do Bispo","robots":{"index":"index","follow":"follow","max-snippet":"max-snippet:-1","max-image-preview":"max-image-preview:large","max-video-preview":"max-video-preview:-1"},"canonical":"https:\/\/blogdobispo.com.br\/?p=5847","og_locale":"pt_BR","og_type":"article","og_title":"Em entrevista, Camila Ara\u00fajo confirma que ser\u00e1 candidata a deputada estadual em 2026 - Blog do Bispo","og_description":"Durante entrevista ao Jornal das 6, da 96fm, nesta sexta-feira (4), a vereadora Camila Ara\u00fajo confirmou que vai concorrer a uma cadeira na Assembleia Legislativa em 2026. Ap\u00f3s fazer cr\u00edticas \u00e0 omiss\u00e3o de parte da bancada em rela\u00e7\u00e3o ao que chama de \u201cdesgoverno\u201d de F\u00e1tima Bezerra, ela disse, ao ser indagada pelo jornalista Dinarte Assun\u00e7\u00e3o, [&hellip;]","og_url":"https:\/\/blogdobispo.com.br\/?p=5847","og_site_name":"Blog do Bispo","article_published_time":"2025-07-05T19:04:50+00:00","og_image":[{"url":"https:\/\/blogdobispo.com.br\/wp-content\/uploads\/2025\/07\/82ddf281-60d2-4d7d-be00-6988f0d02f35-1-768x1024.jpg","type":"","width":"","height":""}],"author":"Jefferson Sterfeno","twitter_card":"summary_large_image","twitter_misc":{"Escrito por":"Jefferson Sterfeno","Est. tempo de leitura":"1 minuto"},"schema":{"@context":"https:\/\/schema.org","@graph":[{"@type":"Article","@id":"https:\/\/blogdobispo.com.br\/?p=5847#article","isPartOf":{"@id":"https:\/\/blogdobispo.com.br\/?p=5847"},"author":{"name":"Jefferson Sterfeno","@id":"https:\/\/blogdobispo.com.br\/#\/schema\/person\/e2209cc0e6cea5c5233d033e997b373f"},"headline":"Em entrevista, Camila Ara\u00fajo confirma que ser\u00e1 candidata a deputada estadual em 2026","datePublished":"2025-07-05T19:04:50+00:00","mainEntityOfPage":{"@id":"https:\/\/blogdobispo.com.br\/?p=5847"},"wordCount":183,"commentCount":0,"publisher":{"@id":"https:\/\/blogdobispo.com.br\/#organization"},"image":{"@id":"https:\/\/blogdobispo.com.br\/?p=5847#primaryimage"},"thumbnailUrl":"https:\/\/blogdobispo.com.br\/wp-content\/uploads\/2025\/07\/82ddf281-60d2-4d7d-be00-6988f0d02f35-1-768x1024.jpg","articleSection":["diversos"],"inLanguage":"pt-BR","potentialAction":[{"@type":"CommentAction","name":"Comment","target":["https:\/\/blogdobispo.com.br\/?p=5847#respond"]}]},{"@type":"WebPage","@id":"https:\/\/blogdobispo.com.br\/?p=5847","url":"https:\/\/blogdobispo.com.br\/?p=5847","name":"Em entrevista, Camila Ara\u00fajo confirma que ser\u00e1 candidata a deputada estadual em 2026 - Blog do Bispo","isPartOf":{"@id":"https:\/\/blogdobispo.com.br\/#website"},"primaryImageOfPage":{"@id":"https:\/\/blogdobispo.com.br\/?p=5847#primaryimage"},"image":{"@id":"https:\/\/blogdobispo.com.br\/?p=5847#primaryimage"},"thumbnailUrl":"https:\/\/blogdobispo.com.br\/wp-content\/uploads\/2025\/07\/82ddf281-60d2-4d7d-be00-6988f0d02f35-1-768x1024.jpg","datePublished":"2025-07-05T19:04:50+00:00","breadcrumb":{"@id":"https:\/\/blogdobispo.com.br\/?p=5847#breadcrumb"},"inLanguage":"pt-BR","potentialAction":[{"@type":"ReadAction","target":["https:\/\/blogdobispo.com.br\/?p=5847"]}]},{"@type":"ImageObject","inLanguage":"pt-BR","@id":"https:\/\/blogdobispo.com.br\/?p=5847#primaryimage","url":"https:\/\/blogdobispo.com.br\/wp-content\/uploads\/2025\/07\/82ddf281-60d2-4d7d-be00-6988f0d02f35-1-768x1024.jpg","contentUrl":"https:\/\/blogdobispo.com.br\/wp-content\/uploads\/2025\/07\/82ddf281-60d2-4d7d-be00-6988f0d02f35-1-768x1024.jpg"},{"@type":"BreadcrumbList","@id":"https:\/\/blogdobispo.com.br\/?p=5847#breadcrumb","itemListElement":[{"@type":"ListItem","position":1,"name":"In\u00edcio","item":"https:\/\/blogdobispo.com.br\/"},{"@type":"ListItem","position":2,"name":"Em entrevista, Camila Ara\u00fajo confirma que ser\u00e1 candidata a deputada estadual em 2026"}]},{"@type":"WebSite","@id":"https:\/\/blogdobispo.com.br\/#website","url":"https:\/\/blogdobispo.com.br\/","name":"Blog do Bispo","description":"Comprometido apenas com o leitor","publisher":{"@id":"https:\/\/blogdobispo.com.br\/#organization"},"potentialAction":[{"@type":"SearchAction","target":{"@type":"EntryPoint","urlTemplate":"https:\/\/blogdobispo.com.br\/?s={search_term_string}"},"query-input":{"@type":"PropertyValueSpecification","valueRequired":true,"valueName":"search_term_string"}}],"inLanguage":"pt-BR"},{"@type":"Organization","@id":"https:\/\/blogdobispo.com.br\/#organization","name":"Blog do Bispo","url":"https:\/\/blogdobispo.com.br\/","logo":{"@type":"ImageObject","inLanguage":"pt-BR","@id":"https:\/\/blogdobispo.com.br\/#\/schema\/logo\/image\/","url":"http:\/\/blogdobispo.com.br\/wp-content\/uploads\/2023\/05\/cropped-headear.png","contentUrl":"http:\/\/blogdobispo.com.br\/wp-content\/uploads\/2023\/05\/cropped-headear.png","width":1500,"height":399,"caption":"Blog do Bispo"},"image":{"@id":"https:\/\/blogdobispo.com.br\/#\/schema\/logo\/image\/"}},{"@type":"Person","@id":"https:\/\/blogdobispo.com.br\/#\/schema\/person\/e2209cc0e6cea5c5233d033e997b373f","name":"Jefferson Sterfeno","image":{"@type":"ImageObject","inLanguage":"pt-BR","@id":"https:\/\/blogdobispo.com.br\/#\/schema\/person\/image\/","url":"https:\/\/secure.gravatar.com\/avatar\/0534e84764641168a677026b6d57a3f51dc7ac4db0b4f6186d9cb330d4ee1160?s=96&d=mm&r=g","contentUrl":"https:\/\/secure.gravatar.com\/avatar\/0534e84764641168a677026b6d57a3f51dc7ac4db0b4f6186d9cb330d4ee1160?s=96&d=mm&r=g","caption":"Jefferson Sterfeno"},"sameAs":["http:\/\/blogdobispo.com.br"],"url":"https:\/\/blogdobispo.com.br\/?author=1"}]}},"featured_image_urls":{"full":"","thumbnail":"","medium":"","medium_large":"","large":"","1536x1536":"","2048x2048":""},"author_info":{"display_name":"Jefferson Sterfeno","author_link":"https:\/\/blogdobispo.com.br\/?author=1"},"category_info":"<a href=\"https:\/\/blogdobispo.com.br\/?cat=1\" rel=\"category\">diversos<\/a>","tag_info":"diversos","comment_count":"0","jetpack_featured_media_url":"","jetpack_sharing_enabled":true,"_links":{"self":[{"href":"https:\/\/blogdobispo.com.br\/index.php?rest_route=\/wp\/v2\/posts\/5847","targetHints":{"allow":["GET"]}}],"collection":[{"href":"https:\/\/blogdobispo.com.br\/index.php?rest_route=\/wp\/v2\/posts"}],"about":[{"href":"https:\/\/blogdobispo.com.br\/index.php?rest_route=\/wp\/v2\/types\/post"}],"author":[{"embeddable":true,"href":"https:\/\/blogdobispo.com.br\/index.php?rest_route=\/wp\/v2\/users\/1"}],"replies":[{"embeddable":true,"href":"https:\/\/blogdobispo.com.br\/index.php?rest_route=%2Fwp%2Fv2%2Fcomments&post=5847"}],"version-history":[{"count":0,"href":"https:\/\/blogdobispo.com.br\/index.php?rest_route=\/wp\/v2\/posts\/5847\/revisions"}],"wp:attachment":[{"href":"https:\/\/blogdobispo.com.br\/index.php?rest_route=%2Fwp%2Fv2%2Fmedia&parent=5847"}],"wp:term":[{"taxonomy":"category","embeddable":true,"href":"https:\/\/blogdobispo.com.br\/index.php?rest_route=%2Fwp%2Fv2%2Fcategories&post=5847"},{"taxonomy":"post_tag","embeddable":true,"href":"https:\/\/blogdobispo.com.br\/index.php?rest_route=%2Fwp%2Fv2%2Ftags&post=5847"}],"curies":[{"name":"wp","href":"https:\/\/api.w.org\/{rel}","templated":true}]}}