{"id":5843,"date":"2025-07-04T18:06:24","date_gmt":"2025-07-04T18:06:24","guid":{"rendered":"https:\/\/blogdobispo.com.br\/?p=5843"},"modified":"2025-07-04T18:06:24","modified_gmt":"2025-07-04T18:06:24","slug":"dilema-evangelico-falta-de-representatividade-e-o-silencio-feminino-na-assembleia-do-rn","status":"publish","type":"post","link":"https:\/\/blogdobispo.com.br\/?p=5843","title":{"rendered":"Dilema Evang\u00e9lico: Falta de representatividade e o sil\u00eancio feminino na Assembleia do RN"},"content":{"rendered":"\n<figure class=\"wp-block-image size-large\"><img data-recalc-dims=\"1\" fetchpriority=\"high\" decoding=\"async\" width=\"678\" height=\"452\" src=\"https:\/\/i0.wp.com\/blogdobispo.com.br\/wp-content\/uploads\/2025\/07\/img_5401-1.jpg?resize=678%2C452&#038;ssl=1\" class=\"wp-image-5842\" srcset=\"https:\/\/i0.wp.com\/blogdobispo.com.br\/wp-content\/uploads\/2025\/07\/img_5401-1.jpg?w=678&amp;ssl=1 678w, https:\/\/i0.wp.com\/blogdobispo.com.br\/wp-content\/uploads\/2025\/07\/img_5401-1.jpg?resize=300%2C200&amp;ssl=1 300w\" sizes=\"(max-width: 678px) 100vw, 678px\" \/><\/figure>\n\n\n\n<p class=\"p1\"><\/p>\n\n\n\n<p class=\"p1\">A aus\u00eancia de um nome declaradamente evang\u00e9lico na Assembleia Legislativa do Rio Grande do Norte tem levantado questionamentos dentro das principais lideran\u00e7as religiosas do estado. Apesar do crescimento dos evang\u00e9licos nas \u00faltimas d\u00e9cadas \u2014 tanto em n\u00famero de fi\u00e9is quanto em influ\u00eancia pol\u00edtica \u2014 o Rio Grande do Norte vive um paradoxo: enquanto outros estados fortalecem suas bancadas evang\u00e9licas, aqui o segmento segue sem uma voz diretamente representativa no parlamento estadual.<\/p>\n\n\n\n<p class=\"p1\">Hoje, n\u00e3o h\u00e1 nenhum deputado estadual que atue, oficialmente, como representante dos interesses evang\u00e9licos. Isso tem gerado um dilema entre as igrejas, principalmente as pentecostais, que se veem sem canais formais de di\u00e1logo direto no Legislativo. A falta de representatividade dificulta pautas ligadas \u00e0 liberdade religiosa, defesa da fam\u00edlia tradicional e projetos sociais ligados \u00e0s igrejas.<\/p>\n\n\n\n<p class=\"p1\">H\u00e1 ainda outro dado que chama aten\u00e7\u00e3o e refor\u00e7a a crise de representatividade: o Rio Grande do Norte jamais elegeu uma mulher evang\u00e9lica para a Assembleia Legislativa. Na verdade, em toda a hist\u00f3ria da Assembleia Potiguar, nenhuma mulher evang\u00e9lica ocupou uma das cadeiras do parlamento estadual \u2014 um contraste gritante com outros estados do Nordeste e do Brasil, que j\u00e1 contam com nomes femininos atuantes e vocalmente ligados \u00e0 f\u00e9 crist\u00e3.<\/p>\n\n\n\n<p class=\"p1\"><\/p>\n\n\n\n\n\n<p class=\"p1\">O cen\u00e1rio para 2026 come\u00e7a a ser discutido nos bastidores. Surgem nomes especulativos, l\u00edderes de minist\u00e9rios e figuras femininas de grande influ\u00eancia nas igrejas que j\u00e1 demonstram interesse em romper essa barreira. A expectativa \u00e9 que, com maior organiza\u00e7\u00e3o e articula\u00e7\u00e3o, o segmento consiga n\u00e3o apenas lan\u00e7ar, mas tamb\u00e9m eleger, pela primeira vez, uma representante feminina evang\u00e9lica.<\/p>\n\n\n\n<p class=\"p1\">Por ora, a aus\u00eancia permanece como uma ferida aberta e cada vez mais vis\u00edvel no corpo pol\u00edtico do estado. O crescimento evang\u00e9lico no RN j\u00e1 \u00e9 um dado estat\u00edstico. Falta agora que esse avan\u00e7o tamb\u00e9m se reflita nas urnas \u2014 com representatividade de g\u00eanero, f\u00e9 e prop\u00f3sito.<\/p>\n","protected":false},"excerpt":{"rendered":"<p>A aus\u00eancia de um nome declaradamente evang\u00e9lico na Assembleia Legislativa do Rio Grande do Norte tem levantado questionamentos dentro das principais lideran\u00e7as religiosas do estado. Apesar do crescimento dos evang\u00e9licos nas \u00faltimas d\u00e9cadas \u2014 tanto em n\u00famero de fi\u00e9is quanto em influ\u00eancia pol\u00edtica \u2014 o Rio Grande do Norte vive um paradoxo: enquanto outros estados [&hellip;]<\/p>\n","protected":false},"author":1,"featured_media":0,"comment_status":"open","ping_status":"open","sticky":false,"template":"","format":"standard","meta":{"cybocfi_hide_featured_image":"","_jetpack_memberships_contains_paid_content":false,"footnotes":""},"categories":[1],"tags":[],"class_list":["post-5843","post","type-post","status-publish","format-standard","hentry","category-diversos"],"yoast_head":"<!-- This site is optimized with the Yoast SEO plugin v25.6 - https:\/\/yoast.com\/wordpress\/plugins\/seo\/ -->\n<title>Dilema Evang\u00e9lico: Falta de representatividade e o sil\u00eancio feminino na Assembleia do RN - Blog do Bispo<\/title>\n<meta name=\"robots\" content=\"index, follow, max-snippet:-1, max-image-preview:large, max-video-preview:-1\" \/>\n<link rel=\"canonical\" href=\"https:\/\/blogdobispo.com.br\/?p=5843\" \/>\n<meta property=\"og:locale\" content=\"pt_BR\" \/>\n<meta property=\"og:type\" content=\"article\" \/>\n<meta property=\"og:title\" content=\"Dilema Evang\u00e9lico: Falta de representatividade e o sil\u00eancio feminino na Assembleia do RN - Blog do Bispo\" \/>\n<meta property=\"og:description\" content=\"A aus\u00eancia de um nome declaradamente evang\u00e9lico na Assembleia Legislativa do Rio Grande do Norte tem levantado questionamentos dentro das principais lideran\u00e7as religiosas do estado. Apesar do crescimento dos evang\u00e9licos nas \u00faltimas d\u00e9cadas \u2014 tanto em n\u00famero de fi\u00e9is quanto em influ\u00eancia pol\u00edtica \u2014 o Rio Grande do Norte vive um paradoxo: enquanto outros estados [&hellip;]\" \/>\n<meta property=\"og:url\" content=\"https:\/\/blogdobispo.com.br\/?p=5843\" \/>\n<meta property=\"og:site_name\" content=\"Blog do Bispo\" \/>\n<meta property=\"article:published_time\" content=\"2025-07-04T18:06:24+00:00\" \/>\n<meta property=\"og:image\" content=\"https:\/\/blogdobispo.com.br\/wp-content\/uploads\/2025\/07\/img_5401-1.jpg\" \/>\n<meta name=\"author\" content=\"Jefferson Sterfeno\" \/>\n<meta name=\"twitter:card\" content=\"summary_large_image\" \/>\n<meta name=\"twitter:label1\" content=\"Escrito por\" \/>\n\t<meta name=\"twitter:data1\" content=\"Jefferson Sterfeno\" \/>\n\t<meta name=\"twitter:label2\" content=\"Est. tempo de leitura\" \/>\n\t<meta name=\"twitter:data2\" content=\"2 minutos\" \/>\n<script type=\"application\/ld+json\" class=\"yoast-schema-graph\">{\"@context\":\"https:\/\/schema.org\",\"@graph\":[{\"@type\":\"Article\",\"@id\":\"https:\/\/blogdobispo.com.br\/?p=5843#article\",\"isPartOf\":{\"@id\":\"https:\/\/blogdobispo.com.br\/?p=5843\"},\"author\":{\"name\":\"Jefferson Sterfeno\",\"@id\":\"https:\/\/blogdobispo.com.br\/#\/schema\/person\/e2209cc0e6cea5c5233d033e997b373f\"},\"headline\":\"Dilema Evang\u00e9lico: Falta de representatividade e o sil\u00eancio feminino na Assembleia do RN\",\"datePublished\":\"2025-07-04T18:06:24+00:00\",\"mainEntityOfPage\":{\"@id\":\"https:\/\/blogdobispo.com.br\/?p=5843\"},\"wordCount\":347,\"commentCount\":0,\"publisher\":{\"@id\":\"https:\/\/blogdobispo.com.br\/#organization\"},\"image\":{\"@id\":\"https:\/\/blogdobispo.com.br\/?p=5843#primaryimage\"},\"thumbnailUrl\":\"https:\/\/blogdobispo.com.br\/wp-content\/uploads\/2025\/07\/img_5401-1.jpg\",\"articleSection\":[\"diversos\"],\"inLanguage\":\"pt-BR\",\"potentialAction\":[{\"@type\":\"CommentAction\",\"name\":\"Comment\",\"target\":[\"https:\/\/blogdobispo.com.br\/?p=5843#respond\"]}]},{\"@type\":\"WebPage\",\"@id\":\"https:\/\/blogdobispo.com.br\/?p=5843\",\"url\":\"https:\/\/blogdobispo.com.br\/?p=5843\",\"name\":\"Dilema Evang\u00e9lico: Falta de representatividade e o sil\u00eancio feminino na Assembleia do RN - Blog do Bispo\",\"isPartOf\":{\"@id\":\"https:\/\/blogdobispo.com.br\/#website\"},\"primaryImageOfPage\":{\"@id\":\"https:\/\/blogdobispo.com.br\/?p=5843#primaryimage\"},\"image\":{\"@id\":\"https:\/\/blogdobispo.com.br\/?p=5843#primaryimage\"},\"thumbnailUrl\":\"https:\/\/blogdobispo.com.br\/wp-content\/uploads\/2025\/07\/img_5401-1.jpg\",\"datePublished\":\"2025-07-04T18:06:24+00:00\",\"breadcrumb\":{\"@id\":\"https:\/\/blogdobispo.com.br\/?p=5843#breadcrumb\"},\"inLanguage\":\"pt-BR\",\"potentialAction\":[{\"@type\":\"ReadAction\",\"target\":[\"https:\/\/blogdobispo.com.br\/?p=5843\"]}]},{\"@type\":\"ImageObject\",\"inLanguage\":\"pt-BR\",\"@id\":\"https:\/\/blogdobispo.com.br\/?p=5843#primaryimage\",\"url\":\"https:\/\/blogdobispo.com.br\/wp-content\/uploads\/2025\/07\/img_5401-1.jpg\",\"contentUrl\":\"https:\/\/blogdobispo.com.br\/wp-content\/uploads\/2025\/07\/img_5401-1.jpg\"},{\"@type\":\"BreadcrumbList\",\"@id\":\"https:\/\/blogdobispo.com.br\/?p=5843#breadcrumb\",\"itemListElement\":[{\"@type\":\"ListItem\",\"position\":1,\"name\":\"In\u00edcio\",\"item\":\"https:\/\/blogdobispo.com.br\/\"},{\"@type\":\"ListItem\",\"position\":2,\"name\":\"Dilema Evang\u00e9lico: Falta de representatividade e o sil\u00eancio feminino na Assembleia do RN\"}]},{\"@type\":\"WebSite\",\"@id\":\"https:\/\/blogdobispo.com.br\/#website\",\"url\":\"https:\/\/blogdobispo.com.br\/\",\"name\":\"Blog do Bispo\",\"description\":\"Comprometido apenas com o leitor\",\"publisher\":{\"@id\":\"https:\/\/blogdobispo.com.br\/#organization\"},\"potentialAction\":[{\"@type\":\"SearchAction\",\"target\":{\"@type\":\"EntryPoint\",\"urlTemplate\":\"https:\/\/blogdobispo.com.br\/?s={search_term_string}\"},\"query-input\":{\"@type\":\"PropertyValueSpecification\",\"valueRequired\":true,\"valueName\":\"search_term_string\"}}],\"inLanguage\":\"pt-BR\"},{\"@type\":\"Organization\",\"@id\":\"https:\/\/blogdobispo.com.br\/#organization\",\"name\":\"Blog do Bispo\",\"url\":\"https:\/\/blogdobispo.com.br\/\",\"logo\":{\"@type\":\"ImageObject\",\"inLanguage\":\"pt-BR\",\"@id\":\"https:\/\/blogdobispo.com.br\/#\/schema\/logo\/image\/\",\"url\":\"http:\/\/blogdobispo.com.br\/wp-content\/uploads\/2023\/05\/cropped-headear.png\",\"contentUrl\":\"http:\/\/blogdobispo.com.br\/wp-content\/uploads\/2023\/05\/cropped-headear.png\",\"width\":1500,\"height\":399,\"caption\":\"Blog do Bispo\"},\"image\":{\"@id\":\"https:\/\/blogdobispo.com.br\/#\/schema\/logo\/image\/\"}},{\"@type\":\"Person\",\"@id\":\"https:\/\/blogdobispo.com.br\/#\/schema\/person\/e2209cc0e6cea5c5233d033e997b373f\",\"name\":\"Jefferson Sterfeno\",\"image\":{\"@type\":\"ImageObject\",\"inLanguage\":\"pt-BR\",\"@id\":\"https:\/\/blogdobispo.com.br\/#\/schema\/person\/image\/\",\"url\":\"https:\/\/secure.gravatar.com\/avatar\/0534e84764641168a677026b6d57a3f51dc7ac4db0b4f6186d9cb330d4ee1160?s=96&d=mm&r=g\",\"contentUrl\":\"https:\/\/secure.gravatar.com\/avatar\/0534e84764641168a677026b6d57a3f51dc7ac4db0b4f6186d9cb330d4ee1160?s=96&d=mm&r=g\",\"caption\":\"Jefferson Sterfeno\"},\"sameAs\":[\"http:\/\/blogdobispo.com.br\"],\"url\":\"https:\/\/blogdobispo.com.br\/?author=1\"}]}<\/script>\n<!-- \/ Yoast SEO plugin. -->","yoast_head_json":{"title":"Dilema Evang\u00e9lico: Falta de representatividade e o sil\u00eancio feminino na Assembleia do RN - Blog do Bispo","robots":{"index":"index","follow":"follow","max-snippet":"max-snippet:-1","max-image-preview":"max-image-preview:large","max-video-preview":"max-video-preview:-1"},"canonical":"https:\/\/blogdobispo.com.br\/?p=5843","og_locale":"pt_BR","og_type":"article","og_title":"Dilema Evang\u00e9lico: Falta de representatividade e o sil\u00eancio feminino na Assembleia do RN - Blog do Bispo","og_description":"A aus\u00eancia de um nome declaradamente evang\u00e9lico na Assembleia Legislativa do Rio Grande do Norte tem levantado questionamentos dentro das principais lideran\u00e7as religiosas do estado. Apesar do crescimento dos evang\u00e9licos nas \u00faltimas d\u00e9cadas \u2014 tanto em n\u00famero de fi\u00e9is quanto em influ\u00eancia pol\u00edtica \u2014 o Rio Grande do Norte vive um paradoxo: enquanto outros estados [&hellip;]","og_url":"https:\/\/blogdobispo.com.br\/?p=5843","og_site_name":"Blog do Bispo","article_published_time":"2025-07-04T18:06:24+00:00","og_image":[{"url":"https:\/\/blogdobispo.com.br\/wp-content\/uploads\/2025\/07\/img_5401-1.jpg","type":"","width":"","height":""}],"author":"Jefferson Sterfeno","twitter_card":"summary_large_image","twitter_misc":{"Escrito por":"Jefferson Sterfeno","Est. tempo de leitura":"2 minutos"},"schema":{"@context":"https:\/\/schema.org","@graph":[{"@type":"Article","@id":"https:\/\/blogdobispo.com.br\/?p=5843#article","isPartOf":{"@id":"https:\/\/blogdobispo.com.br\/?p=5843"},"author":{"name":"Jefferson Sterfeno","@id":"https:\/\/blogdobispo.com.br\/#\/schema\/person\/e2209cc0e6cea5c5233d033e997b373f"},"headline":"Dilema Evang\u00e9lico: Falta de representatividade e o sil\u00eancio feminino na Assembleia do RN","datePublished":"2025-07-04T18:06:24+00:00","mainEntityOfPage":{"@id":"https:\/\/blogdobispo.com.br\/?p=5843"},"wordCount":347,"commentCount":0,"publisher":{"@id":"https:\/\/blogdobispo.com.br\/#organization"},"image":{"@id":"https:\/\/blogdobispo.com.br\/?p=5843#primaryimage"},"thumbnailUrl":"https:\/\/blogdobispo.com.br\/wp-content\/uploads\/2025\/07\/img_5401-1.jpg","articleSection":["diversos"],"inLanguage":"pt-BR","potentialAction":[{"@type":"CommentAction","name":"Comment","target":["https:\/\/blogdobispo.com.br\/?p=5843#respond"]}]},{"@type":"WebPage","@id":"https:\/\/blogdobispo.com.br\/?p=5843","url":"https:\/\/blogdobispo.com.br\/?p=5843","name":"Dilema Evang\u00e9lico: Falta de representatividade e o sil\u00eancio feminino na Assembleia do RN - Blog do Bispo","isPartOf":{"@id":"https:\/\/blogdobispo.com.br\/#website"},"primaryImageOfPage":{"@id":"https:\/\/blogdobispo.com.br\/?p=5843#primaryimage"},"image":{"@id":"https:\/\/blogdobispo.com.br\/?p=5843#primaryimage"},"thumbnailUrl":"https:\/\/blogdobispo.com.br\/wp-content\/uploads\/2025\/07\/img_5401-1.jpg","datePublished":"2025-07-04T18:06:24+00:00","breadcrumb":{"@id":"https:\/\/blogdobispo.com.br\/?p=5843#breadcrumb"},"inLanguage":"pt-BR","potentialAction":[{"@type":"ReadAction","target":["https:\/\/blogdobispo.com.br\/?p=5843"]}]},{"@type":"ImageObject","inLanguage":"pt-BR","@id":"https:\/\/blogdobispo.com.br\/?p=5843#primaryimage","url":"https:\/\/blogdobispo.com.br\/wp-content\/uploads\/2025\/07\/img_5401-1.jpg","contentUrl":"https:\/\/blogdobispo.com.br\/wp-content\/uploads\/2025\/07\/img_5401-1.jpg"},{"@type":"BreadcrumbList","@id":"https:\/\/blogdobispo.com.br\/?p=5843#breadcrumb","itemListElement":[{"@type":"ListItem","position":1,"name":"In\u00edcio","item":"https:\/\/blogdobispo.com.br\/"},{"@type":"ListItem","position":2,"name":"Dilema Evang\u00e9lico: Falta de representatividade e o sil\u00eancio feminino na Assembleia do RN"}]},{"@type":"WebSite","@id":"https:\/\/blogdobispo.com.br\/#website","url":"https:\/\/blogdobispo.com.br\/","name":"Blog do Bispo","description":"Comprometido apenas com o leitor","publisher":{"@id":"https:\/\/blogdobispo.com.br\/#organization"},"potentialAction":[{"@type":"SearchAction","target":{"@type":"EntryPoint","urlTemplate":"https:\/\/blogdobispo.com.br\/?s={search_term_string}"},"query-input":{"@type":"PropertyValueSpecification","valueRequired":true,"valueName":"search_term_string"}}],"inLanguage":"pt-BR"},{"@type":"Organization","@id":"https:\/\/blogdobispo.com.br\/#organization","name":"Blog do Bispo","url":"https:\/\/blogdobispo.com.br\/","logo":{"@type":"ImageObject","inLanguage":"pt-BR","@id":"https:\/\/blogdobispo.com.br\/#\/schema\/logo\/image\/","url":"http:\/\/blogdobispo.com.br\/wp-content\/uploads\/2023\/05\/cropped-headear.png","contentUrl":"http:\/\/blogdobispo.com.br\/wp-content\/uploads\/2023\/05\/cropped-headear.png","width":1500,"height":399,"caption":"Blog do Bispo"},"image":{"@id":"https:\/\/blogdobispo.com.br\/#\/schema\/logo\/image\/"}},{"@type":"Person","@id":"https:\/\/blogdobispo.com.br\/#\/schema\/person\/e2209cc0e6cea5c5233d033e997b373f","name":"Jefferson Sterfeno","image":{"@type":"ImageObject","inLanguage":"pt-BR","@id":"https:\/\/blogdobispo.com.br\/#\/schema\/person\/image\/","url":"https:\/\/secure.gravatar.com\/avatar\/0534e84764641168a677026b6d57a3f51dc7ac4db0b4f6186d9cb330d4ee1160?s=96&d=mm&r=g","contentUrl":"https:\/\/secure.gravatar.com\/avatar\/0534e84764641168a677026b6d57a3f51dc7ac4db0b4f6186d9cb330d4ee1160?s=96&d=mm&r=g","caption":"Jefferson Sterfeno"},"sameAs":["http:\/\/blogdobispo.com.br"],"url":"https:\/\/blogdobispo.com.br\/?author=1"}]}},"featured_image_urls":{"full":"","thumbnail":"","medium":"","medium_large":"","large":"","1536x1536":"","2048x2048":""},"author_info":{"display_name":"Jefferson Sterfeno","author_link":"https:\/\/blogdobispo.com.br\/?author=1"},"category_info":"<a href=\"https:\/\/blogdobispo.com.br\/?cat=1\" rel=\"category\">diversos<\/a>","tag_info":"diversos","comment_count":"0","jetpack_featured_media_url":"","jetpack_sharing_enabled":true,"_links":{"self":[{"href":"https:\/\/blogdobispo.com.br\/index.php?rest_route=\/wp\/v2\/posts\/5843","targetHints":{"allow":["GET"]}}],"collection":[{"href":"https:\/\/blogdobispo.com.br\/index.php?rest_route=\/wp\/v2\/posts"}],"about":[{"href":"https:\/\/blogdobispo.com.br\/index.php?rest_route=\/wp\/v2\/types\/post"}],"author":[{"embeddable":true,"href":"https:\/\/blogdobispo.com.br\/index.php?rest_route=\/wp\/v2\/users\/1"}],"replies":[{"embeddable":true,"href":"https:\/\/blogdobispo.com.br\/index.php?rest_route=%2Fwp%2Fv2%2Fcomments&post=5843"}],"version-history":[{"count":0,"href":"https:\/\/blogdobispo.com.br\/index.php?rest_route=\/wp\/v2\/posts\/5843\/revisions"}],"wp:attachment":[{"href":"https:\/\/blogdobispo.com.br\/index.php?rest_route=%2Fwp%2Fv2%2Fmedia&parent=5843"}],"wp:term":[{"taxonomy":"category","embeddable":true,"href":"https:\/\/blogdobispo.com.br\/index.php?rest_route=%2Fwp%2Fv2%2Fcategories&post=5843"},{"taxonomy":"post_tag","embeddable":true,"href":"https:\/\/blogdobispo.com.br\/index.php?rest_route=%2Fwp%2Fv2%2Ftags&post=5843"}],"curies":[{"name":"wp","href":"https:\/\/api.w.org\/{rel}","templated":true}]}}