{"id":5835,"date":"2025-07-03T20:17:37","date_gmt":"2025-07-03T20:17:37","guid":{"rendered":"https:\/\/blogdobispo.com.br\/?p=5835"},"modified":"2025-07-03T20:17:37","modified_gmt":"2025-07-03T20:17:37","slug":"derrotados-em-2022-fabio-dantas-e-ivan-junior-devem-repetir-alianca-em-2026-agora-em-uma-futura-nominata","status":"publish","type":"post","link":"https:\/\/blogdobispo.com.br\/?p=5835","title":{"rendered":"Derrotados em 2022, F\u00e1bio Dantas e Ivan J\u00fanior devem repetir alian\u00e7a em 2026, agora em uma futura nominata"},"content":{"rendered":"\n<figure class=\"wp-block-image size-large\"><img data-recalc-dims=\"1\" fetchpriority=\"high\" decoding=\"async\" width=\"739\" height=\"415\" src=\"https:\/\/i0.wp.com\/blogdobispo.com.br\/wp-content\/uploads\/2025\/07\/img_5388-1.jpg?resize=739%2C415&#038;ssl=1\" class=\"wp-image-5834\" srcset=\"https:\/\/i0.wp.com\/blogdobispo.com.br\/wp-content\/uploads\/2025\/07\/img_5388-1.jpg?w=739&amp;ssl=1 739w, https:\/\/i0.wp.com\/blogdobispo.com.br\/wp-content\/uploads\/2025\/07\/img_5388-1.jpg?resize=300%2C168&amp;ssl=1 300w\" sizes=\"(max-width: 739px) 100vw, 739px\" \/><\/figure>\n\n\n\n<p class=\"p1\"><\/p>\n\n\n\n<p class=\"p3\">A chapa que representou a principal oposi\u00e7\u00e3o ao governo F\u00e1tima Bezerra nas elei\u00e7\u00f5es de 2022 pode voltar a se unir, mas com novos objetivos. O ex-vice-governador F\u00e1bio Dantas (SDD) e o ex-prefeito de Ass\u00fa Ivan J\u00fanior, que compuseram juntos a chapa majorit\u00e1ria na disputa pelo Governo do Estado, articulam agora uma reaproxima\u00e7\u00e3o pol\u00edtica com vistas \u00e0s elei\u00e7\u00f5es de 2026 \u2014 desta vez n\u00e3o para o Executivo estadual, mas na constru\u00e7\u00e3o de uma futura nominata proporcional.<\/p>\n\n\n\n<p class=\"p3\">A articula\u00e7\u00e3o, que ocorre de forma discreta, tem como principal objetivo montar uma nominata competitiva para a Assembleia Legislativa. F\u00e1bio Dantas trabalha diretamente na estrutura\u00e7\u00e3o do grupo, que deve servir de base para a candidatura de sua esposa, a deputada estadual Cristiane Dantas, que tentar\u00e1 seu terceiro mandato consecutivo. A expectativa \u00e9 garantir um palanque que n\u00e3o apenas viabilize sua reelei\u00e7\u00e3o, mas tamb\u00e9m eleja novos nomes ligados ao grupo.<\/p>\n\n\n\n<p class=\"p3\">Ivan J\u00fanior, por sua vez, atua como elo no interior, especialmente no Vale do A\u00e7u, e mant\u00e9m di\u00e1logo com lideran\u00e7as regionais e prefeitos que encerram seus mandatos em 2024 e buscam espa\u00e7o pol\u00edtico em 2026. O ex-prefeito n\u00e3o descarta disputar novamente uma vaga na Assembleia Legislativa, cargo que j\u00e1 tentou anteriormente, e avalia que a alian\u00e7a com F\u00e1bio pode criar as condi\u00e7\u00f5es ideais para isso.<\/p>\n\n\n\n<p class=\"p3\">A poss\u00edvel reedi\u00e7\u00e3o da alian\u00e7a entre F\u00e1bio e Ivan \u00e9 vista como uma tentativa de reorganizar a direita potiguar, que segue fragmentada desde a elei\u00e7\u00e3o passada. Apesar da derrota em 2022, a chapa F\u00e1bio-Ivan conquistou mais de 300 mil votos, e ambos mant\u00eam capital pol\u00edtico relevante em suas regi\u00f5es.<\/p>\n\n\n\n<p class=\"p3\">A movimenta\u00e7\u00e3o tamb\u00e9m busca atrair quadros fora dos grandes partidos e longe dos blocos governistas, criando uma alternativa eleitoral para nomes do empresariado, do setor evang\u00e9lico e da pol\u00edtica municipal que n\u00e3o se sentem representados pelos projetos tradicionais.<\/p>\n\n\n\n<p class=\"p3\">Nos bastidores, a avalia\u00e7\u00e3o \u00e9 que a nominata que est\u00e1 sendo desenhada por F\u00e1bio Dantas ter\u00e1 como eixo central o fortalecimento da candidatura de Cristiane, mas poder\u00e1 surpreender com nomes novos e com potencial de renova\u00e7\u00e3o para o Legislativo potiguar.<\/p>\n","protected":false},"excerpt":{"rendered":"<p>A chapa que representou a principal oposi\u00e7\u00e3o ao governo F\u00e1tima Bezerra nas elei\u00e7\u00f5es de 2022 pode voltar a se unir, mas com novos objetivos. O ex-vice-governador F\u00e1bio Dantas (SDD) e o ex-prefeito de Ass\u00fa Ivan J\u00fanior, que compuseram juntos a chapa majorit\u00e1ria na disputa pelo Governo do Estado, articulam agora uma reaproxima\u00e7\u00e3o pol\u00edtica com vistas [&hellip;]<\/p>\n","protected":false},"author":1,"featured_media":0,"comment_status":"open","ping_status":"open","sticky":false,"template":"","format":"standard","meta":{"cybocfi_hide_featured_image":"","_jetpack_memberships_contains_paid_content":false,"footnotes":""},"categories":[1],"tags":[],"class_list":["post-5835","post","type-post","status-publish","format-standard","hentry","category-diversos"],"yoast_head":"<!-- This site is optimized with the Yoast SEO plugin v25.6 - https:\/\/yoast.com\/wordpress\/plugins\/seo\/ -->\n<title>Derrotados em 2022, F\u00e1bio Dantas e Ivan J\u00fanior devem repetir alian\u00e7a em 2026, agora em uma futura nominata - Blog do Bispo<\/title>\n<meta name=\"robots\" content=\"index, follow, max-snippet:-1, max-image-preview:large, max-video-preview:-1\" \/>\n<link rel=\"canonical\" href=\"https:\/\/blogdobispo.com.br\/?p=5835\" \/>\n<meta property=\"og:locale\" content=\"pt_BR\" \/>\n<meta property=\"og:type\" content=\"article\" \/>\n<meta property=\"og:title\" content=\"Derrotados em 2022, F\u00e1bio Dantas e Ivan J\u00fanior devem repetir alian\u00e7a em 2026, agora em uma futura nominata - Blog do Bispo\" \/>\n<meta property=\"og:description\" content=\"A chapa que representou a principal oposi\u00e7\u00e3o ao governo F\u00e1tima Bezerra nas elei\u00e7\u00f5es de 2022 pode voltar a se unir, mas com novos objetivos. O ex-vice-governador F\u00e1bio Dantas (SDD) e o ex-prefeito de Ass\u00fa Ivan J\u00fanior, que compuseram juntos a chapa majorit\u00e1ria na disputa pelo Governo do Estado, articulam agora uma reaproxima\u00e7\u00e3o pol\u00edtica com vistas [&hellip;]\" \/>\n<meta property=\"og:url\" content=\"https:\/\/blogdobispo.com.br\/?p=5835\" \/>\n<meta property=\"og:site_name\" content=\"Blog do Bispo\" \/>\n<meta property=\"article:published_time\" content=\"2025-07-03T20:17:37+00:00\" \/>\n<meta property=\"og:image\" content=\"https:\/\/blogdobispo.com.br\/wp-content\/uploads\/2025\/07\/img_5388-1.jpg\" \/>\n<meta name=\"author\" content=\"Jefferson Sterfeno\" \/>\n<meta name=\"twitter:card\" content=\"summary_large_image\" \/>\n<meta name=\"twitter:label1\" content=\"Escrito por\" \/>\n\t<meta name=\"twitter:data1\" content=\"Jefferson Sterfeno\" \/>\n\t<meta name=\"twitter:label2\" content=\"Est. tempo de leitura\" \/>\n\t<meta name=\"twitter:data2\" content=\"2 minutos\" \/>\n<script type=\"application\/ld+json\" class=\"yoast-schema-graph\">{\"@context\":\"https:\/\/schema.org\",\"@graph\":[{\"@type\":\"Article\",\"@id\":\"https:\/\/blogdobispo.com.br\/?p=5835#article\",\"isPartOf\":{\"@id\":\"https:\/\/blogdobispo.com.br\/?p=5835\"},\"author\":{\"name\":\"Jefferson Sterfeno\",\"@id\":\"https:\/\/blogdobispo.com.br\/#\/schema\/person\/e2209cc0e6cea5c5233d033e997b373f\"},\"headline\":\"Derrotados em 2022, F\u00e1bio Dantas e Ivan J\u00fanior devem repetir alian\u00e7a em 2026, agora em uma futura nominata\",\"datePublished\":\"2025-07-03T20:17:37+00:00\",\"mainEntityOfPage\":{\"@id\":\"https:\/\/blogdobispo.com.br\/?p=5835\"},\"wordCount\":390,\"commentCount\":0,\"publisher\":{\"@id\":\"https:\/\/blogdobispo.com.br\/#organization\"},\"image\":{\"@id\":\"https:\/\/blogdobispo.com.br\/?p=5835#primaryimage\"},\"thumbnailUrl\":\"https:\/\/blogdobispo.com.br\/wp-content\/uploads\/2025\/07\/img_5388-1.jpg\",\"articleSection\":[\"diversos\"],\"inLanguage\":\"pt-BR\",\"potentialAction\":[{\"@type\":\"CommentAction\",\"name\":\"Comment\",\"target\":[\"https:\/\/blogdobispo.com.br\/?p=5835#respond\"]}]},{\"@type\":\"WebPage\",\"@id\":\"https:\/\/blogdobispo.com.br\/?p=5835\",\"url\":\"https:\/\/blogdobispo.com.br\/?p=5835\",\"name\":\"Derrotados em 2022, F\u00e1bio Dantas e Ivan J\u00fanior devem repetir alian\u00e7a em 2026, agora em uma futura nominata - Blog do Bispo\",\"isPartOf\":{\"@id\":\"https:\/\/blogdobispo.com.br\/#website\"},\"primaryImageOfPage\":{\"@id\":\"https:\/\/blogdobispo.com.br\/?p=5835#primaryimage\"},\"image\":{\"@id\":\"https:\/\/blogdobispo.com.br\/?p=5835#primaryimage\"},\"thumbnailUrl\":\"https:\/\/blogdobispo.com.br\/wp-content\/uploads\/2025\/07\/img_5388-1.jpg\",\"datePublished\":\"2025-07-03T20:17:37+00:00\",\"breadcrumb\":{\"@id\":\"https:\/\/blogdobispo.com.br\/?p=5835#breadcrumb\"},\"inLanguage\":\"pt-BR\",\"potentialAction\":[{\"@type\":\"ReadAction\",\"target\":[\"https:\/\/blogdobispo.com.br\/?p=5835\"]}]},{\"@type\":\"ImageObject\",\"inLanguage\":\"pt-BR\",\"@id\":\"https:\/\/blogdobispo.com.br\/?p=5835#primaryimage\",\"url\":\"https:\/\/blogdobispo.com.br\/wp-content\/uploads\/2025\/07\/img_5388-1.jpg\",\"contentUrl\":\"https:\/\/blogdobispo.com.br\/wp-content\/uploads\/2025\/07\/img_5388-1.jpg\"},{\"@type\":\"BreadcrumbList\",\"@id\":\"https:\/\/blogdobispo.com.br\/?p=5835#breadcrumb\",\"itemListElement\":[{\"@type\":\"ListItem\",\"position\":1,\"name\":\"In\u00edcio\",\"item\":\"https:\/\/blogdobispo.com.br\/\"},{\"@type\":\"ListItem\",\"position\":2,\"name\":\"Derrotados em 2022, F\u00e1bio Dantas e Ivan J\u00fanior devem repetir alian\u00e7a em 2026, agora em uma futura nominata\"}]},{\"@type\":\"WebSite\",\"@id\":\"https:\/\/blogdobispo.com.br\/#website\",\"url\":\"https:\/\/blogdobispo.com.br\/\",\"name\":\"Blog do Bispo\",\"description\":\"Comprometido apenas com o leitor\",\"publisher\":{\"@id\":\"https:\/\/blogdobispo.com.br\/#organization\"},\"potentialAction\":[{\"@type\":\"SearchAction\",\"target\":{\"@type\":\"EntryPoint\",\"urlTemplate\":\"https:\/\/blogdobispo.com.br\/?s={search_term_string}\"},\"query-input\":{\"@type\":\"PropertyValueSpecification\",\"valueRequired\":true,\"valueName\":\"search_term_string\"}}],\"inLanguage\":\"pt-BR\"},{\"@type\":\"Organization\",\"@id\":\"https:\/\/blogdobispo.com.br\/#organization\",\"name\":\"Blog do Bispo\",\"url\":\"https:\/\/blogdobispo.com.br\/\",\"logo\":{\"@type\":\"ImageObject\",\"inLanguage\":\"pt-BR\",\"@id\":\"https:\/\/blogdobispo.com.br\/#\/schema\/logo\/image\/\",\"url\":\"http:\/\/blogdobispo.com.br\/wp-content\/uploads\/2023\/05\/cropped-headear.png\",\"contentUrl\":\"http:\/\/blogdobispo.com.br\/wp-content\/uploads\/2023\/05\/cropped-headear.png\",\"width\":1500,\"height\":399,\"caption\":\"Blog do Bispo\"},\"image\":{\"@id\":\"https:\/\/blogdobispo.com.br\/#\/schema\/logo\/image\/\"}},{\"@type\":\"Person\",\"@id\":\"https:\/\/blogdobispo.com.br\/#\/schema\/person\/e2209cc0e6cea5c5233d033e997b373f\",\"name\":\"Jefferson Sterfeno\",\"image\":{\"@type\":\"ImageObject\",\"inLanguage\":\"pt-BR\",\"@id\":\"https:\/\/blogdobispo.com.br\/#\/schema\/person\/image\/\",\"url\":\"https:\/\/secure.gravatar.com\/avatar\/0534e84764641168a677026b6d57a3f51dc7ac4db0b4f6186d9cb330d4ee1160?s=96&d=mm&r=g\",\"contentUrl\":\"https:\/\/secure.gravatar.com\/avatar\/0534e84764641168a677026b6d57a3f51dc7ac4db0b4f6186d9cb330d4ee1160?s=96&d=mm&r=g\",\"caption\":\"Jefferson Sterfeno\"},\"sameAs\":[\"http:\/\/blogdobispo.com.br\"],\"url\":\"https:\/\/blogdobispo.com.br\/?author=1\"}]}<\/script>\n<!-- \/ Yoast SEO plugin. -->","yoast_head_json":{"title":"Derrotados em 2022, F\u00e1bio Dantas e Ivan J\u00fanior devem repetir alian\u00e7a em 2026, agora em uma futura nominata - Blog do Bispo","robots":{"index":"index","follow":"follow","max-snippet":"max-snippet:-1","max-image-preview":"max-image-preview:large","max-video-preview":"max-video-preview:-1"},"canonical":"https:\/\/blogdobispo.com.br\/?p=5835","og_locale":"pt_BR","og_type":"article","og_title":"Derrotados em 2022, F\u00e1bio Dantas e Ivan J\u00fanior devem repetir alian\u00e7a em 2026, agora em uma futura nominata - Blog do Bispo","og_description":"A chapa que representou a principal oposi\u00e7\u00e3o ao governo F\u00e1tima Bezerra nas elei\u00e7\u00f5es de 2022 pode voltar a se unir, mas com novos objetivos. O ex-vice-governador F\u00e1bio Dantas (SDD) e o ex-prefeito de Ass\u00fa Ivan J\u00fanior, que compuseram juntos a chapa majorit\u00e1ria na disputa pelo Governo do Estado, articulam agora uma reaproxima\u00e7\u00e3o pol\u00edtica com vistas [&hellip;]","og_url":"https:\/\/blogdobispo.com.br\/?p=5835","og_site_name":"Blog do Bispo","article_published_time":"2025-07-03T20:17:37+00:00","og_image":[{"url":"https:\/\/blogdobispo.com.br\/wp-content\/uploads\/2025\/07\/img_5388-1.jpg","type":"","width":"","height":""}],"author":"Jefferson Sterfeno","twitter_card":"summary_large_image","twitter_misc":{"Escrito por":"Jefferson Sterfeno","Est. tempo de leitura":"2 minutos"},"schema":{"@context":"https:\/\/schema.org","@graph":[{"@type":"Article","@id":"https:\/\/blogdobispo.com.br\/?p=5835#article","isPartOf":{"@id":"https:\/\/blogdobispo.com.br\/?p=5835"},"author":{"name":"Jefferson Sterfeno","@id":"https:\/\/blogdobispo.com.br\/#\/schema\/person\/e2209cc0e6cea5c5233d033e997b373f"},"headline":"Derrotados em 2022, F\u00e1bio Dantas e Ivan J\u00fanior devem repetir alian\u00e7a em 2026, agora em uma futura nominata","datePublished":"2025-07-03T20:17:37+00:00","mainEntityOfPage":{"@id":"https:\/\/blogdobispo.com.br\/?p=5835"},"wordCount":390,"commentCount":0,"publisher":{"@id":"https:\/\/blogdobispo.com.br\/#organization"},"image":{"@id":"https:\/\/blogdobispo.com.br\/?p=5835#primaryimage"},"thumbnailUrl":"https:\/\/blogdobispo.com.br\/wp-content\/uploads\/2025\/07\/img_5388-1.jpg","articleSection":["diversos"],"inLanguage":"pt-BR","potentialAction":[{"@type":"CommentAction","name":"Comment","target":["https:\/\/blogdobispo.com.br\/?p=5835#respond"]}]},{"@type":"WebPage","@id":"https:\/\/blogdobispo.com.br\/?p=5835","url":"https:\/\/blogdobispo.com.br\/?p=5835","name":"Derrotados em 2022, F\u00e1bio Dantas e Ivan J\u00fanior devem repetir alian\u00e7a em 2026, agora em uma futura nominata - Blog do Bispo","isPartOf":{"@id":"https:\/\/blogdobispo.com.br\/#website"},"primaryImageOfPage":{"@id":"https:\/\/blogdobispo.com.br\/?p=5835#primaryimage"},"image":{"@id":"https:\/\/blogdobispo.com.br\/?p=5835#primaryimage"},"thumbnailUrl":"https:\/\/blogdobispo.com.br\/wp-content\/uploads\/2025\/07\/img_5388-1.jpg","datePublished":"2025-07-03T20:17:37+00:00","breadcrumb":{"@id":"https:\/\/blogdobispo.com.br\/?p=5835#breadcrumb"},"inLanguage":"pt-BR","potentialAction":[{"@type":"ReadAction","target":["https:\/\/blogdobispo.com.br\/?p=5835"]}]},{"@type":"ImageObject","inLanguage":"pt-BR","@id":"https:\/\/blogdobispo.com.br\/?p=5835#primaryimage","url":"https:\/\/blogdobispo.com.br\/wp-content\/uploads\/2025\/07\/img_5388-1.jpg","contentUrl":"https:\/\/blogdobispo.com.br\/wp-content\/uploads\/2025\/07\/img_5388-1.jpg"},{"@type":"BreadcrumbList","@id":"https:\/\/blogdobispo.com.br\/?p=5835#breadcrumb","itemListElement":[{"@type":"ListItem","position":1,"name":"In\u00edcio","item":"https:\/\/blogdobispo.com.br\/"},{"@type":"ListItem","position":2,"name":"Derrotados em 2022, F\u00e1bio Dantas e Ivan J\u00fanior devem repetir alian\u00e7a em 2026, agora em uma futura nominata"}]},{"@type":"WebSite","@id":"https:\/\/blogdobispo.com.br\/#website","url":"https:\/\/blogdobispo.com.br\/","name":"Blog do Bispo","description":"Comprometido apenas com o leitor","publisher":{"@id":"https:\/\/blogdobispo.com.br\/#organization"},"potentialAction":[{"@type":"SearchAction","target":{"@type":"EntryPoint","urlTemplate":"https:\/\/blogdobispo.com.br\/?s={search_term_string}"},"query-input":{"@type":"PropertyValueSpecification","valueRequired":true,"valueName":"search_term_string"}}],"inLanguage":"pt-BR"},{"@type":"Organization","@id":"https:\/\/blogdobispo.com.br\/#organization","name":"Blog do Bispo","url":"https:\/\/blogdobispo.com.br\/","logo":{"@type":"ImageObject","inLanguage":"pt-BR","@id":"https:\/\/blogdobispo.com.br\/#\/schema\/logo\/image\/","url":"http:\/\/blogdobispo.com.br\/wp-content\/uploads\/2023\/05\/cropped-headear.png","contentUrl":"http:\/\/blogdobispo.com.br\/wp-content\/uploads\/2023\/05\/cropped-headear.png","width":1500,"height":399,"caption":"Blog do Bispo"},"image":{"@id":"https:\/\/blogdobispo.com.br\/#\/schema\/logo\/image\/"}},{"@type":"Person","@id":"https:\/\/blogdobispo.com.br\/#\/schema\/person\/e2209cc0e6cea5c5233d033e997b373f","name":"Jefferson Sterfeno","image":{"@type":"ImageObject","inLanguage":"pt-BR","@id":"https:\/\/blogdobispo.com.br\/#\/schema\/person\/image\/","url":"https:\/\/secure.gravatar.com\/avatar\/0534e84764641168a677026b6d57a3f51dc7ac4db0b4f6186d9cb330d4ee1160?s=96&d=mm&r=g","contentUrl":"https:\/\/secure.gravatar.com\/avatar\/0534e84764641168a677026b6d57a3f51dc7ac4db0b4f6186d9cb330d4ee1160?s=96&d=mm&r=g","caption":"Jefferson Sterfeno"},"sameAs":["http:\/\/blogdobispo.com.br"],"url":"https:\/\/blogdobispo.com.br\/?author=1"}]}},"featured_image_urls":{"full":"","thumbnail":"","medium":"","medium_large":"","large":"","1536x1536":"","2048x2048":""},"author_info":{"display_name":"Jefferson Sterfeno","author_link":"https:\/\/blogdobispo.com.br\/?author=1"},"category_info":"<a href=\"https:\/\/blogdobispo.com.br\/?cat=1\" rel=\"category\">diversos<\/a>","tag_info":"diversos","comment_count":"0","jetpack_featured_media_url":"","jetpack_sharing_enabled":true,"_links":{"self":[{"href":"https:\/\/blogdobispo.com.br\/index.php?rest_route=\/wp\/v2\/posts\/5835","targetHints":{"allow":["GET"]}}],"collection":[{"href":"https:\/\/blogdobispo.com.br\/index.php?rest_route=\/wp\/v2\/posts"}],"about":[{"href":"https:\/\/blogdobispo.com.br\/index.php?rest_route=\/wp\/v2\/types\/post"}],"author":[{"embeddable":true,"href":"https:\/\/blogdobispo.com.br\/index.php?rest_route=\/wp\/v2\/users\/1"}],"replies":[{"embeddable":true,"href":"https:\/\/blogdobispo.com.br\/index.php?rest_route=%2Fwp%2Fv2%2Fcomments&post=5835"}],"version-history":[{"count":0,"href":"https:\/\/blogdobispo.com.br\/index.php?rest_route=\/wp\/v2\/posts\/5835\/revisions"}],"wp:attachment":[{"href":"https:\/\/blogdobispo.com.br\/index.php?rest_route=%2Fwp%2Fv2%2Fmedia&parent=5835"}],"wp:term":[{"taxonomy":"category","embeddable":true,"href":"https:\/\/blogdobispo.com.br\/index.php?rest_route=%2Fwp%2Fv2%2Fcategories&post=5835"},{"taxonomy":"post_tag","embeddable":true,"href":"https:\/\/blogdobispo.com.br\/index.php?rest_route=%2Fwp%2Fv2%2Ftags&post=5835"}],"curies":[{"name":"wp","href":"https:\/\/api.w.org\/{rel}","templated":true}]}}