{"id":5833,"date":"2025-07-03T20:06:43","date_gmt":"2025-07-03T20:06:43","guid":{"rendered":"https:\/\/blogdobispo.com.br\/?p=5833"},"modified":"2025-07-03T20:06:43","modified_gmt":"2025-07-03T20:06:43","slug":"possibilidades-para-vice-de-allyson-bezerra-movimentam-bastidores-politicos-no-rn","status":"publish","type":"post","link":"https:\/\/blogdobispo.com.br\/?p=5833","title":{"rendered":"Possibilidades para vice de Allyson Bezerra movimentam bastidores pol\u00edticos no RN"},"content":{"rendered":"\n<p class=\"p1\"><\/p>\n\n\n\n<p class=\"p1\">Com a pr\u00e9-candidatura do prefeito de Mossor\u00f3, Allyson Bezerra, ao Governo do Estado praticamente consolidada, os bastidores pol\u00edticos do Rio Grande do Norte j\u00e1 especulam os poss\u00edveis nomes que podem compor sua chapa como vice-governador. A escolha \u00e9 estrat\u00e9gica e vem sendo tratada com cautela por aliados do gestor mossoroense, que busca construir uma alian\u00e7a ampla e regionalmente representativa.<\/p>\n\n\n\n<p class=\"p1\">Dois nomes despontam como favoritos entre os interlocutores de Allyson: Shirley Targino, prefeita de Messias Targino licenciada, que acaba de assumir uma secretaria na Prefeitura de Mossor\u00f3, e o m\u00e9dico e prefeito de Caic\u00f3, Dr. Tadeu, nome defendido abertamente pelo deputado estadual Vivaldo Costa (PSDB).<\/p>\n\n\n\n<p class=\"p1\">Shirley Targino, com forte influ\u00eancia no M\u00e9dio Oeste potiguar, surpreendeu ao recusar o convite feito pela governadora F\u00e1tima Bezerra para integrar seu secretariado e, logo em seguida, aceitar ocupar um posto estrat\u00e9gico na gest\u00e3o de Allyson. A movimenta\u00e7\u00e3o foi vista como um gesto pol\u00edtico de alinhamento com o projeto do prefeito de Mossor\u00f3. Empres\u00e1ria e esposa do ex-deputado federal Jo\u00e3o Maia, Shirley re\u00fane qualidades que agradam setores do empresariado e do municipalismo.<\/p>\n\n\n\n<figure class=\"wp-block-image size-large\"><img data-recalc-dims=\"1\" fetchpriority=\"high\" decoding=\"async\" width=\"657\" height=\"467\" src=\"https:\/\/i0.wp.com\/blogdobispo.com.br\/wp-content\/uploads\/2025\/07\/img_5387-1.jpg?resize=657%2C467&#038;ssl=1\" class=\"wp-image-5832\" srcset=\"https:\/\/i0.wp.com\/blogdobispo.com.br\/wp-content\/uploads\/2025\/07\/img_5387-1.jpg?w=657&amp;ssl=1 657w, https:\/\/i0.wp.com\/blogdobispo.com.br\/wp-content\/uploads\/2025\/07\/img_5387-1.jpg?resize=300%2C213&amp;ssl=1 300w\" sizes=\"(max-width: 657px) 100vw, 657px\" \/><\/figure>\n\n\n\n<p class=\"p1\">J\u00e1 Dr. Tadeu, jovem lideran\u00e7a do Serid\u00f3, \u00e9 apontado como o nome ideal para ampliar o alcance de Allyson na regi\u00e3o. Prefeito bem avaliado em Caic\u00f3 e com tr\u00e2nsito junto a lideran\u00e7as locais, tem o apoio de Vivaldo Costa, um dos pol\u00edticos mais experientes do estado. O \u201cPapa Jerimum\u201d, como \u00e9 conhecido, tem refor\u00e7ado nos bastidores que a presen\u00e7a de Tadeu na chapa poderia garantir um elo simb\u00f3lico com o Serid\u00f3 e consolidar o apoio de prefeitos e lideran\u00e7as da regi\u00e3o.<\/p>\n\n\n\n<p class=\"p1\">Outros nomes seguem sendo ventilados, especialmente do setor evang\u00e9lico e do empresariado, numa tentativa de formar uma composi\u00e7\u00e3o que una voto regional, perfil t\u00e9cnico e capilaridade pol\u00edtica. Allyson, por enquanto, evita dar pistas, mas interlocutores pr\u00f3ximos afirmam que ele j\u00e1 discute cen\u00e1rios com aliados de confian\u00e7a e pretende anunciar o nome do vice apenas no momento mais oportuno da pr\u00e9-campanha.<\/p>\n\n\n\n<p class=\"p1\">A defini\u00e7\u00e3o do vice deve ocorrer com base em crit\u00e9rios como representatividade geogr\u00e1fica, densidade eleitoral e capacidade de articula\u00e7\u00e3o pol\u00edtica. Se o projeto de Allyson \u00e9 ousado, a escolha do vice ser\u00e1 determinante para pavimentar o caminho rumo ao Pal\u00e1cio dos Despachos.<\/p>\n","protected":false},"excerpt":{"rendered":"<p>Com a pr\u00e9-candidatura do prefeito de Mossor\u00f3, Allyson Bezerra, ao Governo do Estado praticamente consolidada, os bastidores pol\u00edticos do Rio Grande do Norte j\u00e1 especulam os poss\u00edveis nomes que podem compor sua chapa como vice-governador. A escolha \u00e9 estrat\u00e9gica e vem sendo tratada com cautela por aliados do gestor mossoroense, que busca construir uma alian\u00e7a [&hellip;]<\/p>\n","protected":false},"author":1,"featured_media":0,"comment_status":"open","ping_status":"open","sticky":false,"template":"","format":"standard","meta":{"cybocfi_hide_featured_image":"","_jetpack_memberships_contains_paid_content":false,"footnotes":""},"categories":[1],"tags":[],"class_list":["post-5833","post","type-post","status-publish","format-standard","hentry","category-diversos"],"yoast_head":"<!-- This site is optimized with the Yoast SEO plugin v25.6 - https:\/\/yoast.com\/wordpress\/plugins\/seo\/ -->\n<title>Possibilidades para vice de Allyson Bezerra movimentam bastidores pol\u00edticos no RN - Blog do Bispo<\/title>\n<meta name=\"robots\" content=\"index, follow, max-snippet:-1, max-image-preview:large, max-video-preview:-1\" \/>\n<link rel=\"canonical\" href=\"https:\/\/blogdobispo.com.br\/?p=5833\" \/>\n<meta property=\"og:locale\" content=\"pt_BR\" \/>\n<meta property=\"og:type\" content=\"article\" \/>\n<meta property=\"og:title\" content=\"Possibilidades para vice de Allyson Bezerra movimentam bastidores pol\u00edticos no RN - Blog do Bispo\" \/>\n<meta property=\"og:description\" content=\"Com a pr\u00e9-candidatura do prefeito de Mossor\u00f3, Allyson Bezerra, ao Governo do Estado praticamente consolidada, os bastidores pol\u00edticos do Rio Grande do Norte j\u00e1 especulam os poss\u00edveis nomes que podem compor sua chapa como vice-governador. A escolha \u00e9 estrat\u00e9gica e vem sendo tratada com cautela por aliados do gestor mossoroense, que busca construir uma alian\u00e7a [&hellip;]\" \/>\n<meta property=\"og:url\" content=\"https:\/\/blogdobispo.com.br\/?p=5833\" \/>\n<meta property=\"og:site_name\" content=\"Blog do Bispo\" \/>\n<meta property=\"article:published_time\" content=\"2025-07-03T20:06:43+00:00\" \/>\n<meta property=\"og:image\" content=\"https:\/\/blogdobispo.com.br\/wp-content\/uploads\/2025\/07\/img_5387-1.jpg\" \/>\n<meta name=\"author\" content=\"Jefferson Sterfeno\" \/>\n<meta name=\"twitter:card\" content=\"summary_large_image\" \/>\n<meta name=\"twitter:label1\" content=\"Escrito por\" \/>\n\t<meta name=\"twitter:data1\" content=\"Jefferson Sterfeno\" \/>\n\t<meta name=\"twitter:label2\" content=\"Est. tempo de leitura\" \/>\n\t<meta name=\"twitter:data2\" content=\"2 minutos\" \/>\n<script type=\"application\/ld+json\" class=\"yoast-schema-graph\">{\"@context\":\"https:\/\/schema.org\",\"@graph\":[{\"@type\":\"Article\",\"@id\":\"https:\/\/blogdobispo.com.br\/?p=5833#article\",\"isPartOf\":{\"@id\":\"https:\/\/blogdobispo.com.br\/?p=5833\"},\"author\":{\"name\":\"Jefferson Sterfeno\",\"@id\":\"https:\/\/blogdobispo.com.br\/#\/schema\/person\/e2209cc0e6cea5c5233d033e997b373f\"},\"headline\":\"Possibilidades para vice de Allyson Bezerra movimentam bastidores pol\u00edticos no RN\",\"datePublished\":\"2025-07-03T20:06:43+00:00\",\"mainEntityOfPage\":{\"@id\":\"https:\/\/blogdobispo.com.br\/?p=5833\"},\"wordCount\":407,\"commentCount\":0,\"publisher\":{\"@id\":\"https:\/\/blogdobispo.com.br\/#organization\"},\"image\":{\"@id\":\"https:\/\/blogdobispo.com.br\/?p=5833#primaryimage\"},\"thumbnailUrl\":\"https:\/\/blogdobispo.com.br\/wp-content\/uploads\/2025\/07\/img_5387-1.jpg\",\"articleSection\":[\"diversos\"],\"inLanguage\":\"pt-BR\",\"potentialAction\":[{\"@type\":\"CommentAction\",\"name\":\"Comment\",\"target\":[\"https:\/\/blogdobispo.com.br\/?p=5833#respond\"]}]},{\"@type\":\"WebPage\",\"@id\":\"https:\/\/blogdobispo.com.br\/?p=5833\",\"url\":\"https:\/\/blogdobispo.com.br\/?p=5833\",\"name\":\"Possibilidades para vice de Allyson Bezerra movimentam bastidores pol\u00edticos no RN - Blog do Bispo\",\"isPartOf\":{\"@id\":\"https:\/\/blogdobispo.com.br\/#website\"},\"primaryImageOfPage\":{\"@id\":\"https:\/\/blogdobispo.com.br\/?p=5833#primaryimage\"},\"image\":{\"@id\":\"https:\/\/blogdobispo.com.br\/?p=5833#primaryimage\"},\"thumbnailUrl\":\"https:\/\/blogdobispo.com.br\/wp-content\/uploads\/2025\/07\/img_5387-1.jpg\",\"datePublished\":\"2025-07-03T20:06:43+00:00\",\"breadcrumb\":{\"@id\":\"https:\/\/blogdobispo.com.br\/?p=5833#breadcrumb\"},\"inLanguage\":\"pt-BR\",\"potentialAction\":[{\"@type\":\"ReadAction\",\"target\":[\"https:\/\/blogdobispo.com.br\/?p=5833\"]}]},{\"@type\":\"ImageObject\",\"inLanguage\":\"pt-BR\",\"@id\":\"https:\/\/blogdobispo.com.br\/?p=5833#primaryimage\",\"url\":\"https:\/\/blogdobispo.com.br\/wp-content\/uploads\/2025\/07\/img_5387-1.jpg\",\"contentUrl\":\"https:\/\/blogdobispo.com.br\/wp-content\/uploads\/2025\/07\/img_5387-1.jpg\"},{\"@type\":\"BreadcrumbList\",\"@id\":\"https:\/\/blogdobispo.com.br\/?p=5833#breadcrumb\",\"itemListElement\":[{\"@type\":\"ListItem\",\"position\":1,\"name\":\"In\u00edcio\",\"item\":\"https:\/\/blogdobispo.com.br\/\"},{\"@type\":\"ListItem\",\"position\":2,\"name\":\"Possibilidades para vice de Allyson Bezerra movimentam bastidores pol\u00edticos no RN\"}]},{\"@type\":\"WebSite\",\"@id\":\"https:\/\/blogdobispo.com.br\/#website\",\"url\":\"https:\/\/blogdobispo.com.br\/\",\"name\":\"Blog do Bispo\",\"description\":\"Comprometido apenas com o leitor\",\"publisher\":{\"@id\":\"https:\/\/blogdobispo.com.br\/#organization\"},\"potentialAction\":[{\"@type\":\"SearchAction\",\"target\":{\"@type\":\"EntryPoint\",\"urlTemplate\":\"https:\/\/blogdobispo.com.br\/?s={search_term_string}\"},\"query-input\":{\"@type\":\"PropertyValueSpecification\",\"valueRequired\":true,\"valueName\":\"search_term_string\"}}],\"inLanguage\":\"pt-BR\"},{\"@type\":\"Organization\",\"@id\":\"https:\/\/blogdobispo.com.br\/#organization\",\"name\":\"Blog do Bispo\",\"url\":\"https:\/\/blogdobispo.com.br\/\",\"logo\":{\"@type\":\"ImageObject\",\"inLanguage\":\"pt-BR\",\"@id\":\"https:\/\/blogdobispo.com.br\/#\/schema\/logo\/image\/\",\"url\":\"http:\/\/blogdobispo.com.br\/wp-content\/uploads\/2023\/05\/cropped-headear.png\",\"contentUrl\":\"http:\/\/blogdobispo.com.br\/wp-content\/uploads\/2023\/05\/cropped-headear.png\",\"width\":1500,\"height\":399,\"caption\":\"Blog do Bispo\"},\"image\":{\"@id\":\"https:\/\/blogdobispo.com.br\/#\/schema\/logo\/image\/\"}},{\"@type\":\"Person\",\"@id\":\"https:\/\/blogdobispo.com.br\/#\/schema\/person\/e2209cc0e6cea5c5233d033e997b373f\",\"name\":\"Jefferson Sterfeno\",\"image\":{\"@type\":\"ImageObject\",\"inLanguage\":\"pt-BR\",\"@id\":\"https:\/\/blogdobispo.com.br\/#\/schema\/person\/image\/\",\"url\":\"https:\/\/secure.gravatar.com\/avatar\/0534e84764641168a677026b6d57a3f51dc7ac4db0b4f6186d9cb330d4ee1160?s=96&d=mm&r=g\",\"contentUrl\":\"https:\/\/secure.gravatar.com\/avatar\/0534e84764641168a677026b6d57a3f51dc7ac4db0b4f6186d9cb330d4ee1160?s=96&d=mm&r=g\",\"caption\":\"Jefferson Sterfeno\"},\"sameAs\":[\"http:\/\/blogdobispo.com.br\"],\"url\":\"https:\/\/blogdobispo.com.br\/?author=1\"}]}<\/script>\n<!-- \/ Yoast SEO plugin. -->","yoast_head_json":{"title":"Possibilidades para vice de Allyson Bezerra movimentam bastidores pol\u00edticos no RN - Blog do Bispo","robots":{"index":"index","follow":"follow","max-snippet":"max-snippet:-1","max-image-preview":"max-image-preview:large","max-video-preview":"max-video-preview:-1"},"canonical":"https:\/\/blogdobispo.com.br\/?p=5833","og_locale":"pt_BR","og_type":"article","og_title":"Possibilidades para vice de Allyson Bezerra movimentam bastidores pol\u00edticos no RN - Blog do Bispo","og_description":"Com a pr\u00e9-candidatura do prefeito de Mossor\u00f3, Allyson Bezerra, ao Governo do Estado praticamente consolidada, os bastidores pol\u00edticos do Rio Grande do Norte j\u00e1 especulam os poss\u00edveis nomes que podem compor sua chapa como vice-governador. A escolha \u00e9 estrat\u00e9gica e vem sendo tratada com cautela por aliados do gestor mossoroense, que busca construir uma alian\u00e7a [&hellip;]","og_url":"https:\/\/blogdobispo.com.br\/?p=5833","og_site_name":"Blog do Bispo","article_published_time":"2025-07-03T20:06:43+00:00","og_image":[{"url":"https:\/\/blogdobispo.com.br\/wp-content\/uploads\/2025\/07\/img_5387-1.jpg","type":"","width":"","height":""}],"author":"Jefferson Sterfeno","twitter_card":"summary_large_image","twitter_misc":{"Escrito por":"Jefferson Sterfeno","Est. tempo de leitura":"2 minutos"},"schema":{"@context":"https:\/\/schema.org","@graph":[{"@type":"Article","@id":"https:\/\/blogdobispo.com.br\/?p=5833#article","isPartOf":{"@id":"https:\/\/blogdobispo.com.br\/?p=5833"},"author":{"name":"Jefferson Sterfeno","@id":"https:\/\/blogdobispo.com.br\/#\/schema\/person\/e2209cc0e6cea5c5233d033e997b373f"},"headline":"Possibilidades para vice de Allyson Bezerra movimentam bastidores pol\u00edticos no RN","datePublished":"2025-07-03T20:06:43+00:00","mainEntityOfPage":{"@id":"https:\/\/blogdobispo.com.br\/?p=5833"},"wordCount":407,"commentCount":0,"publisher":{"@id":"https:\/\/blogdobispo.com.br\/#organization"},"image":{"@id":"https:\/\/blogdobispo.com.br\/?p=5833#primaryimage"},"thumbnailUrl":"https:\/\/blogdobispo.com.br\/wp-content\/uploads\/2025\/07\/img_5387-1.jpg","articleSection":["diversos"],"inLanguage":"pt-BR","potentialAction":[{"@type":"CommentAction","name":"Comment","target":["https:\/\/blogdobispo.com.br\/?p=5833#respond"]}]},{"@type":"WebPage","@id":"https:\/\/blogdobispo.com.br\/?p=5833","url":"https:\/\/blogdobispo.com.br\/?p=5833","name":"Possibilidades para vice de Allyson Bezerra movimentam bastidores pol\u00edticos no RN - Blog do Bispo","isPartOf":{"@id":"https:\/\/blogdobispo.com.br\/#website"},"primaryImageOfPage":{"@id":"https:\/\/blogdobispo.com.br\/?p=5833#primaryimage"},"image":{"@id":"https:\/\/blogdobispo.com.br\/?p=5833#primaryimage"},"thumbnailUrl":"https:\/\/blogdobispo.com.br\/wp-content\/uploads\/2025\/07\/img_5387-1.jpg","datePublished":"2025-07-03T20:06:43+00:00","breadcrumb":{"@id":"https:\/\/blogdobispo.com.br\/?p=5833#breadcrumb"},"inLanguage":"pt-BR","potentialAction":[{"@type":"ReadAction","target":["https:\/\/blogdobispo.com.br\/?p=5833"]}]},{"@type":"ImageObject","inLanguage":"pt-BR","@id":"https:\/\/blogdobispo.com.br\/?p=5833#primaryimage","url":"https:\/\/blogdobispo.com.br\/wp-content\/uploads\/2025\/07\/img_5387-1.jpg","contentUrl":"https:\/\/blogdobispo.com.br\/wp-content\/uploads\/2025\/07\/img_5387-1.jpg"},{"@type":"BreadcrumbList","@id":"https:\/\/blogdobispo.com.br\/?p=5833#breadcrumb","itemListElement":[{"@type":"ListItem","position":1,"name":"In\u00edcio","item":"https:\/\/blogdobispo.com.br\/"},{"@type":"ListItem","position":2,"name":"Possibilidades para vice de Allyson Bezerra movimentam bastidores pol\u00edticos no RN"}]},{"@type":"WebSite","@id":"https:\/\/blogdobispo.com.br\/#website","url":"https:\/\/blogdobispo.com.br\/","name":"Blog do Bispo","description":"Comprometido apenas com o leitor","publisher":{"@id":"https:\/\/blogdobispo.com.br\/#organization"},"potentialAction":[{"@type":"SearchAction","target":{"@type":"EntryPoint","urlTemplate":"https:\/\/blogdobispo.com.br\/?s={search_term_string}"},"query-input":{"@type":"PropertyValueSpecification","valueRequired":true,"valueName":"search_term_string"}}],"inLanguage":"pt-BR"},{"@type":"Organization","@id":"https:\/\/blogdobispo.com.br\/#organization","name":"Blog do Bispo","url":"https:\/\/blogdobispo.com.br\/","logo":{"@type":"ImageObject","inLanguage":"pt-BR","@id":"https:\/\/blogdobispo.com.br\/#\/schema\/logo\/image\/","url":"http:\/\/blogdobispo.com.br\/wp-content\/uploads\/2023\/05\/cropped-headear.png","contentUrl":"http:\/\/blogdobispo.com.br\/wp-content\/uploads\/2023\/05\/cropped-headear.png","width":1500,"height":399,"caption":"Blog do Bispo"},"image":{"@id":"https:\/\/blogdobispo.com.br\/#\/schema\/logo\/image\/"}},{"@type":"Person","@id":"https:\/\/blogdobispo.com.br\/#\/schema\/person\/e2209cc0e6cea5c5233d033e997b373f","name":"Jefferson Sterfeno","image":{"@type":"ImageObject","inLanguage":"pt-BR","@id":"https:\/\/blogdobispo.com.br\/#\/schema\/person\/image\/","url":"https:\/\/secure.gravatar.com\/avatar\/0534e84764641168a677026b6d57a3f51dc7ac4db0b4f6186d9cb330d4ee1160?s=96&d=mm&r=g","contentUrl":"https:\/\/secure.gravatar.com\/avatar\/0534e84764641168a677026b6d57a3f51dc7ac4db0b4f6186d9cb330d4ee1160?s=96&d=mm&r=g","caption":"Jefferson Sterfeno"},"sameAs":["http:\/\/blogdobispo.com.br"],"url":"https:\/\/blogdobispo.com.br\/?author=1"}]}},"featured_image_urls":{"full":"","thumbnail":"","medium":"","medium_large":"","large":"","1536x1536":"","2048x2048":""},"author_info":{"display_name":"Jefferson Sterfeno","author_link":"https:\/\/blogdobispo.com.br\/?author=1"},"category_info":"<a href=\"https:\/\/blogdobispo.com.br\/?cat=1\" rel=\"category\">diversos<\/a>","tag_info":"diversos","comment_count":"0","jetpack_featured_media_url":"","jetpack_sharing_enabled":true,"_links":{"self":[{"href":"https:\/\/blogdobispo.com.br\/index.php?rest_route=\/wp\/v2\/posts\/5833","targetHints":{"allow":["GET"]}}],"collection":[{"href":"https:\/\/blogdobispo.com.br\/index.php?rest_route=\/wp\/v2\/posts"}],"about":[{"href":"https:\/\/blogdobispo.com.br\/index.php?rest_route=\/wp\/v2\/types\/post"}],"author":[{"embeddable":true,"href":"https:\/\/blogdobispo.com.br\/index.php?rest_route=\/wp\/v2\/users\/1"}],"replies":[{"embeddable":true,"href":"https:\/\/blogdobispo.com.br\/index.php?rest_route=%2Fwp%2Fv2%2Fcomments&post=5833"}],"version-history":[{"count":0,"href":"https:\/\/blogdobispo.com.br\/index.php?rest_route=\/wp\/v2\/posts\/5833\/revisions"}],"wp:attachment":[{"href":"https:\/\/blogdobispo.com.br\/index.php?rest_route=%2Fwp%2Fv2%2Fmedia&parent=5833"}],"wp:term":[{"taxonomy":"category","embeddable":true,"href":"https:\/\/blogdobispo.com.br\/index.php?rest_route=%2Fwp%2Fv2%2Fcategories&post=5833"},{"taxonomy":"post_tag","embeddable":true,"href":"https:\/\/blogdobispo.com.br\/index.php?rest_route=%2Fwp%2Fv2%2Ftags&post=5833"}],"curies":[{"name":"wp","href":"https:\/\/api.w.org\/{rel}","templated":true}]}}