{"id":5829,"date":"2025-07-03T14:39:04","date_gmt":"2025-07-03T14:39:04","guid":{"rendered":"https:\/\/blogdobispo.com.br\/?p=5829"},"modified":"2025-07-03T14:39:06","modified_gmt":"2025-07-03T14:39:06","slug":"samanda-alves-e-isolda-dantas-devem-ser-eleitas-neste-domingo-na-presidencia-estadual-do-pt-no-rn","status":"publish","type":"post","link":"https:\/\/blogdobispo.com.br\/?p=5829","title":{"rendered":"Samanda Alves e Isolda Dantas devem ser eleitas neste domingo na presid\u00eancia estadual do PT no RN"},"content":{"rendered":"\n<p>A elei\u00e7\u00e3o interna que definir\u00e1 o comando estadual do Partido dos Trabalhadores (PT) no Rio Grande do Norte acontece neste domingo, 6 de julho, e dever\u00e1 confirmar a vit\u00f3ria da chapa coletiva formada por Samanda Alves e Isolda Dantas. A vota\u00e7\u00e3o ocorrer\u00e1 das 9h \u00e0s 17h em diret\u00f3rios espalhados por todo o estado, sendo aberta apenas a filiados regularizados at\u00e9 28 de fevereiro deste ano.<\/p>\n\n\n\n<figure class=\"wp-block-image\"><img data-recalc-dims=\"1\" fetchpriority=\"high\" decoding=\"async\" width=\"800\" height=\"451\" src=\"https:\/\/i0.wp.com\/blogdobispo.com.br\/wp-content\/uploads\/2025\/07\/WhatsApp-Image-2025-05-16-at-19.13.25-830x468-1.webp?resize=800%2C451\" alt=\"\" class=\"wp-image-5830\" srcset=\"https:\/\/i0.wp.com\/blogdobispo.com.br\/wp-content\/uploads\/2025\/07\/WhatsApp-Image-2025-05-16-at-19.13.25-830x468-1.webp?w=830&amp;ssl=1 830w, https:\/\/i0.wp.com\/blogdobispo.com.br\/wp-content\/uploads\/2025\/07\/WhatsApp-Image-2025-05-16-at-19.13.25-830x468-1.webp?resize=300%2C169&amp;ssl=1 300w, https:\/\/i0.wp.com\/blogdobispo.com.br\/wp-content\/uploads\/2025\/07\/WhatsApp-Image-2025-05-16-at-19.13.25-830x468-1.webp?resize=768%2C433&amp;ssl=1 768w\" sizes=\"(max-width: 800px) 100vw, 800px\" \/><\/figure>\n\n\n\n<p>A chapa prop\u00f5e um modelo de gest\u00e3o compartilhada: Samanda Alves assumiria os dois primeiros anos do mandato, seguida por Isolda Dantas nos dois anos finais. Samanda \u00e9 vice-presidenta do PT em Natal e foi candidata a deputada federal em 2022, ficando na supl\u00eancia. J\u00e1 Isolda \u00e9 deputada estadual com forte atua\u00e7\u00e3o na regi\u00e3o Oeste e militante hist\u00f3rica dos movimentos sociais.<\/p>\n\n\n\n<p>A principal advers\u00e1ria na disputa \u00e9 a deputada estadual <strong>Divaneide Bas\u00edlio<\/strong>, da corrente <strong>Construindo um Novo Brasil (CNB)<\/strong>, que tamb\u00e9m re\u00fane apoio da <strong>Articula\u00e7\u00e3o de Esquerda (AE)<\/strong>. Atual presidente do PT em Natal, Divaneide apresenta uma candidatura centrada na renova\u00e7\u00e3o partid\u00e1ria, na valoriza\u00e7\u00e3o da milit\u00e2ncia e no fortalecimento da presen\u00e7a institucional do partido.<\/p>\n\n\n\n<p>Apesar de sua proximidade pol\u00edtica com Isolda e Samanda, a governadora <strong>F\u00e1tima Bezerra<\/strong> optou por n\u00e3o declarar apoio p\u00fablico a nenhuma das chapas. Segundo aliados, a decis\u00e3o busca preservar a unidade interna da sigla e respeitar a autonomia do processo democr\u00e1tico petista.<\/p>\n\n\n\n<p>Enquanto a disputa estadual indica favoritismo da chapa Samanda-Isolda, a elei\u00e7\u00e3o para o diret\u00f3rio municipal de <strong>Natal dever\u00e1 ser mais acirrada<\/strong>. A capital concentra for\u00e7as diversas do PT e tem hist\u00f3rico de disputas internas intensas, o que deve se repetir neste domingo.<\/p>\n\n\n\n<p>O resultado das elei\u00e7\u00f5es internas \u00e9 considerado decisivo para o futuro do PT potiguar, especialmente com vistas \u00e0s elei\u00e7\u00f5es de 2026 e \u00e0 sucess\u00e3o da governadora F\u00e1tima. A apura\u00e7\u00e3o final ser\u00e1 divulgada nos dias seguintes \u00e0 vota\u00e7\u00e3o.<\/p>\n","protected":false},"excerpt":{"rendered":"<p>A elei\u00e7\u00e3o interna que definir\u00e1 o comando estadual do Partido dos Trabalhadores (PT) no Rio Grande do Norte acontece neste domingo, 6 de julho, e dever\u00e1 confirmar a vit\u00f3ria da chapa coletiva formada por Samanda Alves e Isolda Dantas. A vota\u00e7\u00e3o ocorrer\u00e1 das 9h \u00e0s 17h em diret\u00f3rios espalhados por todo o estado, sendo aberta [&hellip;]<\/p>\n","protected":false},"author":1,"featured_media":0,"comment_status":"open","ping_status":"open","sticky":false,"template":"","format":"standard","meta":{"cybocfi_hide_featured_image":"","_jetpack_memberships_contains_paid_content":false,"footnotes":""},"categories":[1],"tags":[],"class_list":["post-5829","post","type-post","status-publish","format-standard","hentry","category-diversos"],"yoast_head":"<!-- This site is optimized with the Yoast SEO plugin v25.6 - https:\/\/yoast.com\/wordpress\/plugins\/seo\/ -->\n<title>Samanda Alves e Isolda Dantas devem ser eleitas neste domingo na presid\u00eancia estadual do PT no RN - Blog do Bispo<\/title>\n<meta name=\"robots\" content=\"index, follow, max-snippet:-1, max-image-preview:large, max-video-preview:-1\" \/>\n<link rel=\"canonical\" href=\"https:\/\/blogdobispo.com.br\/?p=5829\" \/>\n<meta property=\"og:locale\" content=\"pt_BR\" \/>\n<meta property=\"og:type\" content=\"article\" \/>\n<meta property=\"og:title\" content=\"Samanda Alves e Isolda Dantas devem ser eleitas neste domingo na presid\u00eancia estadual do PT no RN - Blog do Bispo\" \/>\n<meta property=\"og:description\" content=\"A elei\u00e7\u00e3o interna que definir\u00e1 o comando estadual do Partido dos Trabalhadores (PT) no Rio Grande do Norte acontece neste domingo, 6 de julho, e dever\u00e1 confirmar a vit\u00f3ria da chapa coletiva formada por Samanda Alves e Isolda Dantas. A vota\u00e7\u00e3o ocorrer\u00e1 das 9h \u00e0s 17h em diret\u00f3rios espalhados por todo o estado, sendo aberta [&hellip;]\" \/>\n<meta property=\"og:url\" content=\"https:\/\/blogdobispo.com.br\/?p=5829\" \/>\n<meta property=\"og:site_name\" content=\"Blog do Bispo\" \/>\n<meta property=\"article:published_time\" content=\"2025-07-03T14:39:04+00:00\" \/>\n<meta property=\"article:modified_time\" content=\"2025-07-03T14:39:06+00:00\" \/>\n<meta property=\"og:image\" content=\"http:\/\/blogdobispo.com.br\/wp-content\/uploads\/2025\/07\/WhatsApp-Image-2025-05-16-at-19.13.25-830x468-1.webp\" \/>\n<meta name=\"author\" content=\"Jefferson Sterfeno\" \/>\n<meta name=\"twitter:card\" content=\"summary_large_image\" \/>\n<meta name=\"twitter:label1\" content=\"Escrito por\" \/>\n\t<meta name=\"twitter:data1\" content=\"Jefferson Sterfeno\" \/>\n\t<meta name=\"twitter:label2\" content=\"Est. tempo de leitura\" \/>\n\t<meta name=\"twitter:data2\" content=\"2 minutos\" \/>\n<script type=\"application\/ld+json\" class=\"yoast-schema-graph\">{\"@context\":\"https:\/\/schema.org\",\"@graph\":[{\"@type\":\"Article\",\"@id\":\"https:\/\/blogdobispo.com.br\/?p=5829#article\",\"isPartOf\":{\"@id\":\"https:\/\/blogdobispo.com.br\/?p=5829\"},\"author\":{\"name\":\"Jefferson Sterfeno\",\"@id\":\"https:\/\/blogdobispo.com.br\/#\/schema\/person\/e2209cc0e6cea5c5233d033e997b373f\"},\"headline\":\"Samanda Alves e Isolda Dantas devem ser eleitas neste domingo na presid\u00eancia estadual do PT no RN\",\"datePublished\":\"2025-07-03T14:39:04+00:00\",\"dateModified\":\"2025-07-03T14:39:06+00:00\",\"mainEntityOfPage\":{\"@id\":\"https:\/\/blogdobispo.com.br\/?p=5829\"},\"wordCount\":343,\"commentCount\":0,\"publisher\":{\"@id\":\"https:\/\/blogdobispo.com.br\/#organization\"},\"image\":{\"@id\":\"https:\/\/blogdobispo.com.br\/?p=5829#primaryimage\"},\"thumbnailUrl\":\"http:\/\/blogdobispo.com.br\/wp-content\/uploads\/2025\/07\/WhatsApp-Image-2025-05-16-at-19.13.25-830x468-1.webp\",\"articleSection\":[\"diversos\"],\"inLanguage\":\"pt-BR\",\"potentialAction\":[{\"@type\":\"CommentAction\",\"name\":\"Comment\",\"target\":[\"https:\/\/blogdobispo.com.br\/?p=5829#respond\"]}]},{\"@type\":\"WebPage\",\"@id\":\"https:\/\/blogdobispo.com.br\/?p=5829\",\"url\":\"https:\/\/blogdobispo.com.br\/?p=5829\",\"name\":\"Samanda Alves e Isolda Dantas devem ser eleitas neste domingo na presid\u00eancia estadual do PT no RN - Blog do Bispo\",\"isPartOf\":{\"@id\":\"https:\/\/blogdobispo.com.br\/#website\"},\"primaryImageOfPage\":{\"@id\":\"https:\/\/blogdobispo.com.br\/?p=5829#primaryimage\"},\"image\":{\"@id\":\"https:\/\/blogdobispo.com.br\/?p=5829#primaryimage\"},\"thumbnailUrl\":\"http:\/\/blogdobispo.com.br\/wp-content\/uploads\/2025\/07\/WhatsApp-Image-2025-05-16-at-19.13.25-830x468-1.webp\",\"datePublished\":\"2025-07-03T14:39:04+00:00\",\"dateModified\":\"2025-07-03T14:39:06+00:00\",\"breadcrumb\":{\"@id\":\"https:\/\/blogdobispo.com.br\/?p=5829#breadcrumb\"},\"inLanguage\":\"pt-BR\",\"potentialAction\":[{\"@type\":\"ReadAction\",\"target\":[\"https:\/\/blogdobispo.com.br\/?p=5829\"]}]},{\"@type\":\"ImageObject\",\"inLanguage\":\"pt-BR\",\"@id\":\"https:\/\/blogdobispo.com.br\/?p=5829#primaryimage\",\"url\":\"http:\/\/blogdobispo.com.br\/wp-content\/uploads\/2025\/07\/WhatsApp-Image-2025-05-16-at-19.13.25-830x468-1.webp\",\"contentUrl\":\"http:\/\/blogdobispo.com.br\/wp-content\/uploads\/2025\/07\/WhatsApp-Image-2025-05-16-at-19.13.25-830x468-1.webp\"},{\"@type\":\"BreadcrumbList\",\"@id\":\"https:\/\/blogdobispo.com.br\/?p=5829#breadcrumb\",\"itemListElement\":[{\"@type\":\"ListItem\",\"position\":1,\"name\":\"In\u00edcio\",\"item\":\"https:\/\/blogdobispo.com.br\/\"},{\"@type\":\"ListItem\",\"position\":2,\"name\":\"Samanda Alves e Isolda Dantas devem ser eleitas neste domingo na presid\u00eancia estadual do PT no RN\"}]},{\"@type\":\"WebSite\",\"@id\":\"https:\/\/blogdobispo.com.br\/#website\",\"url\":\"https:\/\/blogdobispo.com.br\/\",\"name\":\"Blog do Bispo\",\"description\":\"Comprometido apenas com o leitor\",\"publisher\":{\"@id\":\"https:\/\/blogdobispo.com.br\/#organization\"},\"potentialAction\":[{\"@type\":\"SearchAction\",\"target\":{\"@type\":\"EntryPoint\",\"urlTemplate\":\"https:\/\/blogdobispo.com.br\/?s={search_term_string}\"},\"query-input\":{\"@type\":\"PropertyValueSpecification\",\"valueRequired\":true,\"valueName\":\"search_term_string\"}}],\"inLanguage\":\"pt-BR\"},{\"@type\":\"Organization\",\"@id\":\"https:\/\/blogdobispo.com.br\/#organization\",\"name\":\"Blog do Bispo\",\"url\":\"https:\/\/blogdobispo.com.br\/\",\"logo\":{\"@type\":\"ImageObject\",\"inLanguage\":\"pt-BR\",\"@id\":\"https:\/\/blogdobispo.com.br\/#\/schema\/logo\/image\/\",\"url\":\"http:\/\/blogdobispo.com.br\/wp-content\/uploads\/2023\/05\/cropped-headear.png\",\"contentUrl\":\"http:\/\/blogdobispo.com.br\/wp-content\/uploads\/2023\/05\/cropped-headear.png\",\"width\":1500,\"height\":399,\"caption\":\"Blog do Bispo\"},\"image\":{\"@id\":\"https:\/\/blogdobispo.com.br\/#\/schema\/logo\/image\/\"}},{\"@type\":\"Person\",\"@id\":\"https:\/\/blogdobispo.com.br\/#\/schema\/person\/e2209cc0e6cea5c5233d033e997b373f\",\"name\":\"Jefferson Sterfeno\",\"image\":{\"@type\":\"ImageObject\",\"inLanguage\":\"pt-BR\",\"@id\":\"https:\/\/blogdobispo.com.br\/#\/schema\/person\/image\/\",\"url\":\"https:\/\/secure.gravatar.com\/avatar\/0534e84764641168a677026b6d57a3f51dc7ac4db0b4f6186d9cb330d4ee1160?s=96&d=mm&r=g\",\"contentUrl\":\"https:\/\/secure.gravatar.com\/avatar\/0534e84764641168a677026b6d57a3f51dc7ac4db0b4f6186d9cb330d4ee1160?s=96&d=mm&r=g\",\"caption\":\"Jefferson Sterfeno\"},\"sameAs\":[\"http:\/\/blogdobispo.com.br\"],\"url\":\"https:\/\/blogdobispo.com.br\/?author=1\"}]}<\/script>\n<!-- \/ Yoast SEO plugin. -->","yoast_head_json":{"title":"Samanda Alves e Isolda Dantas devem ser eleitas neste domingo na presid\u00eancia estadual do PT no RN - Blog do Bispo","robots":{"index":"index","follow":"follow","max-snippet":"max-snippet:-1","max-image-preview":"max-image-preview:large","max-video-preview":"max-video-preview:-1"},"canonical":"https:\/\/blogdobispo.com.br\/?p=5829","og_locale":"pt_BR","og_type":"article","og_title":"Samanda Alves e Isolda Dantas devem ser eleitas neste domingo na presid\u00eancia estadual do PT no RN - Blog do Bispo","og_description":"A elei\u00e7\u00e3o interna que definir\u00e1 o comando estadual do Partido dos Trabalhadores (PT) no Rio Grande do Norte acontece neste domingo, 6 de julho, e dever\u00e1 confirmar a vit\u00f3ria da chapa coletiva formada por Samanda Alves e Isolda Dantas. A vota\u00e7\u00e3o ocorrer\u00e1 das 9h \u00e0s 17h em diret\u00f3rios espalhados por todo o estado, sendo aberta [&hellip;]","og_url":"https:\/\/blogdobispo.com.br\/?p=5829","og_site_name":"Blog do Bispo","article_published_time":"2025-07-03T14:39:04+00:00","article_modified_time":"2025-07-03T14:39:06+00:00","og_image":[{"url":"http:\/\/blogdobispo.com.br\/wp-content\/uploads\/2025\/07\/WhatsApp-Image-2025-05-16-at-19.13.25-830x468-1.webp","type":"","width":"","height":""}],"author":"Jefferson Sterfeno","twitter_card":"summary_large_image","twitter_misc":{"Escrito por":"Jefferson Sterfeno","Est. tempo de leitura":"2 minutos"},"schema":{"@context":"https:\/\/schema.org","@graph":[{"@type":"Article","@id":"https:\/\/blogdobispo.com.br\/?p=5829#article","isPartOf":{"@id":"https:\/\/blogdobispo.com.br\/?p=5829"},"author":{"name":"Jefferson Sterfeno","@id":"https:\/\/blogdobispo.com.br\/#\/schema\/person\/e2209cc0e6cea5c5233d033e997b373f"},"headline":"Samanda Alves e Isolda Dantas devem ser eleitas neste domingo na presid\u00eancia estadual do PT no RN","datePublished":"2025-07-03T14:39:04+00:00","dateModified":"2025-07-03T14:39:06+00:00","mainEntityOfPage":{"@id":"https:\/\/blogdobispo.com.br\/?p=5829"},"wordCount":343,"commentCount":0,"publisher":{"@id":"https:\/\/blogdobispo.com.br\/#organization"},"image":{"@id":"https:\/\/blogdobispo.com.br\/?p=5829#primaryimage"},"thumbnailUrl":"http:\/\/blogdobispo.com.br\/wp-content\/uploads\/2025\/07\/WhatsApp-Image-2025-05-16-at-19.13.25-830x468-1.webp","articleSection":["diversos"],"inLanguage":"pt-BR","potentialAction":[{"@type":"CommentAction","name":"Comment","target":["https:\/\/blogdobispo.com.br\/?p=5829#respond"]}]},{"@type":"WebPage","@id":"https:\/\/blogdobispo.com.br\/?p=5829","url":"https:\/\/blogdobispo.com.br\/?p=5829","name":"Samanda Alves e Isolda Dantas devem ser eleitas neste domingo na presid\u00eancia estadual do PT no RN - Blog do Bispo","isPartOf":{"@id":"https:\/\/blogdobispo.com.br\/#website"},"primaryImageOfPage":{"@id":"https:\/\/blogdobispo.com.br\/?p=5829#primaryimage"},"image":{"@id":"https:\/\/blogdobispo.com.br\/?p=5829#primaryimage"},"thumbnailUrl":"http:\/\/blogdobispo.com.br\/wp-content\/uploads\/2025\/07\/WhatsApp-Image-2025-05-16-at-19.13.25-830x468-1.webp","datePublished":"2025-07-03T14:39:04+00:00","dateModified":"2025-07-03T14:39:06+00:00","breadcrumb":{"@id":"https:\/\/blogdobispo.com.br\/?p=5829#breadcrumb"},"inLanguage":"pt-BR","potentialAction":[{"@type":"ReadAction","target":["https:\/\/blogdobispo.com.br\/?p=5829"]}]},{"@type":"ImageObject","inLanguage":"pt-BR","@id":"https:\/\/blogdobispo.com.br\/?p=5829#primaryimage","url":"http:\/\/blogdobispo.com.br\/wp-content\/uploads\/2025\/07\/WhatsApp-Image-2025-05-16-at-19.13.25-830x468-1.webp","contentUrl":"http:\/\/blogdobispo.com.br\/wp-content\/uploads\/2025\/07\/WhatsApp-Image-2025-05-16-at-19.13.25-830x468-1.webp"},{"@type":"BreadcrumbList","@id":"https:\/\/blogdobispo.com.br\/?p=5829#breadcrumb","itemListElement":[{"@type":"ListItem","position":1,"name":"In\u00edcio","item":"https:\/\/blogdobispo.com.br\/"},{"@type":"ListItem","position":2,"name":"Samanda Alves e Isolda Dantas devem ser eleitas neste domingo na presid\u00eancia estadual do PT no RN"}]},{"@type":"WebSite","@id":"https:\/\/blogdobispo.com.br\/#website","url":"https:\/\/blogdobispo.com.br\/","name":"Blog do Bispo","description":"Comprometido apenas com o leitor","publisher":{"@id":"https:\/\/blogdobispo.com.br\/#organization"},"potentialAction":[{"@type":"SearchAction","target":{"@type":"EntryPoint","urlTemplate":"https:\/\/blogdobispo.com.br\/?s={search_term_string}"},"query-input":{"@type":"PropertyValueSpecification","valueRequired":true,"valueName":"search_term_string"}}],"inLanguage":"pt-BR"},{"@type":"Organization","@id":"https:\/\/blogdobispo.com.br\/#organization","name":"Blog do Bispo","url":"https:\/\/blogdobispo.com.br\/","logo":{"@type":"ImageObject","inLanguage":"pt-BR","@id":"https:\/\/blogdobispo.com.br\/#\/schema\/logo\/image\/","url":"http:\/\/blogdobispo.com.br\/wp-content\/uploads\/2023\/05\/cropped-headear.png","contentUrl":"http:\/\/blogdobispo.com.br\/wp-content\/uploads\/2023\/05\/cropped-headear.png","width":1500,"height":399,"caption":"Blog do Bispo"},"image":{"@id":"https:\/\/blogdobispo.com.br\/#\/schema\/logo\/image\/"}},{"@type":"Person","@id":"https:\/\/blogdobispo.com.br\/#\/schema\/person\/e2209cc0e6cea5c5233d033e997b373f","name":"Jefferson Sterfeno","image":{"@type":"ImageObject","inLanguage":"pt-BR","@id":"https:\/\/blogdobispo.com.br\/#\/schema\/person\/image\/","url":"https:\/\/secure.gravatar.com\/avatar\/0534e84764641168a677026b6d57a3f51dc7ac4db0b4f6186d9cb330d4ee1160?s=96&d=mm&r=g","contentUrl":"https:\/\/secure.gravatar.com\/avatar\/0534e84764641168a677026b6d57a3f51dc7ac4db0b4f6186d9cb330d4ee1160?s=96&d=mm&r=g","caption":"Jefferson Sterfeno"},"sameAs":["http:\/\/blogdobispo.com.br"],"url":"https:\/\/blogdobispo.com.br\/?author=1"}]}},"featured_image_urls":{"full":"","thumbnail":"","medium":"","medium_large":"","large":"","1536x1536":"","2048x2048":""},"author_info":{"display_name":"Jefferson Sterfeno","author_link":"https:\/\/blogdobispo.com.br\/?author=1"},"category_info":"<a href=\"https:\/\/blogdobispo.com.br\/?cat=1\" rel=\"category\">diversos<\/a>","tag_info":"diversos","comment_count":"0","jetpack_featured_media_url":"","jetpack_sharing_enabled":true,"_links":{"self":[{"href":"https:\/\/blogdobispo.com.br\/index.php?rest_route=\/wp\/v2\/posts\/5829","targetHints":{"allow":["GET"]}}],"collection":[{"href":"https:\/\/blogdobispo.com.br\/index.php?rest_route=\/wp\/v2\/posts"}],"about":[{"href":"https:\/\/blogdobispo.com.br\/index.php?rest_route=\/wp\/v2\/types\/post"}],"author":[{"embeddable":true,"href":"https:\/\/blogdobispo.com.br\/index.php?rest_route=\/wp\/v2\/users\/1"}],"replies":[{"embeddable":true,"href":"https:\/\/blogdobispo.com.br\/index.php?rest_route=%2Fwp%2Fv2%2Fcomments&post=5829"}],"version-history":[{"count":1,"href":"https:\/\/blogdobispo.com.br\/index.php?rest_route=\/wp\/v2\/posts\/5829\/revisions"}],"predecessor-version":[{"id":5831,"href":"https:\/\/blogdobispo.com.br\/index.php?rest_route=\/wp\/v2\/posts\/5829\/revisions\/5831"}],"wp:attachment":[{"href":"https:\/\/blogdobispo.com.br\/index.php?rest_route=%2Fwp%2Fv2%2Fmedia&parent=5829"}],"wp:term":[{"taxonomy":"category","embeddable":true,"href":"https:\/\/blogdobispo.com.br\/index.php?rest_route=%2Fwp%2Fv2%2Fcategories&post=5829"},{"taxonomy":"post_tag","embeddable":true,"href":"https:\/\/blogdobispo.com.br\/index.php?rest_route=%2Fwp%2Fv2%2Ftags&post=5829"}],"curies":[{"name":"wp","href":"https:\/\/api.w.org\/{rel}","templated":true}]}}