{"id":5826,"date":"2025-07-03T13:33:00","date_gmt":"2025-07-03T13:33:00","guid":{"rendered":"https:\/\/blogdobispo.com.br\/?p=5826"},"modified":"2025-07-03T13:33:02","modified_gmt":"2025-07-03T13:33:02","slug":"corpos-de-8-lideres-cristaos-evangelicos-sao-encontrados-em-vala-comum-na-colombia","status":"publish","type":"post","link":"https:\/\/blogdobispo.com.br\/?p=5826","title":{"rendered":"Corpos de 8 l\u00edderes crist\u00e3os evang\u00e9licos s\u00e3o encontrados em vala comum na Col\u00f4mbia"},"content":{"rendered":"\n<p>Em um evento que abalou a&nbsp;<strong><a href=\"https:\/\/folhagospel.com\/t\/colombia\/\" target=\"_blank\" rel=\"noreferrer noopener\">Col\u00f4mbia<\/a><\/strong>, autoridades do pa\u00eds localizaram nesta ter\u00e7a-feira, 1\u00ba de julho, uma vala comum em uma \u00e1rea rural do munic\u00edpio de Calamar, departamento de Guaviare, onde estavam os corpos de oito l\u00edderes religiosos crist\u00e3os.<\/p>\n\n\n\n<p>As v\u00edtimas, nativas de Arauca, realizavam trabalho humanit\u00e1rio e espiritual naquela regi\u00e3o quando desapareceram.<\/p>\n\n\n\n<p>https:\/\/googleads.g.doubleclick.net\/pagead\/ads?gdpr=1&#038;us_privacy=1&#8212;&#038;gpp=DBAA&#038;gpp_sid=2&#038;client=ca-pub-2079388324928344&#038;output=html&#038;h=280&#038;adk=3453104656&#038;adf=3365924153&#038;pi=t.aa~a.86673156~i.12~rp.4&#038;w=696&#038;abgtt=6&#038;fwrn=4&#038;fwrnh=100&#038;lmt=1751549475&#038;num_ads=1&#038;rafmt=1&#038;armr=3&#038;sem=mc&#038;pwprc=4025077467&#038;ad_type=text_image&#038;format=696&#215;280&#038;url=https%3A%2F%2Ffolhagospel.com%2Fcorpos-de-8-lideres-cristaos-evangelicos-sao-encontrados-em-vala-comum-na-colombia%2F&#038;fwr=0&#038;pra=3&#038;rh=174&#038;rw=696&#038;rpe=1&#038;resp_fmts=3&#038;wgl=1&#038;fa=27&#038;uach=WyJXaW5kb3dzIiwiMTAuMC4wIiwieDg2IiwiIiwiMTM3LjAuNzE1MS4xMjAiLG51bGwsMCxudWxsLCI2NCIsW1siR29vZ2xlIENocm9tZSIsIjEzNy4wLjcxNTEuMTIwIl0sWyJDaHJvbWl1bSIsIjEzNy4wLjcxNTEuMTIwIl0sWyJOb3QvQSlCcmFuZCIsIjI0LjAuMC4wIl1dLDBd&#038;dt=1751549475105&#038;bpp=3&#038;bdt=4537&#038;idt=-M&#038;shv=r20250630&#038;mjsv=m202506260101&#038;ptt=9&#038;saldr=aa&#038;abxe=1&#038;cookie_enabled=1&#038;prev_fmts=0x0%2C1200x600&#038;nras=2&#038;correlator=4728998301956&#038;frm=20&#038;pv=1&#038;u_tz=-180&#038;u_his=9&#038;u_h=900&#038;u_w=1600&#038;u_ah=860&#038;u_aw=1600&#038;u_cd=24&#038;u_sd=1&#038;dmc=8&#038;adx=259&#038;ady=1633&#038;biw=1585&#038;bih=724&#038;scr_x=0&#038;scr_y=0&#038;eid=95353386%2C95362656%2C95363434%2C95365226%2C95365461%2C95365108%2C95359266%2C95365119&#038;oid=2&#038;pvsid=6790171668353199&#038;tmod=1429041148&#038;uas=3&#038;nvt=1&#038;ref=https%3A%2F%2Ffolhagospel.com%2F&#038;fc=1408&#038;brdim=0%2C0%2C0%2C0%2C1600%2C0%2C1600%2C860%2C1600%2C739&#038;vis=1&#038;rsz=%7C%7Cs%7C&#038;abl=NS&#038;cms=2&#038;fu=1152&#038;bc=31&#038;bz=1&#038;td=1&#038;tdf=2&#038;psd=W251bGwsbnVsbCxudWxsLDNd&#038;nt=1&#038;pgls=CAEQARoFNC44LjQ.~CAEaBTYuOC4x&#038;ifi=3&#038;uci=a!3&#038;btvi=2&#038;fsb=1&#038;dtd=110<\/p>\n\n\n\n<p>De acordo com os primeiros relatos do Minist\u00e9rio P\u00fablico, esses l\u00edderes foram convocados em abril por dissidentes das FARC, especificamente pela Frente Armando R\u00edos, sob ordens do vulgo Iv\u00e1n Mordisco. Presume-se que o crime tenha tido como objetivo bloquear o suposto surgimento de uma c\u00e9lula do ELN, embora as autoridades n\u00e3o tenham encontrado ind\u00edcios de v\u00ednculos entre as v\u00edtimas e esse grupo guerrilheiro.<\/p>\n\n\n\n<p>https:\/\/googleads.g.doubleclick.net\/pagead\/ads?gdpr=1&#038;us_privacy=1&#8212;&#038;gpp=DBAA&#038;gpp_sid=2&#038;client=ca-pub-2079388324928344&#038;output=html&#038;h=280&#038;adk=3453104656&#038;adf=2810420511&#038;pi=t.aa~a.86673156~i.14~rp.4&#038;w=696&#038;abgtt=6&#038;fwrn=4&#038;fwrnh=100&#038;lmt=1751549475&#038;num_ads=1&#038;rafmt=1&#038;armr=3&#038;sem=mc&#038;pwprc=4025077467&#038;ad_type=text_image&#038;format=696&#215;280&#038;url=https%3A%2F%2Ffolhagospel.com%2Fcorpos-de-8-lideres-cristaos-evangelicos-sao-encontrados-em-vala-comum-na-colombia%2F&#038;fwr=0&#038;pra=3&#038;rh=174&#038;rw=696&#038;rpe=1&#038;resp_fmts=3&#038;wgl=1&#038;fa=27&#038;uach=WyJXaW5kb3dzIiwiMTAuMC4wIiwieDg2IiwiIiwiMTM3LjAuNzE1MS4xMjAiLG51bGwsMCxudWxsLCI2NCIsW1siR29vZ2xlIENocm9tZSIsIjEzNy4wLjcxNTEuMTIwIl0sWyJDaHJvbWl1bSIsIjEzNy4wLjcxNTEuMTIwIl0sWyJOb3QvQSlCcmFuZCIsIjI0LjAuMC4wIl1dLDBd&#038;dt=1751549475105&#038;bpp=2&#038;bdt=4537&#038;idt=-M&#038;shv=r20250630&#038;mjsv=m202506260101&#038;ptt=9&#038;saldr=aa&#038;abxe=1&#038;cookie_enabled=1&#038;prev_fmts=0x0%2C1200x600%2C696x280&#038;nras=3&#038;correlator=4728998301956&#038;frm=20&#038;pv=1&#038;u_tz=-180&#038;u_his=9&#038;u_h=900&#038;u_w=1600&#038;u_ah=860&#038;u_aw=1600&#038;u_cd=24&#038;u_sd=1&#038;dmc=8&#038;adx=259&#038;ady=2069&#038;biw=1585&#038;bih=724&#038;scr_x=0&#038;scr_y=0&#038;eid=95353386%2C95362656%2C95363434%2C95365226%2C95365461%2C95365108%2C95359266%2C95365119&#038;oid=2&#038;pvsid=6790171668353199&#038;tmod=1429041148&#038;uas=3&#038;nvt=1&#038;ref=https%3A%2F%2Ffolhagospel.com%2F&#038;fc=1408&#038;brdim=0%2C0%2C0%2C0%2C1600%2C0%2C1600%2C860%2C1600%2C739&#038;vis=1&#038;rsz=%7C%7Cs%7C&#038;abl=NS&#038;fu=1152&#038;bc=31&#038;bz=1&#038;td=1&#038;tdf=2&#038;psd=W251bGwsbnVsbCxudWxsLDNd&#038;nt=1&#038;pgls=CAEQARoFNC44LjQ.~CAEaBTYuOC4x&#038;ifi=4&#038;uci=a!4&#038;btvi=3&#038;fsb=1&#038;dtd=115<\/p>\n\n\n\n<p>A descoberta foi poss\u00edvel gra\u00e7as \u00e0 captura, em maio, de um guerrilheiro cujo celular continha fotografias dos l\u00edderes detidos e, posteriormente, do crime, o que permitiu localizar a sepultura e proceder \u00e0 sua exuma\u00e7\u00e3o.<\/p>\n\n\n\n<p>https:\/\/googleads.g.doubleclick.net\/pagead\/ads?gdpr=1&#038;us_privacy=1&#8212;&#038;gpp=DBAA&#038;gpp_sid=2&#038;client=ca-pub-2079388324928344&#038;output=html&#038;h=280&#038;adk=3453104656&#038;adf=709013583&#038;pi=t.aa~a.86673156~i.16~rp.4&#038;w=696&#038;abgtt=6&#038;fwrn=4&#038;fwrnh=100&#038;lmt=1751549475&#038;num_ads=1&#038;rafmt=1&#038;armr=3&#038;sem=mc&#038;pwprc=4025077467&#038;ad_type=text_image&#038;format=696&#215;280&#038;url=https%3A%2F%2Ffolhagospel.com%2Fcorpos-de-8-lideres-cristaos-evangelicos-sao-encontrados-em-vala-comum-na-colombia%2F&#038;fwr=0&#038;pra=3&#038;rh=174&#038;rw=696&#038;rpe=1&#038;resp_fmts=3&#038;wgl=1&#038;fa=27&#038;uach=WyJXaW5kb3dzIiwiMTAuMC4wIiwieDg2IiwiIiwiMTM3LjAuNzE1MS4xMjAiLG51bGwsMCxudWxsLCI2NCIsW1siR29vZ2xlIENocm9tZSIsIjEzNy4wLjcxNTEuMTIwIl0sWyJDaHJvbWl1bSIsIjEzNy4wLjcxNTEuMTIwIl0sWyJOb3QvQSlCcmFuZCIsIjI0LjAuMC4wIl1dLDBd&#038;dt=1751549475105&#038;bpp=2&#038;bdt=4537&#038;idt=2&#038;shv=r20250630&#038;mjsv=m202506260101&#038;ptt=9&#038;saldr=aa&#038;abxe=1&#038;cookie_enabled=1&#038;prev_fmts=0x0%2C1200x600%2C696x280%2C696x280&#038;nras=4&#038;correlator=4728998301956&#038;frm=20&#038;pv=1&#038;u_tz=-180&#038;u_his=9&#038;u_h=900&#038;u_w=1600&#038;u_ah=860&#038;u_aw=1600&#038;u_cd=24&#038;u_sd=1&#038;dmc=8&#038;adx=259&#038;ady=2453&#038;biw=1585&#038;bih=724&#038;scr_x=0&#038;scr_y=0&#038;eid=95353386%2C95362656%2C95363434%2C95365226%2C95365461%2C95365108%2C95359266%2C95365119&#038;oid=2&#038;pvsid=6790171668353199&#038;tmod=1429041148&#038;uas=3&#038;nvt=1&#038;ref=https%3A%2F%2Ffolhagospel.com%2F&#038;fc=1408&#038;brdim=0%2C0%2C0%2C0%2C1600%2C0%2C1600%2C860%2C1600%2C739&#038;vis=1&#038;rsz=%7C%7Cs%7C&#038;abl=NS&#038;fu=1152&#038;bc=31&#038;bz=1&#038;td=1&#038;tdf=2&#038;psd=W251bGwsbnVsbCxudWxsLDNd&#038;nt=1&#038;pgls=CAEQARoFNC44LjQ.~CAEaBTYuOC4x&#038;ifi=5&#038;uci=a!5&#038;btvi=4&#038;fsb=1&#038;dtd=119<\/p>\n\n\n\n<p>Os desaparecidos s\u00e3o James Caicedo, \u00d3scar Garc\u00eda, M\u00e1ryuri Hern\u00e1ndez, Maribel Silva, Isaid G\u00f3mez, Carlos Valero, Nixon Pe\u00f1aloza e Jes\u00fas Valero. Os mencionados s\u00e3o membros dos conselhos evang\u00e9licos Alianza de Colombia e Cuadrangular.<\/p>\n\n\n\n<p>Pilgrimage travel insurance<\/p>\n\n\n\n<p><strong>Declara\u00e7\u00e3o oficial do CEDECOL<\/strong><\/p>\n\n\n\n<p>Diante deste crime, a Confedera\u00e7\u00e3o Evang\u00e9lica da Col\u00f4mbia (CEDECOL) emitiu um comunicado expressando seu forte rep\u00fadio e solidariedade \u00e0s fam\u00edlias afetadas e \u00e0s comunidades crist\u00e3s que lamentam esta perda.<\/p>\n\n\n\n<p>Christian-themed merchandise<\/p>\n\n\n\n<p>\u201cPedimos ora\u00e7\u00f5es pela paz e consolo a essas fam\u00edlias; elevamos uma voz firme de clamor e exig\u00eancia \u00e0s autoridades para que esses crimes n\u00e3o fiquem impunes, que as investiga\u00e7\u00f5es avancem rapidamente e que sejam dadas garantias reais para a prote\u00e7\u00e3o da vida e da integridade daqueles que exercem a lideran\u00e7a espiritual nas regi\u00f5es mais vulner\u00e1veis \u200b\u200bdo pa\u00eds\u201d, diz o comunicado.<\/p>\n\n\n\n<p>https:\/\/googleads.g.doubleclick.net\/pagead\/ads?gdpr=1&#038;us_privacy=1&#8212;&#038;gpp=DBAA&#038;gpp_sid=2&#038;client=ca-pub-2079388324928344&#038;output=html&#038;h=280&#038;adk=3453104656&#038;adf=1317490945&#038;pi=t.aa~a.86673156~i.25~rp.4&#038;w=696&#038;abgtt=6&#038;fwrn=4&#038;fwrnh=100&#038;lmt=1751549476&#038;num_ads=1&#038;rafmt=1&#038;armr=3&#038;sem=mc&#038;pwprc=4025077467&#038;ad_type=text_image&#038;format=696&#215;280&#038;url=https%3A%2F%2Ffolhagospel.com%2Fcorpos-de-8-lideres-cristaos-evangelicos-sao-encontrados-em-vala-comum-na-colombia%2F&#038;fwr=0&#038;pra=3&#038;rh=174&#038;rw=696&#038;rpe=1&#038;resp_fmts=3&#038;wgl=1&#038;fa=27&#038;uach=WyJXaW5kb3dzIiwiMTAuMC4wIiwieDg2IiwiIiwiMTM3LjAuNzE1MS4xMjAiLG51bGwsMCxudWxsLCI2NCIsW1siR29vZ2xlIENocm9tZSIsIjEzNy4wLjcxNTEuMTIwIl0sWyJDaHJvbWl1bSIsIjEzNy4wLjcxNTEuMTIwIl0sWyJOb3QvQSlCcmFuZCIsIjI0LjAuMC4wIl1dLDBd&#038;dt=1751549475116&#038;bpp=4&#038;bdt=4548&#038;idt=4&#038;shv=r20250630&#038;mjsv=m202506260101&#038;ptt=9&#038;saldr=aa&#038;abxe=1&#038;cookie_enabled=1&#038;prev_fmts=0x0%2C1200x600%2C696x280%2C696x280%2C696x280%2C1068x280&#038;nras=6&#038;correlator=4728998301956&#038;frm=20&#038;pv=1&#038;u_tz=-180&#038;u_his=9&#038;u_h=900&#038;u_w=1600&#038;u_ah=860&#038;u_aw=1600&#038;u_cd=24&#038;u_sd=1&#038;dmc=8&#038;adx=259&#038;ady=2322&#038;biw=1585&#038;bih=724&#038;scr_x=0&#038;scr_y=0&#038;eid=95353386%2C95362656%2C95363434%2C95365226%2C95365461%2C95365108%2C95359266%2C95365119&#038;oid=2&#038;pvsid=6790171668353199&#038;tmod=1429041148&#038;uas=3&#038;nvt=1&#038;ref=https%3A%2F%2Ffolhagospel.com%2F&#038;fc=1408&#038;brdim=0%2C0%2C0%2C0%2C1600%2C0%2C1600%2C860%2C1600%2C739&#038;vis=1&#038;rsz=%7C%7Cs%7C&#038;abl=NS&#038;fu=1152&#038;bc=31&#038;bz=1&#038;td=1&#038;tdf=2&#038;psd=W251bGwsbnVsbCxudWxsLDNd&#038;nt=1&#038;pgls=CAEQARoFNC44LjQ.~CAEaBTYuOC4x&#038;ifi=6&#038;uci=a!6&#038;btvi=6&#038;fsb=1&#038;dtd=1118<\/p>\n\n\n\n<p>O CEDECOL tamb\u00e9m reafirmou seu compromisso com a defesa da vida, da verdade, da justi\u00e7a e da paz na Col\u00f4mbia e pediu ora\u00e7\u00f5es pela restaura\u00e7\u00e3o do tecido social e pelo consolo dos afetados por esta trag\u00e9dia. O pronunciamento concluiu relembrando a passagem b\u00edblica de Mateus 5:10 : \u201cBem-aventurados os que sofrem persegui\u00e7\u00e3o por causa da justi\u00e7a, porque deles \u00e9 o Reino dos C\u00e9us.\u201d<\/p>\n\n\n\n<p><strong>Rea\u00e7\u00f5es oficiais e contexto sociopol\u00edtico<\/strong><\/p>\n\n\n\n<p>O presidente colombiano, Gustavo Petro, condenou publicamente o assassinato e o descreveu como uma grave viola\u00e7\u00e3o dos direitos humanos. Ele pediu o fortalecimento da presen\u00e7a do Estado e da seguran\u00e7a nos territ\u00f3rios historicamente afetados pelo conflito armado.<\/p>\n\n\n\n<p>Por sua vez, a filha de uma das v\u00edtimas disse ao jornal SEMANA que o apelo que fazem ao governo Petro \u00e9 \u201cpara que esteja presente e evite esse tipo de situa\u00e7\u00e3o, porque dois grupos armados est\u00e3o disputando o territ\u00f3rio e quem est\u00e1 no meio \u00e9 o campesinato, e n\u00e3o h\u00e1 resposta do Estado. N\u00e3o h\u00e1 prote\u00e7\u00e3o do Estado. Em outras palavras, estamos realmente sozinhos em uma guerra entre dois grupos armados\u201d, explicou.<\/p>\n\n\n\n<p><a href=\"https:\/\/us.creativecdn.com\/clicks?tk=pqIQtUUa8q66Ks0ICusfsvTKSF_Xp4etHPerbExQvRJG21jdwg786dYs_WueZVanGxrGIs6WJ_CbRQbhBL4FcdQk4CW-EGQol-oe9LRw3bZrOQ_xCW7Nulj1wRfHawMqc6bS9841bd839ogweOF3g6VOSkbnYbAAbZ-FAb8sRhhKSiGL_jQO0rr4BA1cPjZTrPoTgkpm9wFbcEWHRGMQ1TiAWHDGDOXvKHd4rjCtpZsHevFqlHu7PN9Fe26wgU9uuBBvbMwcyfTLAyZfN7RLIWUGkrW8IAZGerqF-2HFLUqo0CFhABeMG_Y7m-CDdmz0o8HKac7aBCrDwOAM4hZWc_hX2-sw4lkPi2aiqWY2SngVeH11FGXen-MeLtJM9zzAw2jbZUdL9Vv2zOcovXg4jEKBr4jr85OHF5ZFXPaK8mVQwBgXCj4QXGuxbKJzMCiV7rbNdFbN7ExPfETrq-XXfeN-mC9x9K9d3mTH4L-hgtbm7S2wj91EJVqd5NkH79tis4nSoxsochfwyy4pYp36IissjHxws_e5uTqIDkoiTHgLxljGYdm8jHDVigg6x-_44AskmmWm4nbsu21KaGLldA\" target=\"_blank\" rel=\"noreferrer noopener\"><\/a><\/p>\n\n\n\n<p><a href=\"https:\/\/us.creativecdn.com\/clicks?tk=pqIQtUUa8q66Ks0ICusfsvTKSF_Xp4etHPerbExQvRJG21jdwg786dYs_WueZVanGxrGIs6WJ_CbRQbhBL4FcdQk4CW-EGQol-oe9LRw3bZrOQ_xCW7Nulj1wRfHawMqc6bS9841bd839ogweOF3g6VOSkbnYbAAbZ-FAb8sRhhKSiGL_jQO0rr4BA1cPjZTrPoTgkpm9wFbcEWHRGMQ1TiAWHDGDOXvKHd4rjCtpZsHevFqlHu7PN9Fe26wgU9uuBBvbMwcyfTLAyZfN7RLIWUGkrW8IAZGerqF-2HFLUqo0CFhABeMG_Y7m-CDdmz0o8HKac7aBCrDwOAM4hZWc_hX2-sw4lkPi2aiqWY2SngVeH11FGXen-MeLtJM9zzAw2jbZUdL9Vv2zOcovXg4jEKBr4jr85OHF5ZFXPaK8mVQwBgXCj4QXGuxbKJzMCiV7rbNdFbN7ExPfETrq-XXfeN-mC9x9K9d3mTH4L-hgtbm7S2wj91EJVqd5NkH79tis4nSoxsochfwyy4pYp36IissjHxws_e5uTqIDkoiTHgLxljGYdm8jHDVigg6x-_44AskmmWm4nbsu21KaGLldA\" target=\"_blank\" rel=\"noreferrer noopener\"><\/a><a href=\"https:\/\/us.creativecdn.com\/clicks?tk=pqIQtUUa8q66Ks0ICusfsvTKSF_Xp4etHPerbExQvRJG21jdwg786dYs_WueZVanGxrGIs6WJ_CbRQbhBL4FcdQk4CW-EGQol-oe9LRw3bZrOQ_xCW7Nulj1wRfHawMqc6bS9841bd839ogweOF3g6VOSkbnYbAAbZ-FAb8sRhhKSiGL_jQO0rr4BA1cPjZTrPoTgkpm9wFbcEWHRGMQ1TiAWHDGDOXvKHd4rjCtpZsHevFqlHu7PN9Fe26wgU9uuBBvbMwcyfTLAyZfN7RLIWUGkrW8IAZGerqF-2HFLUqo0CFhABeMG_Y7m-CDdmz0o8HKac7aBCrDwOAM4hZWc_hX2-sw4lkPi2aiqWY2SngVeH11FGXen-MeLtJM9zzAw2jbZUdL9Vv2zOcovXg4jEKBr4jr85OHF5ZFXPaK8mVQwBgXCj4QXGuxbKJzMCiV7rbNdFbN7ExPfETrq-XXfeN-mC9x9K9d3mTH4L-hgtbm7S2wj91EJVqd5NkH79tis4nSoxsochfwyy4pYp36IissjHxws_e5uTqIDkoiTHgLxljGYdm8jHDVigg6x-_44AskmmWm4nbsu21KaGLldA\" target=\"_blank\" rel=\"noreferrer noopener\"><\/a><\/p>\n\n\n\n<figure class=\"wp-block-image\"><img data-recalc-dims=\"1\" fetchpriority=\"high\" decoding=\"async\" width=\"696\" height=\"497\" src=\"https:\/\/i0.wp.com\/blogdobispo.com.br\/wp-content\/uploads\/2025\/07\/Local-da-vala-comum-onde-os-oito-lideres-sociais-e-religiosos-foram-encontrados-em-Guaviare-Colombia.-Foto-Procuradoria-Geral-da-Republica-da-Colombia.webp?resize=696%2C497\" alt=\"\" class=\"wp-image-5827\" srcset=\"https:\/\/i0.wp.com\/blogdobispo.com.br\/wp-content\/uploads\/2025\/07\/Local-da-vala-comum-onde-os-oito-lideres-sociais-e-religiosos-foram-encontrados-em-Guaviare-Colombia.-Foto-Procuradoria-Geral-da-Republica-da-Colombia.webp?w=696&amp;ssl=1 696w, https:\/\/i0.wp.com\/blogdobispo.com.br\/wp-content\/uploads\/2025\/07\/Local-da-vala-comum-onde-os-oito-lideres-sociais-e-religiosos-foram-encontrados-em-Guaviare-Colombia.-Foto-Procuradoria-Geral-da-Republica-da-Colombia.webp?resize=300%2C214&amp;ssl=1 300w\" sizes=\"(max-width: 696px) 100vw, 696px\" \/><\/figure>\n","protected":false},"excerpt":{"rendered":"<p>Em um evento que abalou a&nbsp;Col\u00f4mbia, autoridades do pa\u00eds localizaram nesta ter\u00e7a-feira, 1\u00ba de julho, uma vala comum em uma \u00e1rea rural do munic\u00edpio de Calamar, departamento de Guaviare, onde estavam os corpos de oito l\u00edderes religiosos crist\u00e3os. As v\u00edtimas, nativas de Arauca, realizavam trabalho humanit\u00e1rio e espiritual naquela regi\u00e3o quando desapareceram. https:\/\/googleads.g.doubleclick.net\/pagead\/ads?gdpr=1&#038;us_privacy=1&#8212;&#038;gpp=DBAA&#038;gpp_sid=2&#038;client=ca-pub-2079388324928344&#038;output=html&#038;h=280&#038;adk=3453104656&#038;adf=3365924153&#038;pi=t.aa~a.86673156~i.12~rp.4&#038;w=696&#038;abgtt=6&#038;fwrn=4&#038;fwrnh=100&#038;lmt=1751549475&#038;num_ads=1&#038;rafmt=1&#038;armr=3&#038;sem=mc&#038;pwprc=4025077467&#038;ad_type=text_image&#038;format=696&#215;280&#038;url=https%3A%2F%2Ffolhagospel.com%2Fcorpos-de-8-lideres-cristaos-evangelicos-sao-encontrados-em-vala-comum-na-colombia%2F&#038;fwr=0&#038;pra=3&#038;rh=174&#038;rw=696&#038;rpe=1&#038;resp_fmts=3&#038;wgl=1&#038;fa=27&#038;uach=WyJXaW5kb3dzIiwiMTAuMC4wIiwieDg2IiwiIiwiMTM3LjAuNzE1MS4xMjAiLG51bGwsMCxudWxsLCI2NCIsW1siR29vZ2xlIENocm9tZSIsIjEzNy4wLjcxNTEuMTIwIl0sWyJDaHJvbWl1bSIsIjEzNy4wLjcxNTEuMTIwIl0sWyJOb3QvQSlCcmFuZCIsIjI0LjAuMC4wIl1dLDBd&#038;dt=1751549475105&#038;bpp=3&#038;bdt=4537&#038;idt=-M&#038;shv=r20250630&#038;mjsv=m202506260101&#038;ptt=9&#038;saldr=aa&#038;abxe=1&#038;cookie_enabled=1&#038;prev_fmts=0x0%2C1200x600&#038;nras=2&#038;correlator=4728998301956&#038;frm=20&#038;pv=1&#038;u_tz=-180&#038;u_his=9&#038;u_h=900&#038;u_w=1600&#038;u_ah=860&#038;u_aw=1600&#038;u_cd=24&#038;u_sd=1&#038;dmc=8&#038;adx=259&#038;ady=1633&#038;biw=1585&#038;bih=724&#038;scr_x=0&#038;scr_y=0&#038;eid=95353386%2C95362656%2C95363434%2C95365226%2C95365461%2C95365108%2C95359266%2C95365119&#038;oid=2&#038;pvsid=6790171668353199&#038;tmod=1429041148&#038;uas=3&#038;nvt=1&#038;ref=https%3A%2F%2Ffolhagospel.com%2F&#038;fc=1408&#038;brdim=0%2C0%2C0%2C0%2C1600%2C0%2C1600%2C860%2C1600%2C739&#038;vis=1&#038;rsz=%7C%7Cs%7C&#038;abl=NS&#038;cms=2&#038;fu=1152&#038;bc=31&#038;bz=1&#038;td=1&#038;tdf=2&#038;psd=W251bGwsbnVsbCxudWxsLDNd&#038;nt=1&#038;pgls=CAEQARoFNC44LjQ.~CAEaBTYuOC4x&#038;ifi=3&#038;uci=a!3&#038;btvi=2&#038;fsb=1&#038;dtd=110 De acordo [&hellip;]<\/p>\n","protected":false},"author":1,"featured_media":0,"comment_status":"open","ping_status":"open","sticky":false,"template":"","format":"standard","meta":{"cybocfi_hide_featured_image":"","_jetpack_memberships_contains_paid_content":false,"footnotes":""},"categories":[1],"tags":[],"class_list":["post-5826","post","type-post","status-publish","format-standard","hentry","category-diversos"],"yoast_head":"<!-- This site is optimized with the Yoast SEO plugin v25.6 - https:\/\/yoast.com\/wordpress\/plugins\/seo\/ -->\n<title>Corpos de 8 l\u00edderes crist\u00e3os evang\u00e9licos s\u00e3o encontrados em vala comum na Col\u00f4mbia - Blog do Bispo<\/title>\n<meta name=\"robots\" content=\"index, follow, max-snippet:-1, max-image-preview:large, max-video-preview:-1\" \/>\n<link rel=\"canonical\" href=\"https:\/\/blogdobispo.com.br\/?p=5826\" \/>\n<meta property=\"og:locale\" content=\"pt_BR\" \/>\n<meta property=\"og:type\" content=\"article\" \/>\n<meta property=\"og:title\" content=\"Corpos de 8 l\u00edderes crist\u00e3os evang\u00e9licos s\u00e3o encontrados em vala comum na Col\u00f4mbia - Blog do Bispo\" \/>\n<meta property=\"og:description\" content=\"Em um evento que abalou a&nbsp;Col\u00f4mbia, autoridades do pa\u00eds localizaram nesta ter\u00e7a-feira, 1\u00ba de julho, uma vala comum em uma \u00e1rea rural do munic\u00edpio de Calamar, departamento de Guaviare, onde estavam os corpos de oito l\u00edderes religiosos crist\u00e3os. As v\u00edtimas, nativas de Arauca, realizavam trabalho humanit\u00e1rio e espiritual naquela regi\u00e3o quando desapareceram. https:\/\/googleads.g.doubleclick.net\/pagead\/ads?gdpr=1&#038;us_privacy=1&#8212;&#038;gpp=DBAA&#038;gpp_sid=2&#038;client=ca-pub-2079388324928344&#038;output=html&#038;h=280&#038;adk=3453104656&#038;adf=3365924153&#038;pi=t.aa~a.86673156~i.12~rp.4&#038;w=696&#038;abgtt=6&#038;fwrn=4&#038;fwrnh=100&#038;lmt=1751549475&#038;num_ads=1&#038;rafmt=1&#038;armr=3&#038;sem=mc&#038;pwprc=4025077467&#038;ad_type=text_image&#038;format=696&#215;280&#038;url=https%3A%2F%2Ffolhagospel.com%2Fcorpos-de-8-lideres-cristaos-evangelicos-sao-encontrados-em-vala-comum-na-colombia%2F&#038;fwr=0&#038;pra=3&#038;rh=174&#038;rw=696&#038;rpe=1&#038;resp_fmts=3&#038;wgl=1&#038;fa=27&#038;uach=WyJXaW5kb3dzIiwiMTAuMC4wIiwieDg2IiwiIiwiMTM3LjAuNzE1MS4xMjAiLG51bGwsMCxudWxsLCI2NCIsW1siR29vZ2xlIENocm9tZSIsIjEzNy4wLjcxNTEuMTIwIl0sWyJDaHJvbWl1bSIsIjEzNy4wLjcxNTEuMTIwIl0sWyJOb3QvQSlCcmFuZCIsIjI0LjAuMC4wIl1dLDBd&#038;dt=1751549475105&#038;bpp=3&#038;bdt=4537&#038;idt=-M&#038;shv=r20250630&#038;mjsv=m202506260101&#038;ptt=9&#038;saldr=aa&#038;abxe=1&#038;cookie_enabled=1&#038;prev_fmts=0x0%2C1200x600&#038;nras=2&#038;correlator=4728998301956&#038;frm=20&#038;pv=1&#038;u_tz=-180&#038;u_his=9&#038;u_h=900&#038;u_w=1600&#038;u_ah=860&#038;u_aw=1600&#038;u_cd=24&#038;u_sd=1&#038;dmc=8&#038;adx=259&#038;ady=1633&#038;biw=1585&#038;bih=724&#038;scr_x=0&#038;scr_y=0&#038;eid=95353386%2C95362656%2C95363434%2C95365226%2C95365461%2C95365108%2C95359266%2C95365119&#038;oid=2&#038;pvsid=6790171668353199&#038;tmod=1429041148&#038;uas=3&#038;nvt=1&#038;ref=https%3A%2F%2Ffolhagospel.com%2F&#038;fc=1408&#038;brdim=0%2C0%2C0%2C0%2C1600%2C0%2C1600%2C860%2C1600%2C739&#038;vis=1&#038;rsz=%7C%7Cs%7C&#038;abl=NS&#038;cms=2&#038;fu=1152&#038;bc=31&#038;bz=1&#038;td=1&#038;tdf=2&#038;psd=W251bGwsbnVsbCxudWxsLDNd&#038;nt=1&#038;pgls=CAEQARoFNC44LjQ.~CAEaBTYuOC4x&#038;ifi=3&#038;uci=a!3&#038;btvi=2&#038;fsb=1&#038;dtd=110 De acordo [&hellip;]\" \/>\n<meta property=\"og:url\" content=\"https:\/\/blogdobispo.com.br\/?p=5826\" \/>\n<meta property=\"og:site_name\" content=\"Blog do Bispo\" \/>\n<meta property=\"article:published_time\" content=\"2025-07-03T13:33:00+00:00\" \/>\n<meta property=\"article:modified_time\" content=\"2025-07-03T13:33:02+00:00\" \/>\n<meta property=\"og:image\" content=\"http:\/\/blogdobispo.com.br\/wp-content\/uploads\/2025\/07\/Local-da-vala-comum-onde-os-oito-lideres-sociais-e-religiosos-foram-encontrados-em-Guaviare-Colombia.-Foto-Procuradoria-Geral-da-Republica-da-Colombia.webp\" \/>\n<meta name=\"author\" content=\"Jefferson Sterfeno\" \/>\n<meta name=\"twitter:card\" content=\"summary_large_image\" \/>\n<meta name=\"twitter:label1\" content=\"Escrito por\" \/>\n\t<meta name=\"twitter:data1\" content=\"Jefferson Sterfeno\" \/>\n\t<meta name=\"twitter:label2\" content=\"Est. tempo de leitura\" \/>\n\t<meta name=\"twitter:data2\" content=\"3 minutos\" \/>\n<script type=\"application\/ld+json\" class=\"yoast-schema-graph\">{\"@context\":\"https:\/\/schema.org\",\"@graph\":[{\"@type\":\"Article\",\"@id\":\"https:\/\/blogdobispo.com.br\/?p=5826#article\",\"isPartOf\":{\"@id\":\"https:\/\/blogdobispo.com.br\/?p=5826\"},\"author\":{\"name\":\"Jefferson Sterfeno\",\"@id\":\"https:\/\/blogdobispo.com.br\/#\/schema\/person\/e2209cc0e6cea5c5233d033e997b373f\"},\"headline\":\"Corpos de 8 l\u00edderes crist\u00e3os evang\u00e9licos s\u00e3o encontrados em vala comum na Col\u00f4mbia\",\"datePublished\":\"2025-07-03T13:33:00+00:00\",\"dateModified\":\"2025-07-03T13:33:02+00:00\",\"mainEntityOfPage\":{\"@id\":\"https:\/\/blogdobispo.com.br\/?p=5826\"},\"wordCount\":1682,\"commentCount\":0,\"publisher\":{\"@id\":\"https:\/\/blogdobispo.com.br\/#organization\"},\"image\":{\"@id\":\"https:\/\/blogdobispo.com.br\/?p=5826#primaryimage\"},\"thumbnailUrl\":\"http:\/\/blogdobispo.com.br\/wp-content\/uploads\/2025\/07\/Local-da-vala-comum-onde-os-oito-lideres-sociais-e-religiosos-foram-encontrados-em-Guaviare-Colombia.-Foto-Procuradoria-Geral-da-Republica-da-Colombia.webp\",\"articleSection\":[\"diversos\"],\"inLanguage\":\"pt-BR\",\"potentialAction\":[{\"@type\":\"CommentAction\",\"name\":\"Comment\",\"target\":[\"https:\/\/blogdobispo.com.br\/?p=5826#respond\"]}]},{\"@type\":\"WebPage\",\"@id\":\"https:\/\/blogdobispo.com.br\/?p=5826\",\"url\":\"https:\/\/blogdobispo.com.br\/?p=5826\",\"name\":\"Corpos de 8 l\u00edderes crist\u00e3os evang\u00e9licos s\u00e3o encontrados em vala comum na Col\u00f4mbia - Blog do Bispo\",\"isPartOf\":{\"@id\":\"https:\/\/blogdobispo.com.br\/#website\"},\"primaryImageOfPage\":{\"@id\":\"https:\/\/blogdobispo.com.br\/?p=5826#primaryimage\"},\"image\":{\"@id\":\"https:\/\/blogdobispo.com.br\/?p=5826#primaryimage\"},\"thumbnailUrl\":\"http:\/\/blogdobispo.com.br\/wp-content\/uploads\/2025\/07\/Local-da-vala-comum-onde-os-oito-lideres-sociais-e-religiosos-foram-encontrados-em-Guaviare-Colombia.-Foto-Procuradoria-Geral-da-Republica-da-Colombia.webp\",\"datePublished\":\"2025-07-03T13:33:00+00:00\",\"dateModified\":\"2025-07-03T13:33:02+00:00\",\"breadcrumb\":{\"@id\":\"https:\/\/blogdobispo.com.br\/?p=5826#breadcrumb\"},\"inLanguage\":\"pt-BR\",\"potentialAction\":[{\"@type\":\"ReadAction\",\"target\":[\"https:\/\/blogdobispo.com.br\/?p=5826\"]}]},{\"@type\":\"ImageObject\",\"inLanguage\":\"pt-BR\",\"@id\":\"https:\/\/blogdobispo.com.br\/?p=5826#primaryimage\",\"url\":\"http:\/\/blogdobispo.com.br\/wp-content\/uploads\/2025\/07\/Local-da-vala-comum-onde-os-oito-lideres-sociais-e-religiosos-foram-encontrados-em-Guaviare-Colombia.-Foto-Procuradoria-Geral-da-Republica-da-Colombia.webp\",\"contentUrl\":\"http:\/\/blogdobispo.com.br\/wp-content\/uploads\/2025\/07\/Local-da-vala-comum-onde-os-oito-lideres-sociais-e-religiosos-foram-encontrados-em-Guaviare-Colombia.-Foto-Procuradoria-Geral-da-Republica-da-Colombia.webp\"},{\"@type\":\"BreadcrumbList\",\"@id\":\"https:\/\/blogdobispo.com.br\/?p=5826#breadcrumb\",\"itemListElement\":[{\"@type\":\"ListItem\",\"position\":1,\"name\":\"In\u00edcio\",\"item\":\"https:\/\/blogdobispo.com.br\/\"},{\"@type\":\"ListItem\",\"position\":2,\"name\":\"Corpos de 8 l\u00edderes crist\u00e3os evang\u00e9licos s\u00e3o encontrados em vala comum na Col\u00f4mbia\"}]},{\"@type\":\"WebSite\",\"@id\":\"https:\/\/blogdobispo.com.br\/#website\",\"url\":\"https:\/\/blogdobispo.com.br\/\",\"name\":\"Blog do Bispo\",\"description\":\"Comprometido apenas com o leitor\",\"publisher\":{\"@id\":\"https:\/\/blogdobispo.com.br\/#organization\"},\"potentialAction\":[{\"@type\":\"SearchAction\",\"target\":{\"@type\":\"EntryPoint\",\"urlTemplate\":\"https:\/\/blogdobispo.com.br\/?s={search_term_string}\"},\"query-input\":{\"@type\":\"PropertyValueSpecification\",\"valueRequired\":true,\"valueName\":\"search_term_string\"}}],\"inLanguage\":\"pt-BR\"},{\"@type\":\"Organization\",\"@id\":\"https:\/\/blogdobispo.com.br\/#organization\",\"name\":\"Blog do Bispo\",\"url\":\"https:\/\/blogdobispo.com.br\/\",\"logo\":{\"@type\":\"ImageObject\",\"inLanguage\":\"pt-BR\",\"@id\":\"https:\/\/blogdobispo.com.br\/#\/schema\/logo\/image\/\",\"url\":\"http:\/\/blogdobispo.com.br\/wp-content\/uploads\/2023\/05\/cropped-headear.png\",\"contentUrl\":\"http:\/\/blogdobispo.com.br\/wp-content\/uploads\/2023\/05\/cropped-headear.png\",\"width\":1500,\"height\":399,\"caption\":\"Blog do Bispo\"},\"image\":{\"@id\":\"https:\/\/blogdobispo.com.br\/#\/schema\/logo\/image\/\"}},{\"@type\":\"Person\",\"@id\":\"https:\/\/blogdobispo.com.br\/#\/schema\/person\/e2209cc0e6cea5c5233d033e997b373f\",\"name\":\"Jefferson Sterfeno\",\"image\":{\"@type\":\"ImageObject\",\"inLanguage\":\"pt-BR\",\"@id\":\"https:\/\/blogdobispo.com.br\/#\/schema\/person\/image\/\",\"url\":\"https:\/\/secure.gravatar.com\/avatar\/0534e84764641168a677026b6d57a3f51dc7ac4db0b4f6186d9cb330d4ee1160?s=96&d=mm&r=g\",\"contentUrl\":\"https:\/\/secure.gravatar.com\/avatar\/0534e84764641168a677026b6d57a3f51dc7ac4db0b4f6186d9cb330d4ee1160?s=96&d=mm&r=g\",\"caption\":\"Jefferson Sterfeno\"},\"sameAs\":[\"http:\/\/blogdobispo.com.br\"],\"url\":\"https:\/\/blogdobispo.com.br\/?author=1\"}]}<\/script>\n<!-- \/ Yoast SEO plugin. -->","yoast_head_json":{"title":"Corpos de 8 l\u00edderes crist\u00e3os evang\u00e9licos s\u00e3o encontrados em vala comum na Col\u00f4mbia - Blog do Bispo","robots":{"index":"index","follow":"follow","max-snippet":"max-snippet:-1","max-image-preview":"max-image-preview:large","max-video-preview":"max-video-preview:-1"},"canonical":"https:\/\/blogdobispo.com.br\/?p=5826","og_locale":"pt_BR","og_type":"article","og_title":"Corpos de 8 l\u00edderes crist\u00e3os evang\u00e9licos s\u00e3o encontrados em vala comum na Col\u00f4mbia - Blog do Bispo","og_description":"Em um evento que abalou a&nbsp;Col\u00f4mbia, autoridades do pa\u00eds localizaram nesta ter\u00e7a-feira, 1\u00ba de julho, uma vala comum em uma \u00e1rea rural do munic\u00edpio de Calamar, departamento de Guaviare, onde estavam os corpos de oito l\u00edderes religiosos crist\u00e3os. As v\u00edtimas, nativas de Arauca, realizavam trabalho humanit\u00e1rio e espiritual naquela regi\u00e3o quando desapareceram. https:\/\/googleads.g.doubleclick.net\/pagead\/ads?gdpr=1&#038;us_privacy=1&#8212;&#038;gpp=DBAA&#038;gpp_sid=2&#038;client=ca-pub-2079388324928344&#038;output=html&#038;h=280&#038;adk=3453104656&#038;adf=3365924153&#038;pi=t.aa~a.86673156~i.12~rp.4&#038;w=696&#038;abgtt=6&#038;fwrn=4&#038;fwrnh=100&#038;lmt=1751549475&#038;num_ads=1&#038;rafmt=1&#038;armr=3&#038;sem=mc&#038;pwprc=4025077467&#038;ad_type=text_image&#038;format=696&#215;280&#038;url=https%3A%2F%2Ffolhagospel.com%2Fcorpos-de-8-lideres-cristaos-evangelicos-sao-encontrados-em-vala-comum-na-colombia%2F&#038;fwr=0&#038;pra=3&#038;rh=174&#038;rw=696&#038;rpe=1&#038;resp_fmts=3&#038;wgl=1&#038;fa=27&#038;uach=WyJXaW5kb3dzIiwiMTAuMC4wIiwieDg2IiwiIiwiMTM3LjAuNzE1MS4xMjAiLG51bGwsMCxudWxsLCI2NCIsW1siR29vZ2xlIENocm9tZSIsIjEzNy4wLjcxNTEuMTIwIl0sWyJDaHJvbWl1bSIsIjEzNy4wLjcxNTEuMTIwIl0sWyJOb3QvQSlCcmFuZCIsIjI0LjAuMC4wIl1dLDBd&#038;dt=1751549475105&#038;bpp=3&#038;bdt=4537&#038;idt=-M&#038;shv=r20250630&#038;mjsv=m202506260101&#038;ptt=9&#038;saldr=aa&#038;abxe=1&#038;cookie_enabled=1&#038;prev_fmts=0x0%2C1200x600&#038;nras=2&#038;correlator=4728998301956&#038;frm=20&#038;pv=1&#038;u_tz=-180&#038;u_his=9&#038;u_h=900&#038;u_w=1600&#038;u_ah=860&#038;u_aw=1600&#038;u_cd=24&#038;u_sd=1&#038;dmc=8&#038;adx=259&#038;ady=1633&#038;biw=1585&#038;bih=724&#038;scr_x=0&#038;scr_y=0&#038;eid=95353386%2C95362656%2C95363434%2C95365226%2C95365461%2C95365108%2C95359266%2C95365119&#038;oid=2&#038;pvsid=6790171668353199&#038;tmod=1429041148&#038;uas=3&#038;nvt=1&#038;ref=https%3A%2F%2Ffolhagospel.com%2F&#038;fc=1408&#038;brdim=0%2C0%2C0%2C0%2C1600%2C0%2C1600%2C860%2C1600%2C739&#038;vis=1&#038;rsz=%7C%7Cs%7C&#038;abl=NS&#038;cms=2&#038;fu=1152&#038;bc=31&#038;bz=1&#038;td=1&#038;tdf=2&#038;psd=W251bGwsbnVsbCxudWxsLDNd&#038;nt=1&#038;pgls=CAEQARoFNC44LjQ.~CAEaBTYuOC4x&#038;ifi=3&#038;uci=a!3&#038;btvi=2&#038;fsb=1&#038;dtd=110 De acordo [&hellip;]","og_url":"https:\/\/blogdobispo.com.br\/?p=5826","og_site_name":"Blog do Bispo","article_published_time":"2025-07-03T13:33:00+00:00","article_modified_time":"2025-07-03T13:33:02+00:00","og_image":[{"url":"http:\/\/blogdobispo.com.br\/wp-content\/uploads\/2025\/07\/Local-da-vala-comum-onde-os-oito-lideres-sociais-e-religiosos-foram-encontrados-em-Guaviare-Colombia.-Foto-Procuradoria-Geral-da-Republica-da-Colombia.webp","type":"","width":"","height":""}],"author":"Jefferson Sterfeno","twitter_card":"summary_large_image","twitter_misc":{"Escrito por":"Jefferson Sterfeno","Est. tempo de leitura":"3 minutos"},"schema":{"@context":"https:\/\/schema.org","@graph":[{"@type":"Article","@id":"https:\/\/blogdobispo.com.br\/?p=5826#article","isPartOf":{"@id":"https:\/\/blogdobispo.com.br\/?p=5826"},"author":{"name":"Jefferson Sterfeno","@id":"https:\/\/blogdobispo.com.br\/#\/schema\/person\/e2209cc0e6cea5c5233d033e997b373f"},"headline":"Corpos de 8 l\u00edderes crist\u00e3os evang\u00e9licos s\u00e3o encontrados em vala comum na Col\u00f4mbia","datePublished":"2025-07-03T13:33:00+00:00","dateModified":"2025-07-03T13:33:02+00:00","mainEntityOfPage":{"@id":"https:\/\/blogdobispo.com.br\/?p=5826"},"wordCount":1682,"commentCount":0,"publisher":{"@id":"https:\/\/blogdobispo.com.br\/#organization"},"image":{"@id":"https:\/\/blogdobispo.com.br\/?p=5826#primaryimage"},"thumbnailUrl":"http:\/\/blogdobispo.com.br\/wp-content\/uploads\/2025\/07\/Local-da-vala-comum-onde-os-oito-lideres-sociais-e-religiosos-foram-encontrados-em-Guaviare-Colombia.-Foto-Procuradoria-Geral-da-Republica-da-Colombia.webp","articleSection":["diversos"],"inLanguage":"pt-BR","potentialAction":[{"@type":"CommentAction","name":"Comment","target":["https:\/\/blogdobispo.com.br\/?p=5826#respond"]}]},{"@type":"WebPage","@id":"https:\/\/blogdobispo.com.br\/?p=5826","url":"https:\/\/blogdobispo.com.br\/?p=5826","name":"Corpos de 8 l\u00edderes crist\u00e3os evang\u00e9licos s\u00e3o encontrados em vala comum na Col\u00f4mbia - Blog do Bispo","isPartOf":{"@id":"https:\/\/blogdobispo.com.br\/#website"},"primaryImageOfPage":{"@id":"https:\/\/blogdobispo.com.br\/?p=5826#primaryimage"},"image":{"@id":"https:\/\/blogdobispo.com.br\/?p=5826#primaryimage"},"thumbnailUrl":"http:\/\/blogdobispo.com.br\/wp-content\/uploads\/2025\/07\/Local-da-vala-comum-onde-os-oito-lideres-sociais-e-religiosos-foram-encontrados-em-Guaviare-Colombia.-Foto-Procuradoria-Geral-da-Republica-da-Colombia.webp","datePublished":"2025-07-03T13:33:00+00:00","dateModified":"2025-07-03T13:33:02+00:00","breadcrumb":{"@id":"https:\/\/blogdobispo.com.br\/?p=5826#breadcrumb"},"inLanguage":"pt-BR","potentialAction":[{"@type":"ReadAction","target":["https:\/\/blogdobispo.com.br\/?p=5826"]}]},{"@type":"ImageObject","inLanguage":"pt-BR","@id":"https:\/\/blogdobispo.com.br\/?p=5826#primaryimage","url":"http:\/\/blogdobispo.com.br\/wp-content\/uploads\/2025\/07\/Local-da-vala-comum-onde-os-oito-lideres-sociais-e-religiosos-foram-encontrados-em-Guaviare-Colombia.-Foto-Procuradoria-Geral-da-Republica-da-Colombia.webp","contentUrl":"http:\/\/blogdobispo.com.br\/wp-content\/uploads\/2025\/07\/Local-da-vala-comum-onde-os-oito-lideres-sociais-e-religiosos-foram-encontrados-em-Guaviare-Colombia.-Foto-Procuradoria-Geral-da-Republica-da-Colombia.webp"},{"@type":"BreadcrumbList","@id":"https:\/\/blogdobispo.com.br\/?p=5826#breadcrumb","itemListElement":[{"@type":"ListItem","position":1,"name":"In\u00edcio","item":"https:\/\/blogdobispo.com.br\/"},{"@type":"ListItem","position":2,"name":"Corpos de 8 l\u00edderes crist\u00e3os evang\u00e9licos s\u00e3o encontrados em vala comum na Col\u00f4mbia"}]},{"@type":"WebSite","@id":"https:\/\/blogdobispo.com.br\/#website","url":"https:\/\/blogdobispo.com.br\/","name":"Blog do Bispo","description":"Comprometido apenas com o leitor","publisher":{"@id":"https:\/\/blogdobispo.com.br\/#organization"},"potentialAction":[{"@type":"SearchAction","target":{"@type":"EntryPoint","urlTemplate":"https:\/\/blogdobispo.com.br\/?s={search_term_string}"},"query-input":{"@type":"PropertyValueSpecification","valueRequired":true,"valueName":"search_term_string"}}],"inLanguage":"pt-BR"},{"@type":"Organization","@id":"https:\/\/blogdobispo.com.br\/#organization","name":"Blog do Bispo","url":"https:\/\/blogdobispo.com.br\/","logo":{"@type":"ImageObject","inLanguage":"pt-BR","@id":"https:\/\/blogdobispo.com.br\/#\/schema\/logo\/image\/","url":"http:\/\/blogdobispo.com.br\/wp-content\/uploads\/2023\/05\/cropped-headear.png","contentUrl":"http:\/\/blogdobispo.com.br\/wp-content\/uploads\/2023\/05\/cropped-headear.png","width":1500,"height":399,"caption":"Blog do Bispo"},"image":{"@id":"https:\/\/blogdobispo.com.br\/#\/schema\/logo\/image\/"}},{"@type":"Person","@id":"https:\/\/blogdobispo.com.br\/#\/schema\/person\/e2209cc0e6cea5c5233d033e997b373f","name":"Jefferson Sterfeno","image":{"@type":"ImageObject","inLanguage":"pt-BR","@id":"https:\/\/blogdobispo.com.br\/#\/schema\/person\/image\/","url":"https:\/\/secure.gravatar.com\/avatar\/0534e84764641168a677026b6d57a3f51dc7ac4db0b4f6186d9cb330d4ee1160?s=96&d=mm&r=g","contentUrl":"https:\/\/secure.gravatar.com\/avatar\/0534e84764641168a677026b6d57a3f51dc7ac4db0b4f6186d9cb330d4ee1160?s=96&d=mm&r=g","caption":"Jefferson Sterfeno"},"sameAs":["http:\/\/blogdobispo.com.br"],"url":"https:\/\/blogdobispo.com.br\/?author=1"}]}},"featured_image_urls":{"full":"","thumbnail":"","medium":"","medium_large":"","large":"","1536x1536":"","2048x2048":""},"author_info":{"display_name":"Jefferson Sterfeno","author_link":"https:\/\/blogdobispo.com.br\/?author=1"},"category_info":"<a href=\"https:\/\/blogdobispo.com.br\/?cat=1\" rel=\"category\">diversos<\/a>","tag_info":"diversos","comment_count":"0","jetpack_featured_media_url":"","jetpack_sharing_enabled":true,"_links":{"self":[{"href":"https:\/\/blogdobispo.com.br\/index.php?rest_route=\/wp\/v2\/posts\/5826","targetHints":{"allow":["GET"]}}],"collection":[{"href":"https:\/\/blogdobispo.com.br\/index.php?rest_route=\/wp\/v2\/posts"}],"about":[{"href":"https:\/\/blogdobispo.com.br\/index.php?rest_route=\/wp\/v2\/types\/post"}],"author":[{"embeddable":true,"href":"https:\/\/blogdobispo.com.br\/index.php?rest_route=\/wp\/v2\/users\/1"}],"replies":[{"embeddable":true,"href":"https:\/\/blogdobispo.com.br\/index.php?rest_route=%2Fwp%2Fv2%2Fcomments&post=5826"}],"version-history":[{"count":1,"href":"https:\/\/blogdobispo.com.br\/index.php?rest_route=\/wp\/v2\/posts\/5826\/revisions"}],"predecessor-version":[{"id":5828,"href":"https:\/\/blogdobispo.com.br\/index.php?rest_route=\/wp\/v2\/posts\/5826\/revisions\/5828"}],"wp:attachment":[{"href":"https:\/\/blogdobispo.com.br\/index.php?rest_route=%2Fwp%2Fv2%2Fmedia&parent=5826"}],"wp:term":[{"taxonomy":"category","embeddable":true,"href":"https:\/\/blogdobispo.com.br\/index.php?rest_route=%2Fwp%2Fv2%2Fcategories&post=5826"},{"taxonomy":"post_tag","embeddable":true,"href":"https:\/\/blogdobispo.com.br\/index.php?rest_route=%2Fwp%2Fv2%2Ftags&post=5826"}],"curies":[{"name":"wp","href":"https:\/\/api.w.org\/{rel}","templated":true}]}}