{"id":5822,"date":"2025-07-03T02:03:43","date_gmt":"2025-07-03T02:03:43","guid":{"rendered":"https:\/\/blogdobispo.com.br\/?p=5822"},"modified":"2025-07-03T02:03:43","modified_gmt":"2025-07-03T02:03:43","slug":"ezequiel-se-reune-com-representantes-do-midiacom-e-recebe-convite-da-diretoria","status":"publish","type":"post","link":"https:\/\/blogdobispo.com.br\/?p=5822","title":{"rendered":"Ezequiel se re\u00fane com representantes do MidiaCom e recebe convite da diretoria"},"content":{"rendered":"\n<p>O presidente da Assembleia Legislativa do Rio Grande do Norte, deputado Ezequiel Ferreira (PSDB), recebeu nesta quarta-feira (2) integrantes do Sindicato das Empresas de R\u00e1dio, Televis\u00e3o, Jornais e Revistas do RN (MidiaCom). Na ocasi\u00e3o, os representantes da entidade entregaram pessoalmente o convite para a solenidade de posse da nova diretoria, marcada para o dia 14 de julho, \u00e0s 9h, no Hotel Escola Barreira Roxa, em Natal.<\/p>\n\n\n\n<p>Ezequiel Ferreira parabenizou os representantes pela iniciativa e reafirmou a import\u00e2ncia do setor de comunica\u00e7\u00e3o para a democracia, o desenvolvimento econ\u00f4mico e a valoriza\u00e7\u00e3o da cultura local. \u201cA Assembleia Legislativa \u00e9 parceira da comunica\u00e7\u00e3o potiguar. O fortalecimento das institui\u00e7\u00f5es representativas, como o MidiaCom, \u00e9 essencial para a defesa da liberdade de imprensa e o est\u00edmulo \u00e0 informa\u00e7\u00e3o de qualidade\u201d, declarou.<\/p>\n\n\n\n<p>Durante o encontro com o presidente da ALRN, Thiago Lajus refor\u00e7ou o prop\u00f3sito da entidade. \u201cO MidiaCom nasce para fortalecer o setor de m\u00eddia e comunica\u00e7\u00e3o no Rio Grande do Norte por meio da atua\u00e7\u00e3o nas esferas jur\u00eddica, sindical e econ\u00f4mica. Al\u00e9m disso, o MidiaCom pretende promover a profissionaliza\u00e7\u00e3o do mercado potiguar, representando ve\u00edculos de radiodifus\u00e3o sonora e de sons e imagens, jornais impressos, portais de not\u00edcias e revistas\u201d, refor\u00e7ou.<\/p>\n\n\n\n<p>A cria\u00e7\u00e3o do sindicato partiu de uma articula\u00e7\u00e3o junto \u00e0 Associa\u00e7\u00e3o Brasileira de Emissoras de R\u00e1dio e Televis\u00e3o (Abert), com o objetivo de consolidar uma entidade que defenda os interesses do setor e amplifique a voz dos profissionais da comunica\u00e7\u00e3o potiguar.<\/p>\n\n\n\n<p>A diretoria do MidiaCom ser\u00e1 composta por Thiago Lajus (da InterTV), presidente e contar\u00e1 com uma vice-presid\u00eancia de jornais, portais e revistas, comandada por Fernando Fernandes (Sistema Tribuna); r\u00e1dio, sob a responsabilidade de Felinto Rodrigues Filho (Grupo Dial); de televis\u00e3o, com Micarla de Sousa (TV Ponta Negra); de rela\u00e7\u00f5es sindicais e trabalhistas, sob Jo\u00e3o Soares (Band RN); e com a tesouraria de Raniere de Andrade (Rede Tropical de Comunica\u00e7\u00e3o).<\/p>\n\n\n\n<p>A cerim\u00f4nia de posse dever\u00e1 reunir empres\u00e1rios de r\u00e1dio e TV, jornalistas, representantes da radiodifus\u00e3o, autoridades e lideran\u00e7as do setor.<strong class=\"title-new\"><\/strong><\/p>\n\n\n\n<figure class=\"wp-block-image size-large\"><img data-recalc-dims=\"1\" fetchpriority=\"high\" decoding=\"async\" width=\"800\" height=\"534\" src=\"https:\/\/i0.wp.com\/blogdobispo.com.br\/wp-content\/uploads\/2025\/07\/img_5382-1-1024x683.jpg?resize=800%2C534&#038;ssl=1\" class=\"wp-image-5821\" srcset=\"https:\/\/i0.wp.com\/blogdobispo.com.br\/wp-content\/uploads\/2025\/07\/img_5382-1.jpg?resize=1024%2C683&amp;ssl=1 1024w, https:\/\/i0.wp.com\/blogdobispo.com.br\/wp-content\/uploads\/2025\/07\/img_5382-1.jpg?resize=300%2C200&amp;ssl=1 300w, https:\/\/i0.wp.com\/blogdobispo.com.br\/wp-content\/uploads\/2025\/07\/img_5382-1.jpg?resize=768%2C512&amp;ssl=1 768w, https:\/\/i0.wp.com\/blogdobispo.com.br\/wp-content\/uploads\/2025\/07\/img_5382-1.jpg?resize=1536%2C1024&amp;ssl=1 1536w, https:\/\/i0.wp.com\/blogdobispo.com.br\/wp-content\/uploads\/2025\/07\/img_5382-1.jpg?w=1620&amp;ssl=1 1620w\" sizes=\"(max-width: 800px) 100vw, 800px\" \/><\/figure>\n","protected":false},"excerpt":{"rendered":"<p>O presidente da Assembleia Legislativa do Rio Grande do Norte, deputado Ezequiel Ferreira (PSDB), recebeu nesta quarta-feira (2) integrantes do Sindicato das Empresas de R\u00e1dio, Televis\u00e3o, Jornais e Revistas do RN (MidiaCom). Na ocasi\u00e3o, os representantes da entidade entregaram pessoalmente o convite para a solenidade de posse da nova diretoria, marcada para o dia 14 [&hellip;]<\/p>\n","protected":false},"author":1,"featured_media":0,"comment_status":"open","ping_status":"open","sticky":false,"template":"","format":"standard","meta":{"cybocfi_hide_featured_image":"","_jetpack_memberships_contains_paid_content":false,"footnotes":""},"categories":[1],"tags":[],"class_list":["post-5822","post","type-post","status-publish","format-standard","hentry","category-diversos"],"yoast_head":"<!-- This site is optimized with the Yoast SEO plugin v25.6 - https:\/\/yoast.com\/wordpress\/plugins\/seo\/ -->\n<title>Ezequiel se re\u00fane com representantes do MidiaCom e recebe convite da diretoria - Blog do Bispo<\/title>\n<meta name=\"robots\" content=\"index, follow, max-snippet:-1, max-image-preview:large, max-video-preview:-1\" \/>\n<link rel=\"canonical\" href=\"https:\/\/blogdobispo.com.br\/?p=5822\" \/>\n<meta property=\"og:locale\" content=\"pt_BR\" \/>\n<meta property=\"og:type\" content=\"article\" \/>\n<meta property=\"og:title\" content=\"Ezequiel se re\u00fane com representantes do MidiaCom e recebe convite da diretoria - Blog do Bispo\" \/>\n<meta property=\"og:description\" content=\"O presidente da Assembleia Legislativa do Rio Grande do Norte, deputado Ezequiel Ferreira (PSDB), recebeu nesta quarta-feira (2) integrantes do Sindicato das Empresas de R\u00e1dio, Televis\u00e3o, Jornais e Revistas do RN (MidiaCom). Na ocasi\u00e3o, os representantes da entidade entregaram pessoalmente o convite para a solenidade de posse da nova diretoria, marcada para o dia 14 [&hellip;]\" \/>\n<meta property=\"og:url\" content=\"https:\/\/blogdobispo.com.br\/?p=5822\" \/>\n<meta property=\"og:site_name\" content=\"Blog do Bispo\" \/>\n<meta property=\"article:published_time\" content=\"2025-07-03T02:03:43+00:00\" \/>\n<meta property=\"og:image\" content=\"https:\/\/blogdobispo.com.br\/wp-content\/uploads\/2025\/07\/img_5382-1-1024x683.jpg\" \/>\n<meta name=\"author\" content=\"Jefferson Sterfeno\" \/>\n<meta name=\"twitter:card\" content=\"summary_large_image\" \/>\n<meta name=\"twitter:label1\" content=\"Escrito por\" \/>\n\t<meta name=\"twitter:data1\" content=\"Jefferson Sterfeno\" \/>\n\t<meta name=\"twitter:label2\" content=\"Est. tempo de leitura\" \/>\n\t<meta name=\"twitter:data2\" content=\"2 minutos\" \/>\n<script type=\"application\/ld+json\" class=\"yoast-schema-graph\">{\"@context\":\"https:\/\/schema.org\",\"@graph\":[{\"@type\":\"Article\",\"@id\":\"https:\/\/blogdobispo.com.br\/?p=5822#article\",\"isPartOf\":{\"@id\":\"https:\/\/blogdobispo.com.br\/?p=5822\"},\"author\":{\"name\":\"Jefferson Sterfeno\",\"@id\":\"https:\/\/blogdobispo.com.br\/#\/schema\/person\/e2209cc0e6cea5c5233d033e997b373f\"},\"headline\":\"Ezequiel se re\u00fane com representantes do MidiaCom e recebe convite da diretoria\",\"datePublished\":\"2025-07-03T02:03:43+00:00\",\"mainEntityOfPage\":{\"@id\":\"https:\/\/blogdobispo.com.br\/?p=5822\"},\"wordCount\":374,\"commentCount\":0,\"publisher\":{\"@id\":\"https:\/\/blogdobispo.com.br\/#organization\"},\"image\":{\"@id\":\"https:\/\/blogdobispo.com.br\/?p=5822#primaryimage\"},\"thumbnailUrl\":\"https:\/\/blogdobispo.com.br\/wp-content\/uploads\/2025\/07\/img_5382-1-1024x683.jpg\",\"articleSection\":[\"diversos\"],\"inLanguage\":\"pt-BR\",\"potentialAction\":[{\"@type\":\"CommentAction\",\"name\":\"Comment\",\"target\":[\"https:\/\/blogdobispo.com.br\/?p=5822#respond\"]}]},{\"@type\":\"WebPage\",\"@id\":\"https:\/\/blogdobispo.com.br\/?p=5822\",\"url\":\"https:\/\/blogdobispo.com.br\/?p=5822\",\"name\":\"Ezequiel se re\u00fane com representantes do MidiaCom e recebe convite da diretoria - Blog do Bispo\",\"isPartOf\":{\"@id\":\"https:\/\/blogdobispo.com.br\/#website\"},\"primaryImageOfPage\":{\"@id\":\"https:\/\/blogdobispo.com.br\/?p=5822#primaryimage\"},\"image\":{\"@id\":\"https:\/\/blogdobispo.com.br\/?p=5822#primaryimage\"},\"thumbnailUrl\":\"https:\/\/blogdobispo.com.br\/wp-content\/uploads\/2025\/07\/img_5382-1-1024x683.jpg\",\"datePublished\":\"2025-07-03T02:03:43+00:00\",\"breadcrumb\":{\"@id\":\"https:\/\/blogdobispo.com.br\/?p=5822#breadcrumb\"},\"inLanguage\":\"pt-BR\",\"potentialAction\":[{\"@type\":\"ReadAction\",\"target\":[\"https:\/\/blogdobispo.com.br\/?p=5822\"]}]},{\"@type\":\"ImageObject\",\"inLanguage\":\"pt-BR\",\"@id\":\"https:\/\/blogdobispo.com.br\/?p=5822#primaryimage\",\"url\":\"https:\/\/blogdobispo.com.br\/wp-content\/uploads\/2025\/07\/img_5382-1-1024x683.jpg\",\"contentUrl\":\"https:\/\/blogdobispo.com.br\/wp-content\/uploads\/2025\/07\/img_5382-1-1024x683.jpg\"},{\"@type\":\"BreadcrumbList\",\"@id\":\"https:\/\/blogdobispo.com.br\/?p=5822#breadcrumb\",\"itemListElement\":[{\"@type\":\"ListItem\",\"position\":1,\"name\":\"In\u00edcio\",\"item\":\"https:\/\/blogdobispo.com.br\/\"},{\"@type\":\"ListItem\",\"position\":2,\"name\":\"Ezequiel se re\u00fane com representantes do MidiaCom e recebe convite da diretoria\"}]},{\"@type\":\"WebSite\",\"@id\":\"https:\/\/blogdobispo.com.br\/#website\",\"url\":\"https:\/\/blogdobispo.com.br\/\",\"name\":\"Blog do Bispo\",\"description\":\"Comprometido apenas com o leitor\",\"publisher\":{\"@id\":\"https:\/\/blogdobispo.com.br\/#organization\"},\"potentialAction\":[{\"@type\":\"SearchAction\",\"target\":{\"@type\":\"EntryPoint\",\"urlTemplate\":\"https:\/\/blogdobispo.com.br\/?s={search_term_string}\"},\"query-input\":{\"@type\":\"PropertyValueSpecification\",\"valueRequired\":true,\"valueName\":\"search_term_string\"}}],\"inLanguage\":\"pt-BR\"},{\"@type\":\"Organization\",\"@id\":\"https:\/\/blogdobispo.com.br\/#organization\",\"name\":\"Blog do Bispo\",\"url\":\"https:\/\/blogdobispo.com.br\/\",\"logo\":{\"@type\":\"ImageObject\",\"inLanguage\":\"pt-BR\",\"@id\":\"https:\/\/blogdobispo.com.br\/#\/schema\/logo\/image\/\",\"url\":\"http:\/\/blogdobispo.com.br\/wp-content\/uploads\/2023\/05\/cropped-headear.png\",\"contentUrl\":\"http:\/\/blogdobispo.com.br\/wp-content\/uploads\/2023\/05\/cropped-headear.png\",\"width\":1500,\"height\":399,\"caption\":\"Blog do Bispo\"},\"image\":{\"@id\":\"https:\/\/blogdobispo.com.br\/#\/schema\/logo\/image\/\"}},{\"@type\":\"Person\",\"@id\":\"https:\/\/blogdobispo.com.br\/#\/schema\/person\/e2209cc0e6cea5c5233d033e997b373f\",\"name\":\"Jefferson Sterfeno\",\"image\":{\"@type\":\"ImageObject\",\"inLanguage\":\"pt-BR\",\"@id\":\"https:\/\/blogdobispo.com.br\/#\/schema\/person\/image\/\",\"url\":\"https:\/\/secure.gravatar.com\/avatar\/0534e84764641168a677026b6d57a3f51dc7ac4db0b4f6186d9cb330d4ee1160?s=96&d=mm&r=g\",\"contentUrl\":\"https:\/\/secure.gravatar.com\/avatar\/0534e84764641168a677026b6d57a3f51dc7ac4db0b4f6186d9cb330d4ee1160?s=96&d=mm&r=g\",\"caption\":\"Jefferson Sterfeno\"},\"sameAs\":[\"http:\/\/blogdobispo.com.br\"],\"url\":\"https:\/\/blogdobispo.com.br\/?author=1\"}]}<\/script>\n<!-- \/ Yoast SEO plugin. -->","yoast_head_json":{"title":"Ezequiel se re\u00fane com representantes do MidiaCom e recebe convite da diretoria - Blog do Bispo","robots":{"index":"index","follow":"follow","max-snippet":"max-snippet:-1","max-image-preview":"max-image-preview:large","max-video-preview":"max-video-preview:-1"},"canonical":"https:\/\/blogdobispo.com.br\/?p=5822","og_locale":"pt_BR","og_type":"article","og_title":"Ezequiel se re\u00fane com representantes do MidiaCom e recebe convite da diretoria - Blog do Bispo","og_description":"O presidente da Assembleia Legislativa do Rio Grande do Norte, deputado Ezequiel Ferreira (PSDB), recebeu nesta quarta-feira (2) integrantes do Sindicato das Empresas de R\u00e1dio, Televis\u00e3o, Jornais e Revistas do RN (MidiaCom). Na ocasi\u00e3o, os representantes da entidade entregaram pessoalmente o convite para a solenidade de posse da nova diretoria, marcada para o dia 14 [&hellip;]","og_url":"https:\/\/blogdobispo.com.br\/?p=5822","og_site_name":"Blog do Bispo","article_published_time":"2025-07-03T02:03:43+00:00","og_image":[{"url":"https:\/\/blogdobispo.com.br\/wp-content\/uploads\/2025\/07\/img_5382-1-1024x683.jpg","type":"","width":"","height":""}],"author":"Jefferson Sterfeno","twitter_card":"summary_large_image","twitter_misc":{"Escrito por":"Jefferson Sterfeno","Est. tempo de leitura":"2 minutos"},"schema":{"@context":"https:\/\/schema.org","@graph":[{"@type":"Article","@id":"https:\/\/blogdobispo.com.br\/?p=5822#article","isPartOf":{"@id":"https:\/\/blogdobispo.com.br\/?p=5822"},"author":{"name":"Jefferson Sterfeno","@id":"https:\/\/blogdobispo.com.br\/#\/schema\/person\/e2209cc0e6cea5c5233d033e997b373f"},"headline":"Ezequiel se re\u00fane com representantes do MidiaCom e recebe convite da diretoria","datePublished":"2025-07-03T02:03:43+00:00","mainEntityOfPage":{"@id":"https:\/\/blogdobispo.com.br\/?p=5822"},"wordCount":374,"commentCount":0,"publisher":{"@id":"https:\/\/blogdobispo.com.br\/#organization"},"image":{"@id":"https:\/\/blogdobispo.com.br\/?p=5822#primaryimage"},"thumbnailUrl":"https:\/\/blogdobispo.com.br\/wp-content\/uploads\/2025\/07\/img_5382-1-1024x683.jpg","articleSection":["diversos"],"inLanguage":"pt-BR","potentialAction":[{"@type":"CommentAction","name":"Comment","target":["https:\/\/blogdobispo.com.br\/?p=5822#respond"]}]},{"@type":"WebPage","@id":"https:\/\/blogdobispo.com.br\/?p=5822","url":"https:\/\/blogdobispo.com.br\/?p=5822","name":"Ezequiel se re\u00fane com representantes do MidiaCom e recebe convite da diretoria - Blog do Bispo","isPartOf":{"@id":"https:\/\/blogdobispo.com.br\/#website"},"primaryImageOfPage":{"@id":"https:\/\/blogdobispo.com.br\/?p=5822#primaryimage"},"image":{"@id":"https:\/\/blogdobispo.com.br\/?p=5822#primaryimage"},"thumbnailUrl":"https:\/\/blogdobispo.com.br\/wp-content\/uploads\/2025\/07\/img_5382-1-1024x683.jpg","datePublished":"2025-07-03T02:03:43+00:00","breadcrumb":{"@id":"https:\/\/blogdobispo.com.br\/?p=5822#breadcrumb"},"inLanguage":"pt-BR","potentialAction":[{"@type":"ReadAction","target":["https:\/\/blogdobispo.com.br\/?p=5822"]}]},{"@type":"ImageObject","inLanguage":"pt-BR","@id":"https:\/\/blogdobispo.com.br\/?p=5822#primaryimage","url":"https:\/\/blogdobispo.com.br\/wp-content\/uploads\/2025\/07\/img_5382-1-1024x683.jpg","contentUrl":"https:\/\/blogdobispo.com.br\/wp-content\/uploads\/2025\/07\/img_5382-1-1024x683.jpg"},{"@type":"BreadcrumbList","@id":"https:\/\/blogdobispo.com.br\/?p=5822#breadcrumb","itemListElement":[{"@type":"ListItem","position":1,"name":"In\u00edcio","item":"https:\/\/blogdobispo.com.br\/"},{"@type":"ListItem","position":2,"name":"Ezequiel se re\u00fane com representantes do MidiaCom e recebe convite da diretoria"}]},{"@type":"WebSite","@id":"https:\/\/blogdobispo.com.br\/#website","url":"https:\/\/blogdobispo.com.br\/","name":"Blog do Bispo","description":"Comprometido apenas com o leitor","publisher":{"@id":"https:\/\/blogdobispo.com.br\/#organization"},"potentialAction":[{"@type":"SearchAction","target":{"@type":"EntryPoint","urlTemplate":"https:\/\/blogdobispo.com.br\/?s={search_term_string}"},"query-input":{"@type":"PropertyValueSpecification","valueRequired":true,"valueName":"search_term_string"}}],"inLanguage":"pt-BR"},{"@type":"Organization","@id":"https:\/\/blogdobispo.com.br\/#organization","name":"Blog do Bispo","url":"https:\/\/blogdobispo.com.br\/","logo":{"@type":"ImageObject","inLanguage":"pt-BR","@id":"https:\/\/blogdobispo.com.br\/#\/schema\/logo\/image\/","url":"http:\/\/blogdobispo.com.br\/wp-content\/uploads\/2023\/05\/cropped-headear.png","contentUrl":"http:\/\/blogdobispo.com.br\/wp-content\/uploads\/2023\/05\/cropped-headear.png","width":1500,"height":399,"caption":"Blog do Bispo"},"image":{"@id":"https:\/\/blogdobispo.com.br\/#\/schema\/logo\/image\/"}},{"@type":"Person","@id":"https:\/\/blogdobispo.com.br\/#\/schema\/person\/e2209cc0e6cea5c5233d033e997b373f","name":"Jefferson Sterfeno","image":{"@type":"ImageObject","inLanguage":"pt-BR","@id":"https:\/\/blogdobispo.com.br\/#\/schema\/person\/image\/","url":"https:\/\/secure.gravatar.com\/avatar\/0534e84764641168a677026b6d57a3f51dc7ac4db0b4f6186d9cb330d4ee1160?s=96&d=mm&r=g","contentUrl":"https:\/\/secure.gravatar.com\/avatar\/0534e84764641168a677026b6d57a3f51dc7ac4db0b4f6186d9cb330d4ee1160?s=96&d=mm&r=g","caption":"Jefferson Sterfeno"},"sameAs":["http:\/\/blogdobispo.com.br"],"url":"https:\/\/blogdobispo.com.br\/?author=1"}]}},"featured_image_urls":{"full":"","thumbnail":"","medium":"","medium_large":"","large":"","1536x1536":"","2048x2048":""},"author_info":{"display_name":"Jefferson Sterfeno","author_link":"https:\/\/blogdobispo.com.br\/?author=1"},"category_info":"<a href=\"https:\/\/blogdobispo.com.br\/?cat=1\" rel=\"category\">diversos<\/a>","tag_info":"diversos","comment_count":"0","jetpack_featured_media_url":"","jetpack_sharing_enabled":true,"_links":{"self":[{"href":"https:\/\/blogdobispo.com.br\/index.php?rest_route=\/wp\/v2\/posts\/5822","targetHints":{"allow":["GET"]}}],"collection":[{"href":"https:\/\/blogdobispo.com.br\/index.php?rest_route=\/wp\/v2\/posts"}],"about":[{"href":"https:\/\/blogdobispo.com.br\/index.php?rest_route=\/wp\/v2\/types\/post"}],"author":[{"embeddable":true,"href":"https:\/\/blogdobispo.com.br\/index.php?rest_route=\/wp\/v2\/users\/1"}],"replies":[{"embeddable":true,"href":"https:\/\/blogdobispo.com.br\/index.php?rest_route=%2Fwp%2Fv2%2Fcomments&post=5822"}],"version-history":[{"count":0,"href":"https:\/\/blogdobispo.com.br\/index.php?rest_route=\/wp\/v2\/posts\/5822\/revisions"}],"wp:attachment":[{"href":"https:\/\/blogdobispo.com.br\/index.php?rest_route=%2Fwp%2Fv2%2Fmedia&parent=5822"}],"wp:term":[{"taxonomy":"category","embeddable":true,"href":"https:\/\/blogdobispo.com.br\/index.php?rest_route=%2Fwp%2Fv2%2Fcategories&post=5822"},{"taxonomy":"post_tag","embeddable":true,"href":"https:\/\/blogdobispo.com.br\/index.php?rest_route=%2Fwp%2Fv2%2Ftags&post=5822"}],"curies":[{"name":"wp","href":"https:\/\/api.w.org\/{rel}","templated":true}]}}