{"id":5815,"date":"2025-07-02T13:02:25","date_gmt":"2025-07-02T13:02:25","guid":{"rendered":"https:\/\/blogdobispo.com.br\/?p=5815"},"modified":"2025-07-02T13:02:27","modified_gmt":"2025-07-02T13:02:27","slug":"audiencia-discute-acoes-para-garantir-que-planos-custeiem-terapias-a-autistas","status":"publish","type":"post","link":"https:\/\/blogdobispo.com.br\/?p=5815","title":{"rendered":"Audi\u00eancia discute a\u00e7\u00f5es para garantir que planos custeiem terapias a autistas"},"content":{"rendered":"\n<p>A Assembleia Legislativa do Rio Grande do Norte discutiu, na tarde desta ter\u00e7a-feira (1\u00ba), a luta de fam\u00edlias potiguares para que os planos de sa\u00fade cumpram suas obriga\u00e7\u00f5es e custeiem os tratamentos de crian\u00e7as e adolescentes que t\u00eam o transtorno do espectro autista. O debate tratou diretamente sobre sa\u00fade e inclus\u00e3o, focando na responsabilidade dos planos e os impactos sociais no Rio Grande do Norte. O encontro foi proposto pela deputada Divaneide Bas\u00edlio (PT), reunindo fam\u00edlias, de representantes da Defensoria P\u00fablica, Minist\u00e9rio P\u00fablico, usu\u00e1rios de planos de sa\u00fade e entidades de defesa dos direitos dos pacientes.&nbsp;<\/p>\n\n\n\n<p>De acordo com Divaneide Bas\u00edlio, diversos pais procuraram o mandato da deputada para realizar a discuss\u00e3o e buscar solu\u00e7\u00f5es. Na audi\u00eancia, todos os participantes destacaram a urg\u00eancia da situa\u00e7\u00e3o e a necessidade de atua\u00e7\u00e3o conjunta para garantir o direito constitucional \u00e0 sa\u00fade e \u00e0 continuidade do tratamento.&nbsp;<\/p>\n\n\n\n<p>&#8220;O nosso desejo \u00e9 ter uma solu\u00e7\u00e3o com medidas efetivas. N\u00e3o conseguiremos resolver tudo de imediato, mas precisamos mostrar nossa for\u00e7a para enfrentar o problema&#8221;, disse a deputada Divaneide.<\/p>\n\n\n\n<p>Um dos pontos mais debatidos no encontro, foi o descredenciamento em larga escala de cl\u00ednicas e institui\u00e7\u00f5es terap\u00eauticas por parte de operadoras de planos de sa\u00fade. Dezenas de fam\u00edlias at\u00edpicas relataram as dificuldades enfrentadas diante da interrup\u00e7\u00e3o de tratamentos essenciais para crian\u00e7as com transtornos do neurodesenvolvimento. Segundo os relatos, nos \u00faltimos meses tem se notado um movimento sistem\u00e1tico das operadoras no sentido de reduzir a rede credenciada, especialmente no que diz respeito a servi\u00e7os de alta demanda como fonoaudiologia, terapia ocupacional, psicologia e fisioterapia. O resultado \u00e9 uma grave sobrecarga nas poucas cl\u00ednicas que permanecem atendendo aos planos, com longas filas de espera, impossibilidade de agendamento e preju\u00edzos diretos \u00e0 continuidade do tratamento.<\/p>\n\n\n\n<p>Representante das fam\u00edlias at\u00edpicas, Fabiana Santos relatou as dificuldades que tem enfrentado ao longo do tratamento de sua filha. Ela disse que o cansa\u00e7o e revolta causados pelas negativas de tratamentos precisam ser direcionados para se buscar uma solu\u00e7\u00e3o. &#8220;Estou aqui para dar voz a milhares de fam\u00edlias como a minha, que enfrentam luta silenciosa e injusta, que \u00e9 a luta para garantir que nossas crian\u00e7as tenham acesso a um direito que \u00e9 b\u00e1sico: tratamento digno e cont\u00ednuo de sa\u00fade&#8221;, disse.<\/p>\n\n\n\n<p>Fabiana detalhou como tem sido sua rotina e de v\u00e1rias outras fam\u00edlias que buscam a utiliza\u00e7\u00e3o dos planos de sa\u00fade para custear terapias. Para ela, a postura dos planos de sa\u00fade &#8211; que n\u00e3o mandaram representantes \u00e0 audi\u00eancia &#8211; \u00e9 desumana e est\u00e1 causando um s\u00e9rio problema no desenvolvimento dessa parcela da popula\u00e7\u00e3o. &#8220;Para m\u00e3es at\u00edpicas, n\u00e3o h\u00e1 pausa e nem descanso. Cada teraia negada fere n\u00e3o s\u00f3 nosso direito, mas a chance de nossa crian\u00e7a se desenvolver e se tornar funcional. Eles n\u00e3o enxergam isso, mas temos que fazer com que eles nos notem&#8221;, convocou.&nbsp;<\/p>\n\n\n\n<p>Al\u00e9m de Fabiana, outras fam\u00edlias deram depoimentos emocionados sobre o impacto da falta de assist\u00eancia, alertando para o risco real \u00e0 sa\u00fade e \u00e0 vida de seus entes queridos. A maioria dos relatos envolveu crian\u00e7as que estavam em pleno processo de reabilita\u00e7\u00e3o ou estimula\u00e7\u00e3o precoce e que, de forma abrupta, perderam acesso \u00e0s terapias multidisciplinares por decis\u00e3o unilateral dos planos.<\/p>\n\n\n\n<p>No debate, representantes do Minist\u00e9rio P\u00fablico e dos \u00f3rg\u00e3os de Defesa do Consumidor propuseram o direcionamento de maneira mais assertiva das demandas, para que os casos sejam tratados de modo mais objetivo junto aos planos, especialmente os tr\u00eas mais citados na audi\u00eancia.&nbsp;<\/p>\n\n\n\n<p>Ao final da audi\u00eancia, a Divaneide Bas\u00edlio listou uma s\u00e9rie de encaminhamentos para dar continuidade \u00e0s discuss\u00f5es e buscar solu\u00e7\u00f5es efetivas para o problema do descredenciamento de cl\u00ednicas e hospitais. Entre as medidas, destacou a cria\u00e7\u00e3o de uma comiss\u00e3o para atuar como ponte com o Minist\u00e9rio P\u00fablico, o fortalecimento dos \u00f3rg\u00e3os de controle e a realiza\u00e7\u00e3o de um levantamento detalhado das a\u00e7\u00f5es judiciais n\u00e3o cumpridas pelas operadoras. A parlamentar tamb\u00e9m sugeriu a constru\u00e7\u00e3o de uma rede de cuidado, incluindo a implementa\u00e7\u00e3o de ambientes de triagem nas escolas, al\u00e9m de aprofundar o debate sobre o papel das m\u00e3es at\u00edpicas e como o Poder P\u00fablico pode apoi\u00e1-las. A comiss\u00e3o pretende investigar tamb\u00e9m os hospitais supostamente descredenciados da chamada &#8220;rede aberta&#8221;, ainda que pagos pelos planos, e encaminhar\u00e1 um relat\u00f3rio \u00e0 Comiss\u00e3o de Defesa do Consumidor da Assembleia. Por fim, foi proposta a articula\u00e7\u00e3o de visitas conjuntas dos Procons com a Comiss\u00e3o de Defesa do Consumidor da ALRN, al\u00e9m de garantir que as fam\u00edlias afetadas sejam ouvidas tanto pelo MP quanto pela Assembleia Legislativa.<\/p>\n\n\n\n<p>&#8220;As sugest\u00f5es trazidas nos animam para termos uma sa\u00edda. Queremos fazer as visitas, desatar n\u00f3s para que nossas fam\u00edlias possam fazer muitos la\u00e7os e se apoiar nessa luta. Vamos juntos&#8221;, disse Divaneide.<br>&nbsp;<\/p>\n\n\n\n<figure class=\"wp-block-image\"><img data-recalc-dims=\"1\" fetchpriority=\"high\" decoding=\"async\" width=\"800\" height=\"533\" src=\"https:\/\/i0.wp.com\/blogdobispo.com.br\/wp-content\/uploads\/2025\/07\/qhkrJL7Zw5iw0vr6t9kgQiAty2Y43cCMeRICPDSb.jpg?resize=800%2C533\" alt=\"\" class=\"wp-image-5816\" srcset=\"https:\/\/i0.wp.com\/blogdobispo.com.br\/wp-content\/uploads\/2025\/07\/qhkrJL7Zw5iw0vr6t9kgQiAty2Y43cCMeRICPDSb.jpg?w=2560&amp;ssl=1 2560w, https:\/\/i0.wp.com\/blogdobispo.com.br\/wp-content\/uploads\/2025\/07\/qhkrJL7Zw5iw0vr6t9kgQiAty2Y43cCMeRICPDSb.jpg?resize=300%2C200&amp;ssl=1 300w, https:\/\/i0.wp.com\/blogdobispo.com.br\/wp-content\/uploads\/2025\/07\/qhkrJL7Zw5iw0vr6t9kgQiAty2Y43cCMeRICPDSb.jpg?resize=1024%2C682&amp;ssl=1 1024w, https:\/\/i0.wp.com\/blogdobispo.com.br\/wp-content\/uploads\/2025\/07\/qhkrJL7Zw5iw0vr6t9kgQiAty2Y43cCMeRICPDSb.jpg?resize=768%2C512&amp;ssl=1 768w, https:\/\/i0.wp.com\/blogdobispo.com.br\/wp-content\/uploads\/2025\/07\/qhkrJL7Zw5iw0vr6t9kgQiAty2Y43cCMeRICPDSb.jpg?resize=1536%2C1024&amp;ssl=1 1536w, https:\/\/i0.wp.com\/blogdobispo.com.br\/wp-content\/uploads\/2025\/07\/qhkrJL7Zw5iw0vr6t9kgQiAty2Y43cCMeRICPDSb.jpg?resize=2048%2C1365&amp;ssl=1 2048w, https:\/\/i0.wp.com\/blogdobispo.com.br\/wp-content\/uploads\/2025\/07\/qhkrJL7Zw5iw0vr6t9kgQiAty2Y43cCMeRICPDSb.jpg?w=1600 1600w, https:\/\/i0.wp.com\/blogdobispo.com.br\/wp-content\/uploads\/2025\/07\/qhkrJL7Zw5iw0vr6t9kgQiAty2Y43cCMeRICPDSb.jpg?w=2400 2400w\" sizes=\"(max-width: 800px) 100vw, 800px\" \/><\/figure>\n","protected":false},"excerpt":{"rendered":"<p>A Assembleia Legislativa do Rio Grande do Norte discutiu, na tarde desta ter\u00e7a-feira (1\u00ba), a luta de fam\u00edlias potiguares para que os planos de sa\u00fade cumpram suas obriga\u00e7\u00f5es e custeiem os tratamentos de crian\u00e7as e adolescentes que t\u00eam o transtorno do espectro autista. O debate tratou diretamente sobre sa\u00fade e inclus\u00e3o, focando na responsabilidade dos [&hellip;]<\/p>\n","protected":false},"author":1,"featured_media":0,"comment_status":"open","ping_status":"open","sticky":false,"template":"","format":"standard","meta":{"cybocfi_hide_featured_image":"","_jetpack_memberships_contains_paid_content":false,"footnotes":""},"categories":[1],"tags":[],"class_list":["post-5815","post","type-post","status-publish","format-standard","hentry","category-diversos"],"yoast_head":"<!-- This site is optimized with the Yoast SEO plugin v25.6 - https:\/\/yoast.com\/wordpress\/plugins\/seo\/ -->\n<title>Audi\u00eancia discute a\u00e7\u00f5es para garantir que planos custeiem terapias a autistas - Blog do Bispo<\/title>\n<meta name=\"robots\" content=\"index, follow, max-snippet:-1, max-image-preview:large, max-video-preview:-1\" \/>\n<link rel=\"canonical\" href=\"https:\/\/blogdobispo.com.br\/?p=5815\" \/>\n<meta property=\"og:locale\" content=\"pt_BR\" \/>\n<meta property=\"og:type\" content=\"article\" \/>\n<meta property=\"og:title\" content=\"Audi\u00eancia discute a\u00e7\u00f5es para garantir que planos custeiem terapias a autistas - Blog do Bispo\" \/>\n<meta property=\"og:description\" content=\"A Assembleia Legislativa do Rio Grande do Norte discutiu, na tarde desta ter\u00e7a-feira (1\u00ba), a luta de fam\u00edlias potiguares para que os planos de sa\u00fade cumpram suas obriga\u00e7\u00f5es e custeiem os tratamentos de crian\u00e7as e adolescentes que t\u00eam o transtorno do espectro autista. O debate tratou diretamente sobre sa\u00fade e inclus\u00e3o, focando na responsabilidade dos [&hellip;]\" \/>\n<meta property=\"og:url\" content=\"https:\/\/blogdobispo.com.br\/?p=5815\" \/>\n<meta property=\"og:site_name\" content=\"Blog do Bispo\" \/>\n<meta property=\"article:published_time\" content=\"2025-07-02T13:02:25+00:00\" \/>\n<meta property=\"article:modified_time\" content=\"2025-07-02T13:02:27+00:00\" \/>\n<meta property=\"og:image\" content=\"http:\/\/blogdobispo.com.br\/wp-content\/uploads\/2025\/07\/qhkrJL7Zw5iw0vr6t9kgQiAty2Y43cCMeRICPDSb.jpg\" \/>\n<meta name=\"author\" content=\"Jefferson Sterfeno\" \/>\n<meta name=\"twitter:card\" content=\"summary_large_image\" \/>\n<meta name=\"twitter:label1\" content=\"Escrito por\" \/>\n\t<meta name=\"twitter:data1\" content=\"Jefferson Sterfeno\" \/>\n\t<meta name=\"twitter:label2\" content=\"Est. tempo de leitura\" \/>\n\t<meta name=\"twitter:data2\" content=\"5 minutos\" \/>\n<script type=\"application\/ld+json\" class=\"yoast-schema-graph\">{\"@context\":\"https:\/\/schema.org\",\"@graph\":[{\"@type\":\"Article\",\"@id\":\"https:\/\/blogdobispo.com.br\/?p=5815#article\",\"isPartOf\":{\"@id\":\"https:\/\/blogdobispo.com.br\/?p=5815\"},\"author\":{\"name\":\"Jefferson Sterfeno\",\"@id\":\"https:\/\/blogdobispo.com.br\/#\/schema\/person\/e2209cc0e6cea5c5233d033e997b373f\"},\"headline\":\"Audi\u00eancia discute a\u00e7\u00f5es para garantir que planos custeiem terapias a autistas\",\"datePublished\":\"2025-07-02T13:02:25+00:00\",\"dateModified\":\"2025-07-02T13:02:27+00:00\",\"mainEntityOfPage\":{\"@id\":\"https:\/\/blogdobispo.com.br\/?p=5815\"},\"wordCount\":882,\"commentCount\":0,\"publisher\":{\"@id\":\"https:\/\/blogdobispo.com.br\/#organization\"},\"image\":{\"@id\":\"https:\/\/blogdobispo.com.br\/?p=5815#primaryimage\"},\"thumbnailUrl\":\"http:\/\/blogdobispo.com.br\/wp-content\/uploads\/2025\/07\/qhkrJL7Zw5iw0vr6t9kgQiAty2Y43cCMeRICPDSb.jpg\",\"articleSection\":[\"diversos\"],\"inLanguage\":\"pt-BR\",\"potentialAction\":[{\"@type\":\"CommentAction\",\"name\":\"Comment\",\"target\":[\"https:\/\/blogdobispo.com.br\/?p=5815#respond\"]}]},{\"@type\":\"WebPage\",\"@id\":\"https:\/\/blogdobispo.com.br\/?p=5815\",\"url\":\"https:\/\/blogdobispo.com.br\/?p=5815\",\"name\":\"Audi\u00eancia discute a\u00e7\u00f5es para garantir que planos custeiem terapias a autistas - Blog do Bispo\",\"isPartOf\":{\"@id\":\"https:\/\/blogdobispo.com.br\/#website\"},\"primaryImageOfPage\":{\"@id\":\"https:\/\/blogdobispo.com.br\/?p=5815#primaryimage\"},\"image\":{\"@id\":\"https:\/\/blogdobispo.com.br\/?p=5815#primaryimage\"},\"thumbnailUrl\":\"http:\/\/blogdobispo.com.br\/wp-content\/uploads\/2025\/07\/qhkrJL7Zw5iw0vr6t9kgQiAty2Y43cCMeRICPDSb.jpg\",\"datePublished\":\"2025-07-02T13:02:25+00:00\",\"dateModified\":\"2025-07-02T13:02:27+00:00\",\"breadcrumb\":{\"@id\":\"https:\/\/blogdobispo.com.br\/?p=5815#breadcrumb\"},\"inLanguage\":\"pt-BR\",\"potentialAction\":[{\"@type\":\"ReadAction\",\"target\":[\"https:\/\/blogdobispo.com.br\/?p=5815\"]}]},{\"@type\":\"ImageObject\",\"inLanguage\":\"pt-BR\",\"@id\":\"https:\/\/blogdobispo.com.br\/?p=5815#primaryimage\",\"url\":\"http:\/\/blogdobispo.com.br\/wp-content\/uploads\/2025\/07\/qhkrJL7Zw5iw0vr6t9kgQiAty2Y43cCMeRICPDSb.jpg\",\"contentUrl\":\"http:\/\/blogdobispo.com.br\/wp-content\/uploads\/2025\/07\/qhkrJL7Zw5iw0vr6t9kgQiAty2Y43cCMeRICPDSb.jpg\"},{\"@type\":\"BreadcrumbList\",\"@id\":\"https:\/\/blogdobispo.com.br\/?p=5815#breadcrumb\",\"itemListElement\":[{\"@type\":\"ListItem\",\"position\":1,\"name\":\"In\u00edcio\",\"item\":\"https:\/\/blogdobispo.com.br\/\"},{\"@type\":\"ListItem\",\"position\":2,\"name\":\"Audi\u00eancia discute a\u00e7\u00f5es para garantir que planos custeiem terapias a autistas\"}]},{\"@type\":\"WebSite\",\"@id\":\"https:\/\/blogdobispo.com.br\/#website\",\"url\":\"https:\/\/blogdobispo.com.br\/\",\"name\":\"Blog do Bispo\",\"description\":\"Comprometido apenas com o leitor\",\"publisher\":{\"@id\":\"https:\/\/blogdobispo.com.br\/#organization\"},\"potentialAction\":[{\"@type\":\"SearchAction\",\"target\":{\"@type\":\"EntryPoint\",\"urlTemplate\":\"https:\/\/blogdobispo.com.br\/?s={search_term_string}\"},\"query-input\":{\"@type\":\"PropertyValueSpecification\",\"valueRequired\":true,\"valueName\":\"search_term_string\"}}],\"inLanguage\":\"pt-BR\"},{\"@type\":\"Organization\",\"@id\":\"https:\/\/blogdobispo.com.br\/#organization\",\"name\":\"Blog do Bispo\",\"url\":\"https:\/\/blogdobispo.com.br\/\",\"logo\":{\"@type\":\"ImageObject\",\"inLanguage\":\"pt-BR\",\"@id\":\"https:\/\/blogdobispo.com.br\/#\/schema\/logo\/image\/\",\"url\":\"http:\/\/blogdobispo.com.br\/wp-content\/uploads\/2023\/05\/cropped-headear.png\",\"contentUrl\":\"http:\/\/blogdobispo.com.br\/wp-content\/uploads\/2023\/05\/cropped-headear.png\",\"width\":1500,\"height\":399,\"caption\":\"Blog do Bispo\"},\"image\":{\"@id\":\"https:\/\/blogdobispo.com.br\/#\/schema\/logo\/image\/\"}},{\"@type\":\"Person\",\"@id\":\"https:\/\/blogdobispo.com.br\/#\/schema\/person\/e2209cc0e6cea5c5233d033e997b373f\",\"name\":\"Jefferson Sterfeno\",\"image\":{\"@type\":\"ImageObject\",\"inLanguage\":\"pt-BR\",\"@id\":\"https:\/\/blogdobispo.com.br\/#\/schema\/person\/image\/\",\"url\":\"https:\/\/secure.gravatar.com\/avatar\/0534e84764641168a677026b6d57a3f51dc7ac4db0b4f6186d9cb330d4ee1160?s=96&d=mm&r=g\",\"contentUrl\":\"https:\/\/secure.gravatar.com\/avatar\/0534e84764641168a677026b6d57a3f51dc7ac4db0b4f6186d9cb330d4ee1160?s=96&d=mm&r=g\",\"caption\":\"Jefferson Sterfeno\"},\"sameAs\":[\"http:\/\/blogdobispo.com.br\"],\"url\":\"https:\/\/blogdobispo.com.br\/?author=1\"}]}<\/script>\n<!-- \/ Yoast SEO plugin. -->","yoast_head_json":{"title":"Audi\u00eancia discute a\u00e7\u00f5es para garantir que planos custeiem terapias a autistas - Blog do Bispo","robots":{"index":"index","follow":"follow","max-snippet":"max-snippet:-1","max-image-preview":"max-image-preview:large","max-video-preview":"max-video-preview:-1"},"canonical":"https:\/\/blogdobispo.com.br\/?p=5815","og_locale":"pt_BR","og_type":"article","og_title":"Audi\u00eancia discute a\u00e7\u00f5es para garantir que planos custeiem terapias a autistas - Blog do Bispo","og_description":"A Assembleia Legislativa do Rio Grande do Norte discutiu, na tarde desta ter\u00e7a-feira (1\u00ba), a luta de fam\u00edlias potiguares para que os planos de sa\u00fade cumpram suas obriga\u00e7\u00f5es e custeiem os tratamentos de crian\u00e7as e adolescentes que t\u00eam o transtorno do espectro autista. O debate tratou diretamente sobre sa\u00fade e inclus\u00e3o, focando na responsabilidade dos [&hellip;]","og_url":"https:\/\/blogdobispo.com.br\/?p=5815","og_site_name":"Blog do Bispo","article_published_time":"2025-07-02T13:02:25+00:00","article_modified_time":"2025-07-02T13:02:27+00:00","og_image":[{"url":"http:\/\/blogdobispo.com.br\/wp-content\/uploads\/2025\/07\/qhkrJL7Zw5iw0vr6t9kgQiAty2Y43cCMeRICPDSb.jpg","type":"","width":"","height":""}],"author":"Jefferson Sterfeno","twitter_card":"summary_large_image","twitter_misc":{"Escrito por":"Jefferson Sterfeno","Est. tempo de leitura":"5 minutos"},"schema":{"@context":"https:\/\/schema.org","@graph":[{"@type":"Article","@id":"https:\/\/blogdobispo.com.br\/?p=5815#article","isPartOf":{"@id":"https:\/\/blogdobispo.com.br\/?p=5815"},"author":{"name":"Jefferson Sterfeno","@id":"https:\/\/blogdobispo.com.br\/#\/schema\/person\/e2209cc0e6cea5c5233d033e997b373f"},"headline":"Audi\u00eancia discute a\u00e7\u00f5es para garantir que planos custeiem terapias a autistas","datePublished":"2025-07-02T13:02:25+00:00","dateModified":"2025-07-02T13:02:27+00:00","mainEntityOfPage":{"@id":"https:\/\/blogdobispo.com.br\/?p=5815"},"wordCount":882,"commentCount":0,"publisher":{"@id":"https:\/\/blogdobispo.com.br\/#organization"},"image":{"@id":"https:\/\/blogdobispo.com.br\/?p=5815#primaryimage"},"thumbnailUrl":"http:\/\/blogdobispo.com.br\/wp-content\/uploads\/2025\/07\/qhkrJL7Zw5iw0vr6t9kgQiAty2Y43cCMeRICPDSb.jpg","articleSection":["diversos"],"inLanguage":"pt-BR","potentialAction":[{"@type":"CommentAction","name":"Comment","target":["https:\/\/blogdobispo.com.br\/?p=5815#respond"]}]},{"@type":"WebPage","@id":"https:\/\/blogdobispo.com.br\/?p=5815","url":"https:\/\/blogdobispo.com.br\/?p=5815","name":"Audi\u00eancia discute a\u00e7\u00f5es para garantir que planos custeiem terapias a autistas - Blog do Bispo","isPartOf":{"@id":"https:\/\/blogdobispo.com.br\/#website"},"primaryImageOfPage":{"@id":"https:\/\/blogdobispo.com.br\/?p=5815#primaryimage"},"image":{"@id":"https:\/\/blogdobispo.com.br\/?p=5815#primaryimage"},"thumbnailUrl":"http:\/\/blogdobispo.com.br\/wp-content\/uploads\/2025\/07\/qhkrJL7Zw5iw0vr6t9kgQiAty2Y43cCMeRICPDSb.jpg","datePublished":"2025-07-02T13:02:25+00:00","dateModified":"2025-07-02T13:02:27+00:00","breadcrumb":{"@id":"https:\/\/blogdobispo.com.br\/?p=5815#breadcrumb"},"inLanguage":"pt-BR","potentialAction":[{"@type":"ReadAction","target":["https:\/\/blogdobispo.com.br\/?p=5815"]}]},{"@type":"ImageObject","inLanguage":"pt-BR","@id":"https:\/\/blogdobispo.com.br\/?p=5815#primaryimage","url":"http:\/\/blogdobispo.com.br\/wp-content\/uploads\/2025\/07\/qhkrJL7Zw5iw0vr6t9kgQiAty2Y43cCMeRICPDSb.jpg","contentUrl":"http:\/\/blogdobispo.com.br\/wp-content\/uploads\/2025\/07\/qhkrJL7Zw5iw0vr6t9kgQiAty2Y43cCMeRICPDSb.jpg"},{"@type":"BreadcrumbList","@id":"https:\/\/blogdobispo.com.br\/?p=5815#breadcrumb","itemListElement":[{"@type":"ListItem","position":1,"name":"In\u00edcio","item":"https:\/\/blogdobispo.com.br\/"},{"@type":"ListItem","position":2,"name":"Audi\u00eancia discute a\u00e7\u00f5es para garantir que planos custeiem terapias a autistas"}]},{"@type":"WebSite","@id":"https:\/\/blogdobispo.com.br\/#website","url":"https:\/\/blogdobispo.com.br\/","name":"Blog do Bispo","description":"Comprometido apenas com o leitor","publisher":{"@id":"https:\/\/blogdobispo.com.br\/#organization"},"potentialAction":[{"@type":"SearchAction","target":{"@type":"EntryPoint","urlTemplate":"https:\/\/blogdobispo.com.br\/?s={search_term_string}"},"query-input":{"@type":"PropertyValueSpecification","valueRequired":true,"valueName":"search_term_string"}}],"inLanguage":"pt-BR"},{"@type":"Organization","@id":"https:\/\/blogdobispo.com.br\/#organization","name":"Blog do Bispo","url":"https:\/\/blogdobispo.com.br\/","logo":{"@type":"ImageObject","inLanguage":"pt-BR","@id":"https:\/\/blogdobispo.com.br\/#\/schema\/logo\/image\/","url":"http:\/\/blogdobispo.com.br\/wp-content\/uploads\/2023\/05\/cropped-headear.png","contentUrl":"http:\/\/blogdobispo.com.br\/wp-content\/uploads\/2023\/05\/cropped-headear.png","width":1500,"height":399,"caption":"Blog do Bispo"},"image":{"@id":"https:\/\/blogdobispo.com.br\/#\/schema\/logo\/image\/"}},{"@type":"Person","@id":"https:\/\/blogdobispo.com.br\/#\/schema\/person\/e2209cc0e6cea5c5233d033e997b373f","name":"Jefferson Sterfeno","image":{"@type":"ImageObject","inLanguage":"pt-BR","@id":"https:\/\/blogdobispo.com.br\/#\/schema\/person\/image\/","url":"https:\/\/secure.gravatar.com\/avatar\/0534e84764641168a677026b6d57a3f51dc7ac4db0b4f6186d9cb330d4ee1160?s=96&d=mm&r=g","contentUrl":"https:\/\/secure.gravatar.com\/avatar\/0534e84764641168a677026b6d57a3f51dc7ac4db0b4f6186d9cb330d4ee1160?s=96&d=mm&r=g","caption":"Jefferson Sterfeno"},"sameAs":["http:\/\/blogdobispo.com.br"],"url":"https:\/\/blogdobispo.com.br\/?author=1"}]}},"featured_image_urls":{"full":"","thumbnail":"","medium":"","medium_large":"","large":"","1536x1536":"","2048x2048":""},"author_info":{"display_name":"Jefferson Sterfeno","author_link":"https:\/\/blogdobispo.com.br\/?author=1"},"category_info":"<a href=\"https:\/\/blogdobispo.com.br\/?cat=1\" rel=\"category\">diversos<\/a>","tag_info":"diversos","comment_count":"0","jetpack_featured_media_url":"","jetpack_sharing_enabled":true,"_links":{"self":[{"href":"https:\/\/blogdobispo.com.br\/index.php?rest_route=\/wp\/v2\/posts\/5815","targetHints":{"allow":["GET"]}}],"collection":[{"href":"https:\/\/blogdobispo.com.br\/index.php?rest_route=\/wp\/v2\/posts"}],"about":[{"href":"https:\/\/blogdobispo.com.br\/index.php?rest_route=\/wp\/v2\/types\/post"}],"author":[{"embeddable":true,"href":"https:\/\/blogdobispo.com.br\/index.php?rest_route=\/wp\/v2\/users\/1"}],"replies":[{"embeddable":true,"href":"https:\/\/blogdobispo.com.br\/index.php?rest_route=%2Fwp%2Fv2%2Fcomments&post=5815"}],"version-history":[{"count":1,"href":"https:\/\/blogdobispo.com.br\/index.php?rest_route=\/wp\/v2\/posts\/5815\/revisions"}],"predecessor-version":[{"id":5817,"href":"https:\/\/blogdobispo.com.br\/index.php?rest_route=\/wp\/v2\/posts\/5815\/revisions\/5817"}],"wp:attachment":[{"href":"https:\/\/blogdobispo.com.br\/index.php?rest_route=%2Fwp%2Fv2%2Fmedia&parent=5815"}],"wp:term":[{"taxonomy":"category","embeddable":true,"href":"https:\/\/blogdobispo.com.br\/index.php?rest_route=%2Fwp%2Fv2%2Fcategories&post=5815"},{"taxonomy":"post_tag","embeddable":true,"href":"https:\/\/blogdobispo.com.br\/index.php?rest_route=%2Fwp%2Fv2%2Ftags&post=5815"}],"curies":[{"name":"wp","href":"https:\/\/api.w.org\/{rel}","templated":true}]}}