{"id":5812,"date":"2025-07-02T12:57:42","date_gmt":"2025-07-02T12:57:42","guid":{"rendered":"https:\/\/blogdobispo.com.br\/?p=5812"},"modified":"2025-07-02T12:57:43","modified_gmt":"2025-07-02T12:57:43","slug":"paulinho-sera-peca-chave-em-2026-diz-allyson-bezerra-sobre-projeto-do-uniao-brasil","status":"publish","type":"post","link":"https:\/\/blogdobispo.com.br\/?p=5812","title":{"rendered":"Paulinho ser\u00e1 pe\u00e7a-chave em 2026, diz Allyson Bezerra sobre projeto do Uni\u00e3o Brasil"},"content":{"rendered":"\n<p>O prefeito de Mossor\u00f3,&nbsp;<a href=\"https:\/\/agorarn.com.br\/coluna\/allyson-reafirma-sintonia-com-zenaide-2026\/\">Allyson<\/a>&nbsp;Bezerra (Uni\u00e3o), afirmou que o prefeito de Natal, Paulinho Freire (Uni\u00e3o), ser\u00e1 uma figura central nas decis\u00f5es do Uni\u00e3o Brasil no Rio Grande do Norte para as elei\u00e7\u00f5es de 2026. Durante entrevista \u00e0 96 FM, Allyson avaliou o peso pol\u00edtico de Paulinho como dirigente da maior cidade do Estado e defendeu que, qualquer que seja o futuro desenho eleitoral, ele passar\u00e1 pela articula\u00e7\u00e3o do atual prefeito da capital. \u201cAcredito que as decis\u00f5es pol\u00edticas para 2026 do Uni\u00e3o Brasil v\u00e3o passar diretamente por Paulinho\u201d, disse, acrescentando que Freire \u201ctem uma posi\u00e7\u00e3o pol\u00edtica determinante dentro do partido\u201d.<\/p>\n\n\n\n<p>Allyson tamb\u00e9m comentou a recente reuni\u00e3o que teve com o senador Jos\u00e9 Agripino Maia (Uni\u00e3o) e a liga\u00e7\u00e3o telef\u00f4nica com o deputado federal Jo\u00e3o Maia (PP), sinalizando coes\u00e3o na federa\u00e7\u00e3o Uni\u00e3o Progressista \u2014 composi\u00e7\u00e3o entre Uni\u00e3o Brasil e Progressistas, que, segundo ele, formam \u201cum grupo pol\u00edtico muito forte, muito consolidado\u201d com bancada robusta em Bras\u00edlia e base no interior.<\/p>\n\n\n\n<p>Sobre composi\u00e7\u00f5es eleitorais, o prefeito de Mossor\u00f3 reafirmou que n\u00e3o fecha portas. Disse n\u00e3o ver impedimento em manter di\u00e1logo com os senadores Rog\u00e9rio Marinho (PL) e Styvenson Valentim (PSDB), mesmo que tenham apoiado advers\u00e1rios nas elei\u00e7\u00f5es municipais. Ele afirmou ter convidado Rog\u00e9rio para o camarote do Mossor\u00f3 Cidade Junina. Ele n\u00e3o se encontrou com o senador, que compareceu ao evento. J\u00e1 sobre Styvenson, Allyson foi direto: \u201cAcho que ele n\u00e3o \u00e9 empecilho em nenhum momento. Pelo contr\u00e1rio, ele \u00e9 senador, est\u00e1 em primeiro lugar disparado nas pesquisas\u201d.<\/p>\n\n\n\n<p>Allyson relatou ainda o primeiro encontro presencial com o ex-prefeito de Natal \u00c1lvaro Dias (Republicanos), pr\u00e9-candidato ao Governo do Estado. Segundo ele, a conversa foi respeitosa e produtiva. \u201cUma coisa n\u00f3s concordamos: temos que conversar mais\u201d, disse.<\/p>\n\n\n\n<p>Allyson refor\u00e7ou tamb\u00e9m que \u201cn\u00e3o tem liga\u00e7\u00e3o com o Governo do Estado\u201d e reiterou que sua atua\u00e7\u00e3o pol\u00edtica sempre foi contr\u00e1ria ao modelo de gest\u00e3o da governadora F\u00e1tima Bezerra (PT). \u201cSempre fui muito claro nas minhas posi\u00e7\u00f5es\u201d, afirmou.<\/p>\n\n\n\n<p>Sobre o pr\u00f3prio nome ser apontado em pesquisas para o Governo, Allyson disse que nunca pediu para ser inclu\u00eddo nos levantamentos, mas agradece \u00e0 popula\u00e7\u00e3o. \u201cSou grato \u00e0 popula\u00e7\u00e3o do Estado que tem citado nosso trabalho em Mossor\u00f3\u201d, declarou. Ele refor\u00e7ou, no entanto, que ainda n\u00e3o \u00e9 hora de discutir candidatura.<\/p>\n\n\n\n<p>\u201cA conven\u00e7\u00e3o s\u00f3 come\u00e7a em julho do ano que vem. Ainda temos muito tempo\u201d, afirmou, sem deixar de lembrar que pol\u00edtica se faz com di\u00e1logo. \u201cTenho conversado com v\u00e1rios prefeitos, deputados federais e estaduais. Vamos continuar dialogando.\u201d<\/p>\n\n\n\n<h2 class=\"wp-block-heading\">Prefeito recusa r\u00f3tulo de 3\u00aa via e prop\u00f5e nova vis\u00e3o de Estado<\/h2>\n\n\n\n<p>O prefeito de Mossor\u00f3 rejeitou a classifica\u00e7\u00e3o de \u201cterceira via\u201d para qualquer poss\u00edvel candidatura ao Governo do Estado em 2026. Para ele, o debate eleitoral n\u00e3o deve ser reduzido \u00e0 l\u00f3gica de polariza\u00e7\u00e3o entre esquerda e direita ou a r\u00f3tulos gen\u00e9ricos. Em entrevista \u00e0 96 FM, o gestor defendeu que a pr\u00f3xima elei\u00e7\u00e3o estadual ser\u00e1 definida entre dois campos: quem deseja a continuidade do modelo de gest\u00e3o da governadora F\u00e1tima Bezerra e quem prop\u00f5e um novo projeto de desenvolvimento para o Rio Grande do Norte.<\/p>\n\n\n\n<p>\u201cEu n\u00e3o acredito nessa divis\u00e3o entre direita e esquerda como vem sendo colocada. O que vejo \u00e9 que, em 2026, teremos o grupo que quer continuar com o governo que est\u00e1 h\u00e1 oito anos e outro grupo ou candidatura que vai se contrapor frontalmente a esse modelo e apresentar algo diferente\u201d, argumentou.<\/p>\n\n\n\n<p>Ele insistiu que a discuss\u00e3o eleitoral s\u00f3 far\u00e1 sentido quando vier acompanhada de uma proposta concreta para destravar o potencial do Estado. \u201cNosso estado \u00e9 rico, tem tudo para dar certo. Temos sal, g\u00e1s, petr\u00f3leo, energia limpa, turismo, fruticultura, min\u00e9rio. S\u00f3 falta uma gest\u00e3o que funcione\u201d, afirmou.<\/p>\n\n\n\n<p>Durante a entrevista, Allyson tamb\u00e9m criticou o personalismo na pol\u00edtica potiguar. \u201cNosso estado carece de projeto pol\u00edtico. O que temos \u00e9 projeto de pessoas. A gente precisa inverter essa l\u00f3gica\u201d, disse. Segundo ele, o centro do debate n\u00e3o pode ser \u201cqual \u00e9 o seu projeto?\u201d, mas sim \u201cqual \u00e9 o projeto para o Estado?\u201d. Ele considera que essa mentalidade de candidatura descolada de plano de governo tem sido um entrave ao desenvolvimento do RN.<\/p>\n\n\n\n<p>Sobre sua pr\u00f3pria atua\u00e7\u00e3o, Allyson rejeitou interpreta\u00e7\u00f5es de que seria inacess\u00edvel ou arrogante. \u201cConverso com todo mundo. Recebi mais de 80 prefeitos em Mossor\u00f3, metade da bancada federal, deputados estaduais, vereadores. Estou aberto ao di\u00e1logo\u201d, garantiu. Tamb\u00e9m recha\u00e7ou a ideia de que advers\u00e1rios pol\u00edticos sejam automaticamente inimigos: \u201cTem pol\u00edtico que eu discordo de tudo o que ele faz, mas n\u00e3o vou ficar atacando nas redes ou com palavras pejorativas. Isso n\u00e3o ajuda o povo.\u201d<\/p>\n\n\n\n<p>O prefeito citou como exemplo de conviv\u00eancia civilizada o contato com a senadora Zenaide Maia (PSD), a quem reconheceu como parceira da cidade. \u201cEla tem enviado muitos recursos para Mossor\u00f3 e \u00e9 bem recebida. Temos uma liga\u00e7\u00e3o pol\u00edtica, sim.\u201d Tamb\u00e9m mencionou o senador Styvenson Valentim, com quem ainda pretende conversar pessoalmente. \u201cN\u00e3o tenho nenhum problema com ele. N\u00e3o \u00e9 empecilho para nada.\u201d<\/p>\n\n\n\n<p>Segundo ele, o que vai determinar os caminhos de 2026 n\u00e3o ser\u00e1 a polariza\u00e7\u00e3o ou a quantidade de candidaturas, mas a clareza sobre quem est\u00e1 disposto a apresentar um modelo de gest\u00e3o que transforme o estado. \u201cVai ser entre quem quer continuar com o que est\u00e1 a\u00ed e quem quer destravar o potencial do Rio Grande do Norte. E o povo vai saber escolher.\u201d<\/p>\n\n\n\n<h2 class=\"wp-block-heading\">\u2018Qualquer pol\u00edtico deve ser investigado\u2019, afirma gestor de Mossor\u00f3<\/h2>\n\n\n\n<p>\u201cQualquer pol\u00edtico pode ser investigado e deve ser investigado mesmo.\u201d Foi com essa declara\u00e7\u00e3o direta que o prefeito de Mossor\u00f3, Allyson Bezerra, reagiu \u00e0s not\u00edcias sobre sua cita\u00e7\u00e3o em uma investiga\u00e7\u00e3o relacionada a supostas fraudes em sua gest\u00e3o. Para ele, a fiscaliza\u00e7\u00e3o rigorosa da administra\u00e7\u00e3o p\u00fablica \u00e9 n\u00e3o apenas leg\u00edtima, mas necess\u00e1ria. \u201cQuem mais tem interesse sou eu. Quero mesmo que se analise tudo, que se veja medi\u00e7\u00e3o de obra, que se veja contrato, que se veja processo licitat\u00f3rio, tudo isso\u201d, afirmou.<\/p>\n\n\n\n<p>Allyson fez quest\u00e3o de apresentar um panorama das pr\u00e1ticas de controle e digitaliza\u00e7\u00e3o implementadas na Prefeitura de Mossor\u00f3. Segundo ele, todas as licita\u00e7\u00f5es s\u00e3o realizadas de forma 100% eletr\u00f4nica, o que elimina brechas para fraudes manuais. O mesmo padr\u00e3o foi adotado no controle de patrim\u00f4nio e almoxarifado. \u201cPara sair uma folha de papel, v\u00e1rias pessoas t\u00eam que dar OK eletronicamente. Fica rastro de tudo\u201d, explicou.<\/p>\n\n\n\n<p>No caso da distribui\u00e7\u00e3o de combust\u00edveis, o prefeito detalhou que o sistema antigo, baseado em requisi\u00e7\u00f5es manuais, foi substitu\u00eddo por cart\u00f5es magn\u00e9ticos vinculados a cada ve\u00edculo da frota municipal. \u201cTudo eletr\u00f4nico com cart\u00e3o magn\u00e9tico, com quilometragem, com o nome do ve\u00edculo, com a placa do ve\u00edculo, com o nome do condutor, com toda a transpar\u00eancia poss\u00edvel\u201d, descreveu.<\/p>\n\n\n\n<p>Na \u00e1rea de obras, Allyson disse que criou uma estrutura paralela de fiscaliza\u00e7\u00e3o dentro da Controladoria Geral do Munic\u00edpio, composta por engenheiros com a fun\u00e7\u00e3o espec\u00edfica de reanalisar medi\u00e7\u00f5es j\u00e1 executadas. \u201cTenho uma equipe para fazer fiscaliza\u00e7\u00e3o da obra e da medi\u00e7\u00e3o e outra para fazer da medi\u00e7\u00e3o que foi feita\u201d, frisou.<\/p>\n\n\n\n<p>O prefeito classificou como leg\u00edtima a atua\u00e7\u00e3o dos \u00f3rg\u00e3os de controle e afirmou que a Prefeitura mant\u00e9m total abertura para fornecer documentos, processos e informa\u00e7\u00f5es solicitadas. \u201cToda gest\u00e3o p\u00fablica tem que ser analisada. Os \u00f3rg\u00e3os de controle t\u00eam que ter total liberdade de acompanhar, solicitar documentos, buscar o m\u00e1ximo poss\u00edvel de informa\u00e7\u00e3o. Isso \u00e9 fundamental.\u201d<\/p>\n\n\n\n<p>AGORA RN<\/p>\n\n\n\n<figure class=\"wp-block-image\"><img data-recalc-dims=\"1\" fetchpriority=\"high\" decoding=\"async\" width=\"800\" height=\"451\" src=\"https:\/\/i0.wp.com\/blogdobispo.com.br\/wp-content\/uploads\/2025\/07\/Paulinho-Freire-e-Allyson-Bezerra-5-scaled-e1751452727921-830x468.jpg.webp?resize=800%2C451\" alt=\"\" class=\"wp-image-5813\" srcset=\"https:\/\/i0.wp.com\/blogdobispo.com.br\/wp-content\/uploads\/2025\/07\/Paulinho-Freire-e-Allyson-Bezerra-5-scaled-e1751452727921-830x468.jpg.webp?w=830&amp;ssl=1 830w, https:\/\/i0.wp.com\/blogdobispo.com.br\/wp-content\/uploads\/2025\/07\/Paulinho-Freire-e-Allyson-Bezerra-5-scaled-e1751452727921-830x468.jpg.webp?resize=300%2C169&amp;ssl=1 300w, https:\/\/i0.wp.com\/blogdobispo.com.br\/wp-content\/uploads\/2025\/07\/Paulinho-Freire-e-Allyson-Bezerra-5-scaled-e1751452727921-830x468.jpg.webp?resize=768%2C433&amp;ssl=1 768w\" sizes=\"(max-width: 800px) 100vw, 800px\" \/><\/figure>\n","protected":false},"excerpt":{"rendered":"<p>O prefeito de Mossor\u00f3,&nbsp;Allyson&nbsp;Bezerra (Uni\u00e3o), afirmou que o prefeito de Natal, Paulinho Freire (Uni\u00e3o), ser\u00e1 uma figura central nas decis\u00f5es do Uni\u00e3o Brasil no Rio Grande do Norte para as elei\u00e7\u00f5es de 2026. Durante entrevista \u00e0 96 FM, Allyson avaliou o peso pol\u00edtico de Paulinho como dirigente da maior cidade do Estado e defendeu que, [&hellip;]<\/p>\n","protected":false},"author":1,"featured_media":0,"comment_status":"open","ping_status":"open","sticky":false,"template":"","format":"standard","meta":{"cybocfi_hide_featured_image":"","_jetpack_memberships_contains_paid_content":false,"footnotes":""},"categories":[1],"tags":[],"class_list":["post-5812","post","type-post","status-publish","format-standard","hentry","category-diversos"],"yoast_head":"<!-- This site is optimized with the Yoast SEO plugin v25.6 - https:\/\/yoast.com\/wordpress\/plugins\/seo\/ -->\n<title>Paulinho ser\u00e1 pe\u00e7a-chave em 2026, diz Allyson Bezerra sobre projeto do Uni\u00e3o Brasil - Blog do Bispo<\/title>\n<meta name=\"robots\" content=\"index, follow, max-snippet:-1, max-image-preview:large, max-video-preview:-1\" \/>\n<link rel=\"canonical\" href=\"https:\/\/blogdobispo.com.br\/?p=5812\" \/>\n<meta property=\"og:locale\" content=\"pt_BR\" \/>\n<meta property=\"og:type\" content=\"article\" \/>\n<meta property=\"og:title\" content=\"Paulinho ser\u00e1 pe\u00e7a-chave em 2026, diz Allyson Bezerra sobre projeto do Uni\u00e3o Brasil - Blog do Bispo\" \/>\n<meta property=\"og:description\" content=\"O prefeito de Mossor\u00f3,&nbsp;Allyson&nbsp;Bezerra (Uni\u00e3o), afirmou que o prefeito de Natal, Paulinho Freire (Uni\u00e3o), ser\u00e1 uma figura central nas decis\u00f5es do Uni\u00e3o Brasil no Rio Grande do Norte para as elei\u00e7\u00f5es de 2026. Durante entrevista \u00e0 96 FM, Allyson avaliou o peso pol\u00edtico de Paulinho como dirigente da maior cidade do Estado e defendeu que, [&hellip;]\" \/>\n<meta property=\"og:url\" content=\"https:\/\/blogdobispo.com.br\/?p=5812\" \/>\n<meta property=\"og:site_name\" content=\"Blog do Bispo\" \/>\n<meta property=\"article:published_time\" content=\"2025-07-02T12:57:42+00:00\" \/>\n<meta property=\"article:modified_time\" content=\"2025-07-02T12:57:43+00:00\" \/>\n<meta property=\"og:image\" content=\"http:\/\/blogdobispo.com.br\/wp-content\/uploads\/2025\/07\/Paulinho-Freire-e-Allyson-Bezerra-5-scaled-e1751452727921-830x468.jpg.webp\" \/>\n<meta name=\"author\" content=\"Jefferson Sterfeno\" \/>\n<meta name=\"twitter:card\" content=\"summary_large_image\" \/>\n<meta name=\"twitter:label1\" content=\"Escrito por\" \/>\n\t<meta name=\"twitter:data1\" content=\"Jefferson Sterfeno\" \/>\n\t<meta name=\"twitter:label2\" content=\"Est. tempo de leitura\" \/>\n\t<meta name=\"twitter:data2\" content=\"7 minutos\" \/>\n<script type=\"application\/ld+json\" class=\"yoast-schema-graph\">{\"@context\":\"https:\/\/schema.org\",\"@graph\":[{\"@type\":\"Article\",\"@id\":\"https:\/\/blogdobispo.com.br\/?p=5812#article\",\"isPartOf\":{\"@id\":\"https:\/\/blogdobispo.com.br\/?p=5812\"},\"author\":{\"name\":\"Jefferson Sterfeno\",\"@id\":\"https:\/\/blogdobispo.com.br\/#\/schema\/person\/e2209cc0e6cea5c5233d033e997b373f\"},\"headline\":\"Paulinho ser\u00e1 pe\u00e7a-chave em 2026, diz Allyson Bezerra sobre projeto do Uni\u00e3o Brasil\",\"datePublished\":\"2025-07-02T12:57:42+00:00\",\"dateModified\":\"2025-07-02T12:57:43+00:00\",\"mainEntityOfPage\":{\"@id\":\"https:\/\/blogdobispo.com.br\/?p=5812\"},\"wordCount\":1356,\"commentCount\":0,\"publisher\":{\"@id\":\"https:\/\/blogdobispo.com.br\/#organization\"},\"image\":{\"@id\":\"https:\/\/blogdobispo.com.br\/?p=5812#primaryimage\"},\"thumbnailUrl\":\"http:\/\/blogdobispo.com.br\/wp-content\/uploads\/2025\/07\/Paulinho-Freire-e-Allyson-Bezerra-5-scaled-e1751452727921-830x468.jpg.webp\",\"articleSection\":[\"diversos\"],\"inLanguage\":\"pt-BR\",\"potentialAction\":[{\"@type\":\"CommentAction\",\"name\":\"Comment\",\"target\":[\"https:\/\/blogdobispo.com.br\/?p=5812#respond\"]}]},{\"@type\":\"WebPage\",\"@id\":\"https:\/\/blogdobispo.com.br\/?p=5812\",\"url\":\"https:\/\/blogdobispo.com.br\/?p=5812\",\"name\":\"Paulinho ser\u00e1 pe\u00e7a-chave em 2026, diz Allyson Bezerra sobre projeto do Uni\u00e3o Brasil - Blog do Bispo\",\"isPartOf\":{\"@id\":\"https:\/\/blogdobispo.com.br\/#website\"},\"primaryImageOfPage\":{\"@id\":\"https:\/\/blogdobispo.com.br\/?p=5812#primaryimage\"},\"image\":{\"@id\":\"https:\/\/blogdobispo.com.br\/?p=5812#primaryimage\"},\"thumbnailUrl\":\"http:\/\/blogdobispo.com.br\/wp-content\/uploads\/2025\/07\/Paulinho-Freire-e-Allyson-Bezerra-5-scaled-e1751452727921-830x468.jpg.webp\",\"datePublished\":\"2025-07-02T12:57:42+00:00\",\"dateModified\":\"2025-07-02T12:57:43+00:00\",\"breadcrumb\":{\"@id\":\"https:\/\/blogdobispo.com.br\/?p=5812#breadcrumb\"},\"inLanguage\":\"pt-BR\",\"potentialAction\":[{\"@type\":\"ReadAction\",\"target\":[\"https:\/\/blogdobispo.com.br\/?p=5812\"]}]},{\"@type\":\"ImageObject\",\"inLanguage\":\"pt-BR\",\"@id\":\"https:\/\/blogdobispo.com.br\/?p=5812#primaryimage\",\"url\":\"http:\/\/blogdobispo.com.br\/wp-content\/uploads\/2025\/07\/Paulinho-Freire-e-Allyson-Bezerra-5-scaled-e1751452727921-830x468.jpg.webp\",\"contentUrl\":\"http:\/\/blogdobispo.com.br\/wp-content\/uploads\/2025\/07\/Paulinho-Freire-e-Allyson-Bezerra-5-scaled-e1751452727921-830x468.jpg.webp\"},{\"@type\":\"BreadcrumbList\",\"@id\":\"https:\/\/blogdobispo.com.br\/?p=5812#breadcrumb\",\"itemListElement\":[{\"@type\":\"ListItem\",\"position\":1,\"name\":\"In\u00edcio\",\"item\":\"https:\/\/blogdobispo.com.br\/\"},{\"@type\":\"ListItem\",\"position\":2,\"name\":\"Paulinho ser\u00e1 pe\u00e7a-chave em 2026, diz Allyson Bezerra sobre projeto do Uni\u00e3o Brasil\"}]},{\"@type\":\"WebSite\",\"@id\":\"https:\/\/blogdobispo.com.br\/#website\",\"url\":\"https:\/\/blogdobispo.com.br\/\",\"name\":\"Blog do Bispo\",\"description\":\"Comprometido apenas com o leitor\",\"publisher\":{\"@id\":\"https:\/\/blogdobispo.com.br\/#organization\"},\"potentialAction\":[{\"@type\":\"SearchAction\",\"target\":{\"@type\":\"EntryPoint\",\"urlTemplate\":\"https:\/\/blogdobispo.com.br\/?s={search_term_string}\"},\"query-input\":{\"@type\":\"PropertyValueSpecification\",\"valueRequired\":true,\"valueName\":\"search_term_string\"}}],\"inLanguage\":\"pt-BR\"},{\"@type\":\"Organization\",\"@id\":\"https:\/\/blogdobispo.com.br\/#organization\",\"name\":\"Blog do Bispo\",\"url\":\"https:\/\/blogdobispo.com.br\/\",\"logo\":{\"@type\":\"ImageObject\",\"inLanguage\":\"pt-BR\",\"@id\":\"https:\/\/blogdobispo.com.br\/#\/schema\/logo\/image\/\",\"url\":\"http:\/\/blogdobispo.com.br\/wp-content\/uploads\/2023\/05\/cropped-headear.png\",\"contentUrl\":\"http:\/\/blogdobispo.com.br\/wp-content\/uploads\/2023\/05\/cropped-headear.png\",\"width\":1500,\"height\":399,\"caption\":\"Blog do Bispo\"},\"image\":{\"@id\":\"https:\/\/blogdobispo.com.br\/#\/schema\/logo\/image\/\"}},{\"@type\":\"Person\",\"@id\":\"https:\/\/blogdobispo.com.br\/#\/schema\/person\/e2209cc0e6cea5c5233d033e997b373f\",\"name\":\"Jefferson Sterfeno\",\"image\":{\"@type\":\"ImageObject\",\"inLanguage\":\"pt-BR\",\"@id\":\"https:\/\/blogdobispo.com.br\/#\/schema\/person\/image\/\",\"url\":\"https:\/\/secure.gravatar.com\/avatar\/0534e84764641168a677026b6d57a3f51dc7ac4db0b4f6186d9cb330d4ee1160?s=96&d=mm&r=g\",\"contentUrl\":\"https:\/\/secure.gravatar.com\/avatar\/0534e84764641168a677026b6d57a3f51dc7ac4db0b4f6186d9cb330d4ee1160?s=96&d=mm&r=g\",\"caption\":\"Jefferson Sterfeno\"},\"sameAs\":[\"http:\/\/blogdobispo.com.br\"],\"url\":\"https:\/\/blogdobispo.com.br\/?author=1\"}]}<\/script>\n<!-- \/ Yoast SEO plugin. -->","yoast_head_json":{"title":"Paulinho ser\u00e1 pe\u00e7a-chave em 2026, diz Allyson Bezerra sobre projeto do Uni\u00e3o Brasil - Blog do Bispo","robots":{"index":"index","follow":"follow","max-snippet":"max-snippet:-1","max-image-preview":"max-image-preview:large","max-video-preview":"max-video-preview:-1"},"canonical":"https:\/\/blogdobispo.com.br\/?p=5812","og_locale":"pt_BR","og_type":"article","og_title":"Paulinho ser\u00e1 pe\u00e7a-chave em 2026, diz Allyson Bezerra sobre projeto do Uni\u00e3o Brasil - Blog do Bispo","og_description":"O prefeito de Mossor\u00f3,&nbsp;Allyson&nbsp;Bezerra (Uni\u00e3o), afirmou que o prefeito de Natal, Paulinho Freire (Uni\u00e3o), ser\u00e1 uma figura central nas decis\u00f5es do Uni\u00e3o Brasil no Rio Grande do Norte para as elei\u00e7\u00f5es de 2026. Durante entrevista \u00e0 96 FM, Allyson avaliou o peso pol\u00edtico de Paulinho como dirigente da maior cidade do Estado e defendeu que, [&hellip;]","og_url":"https:\/\/blogdobispo.com.br\/?p=5812","og_site_name":"Blog do Bispo","article_published_time":"2025-07-02T12:57:42+00:00","article_modified_time":"2025-07-02T12:57:43+00:00","og_image":[{"url":"http:\/\/blogdobispo.com.br\/wp-content\/uploads\/2025\/07\/Paulinho-Freire-e-Allyson-Bezerra-5-scaled-e1751452727921-830x468.jpg.webp","type":"","width":"","height":""}],"author":"Jefferson Sterfeno","twitter_card":"summary_large_image","twitter_misc":{"Escrito por":"Jefferson Sterfeno","Est. tempo de leitura":"7 minutos"},"schema":{"@context":"https:\/\/schema.org","@graph":[{"@type":"Article","@id":"https:\/\/blogdobispo.com.br\/?p=5812#article","isPartOf":{"@id":"https:\/\/blogdobispo.com.br\/?p=5812"},"author":{"name":"Jefferson Sterfeno","@id":"https:\/\/blogdobispo.com.br\/#\/schema\/person\/e2209cc0e6cea5c5233d033e997b373f"},"headline":"Paulinho ser\u00e1 pe\u00e7a-chave em 2026, diz Allyson Bezerra sobre projeto do Uni\u00e3o Brasil","datePublished":"2025-07-02T12:57:42+00:00","dateModified":"2025-07-02T12:57:43+00:00","mainEntityOfPage":{"@id":"https:\/\/blogdobispo.com.br\/?p=5812"},"wordCount":1356,"commentCount":0,"publisher":{"@id":"https:\/\/blogdobispo.com.br\/#organization"},"image":{"@id":"https:\/\/blogdobispo.com.br\/?p=5812#primaryimage"},"thumbnailUrl":"http:\/\/blogdobispo.com.br\/wp-content\/uploads\/2025\/07\/Paulinho-Freire-e-Allyson-Bezerra-5-scaled-e1751452727921-830x468.jpg.webp","articleSection":["diversos"],"inLanguage":"pt-BR","potentialAction":[{"@type":"CommentAction","name":"Comment","target":["https:\/\/blogdobispo.com.br\/?p=5812#respond"]}]},{"@type":"WebPage","@id":"https:\/\/blogdobispo.com.br\/?p=5812","url":"https:\/\/blogdobispo.com.br\/?p=5812","name":"Paulinho ser\u00e1 pe\u00e7a-chave em 2026, diz Allyson Bezerra sobre projeto do Uni\u00e3o Brasil - Blog do Bispo","isPartOf":{"@id":"https:\/\/blogdobispo.com.br\/#website"},"primaryImageOfPage":{"@id":"https:\/\/blogdobispo.com.br\/?p=5812#primaryimage"},"image":{"@id":"https:\/\/blogdobispo.com.br\/?p=5812#primaryimage"},"thumbnailUrl":"http:\/\/blogdobispo.com.br\/wp-content\/uploads\/2025\/07\/Paulinho-Freire-e-Allyson-Bezerra-5-scaled-e1751452727921-830x468.jpg.webp","datePublished":"2025-07-02T12:57:42+00:00","dateModified":"2025-07-02T12:57:43+00:00","breadcrumb":{"@id":"https:\/\/blogdobispo.com.br\/?p=5812#breadcrumb"},"inLanguage":"pt-BR","potentialAction":[{"@type":"ReadAction","target":["https:\/\/blogdobispo.com.br\/?p=5812"]}]},{"@type":"ImageObject","inLanguage":"pt-BR","@id":"https:\/\/blogdobispo.com.br\/?p=5812#primaryimage","url":"http:\/\/blogdobispo.com.br\/wp-content\/uploads\/2025\/07\/Paulinho-Freire-e-Allyson-Bezerra-5-scaled-e1751452727921-830x468.jpg.webp","contentUrl":"http:\/\/blogdobispo.com.br\/wp-content\/uploads\/2025\/07\/Paulinho-Freire-e-Allyson-Bezerra-5-scaled-e1751452727921-830x468.jpg.webp"},{"@type":"BreadcrumbList","@id":"https:\/\/blogdobispo.com.br\/?p=5812#breadcrumb","itemListElement":[{"@type":"ListItem","position":1,"name":"In\u00edcio","item":"https:\/\/blogdobispo.com.br\/"},{"@type":"ListItem","position":2,"name":"Paulinho ser\u00e1 pe\u00e7a-chave em 2026, diz Allyson Bezerra sobre projeto do Uni\u00e3o Brasil"}]},{"@type":"WebSite","@id":"https:\/\/blogdobispo.com.br\/#website","url":"https:\/\/blogdobispo.com.br\/","name":"Blog do Bispo","description":"Comprometido apenas com o leitor","publisher":{"@id":"https:\/\/blogdobispo.com.br\/#organization"},"potentialAction":[{"@type":"SearchAction","target":{"@type":"EntryPoint","urlTemplate":"https:\/\/blogdobispo.com.br\/?s={search_term_string}"},"query-input":{"@type":"PropertyValueSpecification","valueRequired":true,"valueName":"search_term_string"}}],"inLanguage":"pt-BR"},{"@type":"Organization","@id":"https:\/\/blogdobispo.com.br\/#organization","name":"Blog do Bispo","url":"https:\/\/blogdobispo.com.br\/","logo":{"@type":"ImageObject","inLanguage":"pt-BR","@id":"https:\/\/blogdobispo.com.br\/#\/schema\/logo\/image\/","url":"http:\/\/blogdobispo.com.br\/wp-content\/uploads\/2023\/05\/cropped-headear.png","contentUrl":"http:\/\/blogdobispo.com.br\/wp-content\/uploads\/2023\/05\/cropped-headear.png","width":1500,"height":399,"caption":"Blog do Bispo"},"image":{"@id":"https:\/\/blogdobispo.com.br\/#\/schema\/logo\/image\/"}},{"@type":"Person","@id":"https:\/\/blogdobispo.com.br\/#\/schema\/person\/e2209cc0e6cea5c5233d033e997b373f","name":"Jefferson Sterfeno","image":{"@type":"ImageObject","inLanguage":"pt-BR","@id":"https:\/\/blogdobispo.com.br\/#\/schema\/person\/image\/","url":"https:\/\/secure.gravatar.com\/avatar\/0534e84764641168a677026b6d57a3f51dc7ac4db0b4f6186d9cb330d4ee1160?s=96&d=mm&r=g","contentUrl":"https:\/\/secure.gravatar.com\/avatar\/0534e84764641168a677026b6d57a3f51dc7ac4db0b4f6186d9cb330d4ee1160?s=96&d=mm&r=g","caption":"Jefferson Sterfeno"},"sameAs":["http:\/\/blogdobispo.com.br"],"url":"https:\/\/blogdobispo.com.br\/?author=1"}]}},"featured_image_urls":{"full":"","thumbnail":"","medium":"","medium_large":"","large":"","1536x1536":"","2048x2048":""},"author_info":{"display_name":"Jefferson Sterfeno","author_link":"https:\/\/blogdobispo.com.br\/?author=1"},"category_info":"<a href=\"https:\/\/blogdobispo.com.br\/?cat=1\" rel=\"category\">diversos<\/a>","tag_info":"diversos","comment_count":"0","jetpack_featured_media_url":"","jetpack_sharing_enabled":true,"_links":{"self":[{"href":"https:\/\/blogdobispo.com.br\/index.php?rest_route=\/wp\/v2\/posts\/5812","targetHints":{"allow":["GET"]}}],"collection":[{"href":"https:\/\/blogdobispo.com.br\/index.php?rest_route=\/wp\/v2\/posts"}],"about":[{"href":"https:\/\/blogdobispo.com.br\/index.php?rest_route=\/wp\/v2\/types\/post"}],"author":[{"embeddable":true,"href":"https:\/\/blogdobispo.com.br\/index.php?rest_route=\/wp\/v2\/users\/1"}],"replies":[{"embeddable":true,"href":"https:\/\/blogdobispo.com.br\/index.php?rest_route=%2Fwp%2Fv2%2Fcomments&post=5812"}],"version-history":[{"count":1,"href":"https:\/\/blogdobispo.com.br\/index.php?rest_route=\/wp\/v2\/posts\/5812\/revisions"}],"predecessor-version":[{"id":5814,"href":"https:\/\/blogdobispo.com.br\/index.php?rest_route=\/wp\/v2\/posts\/5812\/revisions\/5814"}],"wp:attachment":[{"href":"https:\/\/blogdobispo.com.br\/index.php?rest_route=%2Fwp%2Fv2%2Fmedia&parent=5812"}],"wp:term":[{"taxonomy":"category","embeddable":true,"href":"https:\/\/blogdobispo.com.br\/index.php?rest_route=%2Fwp%2Fv2%2Fcategories&post=5812"},{"taxonomy":"post_tag","embeddable":true,"href":"https:\/\/blogdobispo.com.br\/index.php?rest_route=%2Fwp%2Fv2%2Ftags&post=5812"}],"curies":[{"name":"wp","href":"https:\/\/api.w.org\/{rel}","templated":true}]}}