{"id":5809,"date":"2025-07-02T12:46:56","date_gmt":"2025-07-02T12:46:56","guid":{"rendered":"https:\/\/blogdobispo.com.br\/?p=5809"},"modified":"2025-07-02T12:46:58","modified_gmt":"2025-07-02T12:46:58","slug":"styvenson-destina-r-14-milhoes-para-pavimentacao-de-ruas-em-natal-com-destaque-para-zonas-norte-e-oeste","status":"publish","type":"post","link":"https:\/\/blogdobispo.com.br\/?p=5809","title":{"rendered":"Styvenson destina R$ 14 Milh\u00f5es para pavimenta\u00e7\u00e3o de ruas em Natal, com destaque para zonas Norte e Oeste"},"content":{"rendered":"\n<p>O senador Styvenson Valentim (PSDB\/RN) segue reafirmando, com atitudes concretas, os princ\u00edpios que norteiam seu mandato: responsabilidade com o dinheiro p\u00fablico, combate ao desperd\u00edcio e foco nas necessidades reais da popula\u00e7\u00e3o. Em mais uma a\u00e7\u00e3o alinhada a esses valores, Styvenson anunciou a destina\u00e7\u00e3o de R$ 14 milh\u00f5es em emendas parlamentares para obras de pavimenta\u00e7\u00e3o de ruas nas zonas Norte e Oeste de Natal, regi\u00f5es historicamente negligenciadas no planejamento urbano da capital potiguar.<\/p>\n\n\n\n<p>O an\u00fancio foi formalizado durante reuni\u00e3o realizada na manh\u00e3 desta segunda-feira (30), com o prefeito Paulinho Freire, e a secret\u00e1ria municipal de Infraestrutura (Seinfra), Shirley Cavalcanti. O encontro teve como objetivo alinhar a estrat\u00e9gia para o uso dos recursos, definir o cronograma de execu\u00e7\u00e3o e garantir que o repasse seja transformado em benef\u00edcio direto para a popula\u00e7\u00e3o.<\/p>\n\n\n\n<p>Ao contr\u00e1rio de interven\u00e7\u00f5es pontuais e paliativas como o recapeamento de vias j\u00e1 asfaltadas, os recursos ser\u00e3o utilizados para pavimentar ruas que ainda s\u00e3o de barro, sem qualquer estrutura b\u00e1sica de mobilidade. \u201cN\u00e3o faremos recapeamento asf\u00e1ltico, n\u00e3o. Ser\u00e1 pavimenta\u00e7\u00e3o de ruas, aquelas de barro mesmo. E mais na frente vamos garantir ainda mais recursos nessa \u00e1rea\u201d, destacou Styvenson, enfatizando a escolha consciente de priorizar comunidades que mais precisam de infraestrutura b\u00e1sica.<\/p>\n\n\n\n<p>A sele\u00e7\u00e3o das vias beneficiadas ser\u00e1 feita em parceria com a Prefeitura, por meio de estudos t\u00e9cnicos da Seinfra, respeitando crit\u00e9rios de impacto social e urg\u00eancia na mobilidade urbana. Para o senador, a pavimenta\u00e7\u00e3o de ruas \u00e9 mais do que uma obra f\u00edsica \u2014 \u00e9 uma a\u00e7\u00e3o de justi\u00e7a social que reduz a poeira e a lama do cotidiano de milhares de fam\u00edlias, facilita o acesso de ambul\u00e2ncias, \u00f4nibus escolares, coleta de lixo e melhora a seguran\u00e7a nas comunidades.<\/p>\n\n\n\n<p>Esta n\u00e3o \u00e9 a primeira vez que Styvenson atua de forma direta para transformar realidades urbanas no estado. Ao longo do mandato, o senador tem direcionado recursos a \u00e1reas que tradicionalmente recebem pouca aten\u00e7\u00e3o dos parlamentares: infraestrutura b\u00e1sica, seguran\u00e7a p\u00fablica, sa\u00fade e educa\u00e7\u00e3o t\u00e9cnica.<\/p>\n\n\n\n<p>Tudo isso com uma conduta marcada pela transpar\u00eancia, austeridade e independ\u00eancia pol\u00edtica \u2014 valores que o parlamentar carrega desde sua trajet\u00f3ria na Pol\u00edcia Militar at\u00e9 o Senado Federal.<\/p>\n\n\n\n<p>Ao destinar os R$ 14 milh\u00f5es para ruas de barro em Natal, Styvenson reafirma o que muitos tentam simular, mas poucos praticam: o mandato que ouve o povo, age com seriedade e entrega resultado.<\/p>\n\n\n\n<figure class=\"wp-block-image\"><img data-recalc-dims=\"1\" fetchpriority=\"high\" decoding=\"async\" width=\"800\" height=\"961\" src=\"https:\/\/i0.wp.com\/blogdobispo.com.br\/wp-content\/uploads\/2025\/07\/IMG-20250701-WA0019.webp?resize=800%2C961\" alt=\"\" class=\"wp-image-5810\" srcset=\"https:\/\/i0.wp.com\/blogdobispo.com.br\/wp-content\/uploads\/2025\/07\/IMG-20250701-WA0019.webp?w=1320&amp;ssl=1 1320w, https:\/\/i0.wp.com\/blogdobispo.com.br\/wp-content\/uploads\/2025\/07\/IMG-20250701-WA0019.webp?resize=250%2C300&amp;ssl=1 250w, https:\/\/i0.wp.com\/blogdobispo.com.br\/wp-content\/uploads\/2025\/07\/IMG-20250701-WA0019.webp?resize=853%2C1024&amp;ssl=1 853w, https:\/\/i0.wp.com\/blogdobispo.com.br\/wp-content\/uploads\/2025\/07\/IMG-20250701-WA0019.webp?resize=768%2C922&amp;ssl=1 768w, https:\/\/i0.wp.com\/blogdobispo.com.br\/wp-content\/uploads\/2025\/07\/IMG-20250701-WA0019.webp?resize=1279%2C1536&amp;ssl=1 1279w, https:\/\/i0.wp.com\/blogdobispo.com.br\/wp-content\/uploads\/2025\/07\/IMG-20250701-WA0019.webp?resize=1024%2C1230&amp;ssl=1 1024w\" sizes=\"(max-width: 800px) 100vw, 800px\" \/><\/figure>\n","protected":false},"excerpt":{"rendered":"<p>O senador Styvenson Valentim (PSDB\/RN) segue reafirmando, com atitudes concretas, os princ\u00edpios que norteiam seu mandato: responsabilidade com o dinheiro p\u00fablico, combate ao desperd\u00edcio e foco nas necessidades reais da popula\u00e7\u00e3o. Em mais uma a\u00e7\u00e3o alinhada a esses valores, Styvenson anunciou a destina\u00e7\u00e3o de R$ 14 milh\u00f5es em emendas parlamentares para obras de pavimenta\u00e7\u00e3o de [&hellip;]<\/p>\n","protected":false},"author":1,"featured_media":0,"comment_status":"open","ping_status":"open","sticky":false,"template":"","format":"standard","meta":{"cybocfi_hide_featured_image":"","_jetpack_memberships_contains_paid_content":false,"footnotes":""},"categories":[1],"tags":[],"class_list":["post-5809","post","type-post","status-publish","format-standard","hentry","category-diversos"],"yoast_head":"<!-- This site is optimized with the Yoast SEO plugin v25.6 - https:\/\/yoast.com\/wordpress\/plugins\/seo\/ -->\n<title>Styvenson destina R$ 14 Milh\u00f5es para pavimenta\u00e7\u00e3o de ruas em Natal, com destaque para zonas Norte e Oeste - Blog do Bispo<\/title>\n<meta name=\"robots\" content=\"index, follow, max-snippet:-1, max-image-preview:large, max-video-preview:-1\" \/>\n<link rel=\"canonical\" href=\"https:\/\/blogdobispo.com.br\/?p=5809\" \/>\n<meta property=\"og:locale\" content=\"pt_BR\" \/>\n<meta property=\"og:type\" content=\"article\" \/>\n<meta property=\"og:title\" content=\"Styvenson destina R$ 14 Milh\u00f5es para pavimenta\u00e7\u00e3o de ruas em Natal, com destaque para zonas Norte e Oeste - Blog do Bispo\" \/>\n<meta property=\"og:description\" content=\"O senador Styvenson Valentim (PSDB\/RN) segue reafirmando, com atitudes concretas, os princ\u00edpios que norteiam seu mandato: responsabilidade com o dinheiro p\u00fablico, combate ao desperd\u00edcio e foco nas necessidades reais da popula\u00e7\u00e3o. Em mais uma a\u00e7\u00e3o alinhada a esses valores, Styvenson anunciou a destina\u00e7\u00e3o de R$ 14 milh\u00f5es em emendas parlamentares para obras de pavimenta\u00e7\u00e3o de [&hellip;]\" \/>\n<meta property=\"og:url\" content=\"https:\/\/blogdobispo.com.br\/?p=5809\" \/>\n<meta property=\"og:site_name\" content=\"Blog do Bispo\" \/>\n<meta property=\"article:published_time\" content=\"2025-07-02T12:46:56+00:00\" \/>\n<meta property=\"article:modified_time\" content=\"2025-07-02T12:46:58+00:00\" \/>\n<meta property=\"og:image\" content=\"http:\/\/blogdobispo.com.br\/wp-content\/uploads\/2025\/07\/IMG-20250701-WA0019.webp\" \/>\n<meta name=\"author\" content=\"Jefferson Sterfeno\" \/>\n<meta name=\"twitter:card\" content=\"summary_large_image\" \/>\n<meta name=\"twitter:label1\" content=\"Escrito por\" \/>\n\t<meta name=\"twitter:data1\" content=\"Jefferson Sterfeno\" \/>\n\t<meta name=\"twitter:label2\" content=\"Est. tempo de leitura\" \/>\n\t<meta name=\"twitter:data2\" content=\"3 minutos\" \/>\n<script type=\"application\/ld+json\" class=\"yoast-schema-graph\">{\"@context\":\"https:\/\/schema.org\",\"@graph\":[{\"@type\":\"Article\",\"@id\":\"https:\/\/blogdobispo.com.br\/?p=5809#article\",\"isPartOf\":{\"@id\":\"https:\/\/blogdobispo.com.br\/?p=5809\"},\"author\":{\"name\":\"Jefferson Sterfeno\",\"@id\":\"https:\/\/blogdobispo.com.br\/#\/schema\/person\/e2209cc0e6cea5c5233d033e997b373f\"},\"headline\":\"Styvenson destina R$ 14 Milh\u00f5es para pavimenta\u00e7\u00e3o de ruas em Natal, com destaque para zonas Norte e Oeste\",\"datePublished\":\"2025-07-02T12:46:56+00:00\",\"dateModified\":\"2025-07-02T12:46:58+00:00\",\"mainEntityOfPage\":{\"@id\":\"https:\/\/blogdobispo.com.br\/?p=5809\"},\"wordCount\":448,\"commentCount\":0,\"publisher\":{\"@id\":\"https:\/\/blogdobispo.com.br\/#organization\"},\"image\":{\"@id\":\"https:\/\/blogdobispo.com.br\/?p=5809#primaryimage\"},\"thumbnailUrl\":\"http:\/\/blogdobispo.com.br\/wp-content\/uploads\/2025\/07\/IMG-20250701-WA0019.webp\",\"articleSection\":[\"diversos\"],\"inLanguage\":\"pt-BR\",\"potentialAction\":[{\"@type\":\"CommentAction\",\"name\":\"Comment\",\"target\":[\"https:\/\/blogdobispo.com.br\/?p=5809#respond\"]}]},{\"@type\":\"WebPage\",\"@id\":\"https:\/\/blogdobispo.com.br\/?p=5809\",\"url\":\"https:\/\/blogdobispo.com.br\/?p=5809\",\"name\":\"Styvenson destina R$ 14 Milh\u00f5es para pavimenta\u00e7\u00e3o de ruas em Natal, com destaque para zonas Norte e Oeste - Blog do Bispo\",\"isPartOf\":{\"@id\":\"https:\/\/blogdobispo.com.br\/#website\"},\"primaryImageOfPage\":{\"@id\":\"https:\/\/blogdobispo.com.br\/?p=5809#primaryimage\"},\"image\":{\"@id\":\"https:\/\/blogdobispo.com.br\/?p=5809#primaryimage\"},\"thumbnailUrl\":\"http:\/\/blogdobispo.com.br\/wp-content\/uploads\/2025\/07\/IMG-20250701-WA0019.webp\",\"datePublished\":\"2025-07-02T12:46:56+00:00\",\"dateModified\":\"2025-07-02T12:46:58+00:00\",\"breadcrumb\":{\"@id\":\"https:\/\/blogdobispo.com.br\/?p=5809#breadcrumb\"},\"inLanguage\":\"pt-BR\",\"potentialAction\":[{\"@type\":\"ReadAction\",\"target\":[\"https:\/\/blogdobispo.com.br\/?p=5809\"]}]},{\"@type\":\"ImageObject\",\"inLanguage\":\"pt-BR\",\"@id\":\"https:\/\/blogdobispo.com.br\/?p=5809#primaryimage\",\"url\":\"http:\/\/blogdobispo.com.br\/wp-content\/uploads\/2025\/07\/IMG-20250701-WA0019.webp\",\"contentUrl\":\"http:\/\/blogdobispo.com.br\/wp-content\/uploads\/2025\/07\/IMG-20250701-WA0019.webp\"},{\"@type\":\"BreadcrumbList\",\"@id\":\"https:\/\/blogdobispo.com.br\/?p=5809#breadcrumb\",\"itemListElement\":[{\"@type\":\"ListItem\",\"position\":1,\"name\":\"In\u00edcio\",\"item\":\"https:\/\/blogdobispo.com.br\/\"},{\"@type\":\"ListItem\",\"position\":2,\"name\":\"Styvenson destina R$ 14 Milh\u00f5es para pavimenta\u00e7\u00e3o de ruas em Natal, com destaque para zonas Norte e Oeste\"}]},{\"@type\":\"WebSite\",\"@id\":\"https:\/\/blogdobispo.com.br\/#website\",\"url\":\"https:\/\/blogdobispo.com.br\/\",\"name\":\"Blog do Bispo\",\"description\":\"Comprometido apenas com o leitor\",\"publisher\":{\"@id\":\"https:\/\/blogdobispo.com.br\/#organization\"},\"potentialAction\":[{\"@type\":\"SearchAction\",\"target\":{\"@type\":\"EntryPoint\",\"urlTemplate\":\"https:\/\/blogdobispo.com.br\/?s={search_term_string}\"},\"query-input\":{\"@type\":\"PropertyValueSpecification\",\"valueRequired\":true,\"valueName\":\"search_term_string\"}}],\"inLanguage\":\"pt-BR\"},{\"@type\":\"Organization\",\"@id\":\"https:\/\/blogdobispo.com.br\/#organization\",\"name\":\"Blog do Bispo\",\"url\":\"https:\/\/blogdobispo.com.br\/\",\"logo\":{\"@type\":\"ImageObject\",\"inLanguage\":\"pt-BR\",\"@id\":\"https:\/\/blogdobispo.com.br\/#\/schema\/logo\/image\/\",\"url\":\"http:\/\/blogdobispo.com.br\/wp-content\/uploads\/2023\/05\/cropped-headear.png\",\"contentUrl\":\"http:\/\/blogdobispo.com.br\/wp-content\/uploads\/2023\/05\/cropped-headear.png\",\"width\":1500,\"height\":399,\"caption\":\"Blog do Bispo\"},\"image\":{\"@id\":\"https:\/\/blogdobispo.com.br\/#\/schema\/logo\/image\/\"}},{\"@type\":\"Person\",\"@id\":\"https:\/\/blogdobispo.com.br\/#\/schema\/person\/e2209cc0e6cea5c5233d033e997b373f\",\"name\":\"Jefferson Sterfeno\",\"image\":{\"@type\":\"ImageObject\",\"inLanguage\":\"pt-BR\",\"@id\":\"https:\/\/blogdobispo.com.br\/#\/schema\/person\/image\/\",\"url\":\"https:\/\/secure.gravatar.com\/avatar\/0534e84764641168a677026b6d57a3f51dc7ac4db0b4f6186d9cb330d4ee1160?s=96&d=mm&r=g\",\"contentUrl\":\"https:\/\/secure.gravatar.com\/avatar\/0534e84764641168a677026b6d57a3f51dc7ac4db0b4f6186d9cb330d4ee1160?s=96&d=mm&r=g\",\"caption\":\"Jefferson Sterfeno\"},\"sameAs\":[\"http:\/\/blogdobispo.com.br\"],\"url\":\"https:\/\/blogdobispo.com.br\/?author=1\"}]}<\/script>\n<!-- \/ Yoast SEO plugin. -->","yoast_head_json":{"title":"Styvenson destina R$ 14 Milh\u00f5es para pavimenta\u00e7\u00e3o de ruas em Natal, com destaque para zonas Norte e Oeste - Blog do Bispo","robots":{"index":"index","follow":"follow","max-snippet":"max-snippet:-1","max-image-preview":"max-image-preview:large","max-video-preview":"max-video-preview:-1"},"canonical":"https:\/\/blogdobispo.com.br\/?p=5809","og_locale":"pt_BR","og_type":"article","og_title":"Styvenson destina R$ 14 Milh\u00f5es para pavimenta\u00e7\u00e3o de ruas em Natal, com destaque para zonas Norte e Oeste - Blog do Bispo","og_description":"O senador Styvenson Valentim (PSDB\/RN) segue reafirmando, com atitudes concretas, os princ\u00edpios que norteiam seu mandato: responsabilidade com o dinheiro p\u00fablico, combate ao desperd\u00edcio e foco nas necessidades reais da popula\u00e7\u00e3o. Em mais uma a\u00e7\u00e3o alinhada a esses valores, Styvenson anunciou a destina\u00e7\u00e3o de R$ 14 milh\u00f5es em emendas parlamentares para obras de pavimenta\u00e7\u00e3o de [&hellip;]","og_url":"https:\/\/blogdobispo.com.br\/?p=5809","og_site_name":"Blog do Bispo","article_published_time":"2025-07-02T12:46:56+00:00","article_modified_time":"2025-07-02T12:46:58+00:00","og_image":[{"url":"http:\/\/blogdobispo.com.br\/wp-content\/uploads\/2025\/07\/IMG-20250701-WA0019.webp","type":"","width":"","height":""}],"author":"Jefferson Sterfeno","twitter_card":"summary_large_image","twitter_misc":{"Escrito por":"Jefferson Sterfeno","Est. tempo de leitura":"3 minutos"},"schema":{"@context":"https:\/\/schema.org","@graph":[{"@type":"Article","@id":"https:\/\/blogdobispo.com.br\/?p=5809#article","isPartOf":{"@id":"https:\/\/blogdobispo.com.br\/?p=5809"},"author":{"name":"Jefferson Sterfeno","@id":"https:\/\/blogdobispo.com.br\/#\/schema\/person\/e2209cc0e6cea5c5233d033e997b373f"},"headline":"Styvenson destina R$ 14 Milh\u00f5es para pavimenta\u00e7\u00e3o de ruas em Natal, com destaque para zonas Norte e Oeste","datePublished":"2025-07-02T12:46:56+00:00","dateModified":"2025-07-02T12:46:58+00:00","mainEntityOfPage":{"@id":"https:\/\/blogdobispo.com.br\/?p=5809"},"wordCount":448,"commentCount":0,"publisher":{"@id":"https:\/\/blogdobispo.com.br\/#organization"},"image":{"@id":"https:\/\/blogdobispo.com.br\/?p=5809#primaryimage"},"thumbnailUrl":"http:\/\/blogdobispo.com.br\/wp-content\/uploads\/2025\/07\/IMG-20250701-WA0019.webp","articleSection":["diversos"],"inLanguage":"pt-BR","potentialAction":[{"@type":"CommentAction","name":"Comment","target":["https:\/\/blogdobispo.com.br\/?p=5809#respond"]}]},{"@type":"WebPage","@id":"https:\/\/blogdobispo.com.br\/?p=5809","url":"https:\/\/blogdobispo.com.br\/?p=5809","name":"Styvenson destina R$ 14 Milh\u00f5es para pavimenta\u00e7\u00e3o de ruas em Natal, com destaque para zonas Norte e Oeste - Blog do Bispo","isPartOf":{"@id":"https:\/\/blogdobispo.com.br\/#website"},"primaryImageOfPage":{"@id":"https:\/\/blogdobispo.com.br\/?p=5809#primaryimage"},"image":{"@id":"https:\/\/blogdobispo.com.br\/?p=5809#primaryimage"},"thumbnailUrl":"http:\/\/blogdobispo.com.br\/wp-content\/uploads\/2025\/07\/IMG-20250701-WA0019.webp","datePublished":"2025-07-02T12:46:56+00:00","dateModified":"2025-07-02T12:46:58+00:00","breadcrumb":{"@id":"https:\/\/blogdobispo.com.br\/?p=5809#breadcrumb"},"inLanguage":"pt-BR","potentialAction":[{"@type":"ReadAction","target":["https:\/\/blogdobispo.com.br\/?p=5809"]}]},{"@type":"ImageObject","inLanguage":"pt-BR","@id":"https:\/\/blogdobispo.com.br\/?p=5809#primaryimage","url":"http:\/\/blogdobispo.com.br\/wp-content\/uploads\/2025\/07\/IMG-20250701-WA0019.webp","contentUrl":"http:\/\/blogdobispo.com.br\/wp-content\/uploads\/2025\/07\/IMG-20250701-WA0019.webp"},{"@type":"BreadcrumbList","@id":"https:\/\/blogdobispo.com.br\/?p=5809#breadcrumb","itemListElement":[{"@type":"ListItem","position":1,"name":"In\u00edcio","item":"https:\/\/blogdobispo.com.br\/"},{"@type":"ListItem","position":2,"name":"Styvenson destina R$ 14 Milh\u00f5es para pavimenta\u00e7\u00e3o de ruas em Natal, com destaque para zonas Norte e Oeste"}]},{"@type":"WebSite","@id":"https:\/\/blogdobispo.com.br\/#website","url":"https:\/\/blogdobispo.com.br\/","name":"Blog do Bispo","description":"Comprometido apenas com o leitor","publisher":{"@id":"https:\/\/blogdobispo.com.br\/#organization"},"potentialAction":[{"@type":"SearchAction","target":{"@type":"EntryPoint","urlTemplate":"https:\/\/blogdobispo.com.br\/?s={search_term_string}"},"query-input":{"@type":"PropertyValueSpecification","valueRequired":true,"valueName":"search_term_string"}}],"inLanguage":"pt-BR"},{"@type":"Organization","@id":"https:\/\/blogdobispo.com.br\/#organization","name":"Blog do Bispo","url":"https:\/\/blogdobispo.com.br\/","logo":{"@type":"ImageObject","inLanguage":"pt-BR","@id":"https:\/\/blogdobispo.com.br\/#\/schema\/logo\/image\/","url":"http:\/\/blogdobispo.com.br\/wp-content\/uploads\/2023\/05\/cropped-headear.png","contentUrl":"http:\/\/blogdobispo.com.br\/wp-content\/uploads\/2023\/05\/cropped-headear.png","width":1500,"height":399,"caption":"Blog do Bispo"},"image":{"@id":"https:\/\/blogdobispo.com.br\/#\/schema\/logo\/image\/"}},{"@type":"Person","@id":"https:\/\/blogdobispo.com.br\/#\/schema\/person\/e2209cc0e6cea5c5233d033e997b373f","name":"Jefferson Sterfeno","image":{"@type":"ImageObject","inLanguage":"pt-BR","@id":"https:\/\/blogdobispo.com.br\/#\/schema\/person\/image\/","url":"https:\/\/secure.gravatar.com\/avatar\/0534e84764641168a677026b6d57a3f51dc7ac4db0b4f6186d9cb330d4ee1160?s=96&d=mm&r=g","contentUrl":"https:\/\/secure.gravatar.com\/avatar\/0534e84764641168a677026b6d57a3f51dc7ac4db0b4f6186d9cb330d4ee1160?s=96&d=mm&r=g","caption":"Jefferson Sterfeno"},"sameAs":["http:\/\/blogdobispo.com.br"],"url":"https:\/\/blogdobispo.com.br\/?author=1"}]}},"featured_image_urls":{"full":"","thumbnail":"","medium":"","medium_large":"","large":"","1536x1536":"","2048x2048":""},"author_info":{"display_name":"Jefferson Sterfeno","author_link":"https:\/\/blogdobispo.com.br\/?author=1"},"category_info":"<a href=\"https:\/\/blogdobispo.com.br\/?cat=1\" rel=\"category\">diversos<\/a>","tag_info":"diversos","comment_count":"0","jetpack_featured_media_url":"","jetpack_sharing_enabled":true,"_links":{"self":[{"href":"https:\/\/blogdobispo.com.br\/index.php?rest_route=\/wp\/v2\/posts\/5809","targetHints":{"allow":["GET"]}}],"collection":[{"href":"https:\/\/blogdobispo.com.br\/index.php?rest_route=\/wp\/v2\/posts"}],"about":[{"href":"https:\/\/blogdobispo.com.br\/index.php?rest_route=\/wp\/v2\/types\/post"}],"author":[{"embeddable":true,"href":"https:\/\/blogdobispo.com.br\/index.php?rest_route=\/wp\/v2\/users\/1"}],"replies":[{"embeddable":true,"href":"https:\/\/blogdobispo.com.br\/index.php?rest_route=%2Fwp%2Fv2%2Fcomments&post=5809"}],"version-history":[{"count":1,"href":"https:\/\/blogdobispo.com.br\/index.php?rest_route=\/wp\/v2\/posts\/5809\/revisions"}],"predecessor-version":[{"id":5811,"href":"https:\/\/blogdobispo.com.br\/index.php?rest_route=\/wp\/v2\/posts\/5809\/revisions\/5811"}],"wp:attachment":[{"href":"https:\/\/blogdobispo.com.br\/index.php?rest_route=%2Fwp%2Fv2%2Fmedia&parent=5809"}],"wp:term":[{"taxonomy":"category","embeddable":true,"href":"https:\/\/blogdobispo.com.br\/index.php?rest_route=%2Fwp%2Fv2%2Fcategories&post=5809"},{"taxonomy":"post_tag","embeddable":true,"href":"https:\/\/blogdobispo.com.br\/index.php?rest_route=%2Fwp%2Fv2%2Ftags&post=5809"}],"curies":[{"name":"wp","href":"https:\/\/api.w.org\/{rel}","templated":true}]}}