{"id":5804,"date":"2025-06-30T21:37:44","date_gmt":"2025-06-30T21:37:44","guid":{"rendered":"https:\/\/blogdobispo.com.br\/?p=5804"},"modified":"2025-06-30T21:37:44","modified_gmt":"2025-06-30T21:37:44","slug":"rn-pode-ter-tres-candidaturas-competitivas-ao-governo-em-2026","status":"publish","type":"post","link":"https:\/\/blogdobispo.com.br\/?p=5804","title":{"rendered":"RN pode ter tr\u00eas candidaturas competitivas ao Governo em 2026"},"content":{"rendered":"\n<figure class=\"wp-block-image size-large\"><img data-recalc-dims=\"1\" fetchpriority=\"high\" decoding=\"async\" width=\"674\" height=\"455\" src=\"https:\/\/i0.wp.com\/blogdobispo.com.br\/wp-content\/uploads\/2025\/06\/img_5345-1.jpg?resize=674%2C455&#038;ssl=1\" class=\"wp-image-5803\" srcset=\"https:\/\/i0.wp.com\/blogdobispo.com.br\/wp-content\/uploads\/2025\/06\/img_5345-1.jpg?w=674&amp;ssl=1 674w, https:\/\/i0.wp.com\/blogdobispo.com.br\/wp-content\/uploads\/2025\/06\/img_5345-1.jpg?resize=300%2C203&amp;ssl=1 300w\" sizes=\"(max-width: 674px) 100vw, 674px\" \/><\/figure>\n\n\n\n<p class=\"p1\"><\/p>\n\n\n\n<p class=\"p1\">Reda\u00e7\u00e3o | Natal, RN<\/p>\n\n\n\n<p class=\"p1\">As articula\u00e7\u00f5es para a elei\u00e7\u00e3o de 2026 no Rio Grande do Norte j\u00e1 est\u00e3o em curso e indicam um cen\u00e1rio com tr\u00eas candidaturas competitivas ao Governo do Estado. O tabuleiro pol\u00edtico come\u00e7a a se definir com tr\u00eas blocos distintos: a chapa governista liderada por Walter Alves e Cadu Xavier, uma candidatura da direita com nomes como Rog\u00e9rio Marinho e \u00c1lvaro Dias, e a constru\u00e7\u00e3o de uma via alternativa encabe\u00e7ada por Allyson Bezerra, com poss\u00edvel apoio da senadora Zenaide Maia.<\/p>\n\n\n\n<p class=\"p3\">Candidatura governista: Walter Alves e Cadu Xavier<\/p>\n\n\n\n<p class=\"p1\">Apesar de afirmar publicamente que n\u00e3o ser\u00e1 candidato, o vice-governador Walter Alves (MDB) d\u00e1 todos os sinais de que disputar\u00e1 o Governo do Estado em 2026. Nos bastidores, seu nome \u00e9 tratado como certo dentro do grupo governista, e suas recentes movimenta\u00e7\u00f5es pol\u00edticas \u2014 como o aumento de exposi\u00e7\u00e3o p\u00fablica e influ\u00eancia nas decis\u00f5es administrativas \u2014 refor\u00e7am essa percep\u00e7\u00e3o.<\/p>\n\n\n\n<p class=\"p1\">A composi\u00e7\u00e3o da chapa deve contar com o atual secret\u00e1rio estadual de Fazenda, Cadu Xavier, nome t\u00e9cnico da confian\u00e7a da governadora F\u00e1tima Bezerra (PT), que conduziu com protagonismo a pol\u00edtica fiscal do estado. A proposta \u00e9 apresentar uma candidatura que represente a continuidade do atual governo, mesclando experi\u00eancia pol\u00edtica com gest\u00e3o t\u00e9cnica.<\/p>\n\n\n\n<p class=\"p1\">Walter, filho do ex-senador Garibaldi Alves, cumpre papel central na alian\u00e7a PT-MDB e, mesmo evitando confirmar sua candidatura, j\u00e1 articula apoios e participa de agendas com foco eleitoral.<\/p>\n\n\n\n<p class=\"p3\">Bloco da direita: Rog\u00e9rio Marinho e \u00c1lvaro Dias<\/p>\n\n\n\n<p class=\"p1\">A oposi\u00e7\u00e3o, representada pelo campo conservador, se movimenta para lan\u00e7ar uma candidatura forte e unificada. O senador Rog\u00e9rio Marinho (PL), ex-ministro do governo Bolsonaro, surge como o principal nome, com base consolidada e forte influ\u00eancia nacional.<\/p>\n\n\n\n<p class=\"p1\">Outro nome ventilado \u00e9 o do ex-prefeito de Natal, \u00c1lvaro Dias (Republicanos). Mesmo fora do cargo desde o fim de 2024, \u00c1lvaro segue com influ\u00eancia expressiva na pol\u00edtica da capital e foi pe\u00e7a fundamental na elei\u00e7\u00e3o do atual prefeito Paulinho Freire, contribuindo de forma decisiva para a vit\u00f3ria do seu sucessor. Com capital pol\u00edtico acumulado e forte presen\u00e7a entre os setores mais conservadores, \u00c1lvaro pode emergir como alternativa caso Rog\u00e9rio n\u00e3o entre na disputa ou haja necessidade de rearranjos no bloco oposicionista.<\/p>\n\n\n\n<p class=\"p3\">Terceira via: Allyson Bezerra e Zenaide Maia<\/p>\n\n\n\n<p class=\"p1\">Correndo por fora, mas com cada vez mais for\u00e7a, est\u00e1 o projeto pol\u00edtico do prefeito de Mossor\u00f3, Allyson Bezerra (Uni\u00e3o Brasil). Jovem, popular no interior e com forte presen\u00e7a nas redes sociais, Allyson tem intensificado agendas fora de Mossor\u00f3 e se movimentado para construir uma candidatura com alcance estadual.<\/p>\n\n\n\n<p class=\"p1\">A aproxima\u00e7\u00e3o com a senadora Zenaide Maia (PSD) pode ser o elemento que consolide a chamada \u201cterceira via\u201d. Zenaide, com perfil progressista e atua\u00e7\u00e3o independente, pode agregar estrutura e legitimidade \u00e0 candidatura de Allyson, que se apresenta como alternativa \u00e0 polariza\u00e7\u00e3o entre governismo e bolsonarismo.<\/p>\n","protected":false},"excerpt":{"rendered":"<p>Reda\u00e7\u00e3o | Natal, RN As articula\u00e7\u00f5es para a elei\u00e7\u00e3o de 2026 no Rio Grande do Norte j\u00e1 est\u00e3o em curso e indicam um cen\u00e1rio com tr\u00eas candidaturas competitivas ao Governo do Estado. O tabuleiro pol\u00edtico come\u00e7a a se definir com tr\u00eas blocos distintos: a chapa governista liderada por Walter Alves e Cadu Xavier, uma candidatura [&hellip;]<\/p>\n","protected":false},"author":1,"featured_media":0,"comment_status":"open","ping_status":"open","sticky":false,"template":"","format":"standard","meta":{"cybocfi_hide_featured_image":"","_jetpack_memberships_contains_paid_content":false,"footnotes":""},"categories":[1],"tags":[],"class_list":["post-5804","post","type-post","status-publish","format-standard","hentry","category-diversos"],"yoast_head":"<!-- This site is optimized with the Yoast SEO plugin v25.6 - https:\/\/yoast.com\/wordpress\/plugins\/seo\/ -->\n<title>RN pode ter tr\u00eas candidaturas competitivas ao Governo em 2026 - Blog do Bispo<\/title>\n<meta name=\"robots\" content=\"index, follow, max-snippet:-1, max-image-preview:large, max-video-preview:-1\" \/>\n<link rel=\"canonical\" href=\"https:\/\/blogdobispo.com.br\/?p=5804\" \/>\n<meta property=\"og:locale\" content=\"pt_BR\" \/>\n<meta property=\"og:type\" content=\"article\" \/>\n<meta property=\"og:title\" content=\"RN pode ter tr\u00eas candidaturas competitivas ao Governo em 2026 - Blog do Bispo\" \/>\n<meta property=\"og:description\" content=\"Reda\u00e7\u00e3o | Natal, RN As articula\u00e7\u00f5es para a elei\u00e7\u00e3o de 2026 no Rio Grande do Norte j\u00e1 est\u00e3o em curso e indicam um cen\u00e1rio com tr\u00eas candidaturas competitivas ao Governo do Estado. O tabuleiro pol\u00edtico come\u00e7a a se definir com tr\u00eas blocos distintos: a chapa governista liderada por Walter Alves e Cadu Xavier, uma candidatura [&hellip;]\" \/>\n<meta property=\"og:url\" content=\"https:\/\/blogdobispo.com.br\/?p=5804\" \/>\n<meta property=\"og:site_name\" content=\"Blog do Bispo\" \/>\n<meta property=\"article:published_time\" content=\"2025-06-30T21:37:44+00:00\" \/>\n<meta property=\"og:image\" content=\"https:\/\/blogdobispo.com.br\/wp-content\/uploads\/2025\/06\/img_5345-1.jpg\" \/>\n<meta name=\"author\" content=\"Jefferson Sterfeno\" \/>\n<meta name=\"twitter:card\" content=\"summary_large_image\" \/>\n<meta name=\"twitter:label1\" content=\"Escrito por\" \/>\n\t<meta name=\"twitter:data1\" content=\"Jefferson Sterfeno\" \/>\n\t<meta name=\"twitter:label2\" content=\"Est. tempo de leitura\" \/>\n\t<meta name=\"twitter:data2\" content=\"2 minutos\" \/>\n<script type=\"application\/ld+json\" class=\"yoast-schema-graph\">{\"@context\":\"https:\/\/schema.org\",\"@graph\":[{\"@type\":\"Article\",\"@id\":\"https:\/\/blogdobispo.com.br\/?p=5804#article\",\"isPartOf\":{\"@id\":\"https:\/\/blogdobispo.com.br\/?p=5804\"},\"author\":{\"name\":\"Jefferson Sterfeno\",\"@id\":\"https:\/\/blogdobispo.com.br\/#\/schema\/person\/e2209cc0e6cea5c5233d033e997b373f\"},\"headline\":\"RN pode ter tr\u00eas candidaturas competitivas ao Governo em 2026\",\"datePublished\":\"2025-06-30T21:37:44+00:00\",\"mainEntityOfPage\":{\"@id\":\"https:\/\/blogdobispo.com.br\/?p=5804\"},\"wordCount\":509,\"commentCount\":0,\"publisher\":{\"@id\":\"https:\/\/blogdobispo.com.br\/#organization\"},\"image\":{\"@id\":\"https:\/\/blogdobispo.com.br\/?p=5804#primaryimage\"},\"thumbnailUrl\":\"https:\/\/blogdobispo.com.br\/wp-content\/uploads\/2025\/06\/img_5345-1.jpg\",\"articleSection\":[\"diversos\"],\"inLanguage\":\"pt-BR\",\"potentialAction\":[{\"@type\":\"CommentAction\",\"name\":\"Comment\",\"target\":[\"https:\/\/blogdobispo.com.br\/?p=5804#respond\"]}]},{\"@type\":\"WebPage\",\"@id\":\"https:\/\/blogdobispo.com.br\/?p=5804\",\"url\":\"https:\/\/blogdobispo.com.br\/?p=5804\",\"name\":\"RN pode ter tr\u00eas candidaturas competitivas ao Governo em 2026 - Blog do Bispo\",\"isPartOf\":{\"@id\":\"https:\/\/blogdobispo.com.br\/#website\"},\"primaryImageOfPage\":{\"@id\":\"https:\/\/blogdobispo.com.br\/?p=5804#primaryimage\"},\"image\":{\"@id\":\"https:\/\/blogdobispo.com.br\/?p=5804#primaryimage\"},\"thumbnailUrl\":\"https:\/\/blogdobispo.com.br\/wp-content\/uploads\/2025\/06\/img_5345-1.jpg\",\"datePublished\":\"2025-06-30T21:37:44+00:00\",\"breadcrumb\":{\"@id\":\"https:\/\/blogdobispo.com.br\/?p=5804#breadcrumb\"},\"inLanguage\":\"pt-BR\",\"potentialAction\":[{\"@type\":\"ReadAction\",\"target\":[\"https:\/\/blogdobispo.com.br\/?p=5804\"]}]},{\"@type\":\"ImageObject\",\"inLanguage\":\"pt-BR\",\"@id\":\"https:\/\/blogdobispo.com.br\/?p=5804#primaryimage\",\"url\":\"https:\/\/blogdobispo.com.br\/wp-content\/uploads\/2025\/06\/img_5345-1.jpg\",\"contentUrl\":\"https:\/\/blogdobispo.com.br\/wp-content\/uploads\/2025\/06\/img_5345-1.jpg\"},{\"@type\":\"BreadcrumbList\",\"@id\":\"https:\/\/blogdobispo.com.br\/?p=5804#breadcrumb\",\"itemListElement\":[{\"@type\":\"ListItem\",\"position\":1,\"name\":\"In\u00edcio\",\"item\":\"https:\/\/blogdobispo.com.br\/\"},{\"@type\":\"ListItem\",\"position\":2,\"name\":\"RN pode ter tr\u00eas candidaturas competitivas ao Governo em 2026\"}]},{\"@type\":\"WebSite\",\"@id\":\"https:\/\/blogdobispo.com.br\/#website\",\"url\":\"https:\/\/blogdobispo.com.br\/\",\"name\":\"Blog do Bispo\",\"description\":\"Comprometido apenas com o leitor\",\"publisher\":{\"@id\":\"https:\/\/blogdobispo.com.br\/#organization\"},\"potentialAction\":[{\"@type\":\"SearchAction\",\"target\":{\"@type\":\"EntryPoint\",\"urlTemplate\":\"https:\/\/blogdobispo.com.br\/?s={search_term_string}\"},\"query-input\":{\"@type\":\"PropertyValueSpecification\",\"valueRequired\":true,\"valueName\":\"search_term_string\"}}],\"inLanguage\":\"pt-BR\"},{\"@type\":\"Organization\",\"@id\":\"https:\/\/blogdobispo.com.br\/#organization\",\"name\":\"Blog do Bispo\",\"url\":\"https:\/\/blogdobispo.com.br\/\",\"logo\":{\"@type\":\"ImageObject\",\"inLanguage\":\"pt-BR\",\"@id\":\"https:\/\/blogdobispo.com.br\/#\/schema\/logo\/image\/\",\"url\":\"http:\/\/blogdobispo.com.br\/wp-content\/uploads\/2023\/05\/cropped-headear.png\",\"contentUrl\":\"http:\/\/blogdobispo.com.br\/wp-content\/uploads\/2023\/05\/cropped-headear.png\",\"width\":1500,\"height\":399,\"caption\":\"Blog do Bispo\"},\"image\":{\"@id\":\"https:\/\/blogdobispo.com.br\/#\/schema\/logo\/image\/\"}},{\"@type\":\"Person\",\"@id\":\"https:\/\/blogdobispo.com.br\/#\/schema\/person\/e2209cc0e6cea5c5233d033e997b373f\",\"name\":\"Jefferson Sterfeno\",\"image\":{\"@type\":\"ImageObject\",\"inLanguage\":\"pt-BR\",\"@id\":\"https:\/\/blogdobispo.com.br\/#\/schema\/person\/image\/\",\"url\":\"https:\/\/secure.gravatar.com\/avatar\/0534e84764641168a677026b6d57a3f51dc7ac4db0b4f6186d9cb330d4ee1160?s=96&d=mm&r=g\",\"contentUrl\":\"https:\/\/secure.gravatar.com\/avatar\/0534e84764641168a677026b6d57a3f51dc7ac4db0b4f6186d9cb330d4ee1160?s=96&d=mm&r=g\",\"caption\":\"Jefferson Sterfeno\"},\"sameAs\":[\"http:\/\/blogdobispo.com.br\"],\"url\":\"https:\/\/blogdobispo.com.br\/?author=1\"}]}<\/script>\n<!-- \/ Yoast SEO plugin. -->","yoast_head_json":{"title":"RN pode ter tr\u00eas candidaturas competitivas ao Governo em 2026 - Blog do Bispo","robots":{"index":"index","follow":"follow","max-snippet":"max-snippet:-1","max-image-preview":"max-image-preview:large","max-video-preview":"max-video-preview:-1"},"canonical":"https:\/\/blogdobispo.com.br\/?p=5804","og_locale":"pt_BR","og_type":"article","og_title":"RN pode ter tr\u00eas candidaturas competitivas ao Governo em 2026 - Blog do Bispo","og_description":"Reda\u00e7\u00e3o | Natal, RN As articula\u00e7\u00f5es para a elei\u00e7\u00e3o de 2026 no Rio Grande do Norte j\u00e1 est\u00e3o em curso e indicam um cen\u00e1rio com tr\u00eas candidaturas competitivas ao Governo do Estado. O tabuleiro pol\u00edtico come\u00e7a a se definir com tr\u00eas blocos distintos: a chapa governista liderada por Walter Alves e Cadu Xavier, uma candidatura [&hellip;]","og_url":"https:\/\/blogdobispo.com.br\/?p=5804","og_site_name":"Blog do Bispo","article_published_time":"2025-06-30T21:37:44+00:00","og_image":[{"url":"https:\/\/blogdobispo.com.br\/wp-content\/uploads\/2025\/06\/img_5345-1.jpg","type":"","width":"","height":""}],"author":"Jefferson Sterfeno","twitter_card":"summary_large_image","twitter_misc":{"Escrito por":"Jefferson Sterfeno","Est. tempo de leitura":"2 minutos"},"schema":{"@context":"https:\/\/schema.org","@graph":[{"@type":"Article","@id":"https:\/\/blogdobispo.com.br\/?p=5804#article","isPartOf":{"@id":"https:\/\/blogdobispo.com.br\/?p=5804"},"author":{"name":"Jefferson Sterfeno","@id":"https:\/\/blogdobispo.com.br\/#\/schema\/person\/e2209cc0e6cea5c5233d033e997b373f"},"headline":"RN pode ter tr\u00eas candidaturas competitivas ao Governo em 2026","datePublished":"2025-06-30T21:37:44+00:00","mainEntityOfPage":{"@id":"https:\/\/blogdobispo.com.br\/?p=5804"},"wordCount":509,"commentCount":0,"publisher":{"@id":"https:\/\/blogdobispo.com.br\/#organization"},"image":{"@id":"https:\/\/blogdobispo.com.br\/?p=5804#primaryimage"},"thumbnailUrl":"https:\/\/blogdobispo.com.br\/wp-content\/uploads\/2025\/06\/img_5345-1.jpg","articleSection":["diversos"],"inLanguage":"pt-BR","potentialAction":[{"@type":"CommentAction","name":"Comment","target":["https:\/\/blogdobispo.com.br\/?p=5804#respond"]}]},{"@type":"WebPage","@id":"https:\/\/blogdobispo.com.br\/?p=5804","url":"https:\/\/blogdobispo.com.br\/?p=5804","name":"RN pode ter tr\u00eas candidaturas competitivas ao Governo em 2026 - Blog do Bispo","isPartOf":{"@id":"https:\/\/blogdobispo.com.br\/#website"},"primaryImageOfPage":{"@id":"https:\/\/blogdobispo.com.br\/?p=5804#primaryimage"},"image":{"@id":"https:\/\/blogdobispo.com.br\/?p=5804#primaryimage"},"thumbnailUrl":"https:\/\/blogdobispo.com.br\/wp-content\/uploads\/2025\/06\/img_5345-1.jpg","datePublished":"2025-06-30T21:37:44+00:00","breadcrumb":{"@id":"https:\/\/blogdobispo.com.br\/?p=5804#breadcrumb"},"inLanguage":"pt-BR","potentialAction":[{"@type":"ReadAction","target":["https:\/\/blogdobispo.com.br\/?p=5804"]}]},{"@type":"ImageObject","inLanguage":"pt-BR","@id":"https:\/\/blogdobispo.com.br\/?p=5804#primaryimage","url":"https:\/\/blogdobispo.com.br\/wp-content\/uploads\/2025\/06\/img_5345-1.jpg","contentUrl":"https:\/\/blogdobispo.com.br\/wp-content\/uploads\/2025\/06\/img_5345-1.jpg"},{"@type":"BreadcrumbList","@id":"https:\/\/blogdobispo.com.br\/?p=5804#breadcrumb","itemListElement":[{"@type":"ListItem","position":1,"name":"In\u00edcio","item":"https:\/\/blogdobispo.com.br\/"},{"@type":"ListItem","position":2,"name":"RN pode ter tr\u00eas candidaturas competitivas ao Governo em 2026"}]},{"@type":"WebSite","@id":"https:\/\/blogdobispo.com.br\/#website","url":"https:\/\/blogdobispo.com.br\/","name":"Blog do Bispo","description":"Comprometido apenas com o leitor","publisher":{"@id":"https:\/\/blogdobispo.com.br\/#organization"},"potentialAction":[{"@type":"SearchAction","target":{"@type":"EntryPoint","urlTemplate":"https:\/\/blogdobispo.com.br\/?s={search_term_string}"},"query-input":{"@type":"PropertyValueSpecification","valueRequired":true,"valueName":"search_term_string"}}],"inLanguage":"pt-BR"},{"@type":"Organization","@id":"https:\/\/blogdobispo.com.br\/#organization","name":"Blog do Bispo","url":"https:\/\/blogdobispo.com.br\/","logo":{"@type":"ImageObject","inLanguage":"pt-BR","@id":"https:\/\/blogdobispo.com.br\/#\/schema\/logo\/image\/","url":"http:\/\/blogdobispo.com.br\/wp-content\/uploads\/2023\/05\/cropped-headear.png","contentUrl":"http:\/\/blogdobispo.com.br\/wp-content\/uploads\/2023\/05\/cropped-headear.png","width":1500,"height":399,"caption":"Blog do Bispo"},"image":{"@id":"https:\/\/blogdobispo.com.br\/#\/schema\/logo\/image\/"}},{"@type":"Person","@id":"https:\/\/blogdobispo.com.br\/#\/schema\/person\/e2209cc0e6cea5c5233d033e997b373f","name":"Jefferson Sterfeno","image":{"@type":"ImageObject","inLanguage":"pt-BR","@id":"https:\/\/blogdobispo.com.br\/#\/schema\/person\/image\/","url":"https:\/\/secure.gravatar.com\/avatar\/0534e84764641168a677026b6d57a3f51dc7ac4db0b4f6186d9cb330d4ee1160?s=96&d=mm&r=g","contentUrl":"https:\/\/secure.gravatar.com\/avatar\/0534e84764641168a677026b6d57a3f51dc7ac4db0b4f6186d9cb330d4ee1160?s=96&d=mm&r=g","caption":"Jefferson Sterfeno"},"sameAs":["http:\/\/blogdobispo.com.br"],"url":"https:\/\/blogdobispo.com.br\/?author=1"}]}},"featured_image_urls":{"full":"","thumbnail":"","medium":"","medium_large":"","large":"","1536x1536":"","2048x2048":""},"author_info":{"display_name":"Jefferson Sterfeno","author_link":"https:\/\/blogdobispo.com.br\/?author=1"},"category_info":"<a href=\"https:\/\/blogdobispo.com.br\/?cat=1\" rel=\"category\">diversos<\/a>","tag_info":"diversos","comment_count":"0","jetpack_featured_media_url":"","jetpack_sharing_enabled":true,"_links":{"self":[{"href":"https:\/\/blogdobispo.com.br\/index.php?rest_route=\/wp\/v2\/posts\/5804","targetHints":{"allow":["GET"]}}],"collection":[{"href":"https:\/\/blogdobispo.com.br\/index.php?rest_route=\/wp\/v2\/posts"}],"about":[{"href":"https:\/\/blogdobispo.com.br\/index.php?rest_route=\/wp\/v2\/types\/post"}],"author":[{"embeddable":true,"href":"https:\/\/blogdobispo.com.br\/index.php?rest_route=\/wp\/v2\/users\/1"}],"replies":[{"embeddable":true,"href":"https:\/\/blogdobispo.com.br\/index.php?rest_route=%2Fwp%2Fv2%2Fcomments&post=5804"}],"version-history":[{"count":0,"href":"https:\/\/blogdobispo.com.br\/index.php?rest_route=\/wp\/v2\/posts\/5804\/revisions"}],"wp:attachment":[{"href":"https:\/\/blogdobispo.com.br\/index.php?rest_route=%2Fwp%2Fv2%2Fmedia&parent=5804"}],"wp:term":[{"taxonomy":"category","embeddable":true,"href":"https:\/\/blogdobispo.com.br\/index.php?rest_route=%2Fwp%2Fv2%2Fcategories&post=5804"},{"taxonomy":"post_tag","embeddable":true,"href":"https:\/\/blogdobispo.com.br\/index.php?rest_route=%2Fwp%2Fv2%2Ftags&post=5804"}],"curies":[{"name":"wp","href":"https:\/\/api.w.org\/{rel}","templated":true}]}}