{"id":5802,"date":"2025-06-30T18:36:26","date_gmt":"2025-06-30T18:36:26","guid":{"rendered":"https:\/\/blogdobispo.com.br\/?p=5802"},"modified":"2025-06-30T18:36:26","modified_gmt":"2025-06-30T18:36:26","slug":"recursos-de-emenda-de-ubaldo-ja-estao-na-conta-da-prefeitura-de-pedra-preta-para-apoiar-cooperativa-local","status":"publish","type":"post","link":"https:\/\/blogdobispo.com.br\/?p=5802","title":{"rendered":"Recursos de emenda de Ubaldo j\u00e1 est\u00e3o na conta da Prefeitura de Pedra Preta para apoiar cooperativa local"},"content":{"rendered":"\n<figure class=\"wp-block-image size-large\"><img data-recalc-dims=\"1\" fetchpriority=\"high\" decoding=\"async\" width=\"768\" height=\"1024\" src=\"https:\/\/i0.wp.com\/blogdobispo.com.br\/wp-content\/uploads\/2025\/06\/0d0b23c0-1d9b-4006-aa58-9717d32ceb5b-1-768x1024.jpg?resize=768%2C1024&#038;ssl=1\" class=\"wp-image-5801\" srcset=\"https:\/\/i0.wp.com\/blogdobispo.com.br\/wp-content\/uploads\/2025\/06\/0d0b23c0-1d9b-4006-aa58-9717d32ceb5b-1.jpg?resize=768%2C1024&amp;ssl=1 768w, https:\/\/i0.wp.com\/blogdobispo.com.br\/wp-content\/uploads\/2025\/06\/0d0b23c0-1d9b-4006-aa58-9717d32ceb5b-1.jpg?resize=225%2C300&amp;ssl=1 225w, https:\/\/i0.wp.com\/blogdobispo.com.br\/wp-content\/uploads\/2025\/06\/0d0b23c0-1d9b-4006-aa58-9717d32ceb5b-1.jpg?resize=1152%2C1536&amp;ssl=1 1152w, https:\/\/i0.wp.com\/blogdobispo.com.br\/wp-content\/uploads\/2025\/06\/0d0b23c0-1d9b-4006-aa58-9717d32ceb5b-1.jpg?resize=1024%2C1365&amp;ssl=1 1024w, https:\/\/i0.wp.com\/blogdobispo.com.br\/wp-content\/uploads\/2025\/06\/0d0b23c0-1d9b-4006-aa58-9717d32ceb5b-1.jpg?w=1500&amp;ssl=1 1500w\" sizes=\"(max-width: 768px) 100vw, 768px\" \/><\/figure>\n\n\n\n<p><\/p>\n\n\n\n<p>O deputado estadual Ubaldo Fernandes confirmou, nesta segunda-feira (30), que os recursos de sua emenda parlamentar no valor de R$ 50 mil j\u00e1 est\u00e3o na conta da Prefeitura Municipal de Pedra Preta, destinados \u00e0 Cooperativa dos Ovinocaprinocultores de Pedra Preta (COOPP), importante institui\u00e7\u00e3o que atua no desenvolvimento econ\u00f4mico da cidade.<\/p>\n\n\n\n<p>A solicita\u00e7\u00e3o foi apresentada pelo secret\u00e1rio de Agricultura e Meio Ambiente, Gilberto Pereira. O recurso ser\u00e1 utilizado para a instala\u00e7\u00e3o de um sistema de energia solar, o que permitir\u00e1 uma economia significativa e sustentabilidade para o funcionamento das atividades como o de uma queijeira.<\/p>\n\n\n\n<p>&#8220;Agrade\u00e7o ao prefeito Luiz de Haroldo pela parceria com nosso mandato, que agora possibilita a formaliza\u00e7\u00e3o do conv\u00eanio entre a prefeitura e a cooperativa. Essa a\u00e7\u00e3o vai fortalecer a produ\u00e7\u00e3o local e beneficiar dezenas de fam\u00edlias cooperadas&#8221;, destacou Ubaldo.<\/p>\n\n\n\n<p>A previs\u00e3o \u00e9 que a produ\u00e7\u00e3o seja iniciada em agosto, com o projeto de energia solar j\u00e1 implantado. O deputado refor\u00e7a que essa \u00e9 apenas uma das a\u00e7\u00f5es voltadas ao fortalecimento do cooperativismo no munic\u00edpio: \u201cSinto-me honrado em contribuir com o avan\u00e7o de Pedra Preta. Apoiar o cooperativismo \u00e9 investir em desenvolvimento social e econ\u00f4mico. E posso garantir: mais iniciativas vir\u00e3o\u201d, afirmou o parlamentar.<\/p>\n","protected":false},"excerpt":{"rendered":"<p>O deputado estadual Ubaldo Fernandes confirmou, nesta segunda-feira (30), que os recursos de sua emenda parlamentar no valor de R$ 50 mil j\u00e1 est\u00e3o na conta da Prefeitura Municipal de Pedra Preta, destinados \u00e0 Cooperativa dos Ovinocaprinocultores de Pedra Preta (COOPP), importante institui\u00e7\u00e3o que atua no desenvolvimento econ\u00f4mico da cidade. A solicita\u00e7\u00e3o foi apresentada pelo [&hellip;]<\/p>\n","protected":false},"author":1,"featured_media":0,"comment_status":"open","ping_status":"open","sticky":false,"template":"","format":"standard","meta":{"cybocfi_hide_featured_image":"","_jetpack_memberships_contains_paid_content":false,"footnotes":""},"categories":[1],"tags":[],"class_list":["post-5802","post","type-post","status-publish","format-standard","hentry","category-diversos"],"yoast_head":"<!-- This site is optimized with the Yoast SEO plugin v25.6 - https:\/\/yoast.com\/wordpress\/plugins\/seo\/ -->\n<title>Recursos de emenda de Ubaldo j\u00e1 est\u00e3o na conta da Prefeitura de Pedra Preta para apoiar cooperativa local - Blog do Bispo<\/title>\n<meta name=\"robots\" content=\"index, follow, max-snippet:-1, max-image-preview:large, max-video-preview:-1\" \/>\n<link rel=\"canonical\" href=\"https:\/\/blogdobispo.com.br\/?p=5802\" \/>\n<meta property=\"og:locale\" content=\"pt_BR\" \/>\n<meta property=\"og:type\" content=\"article\" \/>\n<meta property=\"og:title\" content=\"Recursos de emenda de Ubaldo j\u00e1 est\u00e3o na conta da Prefeitura de Pedra Preta para apoiar cooperativa local - Blog do Bispo\" \/>\n<meta property=\"og:description\" content=\"O deputado estadual Ubaldo Fernandes confirmou, nesta segunda-feira (30), que os recursos de sua emenda parlamentar no valor de R$ 50 mil j\u00e1 est\u00e3o na conta da Prefeitura Municipal de Pedra Preta, destinados \u00e0 Cooperativa dos Ovinocaprinocultores de Pedra Preta (COOPP), importante institui\u00e7\u00e3o que atua no desenvolvimento econ\u00f4mico da cidade. A solicita\u00e7\u00e3o foi apresentada pelo [&hellip;]\" \/>\n<meta property=\"og:url\" content=\"https:\/\/blogdobispo.com.br\/?p=5802\" \/>\n<meta property=\"og:site_name\" content=\"Blog do Bispo\" \/>\n<meta property=\"article:published_time\" content=\"2025-06-30T18:36:26+00:00\" \/>\n<meta property=\"og:image\" content=\"https:\/\/blogdobispo.com.br\/wp-content\/uploads\/2025\/06\/0d0b23c0-1d9b-4006-aa58-9717d32ceb5b-1-768x1024.jpg\" \/>\n<meta name=\"author\" content=\"Jefferson Sterfeno\" \/>\n<meta name=\"twitter:card\" content=\"summary_large_image\" \/>\n<meta name=\"twitter:label1\" content=\"Escrito por\" \/>\n\t<meta name=\"twitter:data1\" content=\"Jefferson Sterfeno\" \/>\n\t<meta name=\"twitter:label2\" content=\"Est. tempo de leitura\" \/>\n\t<meta name=\"twitter:data2\" content=\"1 minuto\" \/>\n<script type=\"application\/ld+json\" class=\"yoast-schema-graph\">{\"@context\":\"https:\/\/schema.org\",\"@graph\":[{\"@type\":\"Article\",\"@id\":\"https:\/\/blogdobispo.com.br\/?p=5802#article\",\"isPartOf\":{\"@id\":\"https:\/\/blogdobispo.com.br\/?p=5802\"},\"author\":{\"name\":\"Jefferson Sterfeno\",\"@id\":\"https:\/\/blogdobispo.com.br\/#\/schema\/person\/e2209cc0e6cea5c5233d033e997b373f\"},\"headline\":\"Recursos de emenda de Ubaldo j\u00e1 est\u00e3o na conta da Prefeitura de Pedra Preta para apoiar cooperativa local\",\"datePublished\":\"2025-06-30T18:36:26+00:00\",\"mainEntityOfPage\":{\"@id\":\"https:\/\/blogdobispo.com.br\/?p=5802\"},\"wordCount\":230,\"commentCount\":0,\"publisher\":{\"@id\":\"https:\/\/blogdobispo.com.br\/#organization\"},\"image\":{\"@id\":\"https:\/\/blogdobispo.com.br\/?p=5802#primaryimage\"},\"thumbnailUrl\":\"https:\/\/blogdobispo.com.br\/wp-content\/uploads\/2025\/06\/0d0b23c0-1d9b-4006-aa58-9717d32ceb5b-1-768x1024.jpg\",\"articleSection\":[\"diversos\"],\"inLanguage\":\"pt-BR\",\"potentialAction\":[{\"@type\":\"CommentAction\",\"name\":\"Comment\",\"target\":[\"https:\/\/blogdobispo.com.br\/?p=5802#respond\"]}]},{\"@type\":\"WebPage\",\"@id\":\"https:\/\/blogdobispo.com.br\/?p=5802\",\"url\":\"https:\/\/blogdobispo.com.br\/?p=5802\",\"name\":\"Recursos de emenda de Ubaldo j\u00e1 est\u00e3o na conta da Prefeitura de Pedra Preta para apoiar cooperativa local - Blog do Bispo\",\"isPartOf\":{\"@id\":\"https:\/\/blogdobispo.com.br\/#website\"},\"primaryImageOfPage\":{\"@id\":\"https:\/\/blogdobispo.com.br\/?p=5802#primaryimage\"},\"image\":{\"@id\":\"https:\/\/blogdobispo.com.br\/?p=5802#primaryimage\"},\"thumbnailUrl\":\"https:\/\/blogdobispo.com.br\/wp-content\/uploads\/2025\/06\/0d0b23c0-1d9b-4006-aa58-9717d32ceb5b-1-768x1024.jpg\",\"datePublished\":\"2025-06-30T18:36:26+00:00\",\"breadcrumb\":{\"@id\":\"https:\/\/blogdobispo.com.br\/?p=5802#breadcrumb\"},\"inLanguage\":\"pt-BR\",\"potentialAction\":[{\"@type\":\"ReadAction\",\"target\":[\"https:\/\/blogdobispo.com.br\/?p=5802\"]}]},{\"@type\":\"ImageObject\",\"inLanguage\":\"pt-BR\",\"@id\":\"https:\/\/blogdobispo.com.br\/?p=5802#primaryimage\",\"url\":\"https:\/\/blogdobispo.com.br\/wp-content\/uploads\/2025\/06\/0d0b23c0-1d9b-4006-aa58-9717d32ceb5b-1-768x1024.jpg\",\"contentUrl\":\"https:\/\/blogdobispo.com.br\/wp-content\/uploads\/2025\/06\/0d0b23c0-1d9b-4006-aa58-9717d32ceb5b-1-768x1024.jpg\"},{\"@type\":\"BreadcrumbList\",\"@id\":\"https:\/\/blogdobispo.com.br\/?p=5802#breadcrumb\",\"itemListElement\":[{\"@type\":\"ListItem\",\"position\":1,\"name\":\"In\u00edcio\",\"item\":\"https:\/\/blogdobispo.com.br\/\"},{\"@type\":\"ListItem\",\"position\":2,\"name\":\"Recursos de emenda de Ubaldo j\u00e1 est\u00e3o na conta da Prefeitura de Pedra Preta para apoiar cooperativa local\"}]},{\"@type\":\"WebSite\",\"@id\":\"https:\/\/blogdobispo.com.br\/#website\",\"url\":\"https:\/\/blogdobispo.com.br\/\",\"name\":\"Blog do Bispo\",\"description\":\"Comprometido apenas com o leitor\",\"publisher\":{\"@id\":\"https:\/\/blogdobispo.com.br\/#organization\"},\"potentialAction\":[{\"@type\":\"SearchAction\",\"target\":{\"@type\":\"EntryPoint\",\"urlTemplate\":\"https:\/\/blogdobispo.com.br\/?s={search_term_string}\"},\"query-input\":{\"@type\":\"PropertyValueSpecification\",\"valueRequired\":true,\"valueName\":\"search_term_string\"}}],\"inLanguage\":\"pt-BR\"},{\"@type\":\"Organization\",\"@id\":\"https:\/\/blogdobispo.com.br\/#organization\",\"name\":\"Blog do Bispo\",\"url\":\"https:\/\/blogdobispo.com.br\/\",\"logo\":{\"@type\":\"ImageObject\",\"inLanguage\":\"pt-BR\",\"@id\":\"https:\/\/blogdobispo.com.br\/#\/schema\/logo\/image\/\",\"url\":\"http:\/\/blogdobispo.com.br\/wp-content\/uploads\/2023\/05\/cropped-headear.png\",\"contentUrl\":\"http:\/\/blogdobispo.com.br\/wp-content\/uploads\/2023\/05\/cropped-headear.png\",\"width\":1500,\"height\":399,\"caption\":\"Blog do Bispo\"},\"image\":{\"@id\":\"https:\/\/blogdobispo.com.br\/#\/schema\/logo\/image\/\"}},{\"@type\":\"Person\",\"@id\":\"https:\/\/blogdobispo.com.br\/#\/schema\/person\/e2209cc0e6cea5c5233d033e997b373f\",\"name\":\"Jefferson Sterfeno\",\"image\":{\"@type\":\"ImageObject\",\"inLanguage\":\"pt-BR\",\"@id\":\"https:\/\/blogdobispo.com.br\/#\/schema\/person\/image\/\",\"url\":\"https:\/\/secure.gravatar.com\/avatar\/0534e84764641168a677026b6d57a3f51dc7ac4db0b4f6186d9cb330d4ee1160?s=96&d=mm&r=g\",\"contentUrl\":\"https:\/\/secure.gravatar.com\/avatar\/0534e84764641168a677026b6d57a3f51dc7ac4db0b4f6186d9cb330d4ee1160?s=96&d=mm&r=g\",\"caption\":\"Jefferson Sterfeno\"},\"sameAs\":[\"http:\/\/blogdobispo.com.br\"],\"url\":\"https:\/\/blogdobispo.com.br\/?author=1\"}]}<\/script>\n<!-- \/ Yoast SEO plugin. -->","yoast_head_json":{"title":"Recursos de emenda de Ubaldo j\u00e1 est\u00e3o na conta da Prefeitura de Pedra Preta para apoiar cooperativa local - Blog do Bispo","robots":{"index":"index","follow":"follow","max-snippet":"max-snippet:-1","max-image-preview":"max-image-preview:large","max-video-preview":"max-video-preview:-1"},"canonical":"https:\/\/blogdobispo.com.br\/?p=5802","og_locale":"pt_BR","og_type":"article","og_title":"Recursos de emenda de Ubaldo j\u00e1 est\u00e3o na conta da Prefeitura de Pedra Preta para apoiar cooperativa local - Blog do Bispo","og_description":"O deputado estadual Ubaldo Fernandes confirmou, nesta segunda-feira (30), que os recursos de sua emenda parlamentar no valor de R$ 50 mil j\u00e1 est\u00e3o na conta da Prefeitura Municipal de Pedra Preta, destinados \u00e0 Cooperativa dos Ovinocaprinocultores de Pedra Preta (COOPP), importante institui\u00e7\u00e3o que atua no desenvolvimento econ\u00f4mico da cidade. A solicita\u00e7\u00e3o foi apresentada pelo [&hellip;]","og_url":"https:\/\/blogdobispo.com.br\/?p=5802","og_site_name":"Blog do Bispo","article_published_time":"2025-06-30T18:36:26+00:00","og_image":[{"url":"https:\/\/blogdobispo.com.br\/wp-content\/uploads\/2025\/06\/0d0b23c0-1d9b-4006-aa58-9717d32ceb5b-1-768x1024.jpg","type":"","width":"","height":""}],"author":"Jefferson Sterfeno","twitter_card":"summary_large_image","twitter_misc":{"Escrito por":"Jefferson Sterfeno","Est. tempo de leitura":"1 minuto"},"schema":{"@context":"https:\/\/schema.org","@graph":[{"@type":"Article","@id":"https:\/\/blogdobispo.com.br\/?p=5802#article","isPartOf":{"@id":"https:\/\/blogdobispo.com.br\/?p=5802"},"author":{"name":"Jefferson Sterfeno","@id":"https:\/\/blogdobispo.com.br\/#\/schema\/person\/e2209cc0e6cea5c5233d033e997b373f"},"headline":"Recursos de emenda de Ubaldo j\u00e1 est\u00e3o na conta da Prefeitura de Pedra Preta para apoiar cooperativa local","datePublished":"2025-06-30T18:36:26+00:00","mainEntityOfPage":{"@id":"https:\/\/blogdobispo.com.br\/?p=5802"},"wordCount":230,"commentCount":0,"publisher":{"@id":"https:\/\/blogdobispo.com.br\/#organization"},"image":{"@id":"https:\/\/blogdobispo.com.br\/?p=5802#primaryimage"},"thumbnailUrl":"https:\/\/blogdobispo.com.br\/wp-content\/uploads\/2025\/06\/0d0b23c0-1d9b-4006-aa58-9717d32ceb5b-1-768x1024.jpg","articleSection":["diversos"],"inLanguage":"pt-BR","potentialAction":[{"@type":"CommentAction","name":"Comment","target":["https:\/\/blogdobispo.com.br\/?p=5802#respond"]}]},{"@type":"WebPage","@id":"https:\/\/blogdobispo.com.br\/?p=5802","url":"https:\/\/blogdobispo.com.br\/?p=5802","name":"Recursos de emenda de Ubaldo j\u00e1 est\u00e3o na conta da Prefeitura de Pedra Preta para apoiar cooperativa local - Blog do Bispo","isPartOf":{"@id":"https:\/\/blogdobispo.com.br\/#website"},"primaryImageOfPage":{"@id":"https:\/\/blogdobispo.com.br\/?p=5802#primaryimage"},"image":{"@id":"https:\/\/blogdobispo.com.br\/?p=5802#primaryimage"},"thumbnailUrl":"https:\/\/blogdobispo.com.br\/wp-content\/uploads\/2025\/06\/0d0b23c0-1d9b-4006-aa58-9717d32ceb5b-1-768x1024.jpg","datePublished":"2025-06-30T18:36:26+00:00","breadcrumb":{"@id":"https:\/\/blogdobispo.com.br\/?p=5802#breadcrumb"},"inLanguage":"pt-BR","potentialAction":[{"@type":"ReadAction","target":["https:\/\/blogdobispo.com.br\/?p=5802"]}]},{"@type":"ImageObject","inLanguage":"pt-BR","@id":"https:\/\/blogdobispo.com.br\/?p=5802#primaryimage","url":"https:\/\/blogdobispo.com.br\/wp-content\/uploads\/2025\/06\/0d0b23c0-1d9b-4006-aa58-9717d32ceb5b-1-768x1024.jpg","contentUrl":"https:\/\/blogdobispo.com.br\/wp-content\/uploads\/2025\/06\/0d0b23c0-1d9b-4006-aa58-9717d32ceb5b-1-768x1024.jpg"},{"@type":"BreadcrumbList","@id":"https:\/\/blogdobispo.com.br\/?p=5802#breadcrumb","itemListElement":[{"@type":"ListItem","position":1,"name":"In\u00edcio","item":"https:\/\/blogdobispo.com.br\/"},{"@type":"ListItem","position":2,"name":"Recursos de emenda de Ubaldo j\u00e1 est\u00e3o na conta da Prefeitura de Pedra Preta para apoiar cooperativa local"}]},{"@type":"WebSite","@id":"https:\/\/blogdobispo.com.br\/#website","url":"https:\/\/blogdobispo.com.br\/","name":"Blog do Bispo","description":"Comprometido apenas com o leitor","publisher":{"@id":"https:\/\/blogdobispo.com.br\/#organization"},"potentialAction":[{"@type":"SearchAction","target":{"@type":"EntryPoint","urlTemplate":"https:\/\/blogdobispo.com.br\/?s={search_term_string}"},"query-input":{"@type":"PropertyValueSpecification","valueRequired":true,"valueName":"search_term_string"}}],"inLanguage":"pt-BR"},{"@type":"Organization","@id":"https:\/\/blogdobispo.com.br\/#organization","name":"Blog do Bispo","url":"https:\/\/blogdobispo.com.br\/","logo":{"@type":"ImageObject","inLanguage":"pt-BR","@id":"https:\/\/blogdobispo.com.br\/#\/schema\/logo\/image\/","url":"http:\/\/blogdobispo.com.br\/wp-content\/uploads\/2023\/05\/cropped-headear.png","contentUrl":"http:\/\/blogdobispo.com.br\/wp-content\/uploads\/2023\/05\/cropped-headear.png","width":1500,"height":399,"caption":"Blog do Bispo"},"image":{"@id":"https:\/\/blogdobispo.com.br\/#\/schema\/logo\/image\/"}},{"@type":"Person","@id":"https:\/\/blogdobispo.com.br\/#\/schema\/person\/e2209cc0e6cea5c5233d033e997b373f","name":"Jefferson Sterfeno","image":{"@type":"ImageObject","inLanguage":"pt-BR","@id":"https:\/\/blogdobispo.com.br\/#\/schema\/person\/image\/","url":"https:\/\/secure.gravatar.com\/avatar\/0534e84764641168a677026b6d57a3f51dc7ac4db0b4f6186d9cb330d4ee1160?s=96&d=mm&r=g","contentUrl":"https:\/\/secure.gravatar.com\/avatar\/0534e84764641168a677026b6d57a3f51dc7ac4db0b4f6186d9cb330d4ee1160?s=96&d=mm&r=g","caption":"Jefferson Sterfeno"},"sameAs":["http:\/\/blogdobispo.com.br"],"url":"https:\/\/blogdobispo.com.br\/?author=1"}]}},"featured_image_urls":{"full":"","thumbnail":"","medium":"","medium_large":"","large":"","1536x1536":"","2048x2048":""},"author_info":{"display_name":"Jefferson Sterfeno","author_link":"https:\/\/blogdobispo.com.br\/?author=1"},"category_info":"<a href=\"https:\/\/blogdobispo.com.br\/?cat=1\" rel=\"category\">diversos<\/a>","tag_info":"diversos","comment_count":"0","jetpack_featured_media_url":"","jetpack_sharing_enabled":true,"_links":{"self":[{"href":"https:\/\/blogdobispo.com.br\/index.php?rest_route=\/wp\/v2\/posts\/5802","targetHints":{"allow":["GET"]}}],"collection":[{"href":"https:\/\/blogdobispo.com.br\/index.php?rest_route=\/wp\/v2\/posts"}],"about":[{"href":"https:\/\/blogdobispo.com.br\/index.php?rest_route=\/wp\/v2\/types\/post"}],"author":[{"embeddable":true,"href":"https:\/\/blogdobispo.com.br\/index.php?rest_route=\/wp\/v2\/users\/1"}],"replies":[{"embeddable":true,"href":"https:\/\/blogdobispo.com.br\/index.php?rest_route=%2Fwp%2Fv2%2Fcomments&post=5802"}],"version-history":[{"count":0,"href":"https:\/\/blogdobispo.com.br\/index.php?rest_route=\/wp\/v2\/posts\/5802\/revisions"}],"wp:attachment":[{"href":"https:\/\/blogdobispo.com.br\/index.php?rest_route=%2Fwp%2Fv2%2Fmedia&parent=5802"}],"wp:term":[{"taxonomy":"category","embeddable":true,"href":"https:\/\/blogdobispo.com.br\/index.php?rest_route=%2Fwp%2Fv2%2Fcategories&post=5802"},{"taxonomy":"post_tag","embeddable":true,"href":"https:\/\/blogdobispo.com.br\/index.php?rest_route=%2Fwp%2Fv2%2Ftags&post=5802"}],"curies":[{"name":"wp","href":"https:\/\/api.w.org\/{rel}","templated":true}]}}