{"id":5788,"date":"2025-06-27T22:25:46","date_gmt":"2025-06-27T22:25:46","guid":{"rendered":"https:\/\/blogdobispo.com.br\/?p=5788"},"modified":"2025-06-27T22:25:46","modified_gmt":"2025-06-27T22:25:46","slug":"prefeitura-antecipa-e-injeta-r-875-milhoes-na-economia-no-encerramento-do-sao-joao","status":"publish","type":"post","link":"https:\/\/blogdobispo.com.br\/?p=5788","title":{"rendered":"Prefeitura antecipa e injeta R$ 87,5 milh\u00f5es na economia no encerramento do S\u00e3o Jo\u00e3o"},"content":{"rendered":"\n<hr class=\"wp-block-separator has-alpha-channel-opacity\"\/>\n\n\n\n<p class=\"MsoNoSpacing\">A Prefeitura de Natal realizar\u00e1 o pagamento das negocia\u00e7\u00f5es dos servidores municipais neste s\u00e1bado, dia 28 de junho. A medida, que coincide com o final da semana de encerramento de S\u00e3o Jo\u00e3o de Natal, representa uma importante inje\u00e7\u00e3o de recursos na economia local, com impacto direto no com\u00e9rcio, nos servi\u00e7os e nas celebra\u00e7\u00f5es juninas. Ao todo, ser\u00e3o R$ 87,5 milh\u00f5es destinados \u00e0 folha de pagamento.<\/p>\n\n\n\n<p class=\"MsoNoSpacing\">&nbsp;<\/p>\n\n\n\n<p class=\"MsoNoSpacing\">O prefeito Paulinho Freire destacou que o pagamento dentro do m\u00eas de trabalho \u00e9 um compromisso de gest\u00e3o, especialmente em dados que movimentam a cidade. &#8220;Estamos encerrando o S\u00e3o Jo\u00e3o com uma das maiores festas j\u00e1 realizadas pela Prefeitura, com polos em todas as regi\u00f5es da cidade. Antecipar esse pagamento \u00e9 uma forma de valorizar os servidores e, ao mesmo tempo, aquecer a economia em um momento em que milhares de pessoas est\u00e3o circulando, comprando, e prestigiando o evento&#8221;, afirmou.<\/p>\n\n\n\n<p class=\"MsoNoSpacing\">&nbsp;<\/p>\n\n\n\n<p class=\"MsoNoSpacing\">O secret\u00e1rio municipal de Administra\u00e7\u00e3o, Brenno Queiroga, tamb\u00e9m ressaltou os efeitos positivos da medida. &#8220;A libera\u00e7\u00e3o da folha antes do final do m\u00eas, e em um fim de semana festivo como esse, ajuda as transfer\u00eancias diversos setores da economia. \u00c9 o resultado de uma gest\u00e3o financeira equilibrada e comprometida com o servidor e com o desenvolvimento da cidade&#8221;, disse.<\/p>\n\n\n\n<p class=\"MsoNoSpacing\">&nbsp;<\/p>\n\n\n\n<p class=\"MsoNoSpacing\">Com o pagamento garantido no s\u00e1bado, a Prefeitura contribui n\u00e3o apenas para o bem-estar dos servidores, mas tamb\u00e9m para o fortalecimento das atividades econ\u00f4micas durante o encerramento do S\u00e3o Jo\u00e3o, que j\u00e1 atraiu um grande p\u00fablico aos polos espalhados pela capital.<\/p>\n\n\n\n<figure class=\"wp-block-image size-large\"><img data-recalc-dims=\"1\" fetchpriority=\"high\" decoding=\"async\" width=\"800\" height=\"569\" src=\"https:\/\/i0.wp.com\/blogdobispo.com.br\/wp-content\/uploads\/2025\/06\/img_5315-1-1024x728.png?resize=800%2C569&#038;ssl=1\" class=\"wp-image-5787\" srcset=\"https:\/\/i0.wp.com\/blogdobispo.com.br\/wp-content\/uploads\/2025\/06\/img_5315-1.png?resize=1024%2C728&amp;ssl=1 1024w, https:\/\/i0.wp.com\/blogdobispo.com.br\/wp-content\/uploads\/2025\/06\/img_5315-1.png?resize=300%2C213&amp;ssl=1 300w, https:\/\/i0.wp.com\/blogdobispo.com.br\/wp-content\/uploads\/2025\/06\/img_5315-1.png?resize=768%2C546&amp;ssl=1 768w, https:\/\/i0.wp.com\/blogdobispo.com.br\/wp-content\/uploads\/2025\/06\/img_5315-1.png?w=1080&amp;ssl=1 1080w\" sizes=\"(max-width: 800px) 100vw, 800px\" \/><\/figure>\n","protected":false},"excerpt":{"rendered":"<p>A Prefeitura de Natal realizar\u00e1 o pagamento das negocia\u00e7\u00f5es dos servidores municipais neste s\u00e1bado, dia 28 de junho. A medida, que coincide com o final da semana de encerramento de S\u00e3o Jo\u00e3o de Natal, representa uma importante inje\u00e7\u00e3o de recursos na economia local, com impacto direto no com\u00e9rcio, nos servi\u00e7os e nas celebra\u00e7\u00f5es juninas. Ao [&hellip;]<\/p>\n","protected":false},"author":1,"featured_media":0,"comment_status":"open","ping_status":"open","sticky":false,"template":"","format":"standard","meta":{"cybocfi_hide_featured_image":"","_jetpack_memberships_contains_paid_content":false,"footnotes":""},"categories":[1],"tags":[],"class_list":["post-5788","post","type-post","status-publish","format-standard","hentry","category-diversos"],"yoast_head":"<!-- This site is optimized with the Yoast SEO plugin v25.6 - https:\/\/yoast.com\/wordpress\/plugins\/seo\/ -->\n<title>Prefeitura antecipa e injeta R$ 87,5 milh\u00f5es na economia no encerramento do S\u00e3o Jo\u00e3o - Blog do Bispo<\/title>\n<meta name=\"robots\" content=\"index, follow, max-snippet:-1, max-image-preview:large, max-video-preview:-1\" \/>\n<link rel=\"canonical\" href=\"https:\/\/blogdobispo.com.br\/?p=5788\" \/>\n<meta property=\"og:locale\" content=\"pt_BR\" \/>\n<meta property=\"og:type\" content=\"article\" \/>\n<meta property=\"og:title\" content=\"Prefeitura antecipa e injeta R$ 87,5 milh\u00f5es na economia no encerramento do S\u00e3o Jo\u00e3o - Blog do Bispo\" \/>\n<meta property=\"og:description\" content=\"A Prefeitura de Natal realizar\u00e1 o pagamento das negocia\u00e7\u00f5es dos servidores municipais neste s\u00e1bado, dia 28 de junho. A medida, que coincide com o final da semana de encerramento de S\u00e3o Jo\u00e3o de Natal, representa uma importante inje\u00e7\u00e3o de recursos na economia local, com impacto direto no com\u00e9rcio, nos servi\u00e7os e nas celebra\u00e7\u00f5es juninas. Ao [&hellip;]\" \/>\n<meta property=\"og:url\" content=\"https:\/\/blogdobispo.com.br\/?p=5788\" \/>\n<meta property=\"og:site_name\" content=\"Blog do Bispo\" \/>\n<meta property=\"article:published_time\" content=\"2025-06-27T22:25:46+00:00\" \/>\n<meta property=\"og:image\" content=\"https:\/\/blogdobispo.com.br\/wp-content\/uploads\/2025\/06\/img_5315-1-1024x728.png\" \/>\n<meta name=\"author\" content=\"Jefferson Sterfeno\" \/>\n<meta name=\"twitter:card\" content=\"summary_large_image\" \/>\n<meta name=\"twitter:label1\" content=\"Escrito por\" \/>\n\t<meta name=\"twitter:data1\" content=\"Jefferson Sterfeno\" \/>\n\t<meta name=\"twitter:label2\" content=\"Est. tempo de leitura\" \/>\n\t<meta name=\"twitter:data2\" content=\"1 minuto\" \/>\n<script type=\"application\/ld+json\" class=\"yoast-schema-graph\">{\"@context\":\"https:\/\/schema.org\",\"@graph\":[{\"@type\":\"Article\",\"@id\":\"https:\/\/blogdobispo.com.br\/?p=5788#article\",\"isPartOf\":{\"@id\":\"https:\/\/blogdobispo.com.br\/?p=5788\"},\"author\":{\"name\":\"Jefferson Sterfeno\",\"@id\":\"https:\/\/blogdobispo.com.br\/#\/schema\/person\/e2209cc0e6cea5c5233d033e997b373f\"},\"headline\":\"Prefeitura antecipa e injeta R$ 87,5 milh\u00f5es na economia no encerramento do S\u00e3o Jo\u00e3o\",\"datePublished\":\"2025-06-27T22:25:46+00:00\",\"mainEntityOfPage\":{\"@id\":\"https:\/\/blogdobispo.com.br\/?p=5788\"},\"wordCount\":288,\"commentCount\":0,\"publisher\":{\"@id\":\"https:\/\/blogdobispo.com.br\/#organization\"},\"image\":{\"@id\":\"https:\/\/blogdobispo.com.br\/?p=5788#primaryimage\"},\"thumbnailUrl\":\"https:\/\/blogdobispo.com.br\/wp-content\/uploads\/2025\/06\/img_5315-1-1024x728.png\",\"articleSection\":[\"diversos\"],\"inLanguage\":\"pt-BR\",\"potentialAction\":[{\"@type\":\"CommentAction\",\"name\":\"Comment\",\"target\":[\"https:\/\/blogdobispo.com.br\/?p=5788#respond\"]}]},{\"@type\":\"WebPage\",\"@id\":\"https:\/\/blogdobispo.com.br\/?p=5788\",\"url\":\"https:\/\/blogdobispo.com.br\/?p=5788\",\"name\":\"Prefeitura antecipa e injeta R$ 87,5 milh\u00f5es na economia no encerramento do S\u00e3o Jo\u00e3o - Blog do Bispo\",\"isPartOf\":{\"@id\":\"https:\/\/blogdobispo.com.br\/#website\"},\"primaryImageOfPage\":{\"@id\":\"https:\/\/blogdobispo.com.br\/?p=5788#primaryimage\"},\"image\":{\"@id\":\"https:\/\/blogdobispo.com.br\/?p=5788#primaryimage\"},\"thumbnailUrl\":\"https:\/\/blogdobispo.com.br\/wp-content\/uploads\/2025\/06\/img_5315-1-1024x728.png\",\"datePublished\":\"2025-06-27T22:25:46+00:00\",\"breadcrumb\":{\"@id\":\"https:\/\/blogdobispo.com.br\/?p=5788#breadcrumb\"},\"inLanguage\":\"pt-BR\",\"potentialAction\":[{\"@type\":\"ReadAction\",\"target\":[\"https:\/\/blogdobispo.com.br\/?p=5788\"]}]},{\"@type\":\"ImageObject\",\"inLanguage\":\"pt-BR\",\"@id\":\"https:\/\/blogdobispo.com.br\/?p=5788#primaryimage\",\"url\":\"https:\/\/blogdobispo.com.br\/wp-content\/uploads\/2025\/06\/img_5315-1-1024x728.png\",\"contentUrl\":\"https:\/\/blogdobispo.com.br\/wp-content\/uploads\/2025\/06\/img_5315-1-1024x728.png\"},{\"@type\":\"BreadcrumbList\",\"@id\":\"https:\/\/blogdobispo.com.br\/?p=5788#breadcrumb\",\"itemListElement\":[{\"@type\":\"ListItem\",\"position\":1,\"name\":\"In\u00edcio\",\"item\":\"https:\/\/blogdobispo.com.br\/\"},{\"@type\":\"ListItem\",\"position\":2,\"name\":\"Prefeitura antecipa e injeta R$ 87,5 milh\u00f5es na economia no encerramento do S\u00e3o Jo\u00e3o\"}]},{\"@type\":\"WebSite\",\"@id\":\"https:\/\/blogdobispo.com.br\/#website\",\"url\":\"https:\/\/blogdobispo.com.br\/\",\"name\":\"Blog do Bispo\",\"description\":\"Comprometido apenas com o leitor\",\"publisher\":{\"@id\":\"https:\/\/blogdobispo.com.br\/#organization\"},\"potentialAction\":[{\"@type\":\"SearchAction\",\"target\":{\"@type\":\"EntryPoint\",\"urlTemplate\":\"https:\/\/blogdobispo.com.br\/?s={search_term_string}\"},\"query-input\":{\"@type\":\"PropertyValueSpecification\",\"valueRequired\":true,\"valueName\":\"search_term_string\"}}],\"inLanguage\":\"pt-BR\"},{\"@type\":\"Organization\",\"@id\":\"https:\/\/blogdobispo.com.br\/#organization\",\"name\":\"Blog do Bispo\",\"url\":\"https:\/\/blogdobispo.com.br\/\",\"logo\":{\"@type\":\"ImageObject\",\"inLanguage\":\"pt-BR\",\"@id\":\"https:\/\/blogdobispo.com.br\/#\/schema\/logo\/image\/\",\"url\":\"http:\/\/blogdobispo.com.br\/wp-content\/uploads\/2023\/05\/cropped-headear.png\",\"contentUrl\":\"http:\/\/blogdobispo.com.br\/wp-content\/uploads\/2023\/05\/cropped-headear.png\",\"width\":1500,\"height\":399,\"caption\":\"Blog do Bispo\"},\"image\":{\"@id\":\"https:\/\/blogdobispo.com.br\/#\/schema\/logo\/image\/\"}},{\"@type\":\"Person\",\"@id\":\"https:\/\/blogdobispo.com.br\/#\/schema\/person\/e2209cc0e6cea5c5233d033e997b373f\",\"name\":\"Jefferson Sterfeno\",\"image\":{\"@type\":\"ImageObject\",\"inLanguage\":\"pt-BR\",\"@id\":\"https:\/\/blogdobispo.com.br\/#\/schema\/person\/image\/\",\"url\":\"https:\/\/secure.gravatar.com\/avatar\/0534e84764641168a677026b6d57a3f51dc7ac4db0b4f6186d9cb330d4ee1160?s=96&d=mm&r=g\",\"contentUrl\":\"https:\/\/secure.gravatar.com\/avatar\/0534e84764641168a677026b6d57a3f51dc7ac4db0b4f6186d9cb330d4ee1160?s=96&d=mm&r=g\",\"caption\":\"Jefferson Sterfeno\"},\"sameAs\":[\"http:\/\/blogdobispo.com.br\"],\"url\":\"https:\/\/blogdobispo.com.br\/?author=1\"}]}<\/script>\n<!-- \/ Yoast SEO plugin. -->","yoast_head_json":{"title":"Prefeitura antecipa e injeta R$ 87,5 milh\u00f5es na economia no encerramento do S\u00e3o Jo\u00e3o - Blog do Bispo","robots":{"index":"index","follow":"follow","max-snippet":"max-snippet:-1","max-image-preview":"max-image-preview:large","max-video-preview":"max-video-preview:-1"},"canonical":"https:\/\/blogdobispo.com.br\/?p=5788","og_locale":"pt_BR","og_type":"article","og_title":"Prefeitura antecipa e injeta R$ 87,5 milh\u00f5es na economia no encerramento do S\u00e3o Jo\u00e3o - Blog do Bispo","og_description":"A Prefeitura de Natal realizar\u00e1 o pagamento das negocia\u00e7\u00f5es dos servidores municipais neste s\u00e1bado, dia 28 de junho. A medida, que coincide com o final da semana de encerramento de S\u00e3o Jo\u00e3o de Natal, representa uma importante inje\u00e7\u00e3o de recursos na economia local, com impacto direto no com\u00e9rcio, nos servi\u00e7os e nas celebra\u00e7\u00f5es juninas. Ao [&hellip;]","og_url":"https:\/\/blogdobispo.com.br\/?p=5788","og_site_name":"Blog do Bispo","article_published_time":"2025-06-27T22:25:46+00:00","og_image":[{"url":"https:\/\/blogdobispo.com.br\/wp-content\/uploads\/2025\/06\/img_5315-1-1024x728.png","type":"","width":"","height":""}],"author":"Jefferson Sterfeno","twitter_card":"summary_large_image","twitter_misc":{"Escrito por":"Jefferson Sterfeno","Est. tempo de leitura":"1 minuto"},"schema":{"@context":"https:\/\/schema.org","@graph":[{"@type":"Article","@id":"https:\/\/blogdobispo.com.br\/?p=5788#article","isPartOf":{"@id":"https:\/\/blogdobispo.com.br\/?p=5788"},"author":{"name":"Jefferson Sterfeno","@id":"https:\/\/blogdobispo.com.br\/#\/schema\/person\/e2209cc0e6cea5c5233d033e997b373f"},"headline":"Prefeitura antecipa e injeta R$ 87,5 milh\u00f5es na economia no encerramento do S\u00e3o Jo\u00e3o","datePublished":"2025-06-27T22:25:46+00:00","mainEntityOfPage":{"@id":"https:\/\/blogdobispo.com.br\/?p=5788"},"wordCount":288,"commentCount":0,"publisher":{"@id":"https:\/\/blogdobispo.com.br\/#organization"},"image":{"@id":"https:\/\/blogdobispo.com.br\/?p=5788#primaryimage"},"thumbnailUrl":"https:\/\/blogdobispo.com.br\/wp-content\/uploads\/2025\/06\/img_5315-1-1024x728.png","articleSection":["diversos"],"inLanguage":"pt-BR","potentialAction":[{"@type":"CommentAction","name":"Comment","target":["https:\/\/blogdobispo.com.br\/?p=5788#respond"]}]},{"@type":"WebPage","@id":"https:\/\/blogdobispo.com.br\/?p=5788","url":"https:\/\/blogdobispo.com.br\/?p=5788","name":"Prefeitura antecipa e injeta R$ 87,5 milh\u00f5es na economia no encerramento do S\u00e3o Jo\u00e3o - Blog do Bispo","isPartOf":{"@id":"https:\/\/blogdobispo.com.br\/#website"},"primaryImageOfPage":{"@id":"https:\/\/blogdobispo.com.br\/?p=5788#primaryimage"},"image":{"@id":"https:\/\/blogdobispo.com.br\/?p=5788#primaryimage"},"thumbnailUrl":"https:\/\/blogdobispo.com.br\/wp-content\/uploads\/2025\/06\/img_5315-1-1024x728.png","datePublished":"2025-06-27T22:25:46+00:00","breadcrumb":{"@id":"https:\/\/blogdobispo.com.br\/?p=5788#breadcrumb"},"inLanguage":"pt-BR","potentialAction":[{"@type":"ReadAction","target":["https:\/\/blogdobispo.com.br\/?p=5788"]}]},{"@type":"ImageObject","inLanguage":"pt-BR","@id":"https:\/\/blogdobispo.com.br\/?p=5788#primaryimage","url":"https:\/\/blogdobispo.com.br\/wp-content\/uploads\/2025\/06\/img_5315-1-1024x728.png","contentUrl":"https:\/\/blogdobispo.com.br\/wp-content\/uploads\/2025\/06\/img_5315-1-1024x728.png"},{"@type":"BreadcrumbList","@id":"https:\/\/blogdobispo.com.br\/?p=5788#breadcrumb","itemListElement":[{"@type":"ListItem","position":1,"name":"In\u00edcio","item":"https:\/\/blogdobispo.com.br\/"},{"@type":"ListItem","position":2,"name":"Prefeitura antecipa e injeta R$ 87,5 milh\u00f5es na economia no encerramento do S\u00e3o Jo\u00e3o"}]},{"@type":"WebSite","@id":"https:\/\/blogdobispo.com.br\/#website","url":"https:\/\/blogdobispo.com.br\/","name":"Blog do Bispo","description":"Comprometido apenas com o leitor","publisher":{"@id":"https:\/\/blogdobispo.com.br\/#organization"},"potentialAction":[{"@type":"SearchAction","target":{"@type":"EntryPoint","urlTemplate":"https:\/\/blogdobispo.com.br\/?s={search_term_string}"},"query-input":{"@type":"PropertyValueSpecification","valueRequired":true,"valueName":"search_term_string"}}],"inLanguage":"pt-BR"},{"@type":"Organization","@id":"https:\/\/blogdobispo.com.br\/#organization","name":"Blog do Bispo","url":"https:\/\/blogdobispo.com.br\/","logo":{"@type":"ImageObject","inLanguage":"pt-BR","@id":"https:\/\/blogdobispo.com.br\/#\/schema\/logo\/image\/","url":"http:\/\/blogdobispo.com.br\/wp-content\/uploads\/2023\/05\/cropped-headear.png","contentUrl":"http:\/\/blogdobispo.com.br\/wp-content\/uploads\/2023\/05\/cropped-headear.png","width":1500,"height":399,"caption":"Blog do Bispo"},"image":{"@id":"https:\/\/blogdobispo.com.br\/#\/schema\/logo\/image\/"}},{"@type":"Person","@id":"https:\/\/blogdobispo.com.br\/#\/schema\/person\/e2209cc0e6cea5c5233d033e997b373f","name":"Jefferson Sterfeno","image":{"@type":"ImageObject","inLanguage":"pt-BR","@id":"https:\/\/blogdobispo.com.br\/#\/schema\/person\/image\/","url":"https:\/\/secure.gravatar.com\/avatar\/0534e84764641168a677026b6d57a3f51dc7ac4db0b4f6186d9cb330d4ee1160?s=96&d=mm&r=g","contentUrl":"https:\/\/secure.gravatar.com\/avatar\/0534e84764641168a677026b6d57a3f51dc7ac4db0b4f6186d9cb330d4ee1160?s=96&d=mm&r=g","caption":"Jefferson Sterfeno"},"sameAs":["http:\/\/blogdobispo.com.br"],"url":"https:\/\/blogdobispo.com.br\/?author=1"}]}},"featured_image_urls":{"full":"","thumbnail":"","medium":"","medium_large":"","large":"","1536x1536":"","2048x2048":""},"author_info":{"display_name":"Jefferson Sterfeno","author_link":"https:\/\/blogdobispo.com.br\/?author=1"},"category_info":"<a href=\"https:\/\/blogdobispo.com.br\/?cat=1\" rel=\"category\">diversos<\/a>","tag_info":"diversos","comment_count":"0","jetpack_featured_media_url":"","jetpack_sharing_enabled":true,"_links":{"self":[{"href":"https:\/\/blogdobispo.com.br\/index.php?rest_route=\/wp\/v2\/posts\/5788","targetHints":{"allow":["GET"]}}],"collection":[{"href":"https:\/\/blogdobispo.com.br\/index.php?rest_route=\/wp\/v2\/posts"}],"about":[{"href":"https:\/\/blogdobispo.com.br\/index.php?rest_route=\/wp\/v2\/types\/post"}],"author":[{"embeddable":true,"href":"https:\/\/blogdobispo.com.br\/index.php?rest_route=\/wp\/v2\/users\/1"}],"replies":[{"embeddable":true,"href":"https:\/\/blogdobispo.com.br\/index.php?rest_route=%2Fwp%2Fv2%2Fcomments&post=5788"}],"version-history":[{"count":0,"href":"https:\/\/blogdobispo.com.br\/index.php?rest_route=\/wp\/v2\/posts\/5788\/revisions"}],"wp:attachment":[{"href":"https:\/\/blogdobispo.com.br\/index.php?rest_route=%2Fwp%2Fv2%2Fmedia&parent=5788"}],"wp:term":[{"taxonomy":"category","embeddable":true,"href":"https:\/\/blogdobispo.com.br\/index.php?rest_route=%2Fwp%2Fv2%2Fcategories&post=5788"},{"taxonomy":"post_tag","embeddable":true,"href":"https:\/\/blogdobispo.com.br\/index.php?rest_route=%2Fwp%2Fv2%2Ftags&post=5788"}],"curies":[{"name":"wp","href":"https:\/\/api.w.org\/{rel}","templated":true}]}}