{"id":5784,"date":"2025-06-27T18:58:42","date_gmt":"2025-06-27T18:58:42","guid":{"rendered":"https:\/\/blogdobispo.com.br\/?p=5784"},"modified":"2025-06-27T18:58:42","modified_gmt":"2025-06-27T18:58:42","slug":"vereadores-de-natal-aprovam-criacao-do-conselho-municipal-da-juventude","status":"publish","type":"post","link":"https:\/\/blogdobispo.com.br\/?p=5784","title":{"rendered":"Vereadores de Natal aprovam cria\u00e7\u00e3o do Conselho Municipal da Juventude"},"content":{"rendered":"\n<figure class=\"wp-block-image size-large\"><img data-recalc-dims=\"1\" fetchpriority=\"high\" decoding=\"async\" width=\"800\" height=\"556\" src=\"https:\/\/i0.wp.com\/blogdobispo.com.br\/wp-content\/uploads\/2025\/06\/ac57ca95-e7a5-4c00-8e43-31b0ef53f998-1-1024x712.jpg?resize=800%2C556&#038;ssl=1\" class=\"wp-image-5783\" srcset=\"https:\/\/i0.wp.com\/blogdobispo.com.br\/wp-content\/uploads\/2025\/06\/ac57ca95-e7a5-4c00-8e43-31b0ef53f998-1.jpg?resize=1024%2C712&amp;ssl=1 1024w, https:\/\/i0.wp.com\/blogdobispo.com.br\/wp-content\/uploads\/2025\/06\/ac57ca95-e7a5-4c00-8e43-31b0ef53f998-1.jpg?resize=300%2C209&amp;ssl=1 300w, https:\/\/i0.wp.com\/blogdobispo.com.br\/wp-content\/uploads\/2025\/06\/ac57ca95-e7a5-4c00-8e43-31b0ef53f998-1.jpg?resize=768%2C534&amp;ssl=1 768w, https:\/\/i0.wp.com\/blogdobispo.com.br\/wp-content\/uploads\/2025\/06\/ac57ca95-e7a5-4c00-8e43-31b0ef53f998-1.jpg?resize=825%2C575&amp;ssl=1 825w, https:\/\/i0.wp.com\/blogdobispo.com.br\/wp-content\/uploads\/2025\/06\/ac57ca95-e7a5-4c00-8e43-31b0ef53f998-1.jpg?resize=590%2C410&amp;ssl=1 590w, https:\/\/i0.wp.com\/blogdobispo.com.br\/wp-content\/uploads\/2025\/06\/ac57ca95-e7a5-4c00-8e43-31b0ef53f998-1.jpg?w=1280&amp;ssl=1 1280w\" sizes=\"(max-width: 800px) 100vw, 800px\" \/><\/figure>\n\n\n\n<p><\/p>\n\n\n\n<p><\/p>\n\n\n\n<p>Os vereadores da C\u00e2mara Municipal de Natal aprovaram, em sess\u00e3o ordin\u00e1ria, o projeto de lei que institui o Conselho Municipal da Juventude (CMJ). A proposta, de autoria do Poder Executivo, foi enviada pelo ex-prefeito \u00c1lvaro Dias, em mar\u00e7o de 2023, mas permaneceu parada por um longo per\u00edodo. A retomada da tramita\u00e7\u00e3o foi liderada pelo vereador Pedro Henrique (PP), resultando na aprova\u00e7\u00e3o em plen\u00e1rio por unanimidade. O projeto segue agora para san\u00e7\u00e3o do prefeito Paulinho Freire.<\/p>\n\n\n\n<p>O Conselho Municipal da Juventude, vinculado \u00e0 Secretaria Municipal de Direitos Humanos (SEMIDH), ser\u00e1 um \u00f3rg\u00e3o permanente, com car\u00e1ter fiscalizador, consultivo e de controle social. O principal objetivo \u00e9 representar os interesses da juventude natalense e promover a participa\u00e7\u00e3o ativa desse p\u00fablico nas pol\u00edticas p\u00fablicas do munic\u00edpio.<\/p>\n\n\n\n<p>Entre as atribui\u00e7\u00f5es do Conselho est\u00e3o a proposi\u00e7\u00e3o de projetos voltados a jovens entre 15 e 29 anos, a defesa de seus direitos e a fiscaliza\u00e7\u00e3o de a\u00e7\u00f5es direcionadas \u00e0 juventude.<\/p>\n\n\n\n<p>A composi\u00e7\u00e3o do \u00f3rg\u00e3o ser\u00e1 formada por 20 membros, sendo 10 representantes do poder p\u00fablico e 10 da sociedade, sendo estes \u00faltimos participantes de organiza\u00e7\u00f5es da juventude compostas por pessoas entre 16 e 29 anos.<\/p>\n\n\n\n<p>Para o vereador Pedro Henrique, presidente da Frente Parlamentar em Defesa dos Direitos da Crian\u00e7a e do Adolescente, a aprova\u00e7\u00e3o representa uma vit\u00f3ria e um passo importante para assegurar o protagonismo juvenil nas pol\u00edticas municipais. \u201cA aprova\u00e7\u00e3o deste projeto \u00e9 uma conquista da juventude natalense. \u00c9 o reconhecimento de que os jovens n\u00e3o s\u00e3o apenas o futuro, mas o presente da nossa cidade. Com o Conselho, abrimos as portas para que eles participem, proponham e fiscalizem as pol\u00edticas que impactam diretamente suas vidas\u201d, disse o parlamentar.<\/p>\n\n\n\n<p>A proposta aprovada revoga a Lei Municipal n\u00b0 6.075\/2010, considerada defasada, e busca alinhar a estrutura local \u00e0 Lei Federal n\u00b012.852\/2013, que institui o Estatuto da Juventude.<\/p>\n","protected":false},"excerpt":{"rendered":"<p>Os vereadores da C\u00e2mara Municipal de Natal aprovaram, em sess\u00e3o ordin\u00e1ria, o projeto de lei que institui o Conselho Municipal da Juventude (CMJ). A proposta, de autoria do Poder Executivo, foi enviada pelo ex-prefeito \u00c1lvaro Dias, em mar\u00e7o de 2023, mas permaneceu parada por um longo per\u00edodo. A retomada da tramita\u00e7\u00e3o foi liderada pelo vereador [&hellip;]<\/p>\n","protected":false},"author":1,"featured_media":0,"comment_status":"open","ping_status":"open","sticky":false,"template":"","format":"standard","meta":{"cybocfi_hide_featured_image":"","_jetpack_memberships_contains_paid_content":false,"footnotes":""},"categories":[1],"tags":[],"class_list":["post-5784","post","type-post","status-publish","format-standard","hentry","category-diversos"],"yoast_head":"<!-- This site is optimized with the Yoast SEO plugin v25.6 - https:\/\/yoast.com\/wordpress\/plugins\/seo\/ -->\n<title>Vereadores de Natal aprovam cria\u00e7\u00e3o do Conselho Municipal da Juventude - Blog do Bispo<\/title>\n<meta name=\"robots\" content=\"index, follow, max-snippet:-1, max-image-preview:large, max-video-preview:-1\" \/>\n<link rel=\"canonical\" href=\"https:\/\/blogdobispo.com.br\/?p=5784\" \/>\n<meta property=\"og:locale\" content=\"pt_BR\" \/>\n<meta property=\"og:type\" content=\"article\" \/>\n<meta property=\"og:title\" content=\"Vereadores de Natal aprovam cria\u00e7\u00e3o do Conselho Municipal da Juventude - Blog do Bispo\" \/>\n<meta property=\"og:description\" content=\"Os vereadores da C\u00e2mara Municipal de Natal aprovaram, em sess\u00e3o ordin\u00e1ria, o projeto de lei que institui o Conselho Municipal da Juventude (CMJ). A proposta, de autoria do Poder Executivo, foi enviada pelo ex-prefeito \u00c1lvaro Dias, em mar\u00e7o de 2023, mas permaneceu parada por um longo per\u00edodo. A retomada da tramita\u00e7\u00e3o foi liderada pelo vereador [&hellip;]\" \/>\n<meta property=\"og:url\" content=\"https:\/\/blogdobispo.com.br\/?p=5784\" \/>\n<meta property=\"og:site_name\" content=\"Blog do Bispo\" \/>\n<meta property=\"article:published_time\" content=\"2025-06-27T18:58:42+00:00\" \/>\n<meta property=\"og:image\" content=\"https:\/\/blogdobispo.com.br\/wp-content\/uploads\/2025\/06\/ac57ca95-e7a5-4c00-8e43-31b0ef53f998-1-1024x712.jpg\" \/>\n<meta name=\"author\" content=\"Jefferson Sterfeno\" \/>\n<meta name=\"twitter:card\" content=\"summary_large_image\" \/>\n<meta name=\"twitter:label1\" content=\"Escrito por\" \/>\n\t<meta name=\"twitter:data1\" content=\"Jefferson Sterfeno\" \/>\n\t<meta name=\"twitter:label2\" content=\"Est. tempo de leitura\" \/>\n\t<meta name=\"twitter:data2\" content=\"2 minutos\" \/>\n<script type=\"application\/ld+json\" class=\"yoast-schema-graph\">{\"@context\":\"https:\/\/schema.org\",\"@graph\":[{\"@type\":\"Article\",\"@id\":\"https:\/\/blogdobispo.com.br\/?p=5784#article\",\"isPartOf\":{\"@id\":\"https:\/\/blogdobispo.com.br\/?p=5784\"},\"author\":{\"name\":\"Jefferson Sterfeno\",\"@id\":\"https:\/\/blogdobispo.com.br\/#\/schema\/person\/e2209cc0e6cea5c5233d033e997b373f\"},\"headline\":\"Vereadores de Natal aprovam cria\u00e7\u00e3o do Conselho Municipal da Juventude\",\"datePublished\":\"2025-06-27T18:58:42+00:00\",\"mainEntityOfPage\":{\"@id\":\"https:\/\/blogdobispo.com.br\/?p=5784\"},\"wordCount\":330,\"commentCount\":0,\"publisher\":{\"@id\":\"https:\/\/blogdobispo.com.br\/#organization\"},\"image\":{\"@id\":\"https:\/\/blogdobispo.com.br\/?p=5784#primaryimage\"},\"thumbnailUrl\":\"https:\/\/blogdobispo.com.br\/wp-content\/uploads\/2025\/06\/ac57ca95-e7a5-4c00-8e43-31b0ef53f998-1-1024x712.jpg\",\"articleSection\":[\"diversos\"],\"inLanguage\":\"pt-BR\",\"potentialAction\":[{\"@type\":\"CommentAction\",\"name\":\"Comment\",\"target\":[\"https:\/\/blogdobispo.com.br\/?p=5784#respond\"]}]},{\"@type\":\"WebPage\",\"@id\":\"https:\/\/blogdobispo.com.br\/?p=5784\",\"url\":\"https:\/\/blogdobispo.com.br\/?p=5784\",\"name\":\"Vereadores de Natal aprovam cria\u00e7\u00e3o do Conselho Municipal da Juventude - Blog do Bispo\",\"isPartOf\":{\"@id\":\"https:\/\/blogdobispo.com.br\/#website\"},\"primaryImageOfPage\":{\"@id\":\"https:\/\/blogdobispo.com.br\/?p=5784#primaryimage\"},\"image\":{\"@id\":\"https:\/\/blogdobispo.com.br\/?p=5784#primaryimage\"},\"thumbnailUrl\":\"https:\/\/blogdobispo.com.br\/wp-content\/uploads\/2025\/06\/ac57ca95-e7a5-4c00-8e43-31b0ef53f998-1-1024x712.jpg\",\"datePublished\":\"2025-06-27T18:58:42+00:00\",\"breadcrumb\":{\"@id\":\"https:\/\/blogdobispo.com.br\/?p=5784#breadcrumb\"},\"inLanguage\":\"pt-BR\",\"potentialAction\":[{\"@type\":\"ReadAction\",\"target\":[\"https:\/\/blogdobispo.com.br\/?p=5784\"]}]},{\"@type\":\"ImageObject\",\"inLanguage\":\"pt-BR\",\"@id\":\"https:\/\/blogdobispo.com.br\/?p=5784#primaryimage\",\"url\":\"https:\/\/blogdobispo.com.br\/wp-content\/uploads\/2025\/06\/ac57ca95-e7a5-4c00-8e43-31b0ef53f998-1-1024x712.jpg\",\"contentUrl\":\"https:\/\/blogdobispo.com.br\/wp-content\/uploads\/2025\/06\/ac57ca95-e7a5-4c00-8e43-31b0ef53f998-1-1024x712.jpg\"},{\"@type\":\"BreadcrumbList\",\"@id\":\"https:\/\/blogdobispo.com.br\/?p=5784#breadcrumb\",\"itemListElement\":[{\"@type\":\"ListItem\",\"position\":1,\"name\":\"In\u00edcio\",\"item\":\"https:\/\/blogdobispo.com.br\/\"},{\"@type\":\"ListItem\",\"position\":2,\"name\":\"Vereadores de Natal aprovam cria\u00e7\u00e3o do Conselho Municipal da Juventude\"}]},{\"@type\":\"WebSite\",\"@id\":\"https:\/\/blogdobispo.com.br\/#website\",\"url\":\"https:\/\/blogdobispo.com.br\/\",\"name\":\"Blog do Bispo\",\"description\":\"Comprometido apenas com o leitor\",\"publisher\":{\"@id\":\"https:\/\/blogdobispo.com.br\/#organization\"},\"potentialAction\":[{\"@type\":\"SearchAction\",\"target\":{\"@type\":\"EntryPoint\",\"urlTemplate\":\"https:\/\/blogdobispo.com.br\/?s={search_term_string}\"},\"query-input\":{\"@type\":\"PropertyValueSpecification\",\"valueRequired\":true,\"valueName\":\"search_term_string\"}}],\"inLanguage\":\"pt-BR\"},{\"@type\":\"Organization\",\"@id\":\"https:\/\/blogdobispo.com.br\/#organization\",\"name\":\"Blog do Bispo\",\"url\":\"https:\/\/blogdobispo.com.br\/\",\"logo\":{\"@type\":\"ImageObject\",\"inLanguage\":\"pt-BR\",\"@id\":\"https:\/\/blogdobispo.com.br\/#\/schema\/logo\/image\/\",\"url\":\"http:\/\/blogdobispo.com.br\/wp-content\/uploads\/2023\/05\/cropped-headear.png\",\"contentUrl\":\"http:\/\/blogdobispo.com.br\/wp-content\/uploads\/2023\/05\/cropped-headear.png\",\"width\":1500,\"height\":399,\"caption\":\"Blog do Bispo\"},\"image\":{\"@id\":\"https:\/\/blogdobispo.com.br\/#\/schema\/logo\/image\/\"}},{\"@type\":\"Person\",\"@id\":\"https:\/\/blogdobispo.com.br\/#\/schema\/person\/e2209cc0e6cea5c5233d033e997b373f\",\"name\":\"Jefferson Sterfeno\",\"image\":{\"@type\":\"ImageObject\",\"inLanguage\":\"pt-BR\",\"@id\":\"https:\/\/blogdobispo.com.br\/#\/schema\/person\/image\/\",\"url\":\"https:\/\/secure.gravatar.com\/avatar\/0534e84764641168a677026b6d57a3f51dc7ac4db0b4f6186d9cb330d4ee1160?s=96&d=mm&r=g\",\"contentUrl\":\"https:\/\/secure.gravatar.com\/avatar\/0534e84764641168a677026b6d57a3f51dc7ac4db0b4f6186d9cb330d4ee1160?s=96&d=mm&r=g\",\"caption\":\"Jefferson Sterfeno\"},\"sameAs\":[\"http:\/\/blogdobispo.com.br\"],\"url\":\"https:\/\/blogdobispo.com.br\/?author=1\"}]}<\/script>\n<!-- \/ Yoast SEO plugin. -->","yoast_head_json":{"title":"Vereadores de Natal aprovam cria\u00e7\u00e3o do Conselho Municipal da Juventude - Blog do Bispo","robots":{"index":"index","follow":"follow","max-snippet":"max-snippet:-1","max-image-preview":"max-image-preview:large","max-video-preview":"max-video-preview:-1"},"canonical":"https:\/\/blogdobispo.com.br\/?p=5784","og_locale":"pt_BR","og_type":"article","og_title":"Vereadores de Natal aprovam cria\u00e7\u00e3o do Conselho Municipal da Juventude - Blog do Bispo","og_description":"Os vereadores da C\u00e2mara Municipal de Natal aprovaram, em sess\u00e3o ordin\u00e1ria, o projeto de lei que institui o Conselho Municipal da Juventude (CMJ). A proposta, de autoria do Poder Executivo, foi enviada pelo ex-prefeito \u00c1lvaro Dias, em mar\u00e7o de 2023, mas permaneceu parada por um longo per\u00edodo. A retomada da tramita\u00e7\u00e3o foi liderada pelo vereador [&hellip;]","og_url":"https:\/\/blogdobispo.com.br\/?p=5784","og_site_name":"Blog do Bispo","article_published_time":"2025-06-27T18:58:42+00:00","og_image":[{"url":"https:\/\/blogdobispo.com.br\/wp-content\/uploads\/2025\/06\/ac57ca95-e7a5-4c00-8e43-31b0ef53f998-1-1024x712.jpg","type":"","width":"","height":""}],"author":"Jefferson Sterfeno","twitter_card":"summary_large_image","twitter_misc":{"Escrito por":"Jefferson Sterfeno","Est. tempo de leitura":"2 minutos"},"schema":{"@context":"https:\/\/schema.org","@graph":[{"@type":"Article","@id":"https:\/\/blogdobispo.com.br\/?p=5784#article","isPartOf":{"@id":"https:\/\/blogdobispo.com.br\/?p=5784"},"author":{"name":"Jefferson Sterfeno","@id":"https:\/\/blogdobispo.com.br\/#\/schema\/person\/e2209cc0e6cea5c5233d033e997b373f"},"headline":"Vereadores de Natal aprovam cria\u00e7\u00e3o do Conselho Municipal da Juventude","datePublished":"2025-06-27T18:58:42+00:00","mainEntityOfPage":{"@id":"https:\/\/blogdobispo.com.br\/?p=5784"},"wordCount":330,"commentCount":0,"publisher":{"@id":"https:\/\/blogdobispo.com.br\/#organization"},"image":{"@id":"https:\/\/blogdobispo.com.br\/?p=5784#primaryimage"},"thumbnailUrl":"https:\/\/blogdobispo.com.br\/wp-content\/uploads\/2025\/06\/ac57ca95-e7a5-4c00-8e43-31b0ef53f998-1-1024x712.jpg","articleSection":["diversos"],"inLanguage":"pt-BR","potentialAction":[{"@type":"CommentAction","name":"Comment","target":["https:\/\/blogdobispo.com.br\/?p=5784#respond"]}]},{"@type":"WebPage","@id":"https:\/\/blogdobispo.com.br\/?p=5784","url":"https:\/\/blogdobispo.com.br\/?p=5784","name":"Vereadores de Natal aprovam cria\u00e7\u00e3o do Conselho Municipal da Juventude - Blog do Bispo","isPartOf":{"@id":"https:\/\/blogdobispo.com.br\/#website"},"primaryImageOfPage":{"@id":"https:\/\/blogdobispo.com.br\/?p=5784#primaryimage"},"image":{"@id":"https:\/\/blogdobispo.com.br\/?p=5784#primaryimage"},"thumbnailUrl":"https:\/\/blogdobispo.com.br\/wp-content\/uploads\/2025\/06\/ac57ca95-e7a5-4c00-8e43-31b0ef53f998-1-1024x712.jpg","datePublished":"2025-06-27T18:58:42+00:00","breadcrumb":{"@id":"https:\/\/blogdobispo.com.br\/?p=5784#breadcrumb"},"inLanguage":"pt-BR","potentialAction":[{"@type":"ReadAction","target":["https:\/\/blogdobispo.com.br\/?p=5784"]}]},{"@type":"ImageObject","inLanguage":"pt-BR","@id":"https:\/\/blogdobispo.com.br\/?p=5784#primaryimage","url":"https:\/\/blogdobispo.com.br\/wp-content\/uploads\/2025\/06\/ac57ca95-e7a5-4c00-8e43-31b0ef53f998-1-1024x712.jpg","contentUrl":"https:\/\/blogdobispo.com.br\/wp-content\/uploads\/2025\/06\/ac57ca95-e7a5-4c00-8e43-31b0ef53f998-1-1024x712.jpg"},{"@type":"BreadcrumbList","@id":"https:\/\/blogdobispo.com.br\/?p=5784#breadcrumb","itemListElement":[{"@type":"ListItem","position":1,"name":"In\u00edcio","item":"https:\/\/blogdobispo.com.br\/"},{"@type":"ListItem","position":2,"name":"Vereadores de Natal aprovam cria\u00e7\u00e3o do Conselho Municipal da Juventude"}]},{"@type":"WebSite","@id":"https:\/\/blogdobispo.com.br\/#website","url":"https:\/\/blogdobispo.com.br\/","name":"Blog do Bispo","description":"Comprometido apenas com o leitor","publisher":{"@id":"https:\/\/blogdobispo.com.br\/#organization"},"potentialAction":[{"@type":"SearchAction","target":{"@type":"EntryPoint","urlTemplate":"https:\/\/blogdobispo.com.br\/?s={search_term_string}"},"query-input":{"@type":"PropertyValueSpecification","valueRequired":true,"valueName":"search_term_string"}}],"inLanguage":"pt-BR"},{"@type":"Organization","@id":"https:\/\/blogdobispo.com.br\/#organization","name":"Blog do Bispo","url":"https:\/\/blogdobispo.com.br\/","logo":{"@type":"ImageObject","inLanguage":"pt-BR","@id":"https:\/\/blogdobispo.com.br\/#\/schema\/logo\/image\/","url":"http:\/\/blogdobispo.com.br\/wp-content\/uploads\/2023\/05\/cropped-headear.png","contentUrl":"http:\/\/blogdobispo.com.br\/wp-content\/uploads\/2023\/05\/cropped-headear.png","width":1500,"height":399,"caption":"Blog do Bispo"},"image":{"@id":"https:\/\/blogdobispo.com.br\/#\/schema\/logo\/image\/"}},{"@type":"Person","@id":"https:\/\/blogdobispo.com.br\/#\/schema\/person\/e2209cc0e6cea5c5233d033e997b373f","name":"Jefferson Sterfeno","image":{"@type":"ImageObject","inLanguage":"pt-BR","@id":"https:\/\/blogdobispo.com.br\/#\/schema\/person\/image\/","url":"https:\/\/secure.gravatar.com\/avatar\/0534e84764641168a677026b6d57a3f51dc7ac4db0b4f6186d9cb330d4ee1160?s=96&d=mm&r=g","contentUrl":"https:\/\/secure.gravatar.com\/avatar\/0534e84764641168a677026b6d57a3f51dc7ac4db0b4f6186d9cb330d4ee1160?s=96&d=mm&r=g","caption":"Jefferson Sterfeno"},"sameAs":["http:\/\/blogdobispo.com.br"],"url":"https:\/\/blogdobispo.com.br\/?author=1"}]}},"featured_image_urls":{"full":"","thumbnail":"","medium":"","medium_large":"","large":"","1536x1536":"","2048x2048":""},"author_info":{"display_name":"Jefferson Sterfeno","author_link":"https:\/\/blogdobispo.com.br\/?author=1"},"category_info":"<a href=\"https:\/\/blogdobispo.com.br\/?cat=1\" rel=\"category\">diversos<\/a>","tag_info":"diversos","comment_count":"0","jetpack_featured_media_url":"","jetpack_sharing_enabled":true,"_links":{"self":[{"href":"https:\/\/blogdobispo.com.br\/index.php?rest_route=\/wp\/v2\/posts\/5784","targetHints":{"allow":["GET"]}}],"collection":[{"href":"https:\/\/blogdobispo.com.br\/index.php?rest_route=\/wp\/v2\/posts"}],"about":[{"href":"https:\/\/blogdobispo.com.br\/index.php?rest_route=\/wp\/v2\/types\/post"}],"author":[{"embeddable":true,"href":"https:\/\/blogdobispo.com.br\/index.php?rest_route=\/wp\/v2\/users\/1"}],"replies":[{"embeddable":true,"href":"https:\/\/blogdobispo.com.br\/index.php?rest_route=%2Fwp%2Fv2%2Fcomments&post=5784"}],"version-history":[{"count":0,"href":"https:\/\/blogdobispo.com.br\/index.php?rest_route=\/wp\/v2\/posts\/5784\/revisions"}],"wp:attachment":[{"href":"https:\/\/blogdobispo.com.br\/index.php?rest_route=%2Fwp%2Fv2%2Fmedia&parent=5784"}],"wp:term":[{"taxonomy":"category","embeddable":true,"href":"https:\/\/blogdobispo.com.br\/index.php?rest_route=%2Fwp%2Fv2%2Fcategories&post=5784"},{"taxonomy":"post_tag","embeddable":true,"href":"https:\/\/blogdobispo.com.br\/index.php?rest_route=%2Fwp%2Fv2%2Ftags&post=5784"}],"curies":[{"name":"wp","href":"https:\/\/api.w.org\/{rel}","templated":true}]}}