{"id":5780,"date":"2025-06-27T16:17:48","date_gmt":"2025-06-27T16:17:48","guid":{"rendered":"https:\/\/blogdobispo.com.br\/?p=5780"},"modified":"2025-06-27T16:17:49","modified_gmt":"2025-06-27T16:17:49","slug":"hermano-morais-preside-sessao-de-homenagem-a-profissionais-da-contabilidade","status":"publish","type":"post","link":"https:\/\/blogdobispo.com.br\/?p=5780","title":{"rendered":"Hermano Morais preside sess\u00e3o de homenagem a profissionais da Contabilidade"},"content":{"rendered":"\n<p>O deputado estadual Hermano Morais (PV) presidiu, nesta sexta-feira (27), na Assembleia Legislativa, Sess\u00e3o Solene em homenagem aos Profissionais da Contabilidade, que no Rio Grande do Norte tem 6.839 registros. A sess\u00e3o foi subscrita pela deputada Cristiane Dantas (SDD) e contou com a presen\u00e7a de representantes do Governo do Estado, C\u00e2mara Municipal de Natal e de outras institui\u00e7\u00f5es.<\/p>\n\n\n\n<p>\u201cA contabilidade \u00e9 uma profiss\u00e3o marcada por compromisso, responsabilidade e capacidade t\u00e9cnica. S\u00e3o os contadores e t\u00e9cnicos em contabilidade que asseguram a transpar\u00eancia das informa\u00e7\u00f5es, o equil\u00edbrio fiscal e a sustentabilidade das empresas e institui\u00e7\u00f5es\u201d, disse Hermano em seu discurso, lembrando que a categoria tem duas datas importantes no calend\u00e1rio: o dia do Contabilista, em 25 de abril, e o dia do Contador, em 22 de setembro.<\/p>\n\n\n\n<p>\u201cO papel do contador vai muito al\u00e9m do cumprimento de obriga\u00e7\u00f5es fiscais. Esses profissionais s\u00e3o, cada vez mais, consultores estrat\u00e9gicos, capazes de orientar empresas e governos na tomada de decis\u00f5es com base em dados e proje\u00e7\u00f5es confi\u00e1veis\u201d, disse Hermano, destacando os 77 anos de hist\u00f3ria do Conselho Regional de Contabilidade no RN.<\/p>\n\n\n\n<p>Contador de forma\u00e7\u00e3o, ex-deputado estadual, o conselheiro do Tribunal de Contas George Soares foi um dos homenageados. Tamb\u00e9m receberam a placa de homenagem, os seguintes profissionais:<\/p>\n\n\n\n<p>Amanda Mathilde da Silva Mac\u00eado, Daniel Bessa de Menezes, Erm\u00ednio Jos\u00e9 Ara\u00fajo de Carvalho, Felipe do Nascimento Silva, Gustavo Luis Bezerra de Medeiros, Igor Thierry Silva Donato, Maria Wagneide de Ara\u00fajo, S\u00e9rgio Luiz Pedrosa Silva, e Terezinha Barbosa Balduino. O escolhido para falar em nome dos homenageados foi George Soares, que retornou \u00e0 tribuna do plen\u00e1rio da Assembleia.<\/p>\n\n\n\n<p>\u201cAgrade\u00e7o de cora\u00e7\u00e3o a todos os deputados e deputadas que aprovaram esta homenagem, e de modo muito especial ao nobre deputado Hermano Morais que me distinguiu duplamente; primeiro ao incluir-me entre os homenageados, e segundo ao confiar-me a honra de falar em nome de todos os colegas contadores neste momento t\u00e3o solene\u201d, disse George, lembrando que h\u00e1 exato um ano e um dia foi eleito, pela Assembleia, para o cargo de conselheiro do TCE.<\/p>\n\n\n\n<p>\u201cVivi um dos dias mais marcantes, ap\u00f3s uma disputa democr\u00e1tica, que escolheu-me para ocupar o assento que \u00e9 reservado a esta Casa, na Corte de Contas do nosso Estado\u201d, encerrou George.<\/p>\n\n\n\n<figure class=\"wp-block-image\"><img data-recalc-dims=\"1\" fetchpriority=\"high\" decoding=\"async\" width=\"800\" height=\"533\" src=\"https:\/\/i0.wp.com\/blogdobispo.com.br\/wp-content\/uploads\/2025\/06\/A8qJZnn9dPDHarywNGYZD82abL4dq2Gj1u8wmW9V-scaled.jpg?resize=800%2C533\" alt=\"\" class=\"wp-image-5781\" srcset=\"https:\/\/i0.wp.com\/blogdobispo.com.br\/wp-content\/uploads\/2025\/06\/A8qJZnn9dPDHarywNGYZD82abL4dq2Gj1u8wmW9V-scaled.jpg?w=2560&amp;ssl=1 2560w, https:\/\/i0.wp.com\/blogdobispo.com.br\/wp-content\/uploads\/2025\/06\/A8qJZnn9dPDHarywNGYZD82abL4dq2Gj1u8wmW9V-scaled.jpg?resize=300%2C200&amp;ssl=1 300w, https:\/\/i0.wp.com\/blogdobispo.com.br\/wp-content\/uploads\/2025\/06\/A8qJZnn9dPDHarywNGYZD82abL4dq2Gj1u8wmW9V-scaled.jpg?resize=1024%2C683&amp;ssl=1 1024w, https:\/\/i0.wp.com\/blogdobispo.com.br\/wp-content\/uploads\/2025\/06\/A8qJZnn9dPDHarywNGYZD82abL4dq2Gj1u8wmW9V-scaled.jpg?resize=768%2C512&amp;ssl=1 768w, https:\/\/i0.wp.com\/blogdobispo.com.br\/wp-content\/uploads\/2025\/06\/A8qJZnn9dPDHarywNGYZD82abL4dq2Gj1u8wmW9V-scaled.jpg?resize=1536%2C1024&amp;ssl=1 1536w, https:\/\/i0.wp.com\/blogdobispo.com.br\/wp-content\/uploads\/2025\/06\/A8qJZnn9dPDHarywNGYZD82abL4dq2Gj1u8wmW9V-scaled.jpg?resize=2048%2C1365&amp;ssl=1 2048w, https:\/\/i0.wp.com\/blogdobispo.com.br\/wp-content\/uploads\/2025\/06\/A8qJZnn9dPDHarywNGYZD82abL4dq2Gj1u8wmW9V-scaled.jpg?w=1600 1600w, https:\/\/i0.wp.com\/blogdobispo.com.br\/wp-content\/uploads\/2025\/06\/A8qJZnn9dPDHarywNGYZD82abL4dq2Gj1u8wmW9V-scaled.jpg?w=2400 2400w\" sizes=\"(max-width: 800px) 100vw, 800px\" \/><\/figure>\n","protected":false},"excerpt":{"rendered":"<p>O deputado estadual Hermano Morais (PV) presidiu, nesta sexta-feira (27), na Assembleia Legislativa, Sess\u00e3o Solene em homenagem aos Profissionais da Contabilidade, que no Rio Grande do Norte tem 6.839 registros. A sess\u00e3o foi subscrita pela deputada Cristiane Dantas (SDD) e contou com a presen\u00e7a de representantes do Governo do Estado, C\u00e2mara Municipal de Natal e [&hellip;]<\/p>\n","protected":false},"author":1,"featured_media":0,"comment_status":"open","ping_status":"open","sticky":false,"template":"","format":"standard","meta":{"cybocfi_hide_featured_image":"","_jetpack_memberships_contains_paid_content":false,"footnotes":""},"categories":[1],"tags":[],"class_list":["post-5780","post","type-post","status-publish","format-standard","hentry","category-diversos"],"yoast_head":"<!-- This site is optimized with the Yoast SEO plugin v25.6 - https:\/\/yoast.com\/wordpress\/plugins\/seo\/ -->\n<title>Hermano Morais preside sess\u00e3o de homenagem a profissionais da Contabilidade - Blog do Bispo<\/title>\n<meta name=\"robots\" content=\"index, follow, max-snippet:-1, max-image-preview:large, max-video-preview:-1\" \/>\n<link rel=\"canonical\" href=\"https:\/\/blogdobispo.com.br\/?p=5780\" \/>\n<meta property=\"og:locale\" content=\"pt_BR\" \/>\n<meta property=\"og:type\" content=\"article\" \/>\n<meta property=\"og:title\" content=\"Hermano Morais preside sess\u00e3o de homenagem a profissionais da Contabilidade - Blog do Bispo\" \/>\n<meta property=\"og:description\" content=\"O deputado estadual Hermano Morais (PV) presidiu, nesta sexta-feira (27), na Assembleia Legislativa, Sess\u00e3o Solene em homenagem aos Profissionais da Contabilidade, que no Rio Grande do Norte tem 6.839 registros. A sess\u00e3o foi subscrita pela deputada Cristiane Dantas (SDD) e contou com a presen\u00e7a de representantes do Governo do Estado, C\u00e2mara Municipal de Natal e [&hellip;]\" \/>\n<meta property=\"og:url\" content=\"https:\/\/blogdobispo.com.br\/?p=5780\" \/>\n<meta property=\"og:site_name\" content=\"Blog do Bispo\" \/>\n<meta property=\"article:published_time\" content=\"2025-06-27T16:17:48+00:00\" \/>\n<meta property=\"article:modified_time\" content=\"2025-06-27T16:17:49+00:00\" \/>\n<meta property=\"og:image\" content=\"http:\/\/blogdobispo.com.br\/wp-content\/uploads\/2025\/06\/A8qJZnn9dPDHarywNGYZD82abL4dq2Gj1u8wmW9V-scaled.jpg\" \/>\n<meta name=\"author\" content=\"Jefferson Sterfeno\" \/>\n<meta name=\"twitter:card\" content=\"summary_large_image\" \/>\n<meta name=\"twitter:label1\" content=\"Escrito por\" \/>\n\t<meta name=\"twitter:data1\" content=\"Jefferson Sterfeno\" \/>\n\t<meta name=\"twitter:label2\" content=\"Est. tempo de leitura\" \/>\n\t<meta name=\"twitter:data2\" content=\"3 minutos\" \/>\n<script type=\"application\/ld+json\" class=\"yoast-schema-graph\">{\"@context\":\"https:\/\/schema.org\",\"@graph\":[{\"@type\":\"Article\",\"@id\":\"https:\/\/blogdobispo.com.br\/?p=5780#article\",\"isPartOf\":{\"@id\":\"https:\/\/blogdobispo.com.br\/?p=5780\"},\"author\":{\"name\":\"Jefferson Sterfeno\",\"@id\":\"https:\/\/blogdobispo.com.br\/#\/schema\/person\/e2209cc0e6cea5c5233d033e997b373f\"},\"headline\":\"Hermano Morais preside sess\u00e3o de homenagem a profissionais da Contabilidade\",\"datePublished\":\"2025-06-27T16:17:48+00:00\",\"dateModified\":\"2025-06-27T16:17:49+00:00\",\"mainEntityOfPage\":{\"@id\":\"https:\/\/blogdobispo.com.br\/?p=5780\"},\"wordCount\":404,\"commentCount\":0,\"publisher\":{\"@id\":\"https:\/\/blogdobispo.com.br\/#organization\"},\"image\":{\"@id\":\"https:\/\/blogdobispo.com.br\/?p=5780#primaryimage\"},\"thumbnailUrl\":\"http:\/\/blogdobispo.com.br\/wp-content\/uploads\/2025\/06\/A8qJZnn9dPDHarywNGYZD82abL4dq2Gj1u8wmW9V-scaled.jpg\",\"articleSection\":[\"diversos\"],\"inLanguage\":\"pt-BR\",\"potentialAction\":[{\"@type\":\"CommentAction\",\"name\":\"Comment\",\"target\":[\"https:\/\/blogdobispo.com.br\/?p=5780#respond\"]}]},{\"@type\":\"WebPage\",\"@id\":\"https:\/\/blogdobispo.com.br\/?p=5780\",\"url\":\"https:\/\/blogdobispo.com.br\/?p=5780\",\"name\":\"Hermano Morais preside sess\u00e3o de homenagem a profissionais da Contabilidade - Blog do Bispo\",\"isPartOf\":{\"@id\":\"https:\/\/blogdobispo.com.br\/#website\"},\"primaryImageOfPage\":{\"@id\":\"https:\/\/blogdobispo.com.br\/?p=5780#primaryimage\"},\"image\":{\"@id\":\"https:\/\/blogdobispo.com.br\/?p=5780#primaryimage\"},\"thumbnailUrl\":\"http:\/\/blogdobispo.com.br\/wp-content\/uploads\/2025\/06\/A8qJZnn9dPDHarywNGYZD82abL4dq2Gj1u8wmW9V-scaled.jpg\",\"datePublished\":\"2025-06-27T16:17:48+00:00\",\"dateModified\":\"2025-06-27T16:17:49+00:00\",\"breadcrumb\":{\"@id\":\"https:\/\/blogdobispo.com.br\/?p=5780#breadcrumb\"},\"inLanguage\":\"pt-BR\",\"potentialAction\":[{\"@type\":\"ReadAction\",\"target\":[\"https:\/\/blogdobispo.com.br\/?p=5780\"]}]},{\"@type\":\"ImageObject\",\"inLanguage\":\"pt-BR\",\"@id\":\"https:\/\/blogdobispo.com.br\/?p=5780#primaryimage\",\"url\":\"http:\/\/blogdobispo.com.br\/wp-content\/uploads\/2025\/06\/A8qJZnn9dPDHarywNGYZD82abL4dq2Gj1u8wmW9V-scaled.jpg\",\"contentUrl\":\"http:\/\/blogdobispo.com.br\/wp-content\/uploads\/2025\/06\/A8qJZnn9dPDHarywNGYZD82abL4dq2Gj1u8wmW9V-scaled.jpg\"},{\"@type\":\"BreadcrumbList\",\"@id\":\"https:\/\/blogdobispo.com.br\/?p=5780#breadcrumb\",\"itemListElement\":[{\"@type\":\"ListItem\",\"position\":1,\"name\":\"In\u00edcio\",\"item\":\"https:\/\/blogdobispo.com.br\/\"},{\"@type\":\"ListItem\",\"position\":2,\"name\":\"Hermano Morais preside sess\u00e3o de homenagem a profissionais da Contabilidade\"}]},{\"@type\":\"WebSite\",\"@id\":\"https:\/\/blogdobispo.com.br\/#website\",\"url\":\"https:\/\/blogdobispo.com.br\/\",\"name\":\"Blog do Bispo\",\"description\":\"Comprometido apenas com o leitor\",\"publisher\":{\"@id\":\"https:\/\/blogdobispo.com.br\/#organization\"},\"potentialAction\":[{\"@type\":\"SearchAction\",\"target\":{\"@type\":\"EntryPoint\",\"urlTemplate\":\"https:\/\/blogdobispo.com.br\/?s={search_term_string}\"},\"query-input\":{\"@type\":\"PropertyValueSpecification\",\"valueRequired\":true,\"valueName\":\"search_term_string\"}}],\"inLanguage\":\"pt-BR\"},{\"@type\":\"Organization\",\"@id\":\"https:\/\/blogdobispo.com.br\/#organization\",\"name\":\"Blog do Bispo\",\"url\":\"https:\/\/blogdobispo.com.br\/\",\"logo\":{\"@type\":\"ImageObject\",\"inLanguage\":\"pt-BR\",\"@id\":\"https:\/\/blogdobispo.com.br\/#\/schema\/logo\/image\/\",\"url\":\"http:\/\/blogdobispo.com.br\/wp-content\/uploads\/2023\/05\/cropped-headear.png\",\"contentUrl\":\"http:\/\/blogdobispo.com.br\/wp-content\/uploads\/2023\/05\/cropped-headear.png\",\"width\":1500,\"height\":399,\"caption\":\"Blog do Bispo\"},\"image\":{\"@id\":\"https:\/\/blogdobispo.com.br\/#\/schema\/logo\/image\/\"}},{\"@type\":\"Person\",\"@id\":\"https:\/\/blogdobispo.com.br\/#\/schema\/person\/e2209cc0e6cea5c5233d033e997b373f\",\"name\":\"Jefferson Sterfeno\",\"image\":{\"@type\":\"ImageObject\",\"inLanguage\":\"pt-BR\",\"@id\":\"https:\/\/blogdobispo.com.br\/#\/schema\/person\/image\/\",\"url\":\"https:\/\/secure.gravatar.com\/avatar\/0534e84764641168a677026b6d57a3f51dc7ac4db0b4f6186d9cb330d4ee1160?s=96&d=mm&r=g\",\"contentUrl\":\"https:\/\/secure.gravatar.com\/avatar\/0534e84764641168a677026b6d57a3f51dc7ac4db0b4f6186d9cb330d4ee1160?s=96&d=mm&r=g\",\"caption\":\"Jefferson Sterfeno\"},\"sameAs\":[\"http:\/\/blogdobispo.com.br\"],\"url\":\"https:\/\/blogdobispo.com.br\/?author=1\"}]}<\/script>\n<!-- \/ Yoast SEO plugin. -->","yoast_head_json":{"title":"Hermano Morais preside sess\u00e3o de homenagem a profissionais da Contabilidade - Blog do Bispo","robots":{"index":"index","follow":"follow","max-snippet":"max-snippet:-1","max-image-preview":"max-image-preview:large","max-video-preview":"max-video-preview:-1"},"canonical":"https:\/\/blogdobispo.com.br\/?p=5780","og_locale":"pt_BR","og_type":"article","og_title":"Hermano Morais preside sess\u00e3o de homenagem a profissionais da Contabilidade - Blog do Bispo","og_description":"O deputado estadual Hermano Morais (PV) presidiu, nesta sexta-feira (27), na Assembleia Legislativa, Sess\u00e3o Solene em homenagem aos Profissionais da Contabilidade, que no Rio Grande do Norte tem 6.839 registros. A sess\u00e3o foi subscrita pela deputada Cristiane Dantas (SDD) e contou com a presen\u00e7a de representantes do Governo do Estado, C\u00e2mara Municipal de Natal e [&hellip;]","og_url":"https:\/\/blogdobispo.com.br\/?p=5780","og_site_name":"Blog do Bispo","article_published_time":"2025-06-27T16:17:48+00:00","article_modified_time":"2025-06-27T16:17:49+00:00","og_image":[{"url":"http:\/\/blogdobispo.com.br\/wp-content\/uploads\/2025\/06\/A8qJZnn9dPDHarywNGYZD82abL4dq2Gj1u8wmW9V-scaled.jpg","type":"","width":"","height":""}],"author":"Jefferson Sterfeno","twitter_card":"summary_large_image","twitter_misc":{"Escrito por":"Jefferson Sterfeno","Est. tempo de leitura":"3 minutos"},"schema":{"@context":"https:\/\/schema.org","@graph":[{"@type":"Article","@id":"https:\/\/blogdobispo.com.br\/?p=5780#article","isPartOf":{"@id":"https:\/\/blogdobispo.com.br\/?p=5780"},"author":{"name":"Jefferson Sterfeno","@id":"https:\/\/blogdobispo.com.br\/#\/schema\/person\/e2209cc0e6cea5c5233d033e997b373f"},"headline":"Hermano Morais preside sess\u00e3o de homenagem a profissionais da Contabilidade","datePublished":"2025-06-27T16:17:48+00:00","dateModified":"2025-06-27T16:17:49+00:00","mainEntityOfPage":{"@id":"https:\/\/blogdobispo.com.br\/?p=5780"},"wordCount":404,"commentCount":0,"publisher":{"@id":"https:\/\/blogdobispo.com.br\/#organization"},"image":{"@id":"https:\/\/blogdobispo.com.br\/?p=5780#primaryimage"},"thumbnailUrl":"http:\/\/blogdobispo.com.br\/wp-content\/uploads\/2025\/06\/A8qJZnn9dPDHarywNGYZD82abL4dq2Gj1u8wmW9V-scaled.jpg","articleSection":["diversos"],"inLanguage":"pt-BR","potentialAction":[{"@type":"CommentAction","name":"Comment","target":["https:\/\/blogdobispo.com.br\/?p=5780#respond"]}]},{"@type":"WebPage","@id":"https:\/\/blogdobispo.com.br\/?p=5780","url":"https:\/\/blogdobispo.com.br\/?p=5780","name":"Hermano Morais preside sess\u00e3o de homenagem a profissionais da Contabilidade - Blog do Bispo","isPartOf":{"@id":"https:\/\/blogdobispo.com.br\/#website"},"primaryImageOfPage":{"@id":"https:\/\/blogdobispo.com.br\/?p=5780#primaryimage"},"image":{"@id":"https:\/\/blogdobispo.com.br\/?p=5780#primaryimage"},"thumbnailUrl":"http:\/\/blogdobispo.com.br\/wp-content\/uploads\/2025\/06\/A8qJZnn9dPDHarywNGYZD82abL4dq2Gj1u8wmW9V-scaled.jpg","datePublished":"2025-06-27T16:17:48+00:00","dateModified":"2025-06-27T16:17:49+00:00","breadcrumb":{"@id":"https:\/\/blogdobispo.com.br\/?p=5780#breadcrumb"},"inLanguage":"pt-BR","potentialAction":[{"@type":"ReadAction","target":["https:\/\/blogdobispo.com.br\/?p=5780"]}]},{"@type":"ImageObject","inLanguage":"pt-BR","@id":"https:\/\/blogdobispo.com.br\/?p=5780#primaryimage","url":"http:\/\/blogdobispo.com.br\/wp-content\/uploads\/2025\/06\/A8qJZnn9dPDHarywNGYZD82abL4dq2Gj1u8wmW9V-scaled.jpg","contentUrl":"http:\/\/blogdobispo.com.br\/wp-content\/uploads\/2025\/06\/A8qJZnn9dPDHarywNGYZD82abL4dq2Gj1u8wmW9V-scaled.jpg"},{"@type":"BreadcrumbList","@id":"https:\/\/blogdobispo.com.br\/?p=5780#breadcrumb","itemListElement":[{"@type":"ListItem","position":1,"name":"In\u00edcio","item":"https:\/\/blogdobispo.com.br\/"},{"@type":"ListItem","position":2,"name":"Hermano Morais preside sess\u00e3o de homenagem a profissionais da Contabilidade"}]},{"@type":"WebSite","@id":"https:\/\/blogdobispo.com.br\/#website","url":"https:\/\/blogdobispo.com.br\/","name":"Blog do Bispo","description":"Comprometido apenas com o leitor","publisher":{"@id":"https:\/\/blogdobispo.com.br\/#organization"},"potentialAction":[{"@type":"SearchAction","target":{"@type":"EntryPoint","urlTemplate":"https:\/\/blogdobispo.com.br\/?s={search_term_string}"},"query-input":{"@type":"PropertyValueSpecification","valueRequired":true,"valueName":"search_term_string"}}],"inLanguage":"pt-BR"},{"@type":"Organization","@id":"https:\/\/blogdobispo.com.br\/#organization","name":"Blog do Bispo","url":"https:\/\/blogdobispo.com.br\/","logo":{"@type":"ImageObject","inLanguage":"pt-BR","@id":"https:\/\/blogdobispo.com.br\/#\/schema\/logo\/image\/","url":"http:\/\/blogdobispo.com.br\/wp-content\/uploads\/2023\/05\/cropped-headear.png","contentUrl":"http:\/\/blogdobispo.com.br\/wp-content\/uploads\/2023\/05\/cropped-headear.png","width":1500,"height":399,"caption":"Blog do Bispo"},"image":{"@id":"https:\/\/blogdobispo.com.br\/#\/schema\/logo\/image\/"}},{"@type":"Person","@id":"https:\/\/blogdobispo.com.br\/#\/schema\/person\/e2209cc0e6cea5c5233d033e997b373f","name":"Jefferson Sterfeno","image":{"@type":"ImageObject","inLanguage":"pt-BR","@id":"https:\/\/blogdobispo.com.br\/#\/schema\/person\/image\/","url":"https:\/\/secure.gravatar.com\/avatar\/0534e84764641168a677026b6d57a3f51dc7ac4db0b4f6186d9cb330d4ee1160?s=96&d=mm&r=g","contentUrl":"https:\/\/secure.gravatar.com\/avatar\/0534e84764641168a677026b6d57a3f51dc7ac4db0b4f6186d9cb330d4ee1160?s=96&d=mm&r=g","caption":"Jefferson Sterfeno"},"sameAs":["http:\/\/blogdobispo.com.br"],"url":"https:\/\/blogdobispo.com.br\/?author=1"}]}},"featured_image_urls":{"full":"","thumbnail":"","medium":"","medium_large":"","large":"","1536x1536":"","2048x2048":""},"author_info":{"display_name":"Jefferson Sterfeno","author_link":"https:\/\/blogdobispo.com.br\/?author=1"},"category_info":"<a href=\"https:\/\/blogdobispo.com.br\/?cat=1\" rel=\"category\">diversos<\/a>","tag_info":"diversos","comment_count":"0","jetpack_featured_media_url":"","jetpack_sharing_enabled":true,"_links":{"self":[{"href":"https:\/\/blogdobispo.com.br\/index.php?rest_route=\/wp\/v2\/posts\/5780","targetHints":{"allow":["GET"]}}],"collection":[{"href":"https:\/\/blogdobispo.com.br\/index.php?rest_route=\/wp\/v2\/posts"}],"about":[{"href":"https:\/\/blogdobispo.com.br\/index.php?rest_route=\/wp\/v2\/types\/post"}],"author":[{"embeddable":true,"href":"https:\/\/blogdobispo.com.br\/index.php?rest_route=\/wp\/v2\/users\/1"}],"replies":[{"embeddable":true,"href":"https:\/\/blogdobispo.com.br\/index.php?rest_route=%2Fwp%2Fv2%2Fcomments&post=5780"}],"version-history":[{"count":1,"href":"https:\/\/blogdobispo.com.br\/index.php?rest_route=\/wp\/v2\/posts\/5780\/revisions"}],"predecessor-version":[{"id":5782,"href":"https:\/\/blogdobispo.com.br\/index.php?rest_route=\/wp\/v2\/posts\/5780\/revisions\/5782"}],"wp:attachment":[{"href":"https:\/\/blogdobispo.com.br\/index.php?rest_route=%2Fwp%2Fv2%2Fmedia&parent=5780"}],"wp:term":[{"taxonomy":"category","embeddable":true,"href":"https:\/\/blogdobispo.com.br\/index.php?rest_route=%2Fwp%2Fv2%2Fcategories&post=5780"},{"taxonomy":"post_tag","embeddable":true,"href":"https:\/\/blogdobispo.com.br\/index.php?rest_route=%2Fwp%2Fv2%2Ftags&post=5780"}],"curies":[{"name":"wp","href":"https:\/\/api.w.org\/{rel}","templated":true}]}}