{"id":5775,"date":"2025-06-27T15:29:22","date_gmt":"2025-06-27T15:29:22","guid":{"rendered":"https:\/\/blogdobispo.com.br\/?p=5775"},"modified":"2025-06-27T15:29:23","modified_gmt":"2025-06-27T15:29:23","slug":"revoltante-justica-solta-motorista-envolvido-em-acidente-que-matou-familia-em-senador-eloi-de-souza","status":"publish","type":"post","link":"https:\/\/blogdobispo.com.br\/?p=5775","title":{"rendered":"Revoltante: Justi\u00e7a solta motorista envolvido em acidente que matou fam\u00edlia em Senador El\u00f3i de Souza"},"content":{"rendered":"\n<p>A Justi\u00e7a do Rio Grande do Norte mandou soltar, nesta quinta-feira 26, o motorista de 27 anos envolvido no acidente que resultou na&nbsp;<a href=\"https:\/\/agorarn.com.br\/ultimas\/tres-morrem-quatro-criancas-acidente-br-226\/\">morte de uma fam\u00edlia<\/a>&nbsp;no \u00faltimo domingo 23, no munic\u00edpio de Senador El\u00f3i de Souza, interior do estado. As v\u00edtimas foram pai, m\u00e3e e filho que estavam em um dos ve\u00edculos atingidos.<\/p>\n\n\n\n<p>O condutor havia sido preso em flagrante. Segundo a Pol\u00edcia Rodovi\u00e1ria Federal (<a href=\"https:\/\/www.gov.br\/prf\/pt-br\" target=\"_blank\" rel=\"noreferrer noopener\">PRF<\/a>), o motorista estava alcoolizado e, ao ser submetido ao teste do etil\u00f4metro, apresentou teor de 1,14 mg\/L de \u00e1lcool por litro de ar alveolar. Ele passou por audi\u00eancia de cust\u00f3dia na segunda-feira 24, quando a pris\u00e3o em flagrante foi convertida em pris\u00e3o preventiva.<\/p>\n\n\n\n<p>A nova decis\u00e3o judicial considerou que o caso se enquadra como homic\u00eddio culposo na condu\u00e7\u00e3o de ve\u00edculo automotor, mesmo com a presen\u00e7a de embriaguez. O juiz relator afirmou que \u201capenas se admite essa medida cautelar [pris\u00e3o preventiva] quando se trata de crime doloso com pena privativa de liberdade m\u00e1xima superior a quatro anos, reincid\u00eancia em crime doloso ou envolvimento em situa\u00e7\u00e3o de viol\u00eancia dom\u00e9stica e familiar\u201d.<\/p>\n\n\n\n<p>Com isso, a cust\u00f3dia do motorista foi substitu\u00edda por medidas cautelares previstas no C\u00f3digo de Processo Penal. As medidas determinadas foram: comparecimento peri\u00f3dico em ju\u00edzo, no prazo e nas condi\u00e7\u00f5es fixadas pelo juiz do processo origin\u00e1rio, para informar e justificar atividades e proibi\u00e7\u00e3o de ausentar-se da comarca por mais de tr\u00eas dias sem autoriza\u00e7\u00e3o do ju\u00edzo processante.<\/p>\n\n\n\n<p>O acidente ocorreu no domingo 22, na BR-226, em Senador El\u00f3i de Souza, interior do Rio Grande do Norte, envolvendo dois ve\u00edculos. Um carro, conduzido por um homem de 27 anos que apresentava sinais de embriaguez, invadiu a contram\u00e3o e colidiu frontalmente com outro autom\u00f3vel onde estavam sete pessoas. Morreram no local pai, m\u00e3e e uma crian\u00e7a que estavam nos bancos dianteiros. Outras quatro crian\u00e7as que estavam no banco traseiro ficaram feridas. O condutor foi preso em flagrante e levado \u00e0 Delegacia de Santa Cruz. O teste do baf\u00f4metro indicou 1,14 mg\/L de \u00e1lcool no sangue.<\/p>\n\n\n\n<p>Agora RN<\/p>\n\n\n\n<figure class=\"wp-block-image\"><img data-recalc-dims=\"1\" fetchpriority=\"high\" decoding=\"async\" width=\"800\" height=\"451\" src=\"https:\/\/i0.wp.com\/blogdobispo.com.br\/wp-content\/uploads\/2025\/06\/motorista-familia-e1750777556391-830x468.jpg.webp?resize=800%2C451\" alt=\"\" class=\"wp-image-5776\" srcset=\"https:\/\/i0.wp.com\/blogdobispo.com.br\/wp-content\/uploads\/2025\/06\/motorista-familia-e1750777556391-830x468.jpg.webp?w=830&amp;ssl=1 830w, https:\/\/i0.wp.com\/blogdobispo.com.br\/wp-content\/uploads\/2025\/06\/motorista-familia-e1750777556391-830x468.jpg.webp?resize=300%2C169&amp;ssl=1 300w, https:\/\/i0.wp.com\/blogdobispo.com.br\/wp-content\/uploads\/2025\/06\/motorista-familia-e1750777556391-830x468.jpg.webp?resize=768%2C433&amp;ssl=1 768w\" sizes=\"(max-width: 800px) 100vw, 800px\" \/><\/figure>\n","protected":false},"excerpt":{"rendered":"<p>A Justi\u00e7a do Rio Grande do Norte mandou soltar, nesta quinta-feira 26, o motorista de 27 anos envolvido no acidente que resultou na&nbsp;morte de uma fam\u00edlia&nbsp;no \u00faltimo domingo 23, no munic\u00edpio de Senador El\u00f3i de Souza, interior do estado. As v\u00edtimas foram pai, m\u00e3e e filho que estavam em um dos ve\u00edculos atingidos. O condutor [&hellip;]<\/p>\n","protected":false},"author":1,"featured_media":0,"comment_status":"open","ping_status":"open","sticky":false,"template":"","format":"standard","meta":{"cybocfi_hide_featured_image":"","_jetpack_memberships_contains_paid_content":false,"footnotes":""},"categories":[1],"tags":[],"class_list":["post-5775","post","type-post","status-publish","format-standard","hentry","category-diversos"],"yoast_head":"<!-- This site is optimized with the Yoast SEO plugin v25.6 - https:\/\/yoast.com\/wordpress\/plugins\/seo\/ -->\n<title>Revoltante: Justi\u00e7a solta motorista envolvido em acidente que matou fam\u00edlia em Senador El\u00f3i de Souza - Blog do Bispo<\/title>\n<meta name=\"robots\" content=\"index, follow, max-snippet:-1, max-image-preview:large, max-video-preview:-1\" \/>\n<link rel=\"canonical\" href=\"https:\/\/blogdobispo.com.br\/?p=5775\" \/>\n<meta property=\"og:locale\" content=\"pt_BR\" \/>\n<meta property=\"og:type\" content=\"article\" \/>\n<meta property=\"og:title\" content=\"Revoltante: Justi\u00e7a solta motorista envolvido em acidente que matou fam\u00edlia em Senador El\u00f3i de Souza - Blog do Bispo\" \/>\n<meta property=\"og:description\" content=\"A Justi\u00e7a do Rio Grande do Norte mandou soltar, nesta quinta-feira 26, o motorista de 27 anos envolvido no acidente que resultou na&nbsp;morte de uma fam\u00edlia&nbsp;no \u00faltimo domingo 23, no munic\u00edpio de Senador El\u00f3i de Souza, interior do estado. As v\u00edtimas foram pai, m\u00e3e e filho que estavam em um dos ve\u00edculos atingidos. O condutor [&hellip;]\" \/>\n<meta property=\"og:url\" content=\"https:\/\/blogdobispo.com.br\/?p=5775\" \/>\n<meta property=\"og:site_name\" content=\"Blog do Bispo\" \/>\n<meta property=\"article:published_time\" content=\"2025-06-27T15:29:22+00:00\" \/>\n<meta property=\"article:modified_time\" content=\"2025-06-27T15:29:23+00:00\" \/>\n<meta property=\"og:image\" content=\"http:\/\/blogdobispo.com.br\/wp-content\/uploads\/2025\/06\/motorista-familia-e1750777556391-830x468.jpg.webp\" \/>\n<meta name=\"author\" content=\"Jefferson Sterfeno\" \/>\n<meta name=\"twitter:card\" content=\"summary_large_image\" \/>\n<meta name=\"twitter:label1\" content=\"Escrito por\" \/>\n\t<meta name=\"twitter:data1\" content=\"Jefferson Sterfeno\" \/>\n\t<meta name=\"twitter:label2\" content=\"Est. tempo de leitura\" \/>\n\t<meta name=\"twitter:data2\" content=\"3 minutos\" \/>\n<script type=\"application\/ld+json\" class=\"yoast-schema-graph\">{\"@context\":\"https:\/\/schema.org\",\"@graph\":[{\"@type\":\"Article\",\"@id\":\"https:\/\/blogdobispo.com.br\/?p=5775#article\",\"isPartOf\":{\"@id\":\"https:\/\/blogdobispo.com.br\/?p=5775\"},\"author\":{\"name\":\"Jefferson Sterfeno\",\"@id\":\"https:\/\/blogdobispo.com.br\/#\/schema\/person\/e2209cc0e6cea5c5233d033e997b373f\"},\"headline\":\"Revoltante: Justi\u00e7a solta motorista envolvido em acidente que matou fam\u00edlia em Senador El\u00f3i de Souza\",\"datePublished\":\"2025-06-27T15:29:22+00:00\",\"dateModified\":\"2025-06-27T15:29:23+00:00\",\"mainEntityOfPage\":{\"@id\":\"https:\/\/blogdobispo.com.br\/?p=5775\"},\"wordCount\":389,\"commentCount\":0,\"publisher\":{\"@id\":\"https:\/\/blogdobispo.com.br\/#organization\"},\"image\":{\"@id\":\"https:\/\/blogdobispo.com.br\/?p=5775#primaryimage\"},\"thumbnailUrl\":\"http:\/\/blogdobispo.com.br\/wp-content\/uploads\/2025\/06\/motorista-familia-e1750777556391-830x468.jpg.webp\",\"articleSection\":[\"diversos\"],\"inLanguage\":\"pt-BR\",\"potentialAction\":[{\"@type\":\"CommentAction\",\"name\":\"Comment\",\"target\":[\"https:\/\/blogdobispo.com.br\/?p=5775#respond\"]}]},{\"@type\":\"WebPage\",\"@id\":\"https:\/\/blogdobispo.com.br\/?p=5775\",\"url\":\"https:\/\/blogdobispo.com.br\/?p=5775\",\"name\":\"Revoltante: Justi\u00e7a solta motorista envolvido em acidente que matou fam\u00edlia em Senador El\u00f3i de Souza - Blog do Bispo\",\"isPartOf\":{\"@id\":\"https:\/\/blogdobispo.com.br\/#website\"},\"primaryImageOfPage\":{\"@id\":\"https:\/\/blogdobispo.com.br\/?p=5775#primaryimage\"},\"image\":{\"@id\":\"https:\/\/blogdobispo.com.br\/?p=5775#primaryimage\"},\"thumbnailUrl\":\"http:\/\/blogdobispo.com.br\/wp-content\/uploads\/2025\/06\/motorista-familia-e1750777556391-830x468.jpg.webp\",\"datePublished\":\"2025-06-27T15:29:22+00:00\",\"dateModified\":\"2025-06-27T15:29:23+00:00\",\"breadcrumb\":{\"@id\":\"https:\/\/blogdobispo.com.br\/?p=5775#breadcrumb\"},\"inLanguage\":\"pt-BR\",\"potentialAction\":[{\"@type\":\"ReadAction\",\"target\":[\"https:\/\/blogdobispo.com.br\/?p=5775\"]}]},{\"@type\":\"ImageObject\",\"inLanguage\":\"pt-BR\",\"@id\":\"https:\/\/blogdobispo.com.br\/?p=5775#primaryimage\",\"url\":\"http:\/\/blogdobispo.com.br\/wp-content\/uploads\/2025\/06\/motorista-familia-e1750777556391-830x468.jpg.webp\",\"contentUrl\":\"http:\/\/blogdobispo.com.br\/wp-content\/uploads\/2025\/06\/motorista-familia-e1750777556391-830x468.jpg.webp\"},{\"@type\":\"BreadcrumbList\",\"@id\":\"https:\/\/blogdobispo.com.br\/?p=5775#breadcrumb\",\"itemListElement\":[{\"@type\":\"ListItem\",\"position\":1,\"name\":\"In\u00edcio\",\"item\":\"https:\/\/blogdobispo.com.br\/\"},{\"@type\":\"ListItem\",\"position\":2,\"name\":\"Revoltante: Justi\u00e7a solta motorista envolvido em acidente que matou fam\u00edlia em Senador El\u00f3i de Souza\"}]},{\"@type\":\"WebSite\",\"@id\":\"https:\/\/blogdobispo.com.br\/#website\",\"url\":\"https:\/\/blogdobispo.com.br\/\",\"name\":\"Blog do Bispo\",\"description\":\"Comprometido apenas com o leitor\",\"publisher\":{\"@id\":\"https:\/\/blogdobispo.com.br\/#organization\"},\"potentialAction\":[{\"@type\":\"SearchAction\",\"target\":{\"@type\":\"EntryPoint\",\"urlTemplate\":\"https:\/\/blogdobispo.com.br\/?s={search_term_string}\"},\"query-input\":{\"@type\":\"PropertyValueSpecification\",\"valueRequired\":true,\"valueName\":\"search_term_string\"}}],\"inLanguage\":\"pt-BR\"},{\"@type\":\"Organization\",\"@id\":\"https:\/\/blogdobispo.com.br\/#organization\",\"name\":\"Blog do Bispo\",\"url\":\"https:\/\/blogdobispo.com.br\/\",\"logo\":{\"@type\":\"ImageObject\",\"inLanguage\":\"pt-BR\",\"@id\":\"https:\/\/blogdobispo.com.br\/#\/schema\/logo\/image\/\",\"url\":\"http:\/\/blogdobispo.com.br\/wp-content\/uploads\/2023\/05\/cropped-headear.png\",\"contentUrl\":\"http:\/\/blogdobispo.com.br\/wp-content\/uploads\/2023\/05\/cropped-headear.png\",\"width\":1500,\"height\":399,\"caption\":\"Blog do Bispo\"},\"image\":{\"@id\":\"https:\/\/blogdobispo.com.br\/#\/schema\/logo\/image\/\"}},{\"@type\":\"Person\",\"@id\":\"https:\/\/blogdobispo.com.br\/#\/schema\/person\/e2209cc0e6cea5c5233d033e997b373f\",\"name\":\"Jefferson Sterfeno\",\"image\":{\"@type\":\"ImageObject\",\"inLanguage\":\"pt-BR\",\"@id\":\"https:\/\/blogdobispo.com.br\/#\/schema\/person\/image\/\",\"url\":\"https:\/\/secure.gravatar.com\/avatar\/0534e84764641168a677026b6d57a3f51dc7ac4db0b4f6186d9cb330d4ee1160?s=96&d=mm&r=g\",\"contentUrl\":\"https:\/\/secure.gravatar.com\/avatar\/0534e84764641168a677026b6d57a3f51dc7ac4db0b4f6186d9cb330d4ee1160?s=96&d=mm&r=g\",\"caption\":\"Jefferson Sterfeno\"},\"sameAs\":[\"http:\/\/blogdobispo.com.br\"],\"url\":\"https:\/\/blogdobispo.com.br\/?author=1\"}]}<\/script>\n<!-- \/ Yoast SEO plugin. -->","yoast_head_json":{"title":"Revoltante: Justi\u00e7a solta motorista envolvido em acidente que matou fam\u00edlia em Senador El\u00f3i de Souza - Blog do Bispo","robots":{"index":"index","follow":"follow","max-snippet":"max-snippet:-1","max-image-preview":"max-image-preview:large","max-video-preview":"max-video-preview:-1"},"canonical":"https:\/\/blogdobispo.com.br\/?p=5775","og_locale":"pt_BR","og_type":"article","og_title":"Revoltante: Justi\u00e7a solta motorista envolvido em acidente que matou fam\u00edlia em Senador El\u00f3i de Souza - Blog do Bispo","og_description":"A Justi\u00e7a do Rio Grande do Norte mandou soltar, nesta quinta-feira 26, o motorista de 27 anos envolvido no acidente que resultou na&nbsp;morte de uma fam\u00edlia&nbsp;no \u00faltimo domingo 23, no munic\u00edpio de Senador El\u00f3i de Souza, interior do estado. As v\u00edtimas foram pai, m\u00e3e e filho que estavam em um dos ve\u00edculos atingidos. O condutor [&hellip;]","og_url":"https:\/\/blogdobispo.com.br\/?p=5775","og_site_name":"Blog do Bispo","article_published_time":"2025-06-27T15:29:22+00:00","article_modified_time":"2025-06-27T15:29:23+00:00","og_image":[{"url":"http:\/\/blogdobispo.com.br\/wp-content\/uploads\/2025\/06\/motorista-familia-e1750777556391-830x468.jpg.webp","type":"","width":"","height":""}],"author":"Jefferson Sterfeno","twitter_card":"summary_large_image","twitter_misc":{"Escrito por":"Jefferson Sterfeno","Est. tempo de leitura":"3 minutos"},"schema":{"@context":"https:\/\/schema.org","@graph":[{"@type":"Article","@id":"https:\/\/blogdobispo.com.br\/?p=5775#article","isPartOf":{"@id":"https:\/\/blogdobispo.com.br\/?p=5775"},"author":{"name":"Jefferson Sterfeno","@id":"https:\/\/blogdobispo.com.br\/#\/schema\/person\/e2209cc0e6cea5c5233d033e997b373f"},"headline":"Revoltante: Justi\u00e7a solta motorista envolvido em acidente que matou fam\u00edlia em Senador El\u00f3i de Souza","datePublished":"2025-06-27T15:29:22+00:00","dateModified":"2025-06-27T15:29:23+00:00","mainEntityOfPage":{"@id":"https:\/\/blogdobispo.com.br\/?p=5775"},"wordCount":389,"commentCount":0,"publisher":{"@id":"https:\/\/blogdobispo.com.br\/#organization"},"image":{"@id":"https:\/\/blogdobispo.com.br\/?p=5775#primaryimage"},"thumbnailUrl":"http:\/\/blogdobispo.com.br\/wp-content\/uploads\/2025\/06\/motorista-familia-e1750777556391-830x468.jpg.webp","articleSection":["diversos"],"inLanguage":"pt-BR","potentialAction":[{"@type":"CommentAction","name":"Comment","target":["https:\/\/blogdobispo.com.br\/?p=5775#respond"]}]},{"@type":"WebPage","@id":"https:\/\/blogdobispo.com.br\/?p=5775","url":"https:\/\/blogdobispo.com.br\/?p=5775","name":"Revoltante: Justi\u00e7a solta motorista envolvido em acidente que matou fam\u00edlia em Senador El\u00f3i de Souza - Blog do Bispo","isPartOf":{"@id":"https:\/\/blogdobispo.com.br\/#website"},"primaryImageOfPage":{"@id":"https:\/\/blogdobispo.com.br\/?p=5775#primaryimage"},"image":{"@id":"https:\/\/blogdobispo.com.br\/?p=5775#primaryimage"},"thumbnailUrl":"http:\/\/blogdobispo.com.br\/wp-content\/uploads\/2025\/06\/motorista-familia-e1750777556391-830x468.jpg.webp","datePublished":"2025-06-27T15:29:22+00:00","dateModified":"2025-06-27T15:29:23+00:00","breadcrumb":{"@id":"https:\/\/blogdobispo.com.br\/?p=5775#breadcrumb"},"inLanguage":"pt-BR","potentialAction":[{"@type":"ReadAction","target":["https:\/\/blogdobispo.com.br\/?p=5775"]}]},{"@type":"ImageObject","inLanguage":"pt-BR","@id":"https:\/\/blogdobispo.com.br\/?p=5775#primaryimage","url":"http:\/\/blogdobispo.com.br\/wp-content\/uploads\/2025\/06\/motorista-familia-e1750777556391-830x468.jpg.webp","contentUrl":"http:\/\/blogdobispo.com.br\/wp-content\/uploads\/2025\/06\/motorista-familia-e1750777556391-830x468.jpg.webp"},{"@type":"BreadcrumbList","@id":"https:\/\/blogdobispo.com.br\/?p=5775#breadcrumb","itemListElement":[{"@type":"ListItem","position":1,"name":"In\u00edcio","item":"https:\/\/blogdobispo.com.br\/"},{"@type":"ListItem","position":2,"name":"Revoltante: Justi\u00e7a solta motorista envolvido em acidente que matou fam\u00edlia em Senador El\u00f3i de Souza"}]},{"@type":"WebSite","@id":"https:\/\/blogdobispo.com.br\/#website","url":"https:\/\/blogdobispo.com.br\/","name":"Blog do Bispo","description":"Comprometido apenas com o leitor","publisher":{"@id":"https:\/\/blogdobispo.com.br\/#organization"},"potentialAction":[{"@type":"SearchAction","target":{"@type":"EntryPoint","urlTemplate":"https:\/\/blogdobispo.com.br\/?s={search_term_string}"},"query-input":{"@type":"PropertyValueSpecification","valueRequired":true,"valueName":"search_term_string"}}],"inLanguage":"pt-BR"},{"@type":"Organization","@id":"https:\/\/blogdobispo.com.br\/#organization","name":"Blog do Bispo","url":"https:\/\/blogdobispo.com.br\/","logo":{"@type":"ImageObject","inLanguage":"pt-BR","@id":"https:\/\/blogdobispo.com.br\/#\/schema\/logo\/image\/","url":"http:\/\/blogdobispo.com.br\/wp-content\/uploads\/2023\/05\/cropped-headear.png","contentUrl":"http:\/\/blogdobispo.com.br\/wp-content\/uploads\/2023\/05\/cropped-headear.png","width":1500,"height":399,"caption":"Blog do Bispo"},"image":{"@id":"https:\/\/blogdobispo.com.br\/#\/schema\/logo\/image\/"}},{"@type":"Person","@id":"https:\/\/blogdobispo.com.br\/#\/schema\/person\/e2209cc0e6cea5c5233d033e997b373f","name":"Jefferson Sterfeno","image":{"@type":"ImageObject","inLanguage":"pt-BR","@id":"https:\/\/blogdobispo.com.br\/#\/schema\/person\/image\/","url":"https:\/\/secure.gravatar.com\/avatar\/0534e84764641168a677026b6d57a3f51dc7ac4db0b4f6186d9cb330d4ee1160?s=96&d=mm&r=g","contentUrl":"https:\/\/secure.gravatar.com\/avatar\/0534e84764641168a677026b6d57a3f51dc7ac4db0b4f6186d9cb330d4ee1160?s=96&d=mm&r=g","caption":"Jefferson Sterfeno"},"sameAs":["http:\/\/blogdobispo.com.br"],"url":"https:\/\/blogdobispo.com.br\/?author=1"}]}},"featured_image_urls":{"full":"","thumbnail":"","medium":"","medium_large":"","large":"","1536x1536":"","2048x2048":""},"author_info":{"display_name":"Jefferson Sterfeno","author_link":"https:\/\/blogdobispo.com.br\/?author=1"},"category_info":"<a href=\"https:\/\/blogdobispo.com.br\/?cat=1\" rel=\"category\">diversos<\/a>","tag_info":"diversos","comment_count":"0","jetpack_featured_media_url":"","jetpack_sharing_enabled":true,"_links":{"self":[{"href":"https:\/\/blogdobispo.com.br\/index.php?rest_route=\/wp\/v2\/posts\/5775","targetHints":{"allow":["GET"]}}],"collection":[{"href":"https:\/\/blogdobispo.com.br\/index.php?rest_route=\/wp\/v2\/posts"}],"about":[{"href":"https:\/\/blogdobispo.com.br\/index.php?rest_route=\/wp\/v2\/types\/post"}],"author":[{"embeddable":true,"href":"https:\/\/blogdobispo.com.br\/index.php?rest_route=\/wp\/v2\/users\/1"}],"replies":[{"embeddable":true,"href":"https:\/\/blogdobispo.com.br\/index.php?rest_route=%2Fwp%2Fv2%2Fcomments&post=5775"}],"version-history":[{"count":1,"href":"https:\/\/blogdobispo.com.br\/index.php?rest_route=\/wp\/v2\/posts\/5775\/revisions"}],"predecessor-version":[{"id":5777,"href":"https:\/\/blogdobispo.com.br\/index.php?rest_route=\/wp\/v2\/posts\/5775\/revisions\/5777"}],"wp:attachment":[{"href":"https:\/\/blogdobispo.com.br\/index.php?rest_route=%2Fwp%2Fv2%2Fmedia&parent=5775"}],"wp:term":[{"taxonomy":"category","embeddable":true,"href":"https:\/\/blogdobispo.com.br\/index.php?rest_route=%2Fwp%2Fv2%2Fcategories&post=5775"},{"taxonomy":"post_tag","embeddable":true,"href":"https:\/\/blogdobispo.com.br\/index.php?rest_route=%2Fwp%2Fv2%2Ftags&post=5775"}],"curies":[{"name":"wp","href":"https:\/\/api.w.org\/{rel}","templated":true}]}}