{"id":5762,"date":"2025-06-26T18:21:34","date_gmt":"2025-06-26T18:21:34","guid":{"rendered":"https:\/\/blogdobispo.com.br\/?p=5762"},"modified":"2025-06-26T18:21:35","modified_gmt":"2025-06-26T18:21:35","slug":"reforma-administrativa-de-nilda-pode-sinalizar-crise-interna-e-tentativa-de-reposicionamento-politico","status":"publish","type":"post","link":"https:\/\/blogdobispo.com.br\/?p=5762","title":{"rendered":"Reforma administrativa de Nilda pode sinalizar crise interna e tentativa de reposicionamento pol\u00edtico"},"content":{"rendered":"\n<h3 class=\"wp-block-heading\"><\/h3>\n\n\n\n<p><strong>Parnamirim (RN)<\/strong> \u2013 Anunciada nos bastidores como um passo para \u201cmodernizar\u201d a m\u00e1quina p\u00fablica, a reforma administrativa que a prefeita Professora Nilda pretende implementar nos pr\u00f3ximos dias est\u00e1 cercada de expectativa \u2014 mas tamb\u00e9m de d\u00favidas e tens\u00f5es internas. A medida, embora ainda sem detalhes oficiais, \u00e9 tratada como uma resposta direta \u00e0 insatisfa\u00e7\u00e3o crescente com o desempenho de \u00e1reas-chave da gest\u00e3o, como Sa\u00fade e Limpeza Urbana.<\/p>\n\n\n\n<p>Eleita em 2024 com um discurso de renova\u00e7\u00e3o e compromisso social, Nilda assumiu em janeiro de 2025 com a promessa de imprimir uma nova forma de governar. No entanto, pouco mais de seis meses depois, o que se v\u00ea \u00e9 um desgaste precoce com parte da base, press\u00e3o popular por melhorias b\u00e1sicas e ru\u00eddos operacionais vis\u00edveis. A poss\u00edvel reforma surge, assim, n\u00e3o apenas como um plano t\u00e9cnico, mas como um movimento pol\u00edtico para reverter o cen\u00e1rio desfavor\u00e1vel e tentar consolidar autoridade dentro da pr\u00f3pria estrutura de governo.<\/p>\n\n\n\n<p>Fontes ligadas \u00e0 prefeitura indicam que a prefeita estaria insatisfeita com a condu\u00e7\u00e3o da Secretaria de Sa\u00fade, alvo de constantes reclama\u00e7\u00f5es da popula\u00e7\u00e3o e palco de conflitos internos entre gestores e servidores. J\u00e1 a \u00e1rea de Limpeza Urbana, essencial para a imagem da gest\u00e3o nas ruas, tem colecionado cr\u00edticas pela precariedade dos servi\u00e7os e pela desorganiza\u00e7\u00e3o contratual. Mudan\u00e7as nesses setores s\u00e3o esperadas \u2014 mas o risco de decis\u00f5es apressadas ou motivadas por disputas de bastidores preocupa parte da equipe t\u00e9cnica e do funcionalismo.<\/p>\n\n\n\n<p>Se, por um lado, a reestrutura\u00e7\u00e3o pode representar uma tentativa leg\u00edtima de corrigir rumos e imprimir identidade \u00e0 gest\u00e3o, por outro, h\u00e1 o risco de ser percebida como um ato de desespero administrativo diante de uma gest\u00e3o que ainda n\u00e3o conseguiu mostrar resultados concretos. A prefeita tem capital pol\u00edtico, mas esse capital tem prazo: sem resultados vis\u00edveis e a\u00e7\u00f5es consistentes, a reforma pode virar muni\u00e7\u00e3o para os advers\u00e1rios, que j\u00e1 articulam cr\u00edticas e mobiliza\u00e7\u00f5es.<\/p>\n\n\n\n<p>A popula\u00e7\u00e3o de Parnamirim, que j\u00e1 espera por melhorias h\u00e1 d\u00e9cadas, n\u00e3o pode ser mais uma vez espectadora de um rearranjo interno que muda nomes, mas n\u00e3o transforma realidades.<\/p>\n\n\n\n<figure class=\"wp-block-image\"><img data-recalc-dims=\"1\" fetchpriority=\"high\" decoding=\"async\" width=\"800\" height=\"547\" src=\"https:\/\/i0.wp.com\/blogdobispo.com.br\/wp-content\/uploads\/2025\/06\/NIlda-Cruz-900x615-1.webp?resize=800%2C547\" alt=\"\" class=\"wp-image-5763\" srcset=\"https:\/\/i0.wp.com\/blogdobispo.com.br\/wp-content\/uploads\/2025\/06\/NIlda-Cruz-900x615-1.webp?w=900&amp;ssl=1 900w, https:\/\/i0.wp.com\/blogdobispo.com.br\/wp-content\/uploads\/2025\/06\/NIlda-Cruz-900x615-1.webp?resize=300%2C205&amp;ssl=1 300w, https:\/\/i0.wp.com\/blogdobispo.com.br\/wp-content\/uploads\/2025\/06\/NIlda-Cruz-900x615-1.webp?resize=768%2C525&amp;ssl=1 768w\" sizes=\"(max-width: 800px) 100vw, 800px\" \/><\/figure>\n","protected":false},"excerpt":{"rendered":"<p>Parnamirim (RN) \u2013 Anunciada nos bastidores como um passo para \u201cmodernizar\u201d a m\u00e1quina p\u00fablica, a reforma administrativa que a prefeita Professora Nilda pretende implementar nos pr\u00f3ximos dias est\u00e1 cercada de expectativa \u2014 mas tamb\u00e9m de d\u00favidas e tens\u00f5es internas. A medida, embora ainda sem detalhes oficiais, \u00e9 tratada como uma resposta direta \u00e0 insatisfa\u00e7\u00e3o crescente [&hellip;]<\/p>\n","protected":false},"author":1,"featured_media":0,"comment_status":"open","ping_status":"open","sticky":false,"template":"","format":"standard","meta":{"cybocfi_hide_featured_image":"","_jetpack_memberships_contains_paid_content":false,"footnotes":""},"categories":[1],"tags":[],"class_list":["post-5762","post","type-post","status-publish","format-standard","hentry","category-diversos"],"yoast_head":"<!-- This site is optimized with the Yoast SEO plugin v25.6 - https:\/\/yoast.com\/wordpress\/plugins\/seo\/ -->\n<title>Reforma administrativa de Nilda pode sinalizar crise interna e tentativa de reposicionamento pol\u00edtico - Blog do Bispo<\/title>\n<meta name=\"robots\" content=\"index, follow, max-snippet:-1, max-image-preview:large, max-video-preview:-1\" \/>\n<link rel=\"canonical\" href=\"https:\/\/blogdobispo.com.br\/?p=5762\" \/>\n<meta property=\"og:locale\" content=\"pt_BR\" \/>\n<meta property=\"og:type\" content=\"article\" \/>\n<meta property=\"og:title\" content=\"Reforma administrativa de Nilda pode sinalizar crise interna e tentativa de reposicionamento pol\u00edtico - Blog do Bispo\" \/>\n<meta property=\"og:description\" content=\"Parnamirim (RN) \u2013 Anunciada nos bastidores como um passo para \u201cmodernizar\u201d a m\u00e1quina p\u00fablica, a reforma administrativa que a prefeita Professora Nilda pretende implementar nos pr\u00f3ximos dias est\u00e1 cercada de expectativa \u2014 mas tamb\u00e9m de d\u00favidas e tens\u00f5es internas. A medida, embora ainda sem detalhes oficiais, \u00e9 tratada como uma resposta direta \u00e0 insatisfa\u00e7\u00e3o crescente [&hellip;]\" \/>\n<meta property=\"og:url\" content=\"https:\/\/blogdobispo.com.br\/?p=5762\" \/>\n<meta property=\"og:site_name\" content=\"Blog do Bispo\" \/>\n<meta property=\"article:published_time\" content=\"2025-06-26T18:21:34+00:00\" \/>\n<meta property=\"article:modified_time\" content=\"2025-06-26T18:21:35+00:00\" \/>\n<meta property=\"og:image\" content=\"http:\/\/blogdobispo.com.br\/wp-content\/uploads\/2025\/06\/NIlda-Cruz-900x615-1.webp\" \/>\n<meta name=\"author\" content=\"Jefferson Sterfeno\" \/>\n<meta name=\"twitter:card\" content=\"summary_large_image\" \/>\n<meta name=\"twitter:label1\" content=\"Escrito por\" \/>\n\t<meta name=\"twitter:data1\" content=\"Jefferson Sterfeno\" \/>\n\t<meta name=\"twitter:label2\" content=\"Est. tempo de leitura\" \/>\n\t<meta name=\"twitter:data2\" content=\"3 minutos\" \/>\n<script type=\"application\/ld+json\" class=\"yoast-schema-graph\">{\"@context\":\"https:\/\/schema.org\",\"@graph\":[{\"@type\":\"Article\",\"@id\":\"https:\/\/blogdobispo.com.br\/?p=5762#article\",\"isPartOf\":{\"@id\":\"https:\/\/blogdobispo.com.br\/?p=5762\"},\"author\":{\"name\":\"Jefferson Sterfeno\",\"@id\":\"https:\/\/blogdobispo.com.br\/#\/schema\/person\/e2209cc0e6cea5c5233d033e997b373f\"},\"headline\":\"Reforma administrativa de Nilda pode sinalizar crise interna e tentativa de reposicionamento pol\u00edtico\",\"datePublished\":\"2025-06-26T18:21:34+00:00\",\"dateModified\":\"2025-06-26T18:21:35+00:00\",\"mainEntityOfPage\":{\"@id\":\"https:\/\/blogdobispo.com.br\/?p=5762\"},\"wordCount\":393,\"commentCount\":0,\"publisher\":{\"@id\":\"https:\/\/blogdobispo.com.br\/#organization\"},\"image\":{\"@id\":\"https:\/\/blogdobispo.com.br\/?p=5762#primaryimage\"},\"thumbnailUrl\":\"http:\/\/blogdobispo.com.br\/wp-content\/uploads\/2025\/06\/NIlda-Cruz-900x615-1.webp\",\"articleSection\":[\"diversos\"],\"inLanguage\":\"pt-BR\",\"potentialAction\":[{\"@type\":\"CommentAction\",\"name\":\"Comment\",\"target\":[\"https:\/\/blogdobispo.com.br\/?p=5762#respond\"]}]},{\"@type\":\"WebPage\",\"@id\":\"https:\/\/blogdobispo.com.br\/?p=5762\",\"url\":\"https:\/\/blogdobispo.com.br\/?p=5762\",\"name\":\"Reforma administrativa de Nilda pode sinalizar crise interna e tentativa de reposicionamento pol\u00edtico - Blog do Bispo\",\"isPartOf\":{\"@id\":\"https:\/\/blogdobispo.com.br\/#website\"},\"primaryImageOfPage\":{\"@id\":\"https:\/\/blogdobispo.com.br\/?p=5762#primaryimage\"},\"image\":{\"@id\":\"https:\/\/blogdobispo.com.br\/?p=5762#primaryimage\"},\"thumbnailUrl\":\"http:\/\/blogdobispo.com.br\/wp-content\/uploads\/2025\/06\/NIlda-Cruz-900x615-1.webp\",\"datePublished\":\"2025-06-26T18:21:34+00:00\",\"dateModified\":\"2025-06-26T18:21:35+00:00\",\"breadcrumb\":{\"@id\":\"https:\/\/blogdobispo.com.br\/?p=5762#breadcrumb\"},\"inLanguage\":\"pt-BR\",\"potentialAction\":[{\"@type\":\"ReadAction\",\"target\":[\"https:\/\/blogdobispo.com.br\/?p=5762\"]}]},{\"@type\":\"ImageObject\",\"inLanguage\":\"pt-BR\",\"@id\":\"https:\/\/blogdobispo.com.br\/?p=5762#primaryimage\",\"url\":\"http:\/\/blogdobispo.com.br\/wp-content\/uploads\/2025\/06\/NIlda-Cruz-900x615-1.webp\",\"contentUrl\":\"http:\/\/blogdobispo.com.br\/wp-content\/uploads\/2025\/06\/NIlda-Cruz-900x615-1.webp\"},{\"@type\":\"BreadcrumbList\",\"@id\":\"https:\/\/blogdobispo.com.br\/?p=5762#breadcrumb\",\"itemListElement\":[{\"@type\":\"ListItem\",\"position\":1,\"name\":\"In\u00edcio\",\"item\":\"https:\/\/blogdobispo.com.br\/\"},{\"@type\":\"ListItem\",\"position\":2,\"name\":\"Reforma administrativa de Nilda pode sinalizar crise interna e tentativa de reposicionamento pol\u00edtico\"}]},{\"@type\":\"WebSite\",\"@id\":\"https:\/\/blogdobispo.com.br\/#website\",\"url\":\"https:\/\/blogdobispo.com.br\/\",\"name\":\"Blog do Bispo\",\"description\":\"Comprometido apenas com o leitor\",\"publisher\":{\"@id\":\"https:\/\/blogdobispo.com.br\/#organization\"},\"potentialAction\":[{\"@type\":\"SearchAction\",\"target\":{\"@type\":\"EntryPoint\",\"urlTemplate\":\"https:\/\/blogdobispo.com.br\/?s={search_term_string}\"},\"query-input\":{\"@type\":\"PropertyValueSpecification\",\"valueRequired\":true,\"valueName\":\"search_term_string\"}}],\"inLanguage\":\"pt-BR\"},{\"@type\":\"Organization\",\"@id\":\"https:\/\/blogdobispo.com.br\/#organization\",\"name\":\"Blog do Bispo\",\"url\":\"https:\/\/blogdobispo.com.br\/\",\"logo\":{\"@type\":\"ImageObject\",\"inLanguage\":\"pt-BR\",\"@id\":\"https:\/\/blogdobispo.com.br\/#\/schema\/logo\/image\/\",\"url\":\"http:\/\/blogdobispo.com.br\/wp-content\/uploads\/2023\/05\/cropped-headear.png\",\"contentUrl\":\"http:\/\/blogdobispo.com.br\/wp-content\/uploads\/2023\/05\/cropped-headear.png\",\"width\":1500,\"height\":399,\"caption\":\"Blog do Bispo\"},\"image\":{\"@id\":\"https:\/\/blogdobispo.com.br\/#\/schema\/logo\/image\/\"}},{\"@type\":\"Person\",\"@id\":\"https:\/\/blogdobispo.com.br\/#\/schema\/person\/e2209cc0e6cea5c5233d033e997b373f\",\"name\":\"Jefferson Sterfeno\",\"image\":{\"@type\":\"ImageObject\",\"inLanguage\":\"pt-BR\",\"@id\":\"https:\/\/blogdobispo.com.br\/#\/schema\/person\/image\/\",\"url\":\"https:\/\/secure.gravatar.com\/avatar\/0534e84764641168a677026b6d57a3f51dc7ac4db0b4f6186d9cb330d4ee1160?s=96&d=mm&r=g\",\"contentUrl\":\"https:\/\/secure.gravatar.com\/avatar\/0534e84764641168a677026b6d57a3f51dc7ac4db0b4f6186d9cb330d4ee1160?s=96&d=mm&r=g\",\"caption\":\"Jefferson Sterfeno\"},\"sameAs\":[\"http:\/\/blogdobispo.com.br\"],\"url\":\"https:\/\/blogdobispo.com.br\/?author=1\"}]}<\/script>\n<!-- \/ Yoast SEO plugin. -->","yoast_head_json":{"title":"Reforma administrativa de Nilda pode sinalizar crise interna e tentativa de reposicionamento pol\u00edtico - Blog do Bispo","robots":{"index":"index","follow":"follow","max-snippet":"max-snippet:-1","max-image-preview":"max-image-preview:large","max-video-preview":"max-video-preview:-1"},"canonical":"https:\/\/blogdobispo.com.br\/?p=5762","og_locale":"pt_BR","og_type":"article","og_title":"Reforma administrativa de Nilda pode sinalizar crise interna e tentativa de reposicionamento pol\u00edtico - Blog do Bispo","og_description":"Parnamirim (RN) \u2013 Anunciada nos bastidores como um passo para \u201cmodernizar\u201d a m\u00e1quina p\u00fablica, a reforma administrativa que a prefeita Professora Nilda pretende implementar nos pr\u00f3ximos dias est\u00e1 cercada de expectativa \u2014 mas tamb\u00e9m de d\u00favidas e tens\u00f5es internas. A medida, embora ainda sem detalhes oficiais, \u00e9 tratada como uma resposta direta \u00e0 insatisfa\u00e7\u00e3o crescente [&hellip;]","og_url":"https:\/\/blogdobispo.com.br\/?p=5762","og_site_name":"Blog do Bispo","article_published_time":"2025-06-26T18:21:34+00:00","article_modified_time":"2025-06-26T18:21:35+00:00","og_image":[{"url":"http:\/\/blogdobispo.com.br\/wp-content\/uploads\/2025\/06\/NIlda-Cruz-900x615-1.webp","type":"","width":"","height":""}],"author":"Jefferson Sterfeno","twitter_card":"summary_large_image","twitter_misc":{"Escrito por":"Jefferson Sterfeno","Est. tempo de leitura":"3 minutos"},"schema":{"@context":"https:\/\/schema.org","@graph":[{"@type":"Article","@id":"https:\/\/blogdobispo.com.br\/?p=5762#article","isPartOf":{"@id":"https:\/\/blogdobispo.com.br\/?p=5762"},"author":{"name":"Jefferson Sterfeno","@id":"https:\/\/blogdobispo.com.br\/#\/schema\/person\/e2209cc0e6cea5c5233d033e997b373f"},"headline":"Reforma administrativa de Nilda pode sinalizar crise interna e tentativa de reposicionamento pol\u00edtico","datePublished":"2025-06-26T18:21:34+00:00","dateModified":"2025-06-26T18:21:35+00:00","mainEntityOfPage":{"@id":"https:\/\/blogdobispo.com.br\/?p=5762"},"wordCount":393,"commentCount":0,"publisher":{"@id":"https:\/\/blogdobispo.com.br\/#organization"},"image":{"@id":"https:\/\/blogdobispo.com.br\/?p=5762#primaryimage"},"thumbnailUrl":"http:\/\/blogdobispo.com.br\/wp-content\/uploads\/2025\/06\/NIlda-Cruz-900x615-1.webp","articleSection":["diversos"],"inLanguage":"pt-BR","potentialAction":[{"@type":"CommentAction","name":"Comment","target":["https:\/\/blogdobispo.com.br\/?p=5762#respond"]}]},{"@type":"WebPage","@id":"https:\/\/blogdobispo.com.br\/?p=5762","url":"https:\/\/blogdobispo.com.br\/?p=5762","name":"Reforma administrativa de Nilda pode sinalizar crise interna e tentativa de reposicionamento pol\u00edtico - Blog do Bispo","isPartOf":{"@id":"https:\/\/blogdobispo.com.br\/#website"},"primaryImageOfPage":{"@id":"https:\/\/blogdobispo.com.br\/?p=5762#primaryimage"},"image":{"@id":"https:\/\/blogdobispo.com.br\/?p=5762#primaryimage"},"thumbnailUrl":"http:\/\/blogdobispo.com.br\/wp-content\/uploads\/2025\/06\/NIlda-Cruz-900x615-1.webp","datePublished":"2025-06-26T18:21:34+00:00","dateModified":"2025-06-26T18:21:35+00:00","breadcrumb":{"@id":"https:\/\/blogdobispo.com.br\/?p=5762#breadcrumb"},"inLanguage":"pt-BR","potentialAction":[{"@type":"ReadAction","target":["https:\/\/blogdobispo.com.br\/?p=5762"]}]},{"@type":"ImageObject","inLanguage":"pt-BR","@id":"https:\/\/blogdobispo.com.br\/?p=5762#primaryimage","url":"http:\/\/blogdobispo.com.br\/wp-content\/uploads\/2025\/06\/NIlda-Cruz-900x615-1.webp","contentUrl":"http:\/\/blogdobispo.com.br\/wp-content\/uploads\/2025\/06\/NIlda-Cruz-900x615-1.webp"},{"@type":"BreadcrumbList","@id":"https:\/\/blogdobispo.com.br\/?p=5762#breadcrumb","itemListElement":[{"@type":"ListItem","position":1,"name":"In\u00edcio","item":"https:\/\/blogdobispo.com.br\/"},{"@type":"ListItem","position":2,"name":"Reforma administrativa de Nilda pode sinalizar crise interna e tentativa de reposicionamento pol\u00edtico"}]},{"@type":"WebSite","@id":"https:\/\/blogdobispo.com.br\/#website","url":"https:\/\/blogdobispo.com.br\/","name":"Blog do Bispo","description":"Comprometido apenas com o leitor","publisher":{"@id":"https:\/\/blogdobispo.com.br\/#organization"},"potentialAction":[{"@type":"SearchAction","target":{"@type":"EntryPoint","urlTemplate":"https:\/\/blogdobispo.com.br\/?s={search_term_string}"},"query-input":{"@type":"PropertyValueSpecification","valueRequired":true,"valueName":"search_term_string"}}],"inLanguage":"pt-BR"},{"@type":"Organization","@id":"https:\/\/blogdobispo.com.br\/#organization","name":"Blog do Bispo","url":"https:\/\/blogdobispo.com.br\/","logo":{"@type":"ImageObject","inLanguage":"pt-BR","@id":"https:\/\/blogdobispo.com.br\/#\/schema\/logo\/image\/","url":"http:\/\/blogdobispo.com.br\/wp-content\/uploads\/2023\/05\/cropped-headear.png","contentUrl":"http:\/\/blogdobispo.com.br\/wp-content\/uploads\/2023\/05\/cropped-headear.png","width":1500,"height":399,"caption":"Blog do Bispo"},"image":{"@id":"https:\/\/blogdobispo.com.br\/#\/schema\/logo\/image\/"}},{"@type":"Person","@id":"https:\/\/blogdobispo.com.br\/#\/schema\/person\/e2209cc0e6cea5c5233d033e997b373f","name":"Jefferson Sterfeno","image":{"@type":"ImageObject","inLanguage":"pt-BR","@id":"https:\/\/blogdobispo.com.br\/#\/schema\/person\/image\/","url":"https:\/\/secure.gravatar.com\/avatar\/0534e84764641168a677026b6d57a3f51dc7ac4db0b4f6186d9cb330d4ee1160?s=96&d=mm&r=g","contentUrl":"https:\/\/secure.gravatar.com\/avatar\/0534e84764641168a677026b6d57a3f51dc7ac4db0b4f6186d9cb330d4ee1160?s=96&d=mm&r=g","caption":"Jefferson Sterfeno"},"sameAs":["http:\/\/blogdobispo.com.br"],"url":"https:\/\/blogdobispo.com.br\/?author=1"}]}},"featured_image_urls":{"full":"","thumbnail":"","medium":"","medium_large":"","large":"","1536x1536":"","2048x2048":""},"author_info":{"display_name":"Jefferson Sterfeno","author_link":"https:\/\/blogdobispo.com.br\/?author=1"},"category_info":"<a href=\"https:\/\/blogdobispo.com.br\/?cat=1\" rel=\"category\">diversos<\/a>","tag_info":"diversos","comment_count":"0","jetpack_featured_media_url":"","jetpack_sharing_enabled":true,"_links":{"self":[{"href":"https:\/\/blogdobispo.com.br\/index.php?rest_route=\/wp\/v2\/posts\/5762","targetHints":{"allow":["GET"]}}],"collection":[{"href":"https:\/\/blogdobispo.com.br\/index.php?rest_route=\/wp\/v2\/posts"}],"about":[{"href":"https:\/\/blogdobispo.com.br\/index.php?rest_route=\/wp\/v2\/types\/post"}],"author":[{"embeddable":true,"href":"https:\/\/blogdobispo.com.br\/index.php?rest_route=\/wp\/v2\/users\/1"}],"replies":[{"embeddable":true,"href":"https:\/\/blogdobispo.com.br\/index.php?rest_route=%2Fwp%2Fv2%2Fcomments&post=5762"}],"version-history":[{"count":1,"href":"https:\/\/blogdobispo.com.br\/index.php?rest_route=\/wp\/v2\/posts\/5762\/revisions"}],"predecessor-version":[{"id":5764,"href":"https:\/\/blogdobispo.com.br\/index.php?rest_route=\/wp\/v2\/posts\/5762\/revisions\/5764"}],"wp:attachment":[{"href":"https:\/\/blogdobispo.com.br\/index.php?rest_route=%2Fwp%2Fv2%2Fmedia&parent=5762"}],"wp:term":[{"taxonomy":"category","embeddable":true,"href":"https:\/\/blogdobispo.com.br\/index.php?rest_route=%2Fwp%2Fv2%2Fcategories&post=5762"},{"taxonomy":"post_tag","embeddable":true,"href":"https:\/\/blogdobispo.com.br\/index.php?rest_route=%2Fwp%2Fv2%2Ftags&post=5762"}],"curies":[{"name":"wp","href":"https:\/\/api.w.org\/{rel}","templated":true}]}}