{"id":5753,"date":"2025-06-26T16:51:00","date_gmt":"2025-06-26T16:51:00","guid":{"rendered":"https:\/\/blogdobispo.com.br\/?p=5753"},"modified":"2025-06-26T16:51:02","modified_gmt":"2025-06-26T16:51:02","slug":"prefeito-emidio-jr-homologa-classificacao-dos-candidatos-aptos-ao-curso-de-formacao-da-guarda-municipal","status":"publish","type":"post","link":"https:\/\/blogdobispo.com.br\/?p=5753","title":{"rendered":"Prefeito Em\u00eddio Jr. homologa classifica\u00e7\u00e3o dos candidatos aptos ao curso de forma\u00e7\u00e3o da Guarda Municipal"},"content":{"rendered":"\n<p>Na manh\u00e3 desta quinta-feira (26\/06), foi dado mais um passo de grande relev\u00e2ncia para a efetiva\u00e7\u00e3o da Guarda Civil Municipal (GCM) de Maca\u00edba. O prefeito Em\u00eddio Jr. assinou o documento que homologa a classifica\u00e7\u00e3o dos candidatos aptos para o curso de forma\u00e7\u00e3o da Guarda Municipal, que posteriormente formar\u00e3o a primeira turma de GCMs nos 147 anos da emancipa\u00e7\u00e3o da cidade.<\/p>\n\n\n\n<p>\u201cEstamos fazendo hist\u00f3ria hoje com essa homologa\u00e7\u00e3o t\u00e3o aguardada. Quando assumimos a gest\u00e3o, n\u00e3o existia um papel riscado sobre Seguran\u00e7a P\u00fablica. A gente partiu do zero. Adotamos um olhar diferenciado para essa quest\u00e3o. Nosso munic\u00edpio era conhecido como um lugar onde a viol\u00eancia imperava. Hoje, podemos observar que j\u00e1 houve redu\u00e7\u00f5es significativas na viol\u00eancia dom\u00e9stica, nos furtos\/roubos e nos homic\u00eddios. Com certeza, com a Guarda Municipal na rua, vamos ter uma redu\u00e7\u00e3o ainda maior.\u201d, declarou o prefeito.<\/p>\n\n\n\n<p>Na pr\u00f3xima semana, ser\u00e1 assinado o conv\u00eanio para o in\u00edcio do curso de forma\u00e7\u00e3o, a ser realizado na capital potiguar. Ressalta-se que o ato administrativo realizado hoje atesta os nomes que ser\u00e3o convocados para o curso de forma\u00e7\u00e3o, ou seja, a oficializa\u00e7\u00e3o da classifica\u00e7\u00e3o dos candidatos aprovados, totalizando 143 (entre homens e mulheres), dos quais os primeiros 50 ser\u00e3o inicialmente convocados.<\/p>\n\n\n\n<p>Outro ponto importante a ser destacado \u00e9 que a validade do referido concurso n\u00e3o come\u00e7a a contar a partir de hoje, mas sim depois da conclus\u00e3o do curso de forma\u00e7\u00e3o, compreendendo o prazo de um ano, podendo ser prorrogado por mais um ano. Os nomes desses aprovados ser\u00e3o publicados na pr\u00f3xima edi\u00e7\u00e3o do Di\u00e1rio Oficial do Munic\u00edpio, dentro da Portaria n\u00ba 656\/2025.<\/p>\n\n\n\n<p>Na oportunidade, o gestor municipal esteve acompanhado pela vice-prefeita, Raquel Barbosa, pelos vereadores: \u00c9rika Em\u00eddio (presidente da C\u00e2mara), Igor Targino, Denilson Gadelha, Dadaia Ribeiro, Ana Catarina, Clarissa Matias, Rita de C\u00e1ssia, S\u00e9rgio Lima e Edi do Posto; pelo comandante do 11\u00ba BPM, tenente-coronel Gustavo Felipe; pelo comandante da Guarda Civil Municipal, Roberto \u00c2ngelo; pelo secret\u00e1rio municipal de Seguran\u00e7a, coronel Kl\u00e9ber Mac\u00eado; e o adjunto de Seguran\u00e7a, Jota J\u00fanior. V\u00e1rios provados prestigiaram o momento da assinatura.<\/p>\n\n\n\n<p><strong>Fotos: Rodrigo Galv\u00e3o<\/strong><\/p>\n\n\n\n<p><strong>Secom-PMM<\/strong><\/p>\n\n\n\n<figure class=\"wp-block-image\"><img data-recalc-dims=\"1\" fetchpriority=\"high\" decoding=\"async\" width=\"800\" height=\"600\" src=\"https:\/\/i0.wp.com\/blogdobispo.com.br\/wp-content\/uploads\/2025\/06\/54c0e97e-dd39-4c33-8933-db3b39f599b4-scaled-1.webp?resize=800%2C600\" alt=\"\" class=\"wp-image-5754\" srcset=\"https:\/\/i0.wp.com\/blogdobispo.com.br\/wp-content\/uploads\/2025\/06\/54c0e97e-dd39-4c33-8933-db3b39f599b4-scaled-1.webp?w=1024&amp;ssl=1 1024w, https:\/\/i0.wp.com\/blogdobispo.com.br\/wp-content\/uploads\/2025\/06\/54c0e97e-dd39-4c33-8933-db3b39f599b4-scaled-1.webp?resize=300%2C225&amp;ssl=1 300w, https:\/\/i0.wp.com\/blogdobispo.com.br\/wp-content\/uploads\/2025\/06\/54c0e97e-dd39-4c33-8933-db3b39f599b4-scaled-1.webp?resize=768%2C576&amp;ssl=1 768w\" sizes=\"(max-width: 800px) 100vw, 800px\" \/><\/figure>\n","protected":false},"excerpt":{"rendered":"<p>Na manh\u00e3 desta quinta-feira (26\/06), foi dado mais um passo de grande relev\u00e2ncia para a efetiva\u00e7\u00e3o da Guarda Civil Municipal (GCM) de Maca\u00edba. O prefeito Em\u00eddio Jr. assinou o documento que homologa a classifica\u00e7\u00e3o dos candidatos aptos para o curso de forma\u00e7\u00e3o da Guarda Municipal, que posteriormente formar\u00e3o a primeira turma de GCMs nos 147 [&hellip;]<\/p>\n","protected":false},"author":1,"featured_media":0,"comment_status":"open","ping_status":"open","sticky":false,"template":"","format":"standard","meta":{"cybocfi_hide_featured_image":"","_jetpack_memberships_contains_paid_content":false,"footnotes":""},"categories":[1],"tags":[],"class_list":["post-5753","post","type-post","status-publish","format-standard","hentry","category-diversos"],"yoast_head":"<!-- This site is optimized with the Yoast SEO plugin v25.6 - https:\/\/yoast.com\/wordpress\/plugins\/seo\/ -->\n<title>Prefeito Em\u00eddio Jr. homologa classifica\u00e7\u00e3o dos candidatos aptos ao curso de forma\u00e7\u00e3o da Guarda Municipal - Blog do Bispo<\/title>\n<meta name=\"robots\" content=\"index, follow, max-snippet:-1, max-image-preview:large, max-video-preview:-1\" \/>\n<link rel=\"canonical\" href=\"https:\/\/blogdobispo.com.br\/?p=5753\" \/>\n<meta property=\"og:locale\" content=\"pt_BR\" \/>\n<meta property=\"og:type\" content=\"article\" \/>\n<meta property=\"og:title\" content=\"Prefeito Em\u00eddio Jr. homologa classifica\u00e7\u00e3o dos candidatos aptos ao curso de forma\u00e7\u00e3o da Guarda Municipal - Blog do Bispo\" \/>\n<meta property=\"og:description\" content=\"Na manh\u00e3 desta quinta-feira (26\/06), foi dado mais um passo de grande relev\u00e2ncia para a efetiva\u00e7\u00e3o da Guarda Civil Municipal (GCM) de Maca\u00edba. O prefeito Em\u00eddio Jr. assinou o documento que homologa a classifica\u00e7\u00e3o dos candidatos aptos para o curso de forma\u00e7\u00e3o da Guarda Municipal, que posteriormente formar\u00e3o a primeira turma de GCMs nos 147 [&hellip;]\" \/>\n<meta property=\"og:url\" content=\"https:\/\/blogdobispo.com.br\/?p=5753\" \/>\n<meta property=\"og:site_name\" content=\"Blog do Bispo\" \/>\n<meta property=\"article:published_time\" content=\"2025-06-26T16:51:00+00:00\" \/>\n<meta property=\"article:modified_time\" content=\"2025-06-26T16:51:02+00:00\" \/>\n<meta property=\"og:image\" content=\"http:\/\/blogdobispo.com.br\/wp-content\/uploads\/2025\/06\/54c0e97e-dd39-4c33-8933-db3b39f599b4-scaled-1.webp\" \/>\n<meta name=\"author\" content=\"Jefferson Sterfeno\" \/>\n<meta name=\"twitter:card\" content=\"summary_large_image\" \/>\n<meta name=\"twitter:label1\" content=\"Escrito por\" \/>\n\t<meta name=\"twitter:data1\" content=\"Jefferson Sterfeno\" \/>\n\t<meta name=\"twitter:label2\" content=\"Est. tempo de leitura\" \/>\n\t<meta name=\"twitter:data2\" content=\"3 minutos\" \/>\n<script type=\"application\/ld+json\" class=\"yoast-schema-graph\">{\"@context\":\"https:\/\/schema.org\",\"@graph\":[{\"@type\":\"Article\",\"@id\":\"https:\/\/blogdobispo.com.br\/?p=5753#article\",\"isPartOf\":{\"@id\":\"https:\/\/blogdobispo.com.br\/?p=5753\"},\"author\":{\"name\":\"Jefferson Sterfeno\",\"@id\":\"https:\/\/blogdobispo.com.br\/#\/schema\/person\/e2209cc0e6cea5c5233d033e997b373f\"},\"headline\":\"Prefeito Em\u00eddio Jr. homologa classifica\u00e7\u00e3o dos candidatos aptos ao curso de forma\u00e7\u00e3o da Guarda Municipal\",\"datePublished\":\"2025-06-26T16:51:00+00:00\",\"dateModified\":\"2025-06-26T16:51:02+00:00\",\"mainEntityOfPage\":{\"@id\":\"https:\/\/blogdobispo.com.br\/?p=5753\"},\"wordCount\":404,\"commentCount\":0,\"publisher\":{\"@id\":\"https:\/\/blogdobispo.com.br\/#organization\"},\"image\":{\"@id\":\"https:\/\/blogdobispo.com.br\/?p=5753#primaryimage\"},\"thumbnailUrl\":\"http:\/\/blogdobispo.com.br\/wp-content\/uploads\/2025\/06\/54c0e97e-dd39-4c33-8933-db3b39f599b4-scaled-1.webp\",\"articleSection\":[\"diversos\"],\"inLanguage\":\"pt-BR\",\"potentialAction\":[{\"@type\":\"CommentAction\",\"name\":\"Comment\",\"target\":[\"https:\/\/blogdobispo.com.br\/?p=5753#respond\"]}]},{\"@type\":\"WebPage\",\"@id\":\"https:\/\/blogdobispo.com.br\/?p=5753\",\"url\":\"https:\/\/blogdobispo.com.br\/?p=5753\",\"name\":\"Prefeito Em\u00eddio Jr. homologa classifica\u00e7\u00e3o dos candidatos aptos ao curso de forma\u00e7\u00e3o da Guarda Municipal - Blog do Bispo\",\"isPartOf\":{\"@id\":\"https:\/\/blogdobispo.com.br\/#website\"},\"primaryImageOfPage\":{\"@id\":\"https:\/\/blogdobispo.com.br\/?p=5753#primaryimage\"},\"image\":{\"@id\":\"https:\/\/blogdobispo.com.br\/?p=5753#primaryimage\"},\"thumbnailUrl\":\"http:\/\/blogdobispo.com.br\/wp-content\/uploads\/2025\/06\/54c0e97e-dd39-4c33-8933-db3b39f599b4-scaled-1.webp\",\"datePublished\":\"2025-06-26T16:51:00+00:00\",\"dateModified\":\"2025-06-26T16:51:02+00:00\",\"breadcrumb\":{\"@id\":\"https:\/\/blogdobispo.com.br\/?p=5753#breadcrumb\"},\"inLanguage\":\"pt-BR\",\"potentialAction\":[{\"@type\":\"ReadAction\",\"target\":[\"https:\/\/blogdobispo.com.br\/?p=5753\"]}]},{\"@type\":\"ImageObject\",\"inLanguage\":\"pt-BR\",\"@id\":\"https:\/\/blogdobispo.com.br\/?p=5753#primaryimage\",\"url\":\"http:\/\/blogdobispo.com.br\/wp-content\/uploads\/2025\/06\/54c0e97e-dd39-4c33-8933-db3b39f599b4-scaled-1.webp\",\"contentUrl\":\"http:\/\/blogdobispo.com.br\/wp-content\/uploads\/2025\/06\/54c0e97e-dd39-4c33-8933-db3b39f599b4-scaled-1.webp\"},{\"@type\":\"BreadcrumbList\",\"@id\":\"https:\/\/blogdobispo.com.br\/?p=5753#breadcrumb\",\"itemListElement\":[{\"@type\":\"ListItem\",\"position\":1,\"name\":\"In\u00edcio\",\"item\":\"https:\/\/blogdobispo.com.br\/\"},{\"@type\":\"ListItem\",\"position\":2,\"name\":\"Prefeito Em\u00eddio Jr. homologa classifica\u00e7\u00e3o dos candidatos aptos ao curso de forma\u00e7\u00e3o da Guarda Municipal\"}]},{\"@type\":\"WebSite\",\"@id\":\"https:\/\/blogdobispo.com.br\/#website\",\"url\":\"https:\/\/blogdobispo.com.br\/\",\"name\":\"Blog do Bispo\",\"description\":\"Comprometido apenas com o leitor\",\"publisher\":{\"@id\":\"https:\/\/blogdobispo.com.br\/#organization\"},\"potentialAction\":[{\"@type\":\"SearchAction\",\"target\":{\"@type\":\"EntryPoint\",\"urlTemplate\":\"https:\/\/blogdobispo.com.br\/?s={search_term_string}\"},\"query-input\":{\"@type\":\"PropertyValueSpecification\",\"valueRequired\":true,\"valueName\":\"search_term_string\"}}],\"inLanguage\":\"pt-BR\"},{\"@type\":\"Organization\",\"@id\":\"https:\/\/blogdobispo.com.br\/#organization\",\"name\":\"Blog do Bispo\",\"url\":\"https:\/\/blogdobispo.com.br\/\",\"logo\":{\"@type\":\"ImageObject\",\"inLanguage\":\"pt-BR\",\"@id\":\"https:\/\/blogdobispo.com.br\/#\/schema\/logo\/image\/\",\"url\":\"http:\/\/blogdobispo.com.br\/wp-content\/uploads\/2023\/05\/cropped-headear.png\",\"contentUrl\":\"http:\/\/blogdobispo.com.br\/wp-content\/uploads\/2023\/05\/cropped-headear.png\",\"width\":1500,\"height\":399,\"caption\":\"Blog do Bispo\"},\"image\":{\"@id\":\"https:\/\/blogdobispo.com.br\/#\/schema\/logo\/image\/\"}},{\"@type\":\"Person\",\"@id\":\"https:\/\/blogdobispo.com.br\/#\/schema\/person\/e2209cc0e6cea5c5233d033e997b373f\",\"name\":\"Jefferson Sterfeno\",\"image\":{\"@type\":\"ImageObject\",\"inLanguage\":\"pt-BR\",\"@id\":\"https:\/\/blogdobispo.com.br\/#\/schema\/person\/image\/\",\"url\":\"https:\/\/secure.gravatar.com\/avatar\/0534e84764641168a677026b6d57a3f51dc7ac4db0b4f6186d9cb330d4ee1160?s=96&d=mm&r=g\",\"contentUrl\":\"https:\/\/secure.gravatar.com\/avatar\/0534e84764641168a677026b6d57a3f51dc7ac4db0b4f6186d9cb330d4ee1160?s=96&d=mm&r=g\",\"caption\":\"Jefferson Sterfeno\"},\"sameAs\":[\"http:\/\/blogdobispo.com.br\"],\"url\":\"https:\/\/blogdobispo.com.br\/?author=1\"}]}<\/script>\n<!-- \/ Yoast SEO plugin. -->","yoast_head_json":{"title":"Prefeito Em\u00eddio Jr. homologa classifica\u00e7\u00e3o dos candidatos aptos ao curso de forma\u00e7\u00e3o da Guarda Municipal - Blog do Bispo","robots":{"index":"index","follow":"follow","max-snippet":"max-snippet:-1","max-image-preview":"max-image-preview:large","max-video-preview":"max-video-preview:-1"},"canonical":"https:\/\/blogdobispo.com.br\/?p=5753","og_locale":"pt_BR","og_type":"article","og_title":"Prefeito Em\u00eddio Jr. homologa classifica\u00e7\u00e3o dos candidatos aptos ao curso de forma\u00e7\u00e3o da Guarda Municipal - Blog do Bispo","og_description":"Na manh\u00e3 desta quinta-feira (26\/06), foi dado mais um passo de grande relev\u00e2ncia para a efetiva\u00e7\u00e3o da Guarda Civil Municipal (GCM) de Maca\u00edba. O prefeito Em\u00eddio Jr. assinou o documento que homologa a classifica\u00e7\u00e3o dos candidatos aptos para o curso de forma\u00e7\u00e3o da Guarda Municipal, que posteriormente formar\u00e3o a primeira turma de GCMs nos 147 [&hellip;]","og_url":"https:\/\/blogdobispo.com.br\/?p=5753","og_site_name":"Blog do Bispo","article_published_time":"2025-06-26T16:51:00+00:00","article_modified_time":"2025-06-26T16:51:02+00:00","og_image":[{"url":"http:\/\/blogdobispo.com.br\/wp-content\/uploads\/2025\/06\/54c0e97e-dd39-4c33-8933-db3b39f599b4-scaled-1.webp","type":"","width":"","height":""}],"author":"Jefferson Sterfeno","twitter_card":"summary_large_image","twitter_misc":{"Escrito por":"Jefferson Sterfeno","Est. tempo de leitura":"3 minutos"},"schema":{"@context":"https:\/\/schema.org","@graph":[{"@type":"Article","@id":"https:\/\/blogdobispo.com.br\/?p=5753#article","isPartOf":{"@id":"https:\/\/blogdobispo.com.br\/?p=5753"},"author":{"name":"Jefferson Sterfeno","@id":"https:\/\/blogdobispo.com.br\/#\/schema\/person\/e2209cc0e6cea5c5233d033e997b373f"},"headline":"Prefeito Em\u00eddio Jr. homologa classifica\u00e7\u00e3o dos candidatos aptos ao curso de forma\u00e7\u00e3o da Guarda Municipal","datePublished":"2025-06-26T16:51:00+00:00","dateModified":"2025-06-26T16:51:02+00:00","mainEntityOfPage":{"@id":"https:\/\/blogdobispo.com.br\/?p=5753"},"wordCount":404,"commentCount":0,"publisher":{"@id":"https:\/\/blogdobispo.com.br\/#organization"},"image":{"@id":"https:\/\/blogdobispo.com.br\/?p=5753#primaryimage"},"thumbnailUrl":"http:\/\/blogdobispo.com.br\/wp-content\/uploads\/2025\/06\/54c0e97e-dd39-4c33-8933-db3b39f599b4-scaled-1.webp","articleSection":["diversos"],"inLanguage":"pt-BR","potentialAction":[{"@type":"CommentAction","name":"Comment","target":["https:\/\/blogdobispo.com.br\/?p=5753#respond"]}]},{"@type":"WebPage","@id":"https:\/\/blogdobispo.com.br\/?p=5753","url":"https:\/\/blogdobispo.com.br\/?p=5753","name":"Prefeito Em\u00eddio Jr. homologa classifica\u00e7\u00e3o dos candidatos aptos ao curso de forma\u00e7\u00e3o da Guarda Municipal - Blog do Bispo","isPartOf":{"@id":"https:\/\/blogdobispo.com.br\/#website"},"primaryImageOfPage":{"@id":"https:\/\/blogdobispo.com.br\/?p=5753#primaryimage"},"image":{"@id":"https:\/\/blogdobispo.com.br\/?p=5753#primaryimage"},"thumbnailUrl":"http:\/\/blogdobispo.com.br\/wp-content\/uploads\/2025\/06\/54c0e97e-dd39-4c33-8933-db3b39f599b4-scaled-1.webp","datePublished":"2025-06-26T16:51:00+00:00","dateModified":"2025-06-26T16:51:02+00:00","breadcrumb":{"@id":"https:\/\/blogdobispo.com.br\/?p=5753#breadcrumb"},"inLanguage":"pt-BR","potentialAction":[{"@type":"ReadAction","target":["https:\/\/blogdobispo.com.br\/?p=5753"]}]},{"@type":"ImageObject","inLanguage":"pt-BR","@id":"https:\/\/blogdobispo.com.br\/?p=5753#primaryimage","url":"http:\/\/blogdobispo.com.br\/wp-content\/uploads\/2025\/06\/54c0e97e-dd39-4c33-8933-db3b39f599b4-scaled-1.webp","contentUrl":"http:\/\/blogdobispo.com.br\/wp-content\/uploads\/2025\/06\/54c0e97e-dd39-4c33-8933-db3b39f599b4-scaled-1.webp"},{"@type":"BreadcrumbList","@id":"https:\/\/blogdobispo.com.br\/?p=5753#breadcrumb","itemListElement":[{"@type":"ListItem","position":1,"name":"In\u00edcio","item":"https:\/\/blogdobispo.com.br\/"},{"@type":"ListItem","position":2,"name":"Prefeito Em\u00eddio Jr. homologa classifica\u00e7\u00e3o dos candidatos aptos ao curso de forma\u00e7\u00e3o da Guarda Municipal"}]},{"@type":"WebSite","@id":"https:\/\/blogdobispo.com.br\/#website","url":"https:\/\/blogdobispo.com.br\/","name":"Blog do Bispo","description":"Comprometido apenas com o leitor","publisher":{"@id":"https:\/\/blogdobispo.com.br\/#organization"},"potentialAction":[{"@type":"SearchAction","target":{"@type":"EntryPoint","urlTemplate":"https:\/\/blogdobispo.com.br\/?s={search_term_string}"},"query-input":{"@type":"PropertyValueSpecification","valueRequired":true,"valueName":"search_term_string"}}],"inLanguage":"pt-BR"},{"@type":"Organization","@id":"https:\/\/blogdobispo.com.br\/#organization","name":"Blog do Bispo","url":"https:\/\/blogdobispo.com.br\/","logo":{"@type":"ImageObject","inLanguage":"pt-BR","@id":"https:\/\/blogdobispo.com.br\/#\/schema\/logo\/image\/","url":"http:\/\/blogdobispo.com.br\/wp-content\/uploads\/2023\/05\/cropped-headear.png","contentUrl":"http:\/\/blogdobispo.com.br\/wp-content\/uploads\/2023\/05\/cropped-headear.png","width":1500,"height":399,"caption":"Blog do Bispo"},"image":{"@id":"https:\/\/blogdobispo.com.br\/#\/schema\/logo\/image\/"}},{"@type":"Person","@id":"https:\/\/blogdobispo.com.br\/#\/schema\/person\/e2209cc0e6cea5c5233d033e997b373f","name":"Jefferson Sterfeno","image":{"@type":"ImageObject","inLanguage":"pt-BR","@id":"https:\/\/blogdobispo.com.br\/#\/schema\/person\/image\/","url":"https:\/\/secure.gravatar.com\/avatar\/0534e84764641168a677026b6d57a3f51dc7ac4db0b4f6186d9cb330d4ee1160?s=96&d=mm&r=g","contentUrl":"https:\/\/secure.gravatar.com\/avatar\/0534e84764641168a677026b6d57a3f51dc7ac4db0b4f6186d9cb330d4ee1160?s=96&d=mm&r=g","caption":"Jefferson Sterfeno"},"sameAs":["http:\/\/blogdobispo.com.br"],"url":"https:\/\/blogdobispo.com.br\/?author=1"}]}},"featured_image_urls":{"full":"","thumbnail":"","medium":"","medium_large":"","large":"","1536x1536":"","2048x2048":""},"author_info":{"display_name":"Jefferson Sterfeno","author_link":"https:\/\/blogdobispo.com.br\/?author=1"},"category_info":"<a href=\"https:\/\/blogdobispo.com.br\/?cat=1\" rel=\"category\">diversos<\/a>","tag_info":"diversos","comment_count":"0","jetpack_featured_media_url":"","jetpack_sharing_enabled":true,"_links":{"self":[{"href":"https:\/\/blogdobispo.com.br\/index.php?rest_route=\/wp\/v2\/posts\/5753","targetHints":{"allow":["GET"]}}],"collection":[{"href":"https:\/\/blogdobispo.com.br\/index.php?rest_route=\/wp\/v2\/posts"}],"about":[{"href":"https:\/\/blogdobispo.com.br\/index.php?rest_route=\/wp\/v2\/types\/post"}],"author":[{"embeddable":true,"href":"https:\/\/blogdobispo.com.br\/index.php?rest_route=\/wp\/v2\/users\/1"}],"replies":[{"embeddable":true,"href":"https:\/\/blogdobispo.com.br\/index.php?rest_route=%2Fwp%2Fv2%2Fcomments&post=5753"}],"version-history":[{"count":1,"href":"https:\/\/blogdobispo.com.br\/index.php?rest_route=\/wp\/v2\/posts\/5753\/revisions"}],"predecessor-version":[{"id":5755,"href":"https:\/\/blogdobispo.com.br\/index.php?rest_route=\/wp\/v2\/posts\/5753\/revisions\/5755"}],"wp:attachment":[{"href":"https:\/\/blogdobispo.com.br\/index.php?rest_route=%2Fwp%2Fv2%2Fmedia&parent=5753"}],"wp:term":[{"taxonomy":"category","embeddable":true,"href":"https:\/\/blogdobispo.com.br\/index.php?rest_route=%2Fwp%2Fv2%2Fcategories&post=5753"},{"taxonomy":"post_tag","embeddable":true,"href":"https:\/\/blogdobispo.com.br\/index.php?rest_route=%2Fwp%2Fv2%2Ftags&post=5753"}],"curies":[{"name":"wp","href":"https:\/\/api.w.org\/{rel}","templated":true}]}}