{"id":5747,"date":"2025-06-26T16:04:42","date_gmt":"2025-06-26T16:04:42","guid":{"rendered":"https:\/\/blogdobispo.com.br\/?p=5747"},"modified":"2025-06-26T16:04:43","modified_gmt":"2025-06-26T16:04:43","slug":"trabalho-da-guarda-municipal-de-natal-e-reconhecido-pela-camara-em-sessao-solene","status":"publish","type":"post","link":"https:\/\/blogdobispo.com.br\/?p=5747","title":{"rendered":"Trabalho da Guarda Municipal de Natal \u00e9 reconhecido pela C\u00e2mara em sess\u00e3o solene"},"content":{"rendered":"\n<p>Criada em 1991, pela ent\u00e3o prefeita Wilma de Faria, a Guarda Municipal de Natal se destaca no aux\u00edlio \u00e0 seguran\u00e7a p\u00fablica da capital potiguar. A C\u00e2mara Municipal de Natal, em reconhecimento ao trabalho desenvolvido, prestou homenagem aos 34 anos da corpora\u00e7\u00e3o com a entrega da Comenda Carlos Ant\u00f4nio e diplomas merit\u00f3rios, em sess\u00e3o solene realizada nesta quarta-feira (25). A solenidade foi proposta pelo presidente da Casa, vereador \u00c9riko J\u00e1come (PP), e contou com a participa\u00e7\u00e3o de autoridades pol\u00edticas e militares.<\/p>\n\n\n\n<p>Com um efetivo de 409 guardas, a Guarda Municipal de Natal atua nas escolas municipais, creches, postos de sa\u00fade, pra\u00e7as, bosques, parques, eventos p\u00fablicos, no transporte coletivo e demais equipamentos das prefeituras municipais, visando a prote\u00e7\u00e3o da popula\u00e7\u00e3o, dos bens, servi\u00e7os e instala\u00e7\u00f5es, atrav\u00e9s do trabalho preventivo.<\/p>\n\n\n\n<p>\u201cTrata-se de uma institui\u00e7\u00e3o respons\u00e1vel por zelar pela prote\u00e7\u00e3o dos direitos humanos fundamentais, do exerc\u00edcio da cidadania e das liberdades p\u00fablicas, pela preserva\u00e7\u00e3o da vida e patrulhamento da cidade. Portanto me sinto orgulhoso de poder prestar essa homenagem a Guarda Municipal, pois o trabalho vem sendo realizado de forma s\u00e9ria e com compet\u00eancia. Desejo sucesso a todos que comp\u00f5em esta relevante corpora\u00e7\u00e3o\u201d, destacou o presidente \u00c9riko J\u00e1come.&nbsp;<\/p>\n\n\n\n<p>A secret\u00e1ria de Seguran\u00e7a P\u00fablica e Defesa Social de Natal, Samara Trigueiro, falou sobre a import\u00e2ncia da atua\u00e7\u00e3o da corpora\u00e7\u00e3o. &#8220;A Guarda Municipal nasce com o prop\u00f3sito de proteger e resguardar o patrim\u00f4nio p\u00fablico. Mas hoje ela vai muito al\u00e9m disso e de fato est\u00e1 presente no dia a dia da popula\u00e7\u00e3o, protegendo a sociedade como um todo. Um bom exemplo do trabalho da Guarda \u00e9 a Patrulha Maria da Penha, que atua no combate \u00e0 viol\u00eancia dom\u00e9stica e familiar contra a mulher. Ou seja, aquelas mulheres que recebem medidas protetivas de urg\u00eancia pela Justi\u00e7a s\u00e3o monitoradas, assistidas e acompanhadas pelas nossas guardas. Isso d\u00e1 a elas uma sensa\u00e7\u00e3o de seguran\u00e7a e prote\u00e7\u00e3o, ajudando a salvar a vida de muitas mulheres&#8221;.<\/p>\n\n\n\n<p>O Comandante da Guarda Municipal de Natal, Francisco Fonseca, declarou que a responsabilidade de comandar um efetivo com mais de 400 guardas \u00e9 gratificante. &#8220;Todos os integrantes da nossa institui\u00e7\u00e3o s\u00e3o pessoas dedicadas ao trabalho de servir \u00e0 sociedade. Conhe\u00e7o cada um desses profissionais que saem diariamente de suas casas para defender os mun\u00edcipes. Ent\u00e3o, \u00e9 um orgulho muito grande estar h\u00e1 25 anos ao lado deles na miss\u00e3o. Aproveito para agradecer ao Legislativo natalense pelo carinho e respeito&#8221;.<\/p>\n\n\n\n<p>Tamb\u00e9m presente na solenidade, o Comandante da Guarda Municipal de Jo\u00e3o Pessoa, Vitor Almeida, ressaltou a parceria entre as duas corpora\u00e7\u00f5es. &#8220;Diversas vezes sa\u00edmos de Jo\u00e3o Pessoa para adquirir conhecimentos com a Guarda Municipal de Natal e essa comunh\u00e3o de informa\u00e7\u00f5es traz um \u00f3timo resultado para pessoenses e natalenses. Pode ser que o cidad\u00e3o que mora em Natal veja a atua\u00e7\u00e3o das viaturas da Guarda do Natal muito parecida com a atua\u00e7\u00e3o das viaturas da Guarda de Jo\u00e3o Pessoa. Isso acontece porque os grupos de comando se comunicam, compartilham aplica\u00e7\u00f5es e colocam instru\u00e7\u00f5es em pr\u00e1tica juntos para avan\u00e7ar na qualidade dos servi\u00e7os. Dito isso, quero parabenizar meus valorosos colegas da Guarda de Natal pelos 34 anos de hist\u00f3ria&#8221;, disse ele, que foi um dos homenageados da noite.<\/p>\n\n\n\n<p><em><strong>Texto: Junior Martins<\/strong><\/em><\/p>\n\n\n\n<figure class=\"wp-block-image\"><img data-recalc-dims=\"1\" fetchpriority=\"high\" decoding=\"async\" width=\"800\" height=\"554\" src=\"https:\/\/i0.wp.com\/blogdobispo.com.br\/wp-content\/uploads\/2025\/06\/ee9ff42a87359efa0dceb27303e82b95.jpg?resize=800%2C554\" alt=\"\" class=\"wp-image-5748\" srcset=\"https:\/\/i0.wp.com\/blogdobispo.com.br\/wp-content\/uploads\/2025\/06\/ee9ff42a87359efa0dceb27303e82b95.jpg?w=1600&amp;ssl=1 1600w, https:\/\/i0.wp.com\/blogdobispo.com.br\/wp-content\/uploads\/2025\/06\/ee9ff42a87359efa0dceb27303e82b95.jpg?resize=300%2C208&amp;ssl=1 300w, https:\/\/i0.wp.com\/blogdobispo.com.br\/wp-content\/uploads\/2025\/06\/ee9ff42a87359efa0dceb27303e82b95.jpg?resize=1024%2C708&amp;ssl=1 1024w, https:\/\/i0.wp.com\/blogdobispo.com.br\/wp-content\/uploads\/2025\/06\/ee9ff42a87359efa0dceb27303e82b95.jpg?resize=768%2C531&amp;ssl=1 768w, https:\/\/i0.wp.com\/blogdobispo.com.br\/wp-content\/uploads\/2025\/06\/ee9ff42a87359efa0dceb27303e82b95.jpg?resize=1536%2C1063&amp;ssl=1 1536w\" sizes=\"(max-width: 800px) 100vw, 800px\" \/><\/figure>\n","protected":false},"excerpt":{"rendered":"<p>Criada em 1991, pela ent\u00e3o prefeita Wilma de Faria, a Guarda Municipal de Natal se destaca no aux\u00edlio \u00e0 seguran\u00e7a p\u00fablica da capital potiguar. A C\u00e2mara Municipal de Natal, em reconhecimento ao trabalho desenvolvido, prestou homenagem aos 34 anos da corpora\u00e7\u00e3o com a entrega da Comenda Carlos Ant\u00f4nio e diplomas merit\u00f3rios, em sess\u00e3o solene realizada [&hellip;]<\/p>\n","protected":false},"author":1,"featured_media":0,"comment_status":"open","ping_status":"open","sticky":false,"template":"","format":"standard","meta":{"cybocfi_hide_featured_image":"","_jetpack_memberships_contains_paid_content":false,"footnotes":""},"categories":[1],"tags":[],"class_list":["post-5747","post","type-post","status-publish","format-standard","hentry","category-diversos"],"yoast_head":"<!-- This site is optimized with the Yoast SEO plugin v25.6 - https:\/\/yoast.com\/wordpress\/plugins\/seo\/ -->\n<title>Trabalho da Guarda Municipal de Natal \u00e9 reconhecido pela C\u00e2mara em sess\u00e3o solene - Blog do Bispo<\/title>\n<meta name=\"robots\" content=\"index, follow, max-snippet:-1, max-image-preview:large, max-video-preview:-1\" \/>\n<link rel=\"canonical\" href=\"https:\/\/blogdobispo.com.br\/?p=5747\" \/>\n<meta property=\"og:locale\" content=\"pt_BR\" \/>\n<meta property=\"og:type\" content=\"article\" \/>\n<meta property=\"og:title\" content=\"Trabalho da Guarda Municipal de Natal \u00e9 reconhecido pela C\u00e2mara em sess\u00e3o solene - Blog do Bispo\" \/>\n<meta property=\"og:description\" content=\"Criada em 1991, pela ent\u00e3o prefeita Wilma de Faria, a Guarda Municipal de Natal se destaca no aux\u00edlio \u00e0 seguran\u00e7a p\u00fablica da capital potiguar. A C\u00e2mara Municipal de Natal, em reconhecimento ao trabalho desenvolvido, prestou homenagem aos 34 anos da corpora\u00e7\u00e3o com a entrega da Comenda Carlos Ant\u00f4nio e diplomas merit\u00f3rios, em sess\u00e3o solene realizada [&hellip;]\" \/>\n<meta property=\"og:url\" content=\"https:\/\/blogdobispo.com.br\/?p=5747\" \/>\n<meta property=\"og:site_name\" content=\"Blog do Bispo\" \/>\n<meta property=\"article:published_time\" content=\"2025-06-26T16:04:42+00:00\" \/>\n<meta property=\"article:modified_time\" content=\"2025-06-26T16:04:43+00:00\" \/>\n<meta property=\"og:image\" content=\"http:\/\/blogdobispo.com.br\/wp-content\/uploads\/2025\/06\/ee9ff42a87359efa0dceb27303e82b95.jpg\" \/>\n<meta name=\"author\" content=\"Jefferson Sterfeno\" \/>\n<meta name=\"twitter:card\" content=\"summary_large_image\" \/>\n<meta name=\"twitter:label1\" content=\"Escrito por\" \/>\n\t<meta name=\"twitter:data1\" content=\"Jefferson Sterfeno\" \/>\n\t<meta name=\"twitter:label2\" content=\"Est. tempo de leitura\" \/>\n\t<meta name=\"twitter:data2\" content=\"4 minutos\" \/>\n<script type=\"application\/ld+json\" class=\"yoast-schema-graph\">{\"@context\":\"https:\/\/schema.org\",\"@graph\":[{\"@type\":\"Article\",\"@id\":\"https:\/\/blogdobispo.com.br\/?p=5747#article\",\"isPartOf\":{\"@id\":\"https:\/\/blogdobispo.com.br\/?p=5747\"},\"author\":{\"name\":\"Jefferson Sterfeno\",\"@id\":\"https:\/\/blogdobispo.com.br\/#\/schema\/person\/e2209cc0e6cea5c5233d033e997b373f\"},\"headline\":\"Trabalho da Guarda Municipal de Natal \u00e9 reconhecido pela C\u00e2mara em sess\u00e3o solene\",\"datePublished\":\"2025-06-26T16:04:42+00:00\",\"dateModified\":\"2025-06-26T16:04:43+00:00\",\"mainEntityOfPage\":{\"@id\":\"https:\/\/blogdobispo.com.br\/?p=5747\"},\"wordCount\":599,\"commentCount\":0,\"publisher\":{\"@id\":\"https:\/\/blogdobispo.com.br\/#organization\"},\"image\":{\"@id\":\"https:\/\/blogdobispo.com.br\/?p=5747#primaryimage\"},\"thumbnailUrl\":\"http:\/\/blogdobispo.com.br\/wp-content\/uploads\/2025\/06\/ee9ff42a87359efa0dceb27303e82b95.jpg\",\"articleSection\":[\"diversos\"],\"inLanguage\":\"pt-BR\",\"potentialAction\":[{\"@type\":\"CommentAction\",\"name\":\"Comment\",\"target\":[\"https:\/\/blogdobispo.com.br\/?p=5747#respond\"]}]},{\"@type\":\"WebPage\",\"@id\":\"https:\/\/blogdobispo.com.br\/?p=5747\",\"url\":\"https:\/\/blogdobispo.com.br\/?p=5747\",\"name\":\"Trabalho da Guarda Municipal de Natal \u00e9 reconhecido pela C\u00e2mara em sess\u00e3o solene - Blog do Bispo\",\"isPartOf\":{\"@id\":\"https:\/\/blogdobispo.com.br\/#website\"},\"primaryImageOfPage\":{\"@id\":\"https:\/\/blogdobispo.com.br\/?p=5747#primaryimage\"},\"image\":{\"@id\":\"https:\/\/blogdobispo.com.br\/?p=5747#primaryimage\"},\"thumbnailUrl\":\"http:\/\/blogdobispo.com.br\/wp-content\/uploads\/2025\/06\/ee9ff42a87359efa0dceb27303e82b95.jpg\",\"datePublished\":\"2025-06-26T16:04:42+00:00\",\"dateModified\":\"2025-06-26T16:04:43+00:00\",\"breadcrumb\":{\"@id\":\"https:\/\/blogdobispo.com.br\/?p=5747#breadcrumb\"},\"inLanguage\":\"pt-BR\",\"potentialAction\":[{\"@type\":\"ReadAction\",\"target\":[\"https:\/\/blogdobispo.com.br\/?p=5747\"]}]},{\"@type\":\"ImageObject\",\"inLanguage\":\"pt-BR\",\"@id\":\"https:\/\/blogdobispo.com.br\/?p=5747#primaryimage\",\"url\":\"http:\/\/blogdobispo.com.br\/wp-content\/uploads\/2025\/06\/ee9ff42a87359efa0dceb27303e82b95.jpg\",\"contentUrl\":\"http:\/\/blogdobispo.com.br\/wp-content\/uploads\/2025\/06\/ee9ff42a87359efa0dceb27303e82b95.jpg\"},{\"@type\":\"BreadcrumbList\",\"@id\":\"https:\/\/blogdobispo.com.br\/?p=5747#breadcrumb\",\"itemListElement\":[{\"@type\":\"ListItem\",\"position\":1,\"name\":\"In\u00edcio\",\"item\":\"https:\/\/blogdobispo.com.br\/\"},{\"@type\":\"ListItem\",\"position\":2,\"name\":\"Trabalho da Guarda Municipal de Natal \u00e9 reconhecido pela C\u00e2mara em sess\u00e3o solene\"}]},{\"@type\":\"WebSite\",\"@id\":\"https:\/\/blogdobispo.com.br\/#website\",\"url\":\"https:\/\/blogdobispo.com.br\/\",\"name\":\"Blog do Bispo\",\"description\":\"Comprometido apenas com o leitor\",\"publisher\":{\"@id\":\"https:\/\/blogdobispo.com.br\/#organization\"},\"potentialAction\":[{\"@type\":\"SearchAction\",\"target\":{\"@type\":\"EntryPoint\",\"urlTemplate\":\"https:\/\/blogdobispo.com.br\/?s={search_term_string}\"},\"query-input\":{\"@type\":\"PropertyValueSpecification\",\"valueRequired\":true,\"valueName\":\"search_term_string\"}}],\"inLanguage\":\"pt-BR\"},{\"@type\":\"Organization\",\"@id\":\"https:\/\/blogdobispo.com.br\/#organization\",\"name\":\"Blog do Bispo\",\"url\":\"https:\/\/blogdobispo.com.br\/\",\"logo\":{\"@type\":\"ImageObject\",\"inLanguage\":\"pt-BR\",\"@id\":\"https:\/\/blogdobispo.com.br\/#\/schema\/logo\/image\/\",\"url\":\"http:\/\/blogdobispo.com.br\/wp-content\/uploads\/2023\/05\/cropped-headear.png\",\"contentUrl\":\"http:\/\/blogdobispo.com.br\/wp-content\/uploads\/2023\/05\/cropped-headear.png\",\"width\":1500,\"height\":399,\"caption\":\"Blog do Bispo\"},\"image\":{\"@id\":\"https:\/\/blogdobispo.com.br\/#\/schema\/logo\/image\/\"}},{\"@type\":\"Person\",\"@id\":\"https:\/\/blogdobispo.com.br\/#\/schema\/person\/e2209cc0e6cea5c5233d033e997b373f\",\"name\":\"Jefferson Sterfeno\",\"image\":{\"@type\":\"ImageObject\",\"inLanguage\":\"pt-BR\",\"@id\":\"https:\/\/blogdobispo.com.br\/#\/schema\/person\/image\/\",\"url\":\"https:\/\/secure.gravatar.com\/avatar\/0534e84764641168a677026b6d57a3f51dc7ac4db0b4f6186d9cb330d4ee1160?s=96&d=mm&r=g\",\"contentUrl\":\"https:\/\/secure.gravatar.com\/avatar\/0534e84764641168a677026b6d57a3f51dc7ac4db0b4f6186d9cb330d4ee1160?s=96&d=mm&r=g\",\"caption\":\"Jefferson Sterfeno\"},\"sameAs\":[\"http:\/\/blogdobispo.com.br\"],\"url\":\"https:\/\/blogdobispo.com.br\/?author=1\"}]}<\/script>\n<!-- \/ Yoast SEO plugin. -->","yoast_head_json":{"title":"Trabalho da Guarda Municipal de Natal \u00e9 reconhecido pela C\u00e2mara em sess\u00e3o solene - Blog do Bispo","robots":{"index":"index","follow":"follow","max-snippet":"max-snippet:-1","max-image-preview":"max-image-preview:large","max-video-preview":"max-video-preview:-1"},"canonical":"https:\/\/blogdobispo.com.br\/?p=5747","og_locale":"pt_BR","og_type":"article","og_title":"Trabalho da Guarda Municipal de Natal \u00e9 reconhecido pela C\u00e2mara em sess\u00e3o solene - Blog do Bispo","og_description":"Criada em 1991, pela ent\u00e3o prefeita Wilma de Faria, a Guarda Municipal de Natal se destaca no aux\u00edlio \u00e0 seguran\u00e7a p\u00fablica da capital potiguar. A C\u00e2mara Municipal de Natal, em reconhecimento ao trabalho desenvolvido, prestou homenagem aos 34 anos da corpora\u00e7\u00e3o com a entrega da Comenda Carlos Ant\u00f4nio e diplomas merit\u00f3rios, em sess\u00e3o solene realizada [&hellip;]","og_url":"https:\/\/blogdobispo.com.br\/?p=5747","og_site_name":"Blog do Bispo","article_published_time":"2025-06-26T16:04:42+00:00","article_modified_time":"2025-06-26T16:04:43+00:00","og_image":[{"url":"http:\/\/blogdobispo.com.br\/wp-content\/uploads\/2025\/06\/ee9ff42a87359efa0dceb27303e82b95.jpg","type":"","width":"","height":""}],"author":"Jefferson Sterfeno","twitter_card":"summary_large_image","twitter_misc":{"Escrito por":"Jefferson Sterfeno","Est. tempo de leitura":"4 minutos"},"schema":{"@context":"https:\/\/schema.org","@graph":[{"@type":"Article","@id":"https:\/\/blogdobispo.com.br\/?p=5747#article","isPartOf":{"@id":"https:\/\/blogdobispo.com.br\/?p=5747"},"author":{"name":"Jefferson Sterfeno","@id":"https:\/\/blogdobispo.com.br\/#\/schema\/person\/e2209cc0e6cea5c5233d033e997b373f"},"headline":"Trabalho da Guarda Municipal de Natal \u00e9 reconhecido pela C\u00e2mara em sess\u00e3o solene","datePublished":"2025-06-26T16:04:42+00:00","dateModified":"2025-06-26T16:04:43+00:00","mainEntityOfPage":{"@id":"https:\/\/blogdobispo.com.br\/?p=5747"},"wordCount":599,"commentCount":0,"publisher":{"@id":"https:\/\/blogdobispo.com.br\/#organization"},"image":{"@id":"https:\/\/blogdobispo.com.br\/?p=5747#primaryimage"},"thumbnailUrl":"http:\/\/blogdobispo.com.br\/wp-content\/uploads\/2025\/06\/ee9ff42a87359efa0dceb27303e82b95.jpg","articleSection":["diversos"],"inLanguage":"pt-BR","potentialAction":[{"@type":"CommentAction","name":"Comment","target":["https:\/\/blogdobispo.com.br\/?p=5747#respond"]}]},{"@type":"WebPage","@id":"https:\/\/blogdobispo.com.br\/?p=5747","url":"https:\/\/blogdobispo.com.br\/?p=5747","name":"Trabalho da Guarda Municipal de Natal \u00e9 reconhecido pela C\u00e2mara em sess\u00e3o solene - Blog do Bispo","isPartOf":{"@id":"https:\/\/blogdobispo.com.br\/#website"},"primaryImageOfPage":{"@id":"https:\/\/blogdobispo.com.br\/?p=5747#primaryimage"},"image":{"@id":"https:\/\/blogdobispo.com.br\/?p=5747#primaryimage"},"thumbnailUrl":"http:\/\/blogdobispo.com.br\/wp-content\/uploads\/2025\/06\/ee9ff42a87359efa0dceb27303e82b95.jpg","datePublished":"2025-06-26T16:04:42+00:00","dateModified":"2025-06-26T16:04:43+00:00","breadcrumb":{"@id":"https:\/\/blogdobispo.com.br\/?p=5747#breadcrumb"},"inLanguage":"pt-BR","potentialAction":[{"@type":"ReadAction","target":["https:\/\/blogdobispo.com.br\/?p=5747"]}]},{"@type":"ImageObject","inLanguage":"pt-BR","@id":"https:\/\/blogdobispo.com.br\/?p=5747#primaryimage","url":"http:\/\/blogdobispo.com.br\/wp-content\/uploads\/2025\/06\/ee9ff42a87359efa0dceb27303e82b95.jpg","contentUrl":"http:\/\/blogdobispo.com.br\/wp-content\/uploads\/2025\/06\/ee9ff42a87359efa0dceb27303e82b95.jpg"},{"@type":"BreadcrumbList","@id":"https:\/\/blogdobispo.com.br\/?p=5747#breadcrumb","itemListElement":[{"@type":"ListItem","position":1,"name":"In\u00edcio","item":"https:\/\/blogdobispo.com.br\/"},{"@type":"ListItem","position":2,"name":"Trabalho da Guarda Municipal de Natal \u00e9 reconhecido pela C\u00e2mara em sess\u00e3o solene"}]},{"@type":"WebSite","@id":"https:\/\/blogdobispo.com.br\/#website","url":"https:\/\/blogdobispo.com.br\/","name":"Blog do Bispo","description":"Comprometido apenas com o leitor","publisher":{"@id":"https:\/\/blogdobispo.com.br\/#organization"},"potentialAction":[{"@type":"SearchAction","target":{"@type":"EntryPoint","urlTemplate":"https:\/\/blogdobispo.com.br\/?s={search_term_string}"},"query-input":{"@type":"PropertyValueSpecification","valueRequired":true,"valueName":"search_term_string"}}],"inLanguage":"pt-BR"},{"@type":"Organization","@id":"https:\/\/blogdobispo.com.br\/#organization","name":"Blog do Bispo","url":"https:\/\/blogdobispo.com.br\/","logo":{"@type":"ImageObject","inLanguage":"pt-BR","@id":"https:\/\/blogdobispo.com.br\/#\/schema\/logo\/image\/","url":"http:\/\/blogdobispo.com.br\/wp-content\/uploads\/2023\/05\/cropped-headear.png","contentUrl":"http:\/\/blogdobispo.com.br\/wp-content\/uploads\/2023\/05\/cropped-headear.png","width":1500,"height":399,"caption":"Blog do Bispo"},"image":{"@id":"https:\/\/blogdobispo.com.br\/#\/schema\/logo\/image\/"}},{"@type":"Person","@id":"https:\/\/blogdobispo.com.br\/#\/schema\/person\/e2209cc0e6cea5c5233d033e997b373f","name":"Jefferson Sterfeno","image":{"@type":"ImageObject","inLanguage":"pt-BR","@id":"https:\/\/blogdobispo.com.br\/#\/schema\/person\/image\/","url":"https:\/\/secure.gravatar.com\/avatar\/0534e84764641168a677026b6d57a3f51dc7ac4db0b4f6186d9cb330d4ee1160?s=96&d=mm&r=g","contentUrl":"https:\/\/secure.gravatar.com\/avatar\/0534e84764641168a677026b6d57a3f51dc7ac4db0b4f6186d9cb330d4ee1160?s=96&d=mm&r=g","caption":"Jefferson Sterfeno"},"sameAs":["http:\/\/blogdobispo.com.br"],"url":"https:\/\/blogdobispo.com.br\/?author=1"}]}},"featured_image_urls":{"full":"","thumbnail":"","medium":"","medium_large":"","large":"","1536x1536":"","2048x2048":""},"author_info":{"display_name":"Jefferson Sterfeno","author_link":"https:\/\/blogdobispo.com.br\/?author=1"},"category_info":"<a href=\"https:\/\/blogdobispo.com.br\/?cat=1\" rel=\"category\">diversos<\/a>","tag_info":"diversos","comment_count":"0","jetpack_featured_media_url":"","jetpack_sharing_enabled":true,"_links":{"self":[{"href":"https:\/\/blogdobispo.com.br\/index.php?rest_route=\/wp\/v2\/posts\/5747","targetHints":{"allow":["GET"]}}],"collection":[{"href":"https:\/\/blogdobispo.com.br\/index.php?rest_route=\/wp\/v2\/posts"}],"about":[{"href":"https:\/\/blogdobispo.com.br\/index.php?rest_route=\/wp\/v2\/types\/post"}],"author":[{"embeddable":true,"href":"https:\/\/blogdobispo.com.br\/index.php?rest_route=\/wp\/v2\/users\/1"}],"replies":[{"embeddable":true,"href":"https:\/\/blogdobispo.com.br\/index.php?rest_route=%2Fwp%2Fv2%2Fcomments&post=5747"}],"version-history":[{"count":1,"href":"https:\/\/blogdobispo.com.br\/index.php?rest_route=\/wp\/v2\/posts\/5747\/revisions"}],"predecessor-version":[{"id":5749,"href":"https:\/\/blogdobispo.com.br\/index.php?rest_route=\/wp\/v2\/posts\/5747\/revisions\/5749"}],"wp:attachment":[{"href":"https:\/\/blogdobispo.com.br\/index.php?rest_route=%2Fwp%2Fv2%2Fmedia&parent=5747"}],"wp:term":[{"taxonomy":"category","embeddable":true,"href":"https:\/\/blogdobispo.com.br\/index.php?rest_route=%2Fwp%2Fv2%2Fcategories&post=5747"},{"taxonomy":"post_tag","embeddable":true,"href":"https:\/\/blogdobispo.com.br\/index.php?rest_route=%2Fwp%2Fv2%2Ftags&post=5747"}],"curies":[{"name":"wp","href":"https:\/\/api.w.org\/{rel}","templated":true}]}}