{"id":5744,"date":"2025-06-26T16:02:17","date_gmt":"2025-06-26T16:02:17","guid":{"rendered":"https:\/\/blogdobispo.com.br\/?p=5744"},"modified":"2025-06-26T16:02:18","modified_gmt":"2025-06-26T16:02:18","slug":"adjuto-dias-cobra-regularizacao-de-atendimento-em-saude-no-rn","status":"publish","type":"post","link":"https:\/\/blogdobispo.com.br\/?p=5744","title":{"rendered":"Adjuto Dias cobra regulariza\u00e7\u00e3o de atendimento em sa\u00fade no RN"},"content":{"rendered":"\n<p>Durante a sess\u00e3o plen\u00e1ria desta quinta-feira (26), na Assembleia Legislativa do Rio Grande do Norte, o deputado estadual Adjuto Dias (MDB) teceu cr\u00edticas \u00e0 atual situa\u00e7\u00e3o da sa\u00fade p\u00fablica no estado. O parlamentar relatou epis\u00f3dios de desassist\u00eancia a pacientes e cobrou provid\u00eancias do Governo diante da escassez de medicamentos e da suspens\u00e3o de servi\u00e7os essenciais.<\/p>\n\n\n\n<p>\u201cVivemos um cen\u00e1rio ca\u00f3tico. H\u00e1 pouco tempo, a Unicat chegou a registrar a aus\u00eancia de cerca de 40% dos medicamentos que deveria fornecer \u00e0 popula\u00e7\u00e3o. Agora, somam-se den\u00fancias de pacientes sem acesso a bolsas de colostomia, recorrendo a improvisos com sacos pl\u00e1sticos\u201d, declarou o deputado. A situa\u00e7\u00e3o tamb\u00e9m foi refor\u00e7ada pelo deputado Luiz Eduardo (SDD), em aparte, ao reiterar as dificuldades enfrentadas pelos usu\u00e1rios do sistema de sa\u00fade.<\/p>\n\n\n\n<p>Adjuto ainda chamou aten\u00e7\u00e3o para o caso de um paciente em Caic\u00f3 que necessita de atendimento domiciliar (homecare), mas que n\u00e3o est\u00e1 sendo assistido, possivelmente por falta de pagamento do governo \u00e0s empresas credenciadas. Segundo ele, esse \u00e9 mais um reflexo da precariedade da assist\u00eancia prestada, afetando diretamente cidad\u00e3os em situa\u00e7\u00e3o de vulnerabilidade.<\/p>\n\n\n\n<p>\u201c\u00c9 inadmiss\u00edvel que pessoas com necessidades comprovadas fiquem sem atendimento por omiss\u00e3o do Estado. Protocolamos requerimento pedindo explica\u00e7\u00f5es sobre o motivo pelo qual esse tipo de servi\u00e7o n\u00e3o est\u00e1 sendo prestado\u201d, informou.<\/p>\n\n\n\n<p>O deputado tamb\u00e9m criticou a justificativa recorrente dada por integrantes do Executivo Estadual para os problemas enfrentados na sa\u00fade: a falta de recursos. Ele questionou o argumento, destacando que a arrecada\u00e7\u00e3o do Estado vem batendo recordes sucessivos.<\/p>\n\n\n\n<p>\u201c\u00c9 sempre a mesma resposta: faltam recursos. Isso significa que querem aumentar impostos. Mas a popula\u00e7\u00e3o n\u00e3o aguenta mais. N\u00e3o se pode responsabilizar o cidad\u00e3o por um problema de gest\u00e3o. O Estado precisa assumir suas obriga\u00e7\u00f5es. J\u00e1 arrecada muito \u2014 \u00e9 preciso, agora, investir com responsabilidade\u201d, concluiu.<\/p>\n\n\n\n<figure class=\"wp-block-image\"><img data-recalc-dims=\"1\" fetchpriority=\"high\" decoding=\"async\" width=\"800\" height=\"533\" src=\"https:\/\/i0.wp.com\/blogdobispo.com.br\/wp-content\/uploads\/2025\/06\/eGzO0UPet3xEzmPn6A2KXjXSENtnPQ94QzNyadyg.jpg?resize=800%2C533\" alt=\"\" class=\"wp-image-5745\" srcset=\"https:\/\/i0.wp.com\/blogdobispo.com.br\/wp-content\/uploads\/2025\/06\/eGzO0UPet3xEzmPn6A2KXjXSENtnPQ94QzNyadyg.jpg?w=2560&amp;ssl=1 2560w, https:\/\/i0.wp.com\/blogdobispo.com.br\/wp-content\/uploads\/2025\/06\/eGzO0UPet3xEzmPn6A2KXjXSENtnPQ94QzNyadyg.jpg?resize=300%2C200&amp;ssl=1 300w, https:\/\/i0.wp.com\/blogdobispo.com.br\/wp-content\/uploads\/2025\/06\/eGzO0UPet3xEzmPn6A2KXjXSENtnPQ94QzNyadyg.jpg?resize=1024%2C682&amp;ssl=1 1024w, https:\/\/i0.wp.com\/blogdobispo.com.br\/wp-content\/uploads\/2025\/06\/eGzO0UPet3xEzmPn6A2KXjXSENtnPQ94QzNyadyg.jpg?resize=768%2C512&amp;ssl=1 768w, https:\/\/i0.wp.com\/blogdobispo.com.br\/wp-content\/uploads\/2025\/06\/eGzO0UPet3xEzmPn6A2KXjXSENtnPQ94QzNyadyg.jpg?resize=1536%2C1023&amp;ssl=1 1536w, https:\/\/i0.wp.com\/blogdobispo.com.br\/wp-content\/uploads\/2025\/06\/eGzO0UPet3xEzmPn6A2KXjXSENtnPQ94QzNyadyg.jpg?resize=2048%2C1364&amp;ssl=1 2048w, https:\/\/i0.wp.com\/blogdobispo.com.br\/wp-content\/uploads\/2025\/06\/eGzO0UPet3xEzmPn6A2KXjXSENtnPQ94QzNyadyg.jpg?w=1600 1600w, https:\/\/i0.wp.com\/blogdobispo.com.br\/wp-content\/uploads\/2025\/06\/eGzO0UPet3xEzmPn6A2KXjXSENtnPQ94QzNyadyg.jpg?w=2400 2400w\" sizes=\"(max-width: 800px) 100vw, 800px\" \/><\/figure>\n","protected":false},"excerpt":{"rendered":"<p>Durante a sess\u00e3o plen\u00e1ria desta quinta-feira (26), na Assembleia Legislativa do Rio Grande do Norte, o deputado estadual Adjuto Dias (MDB) teceu cr\u00edticas \u00e0 atual situa\u00e7\u00e3o da sa\u00fade p\u00fablica no estado. O parlamentar relatou epis\u00f3dios de desassist\u00eancia a pacientes e cobrou provid\u00eancias do Governo diante da escassez de medicamentos e da suspens\u00e3o de servi\u00e7os essenciais. [&hellip;]<\/p>\n","protected":false},"author":1,"featured_media":0,"comment_status":"open","ping_status":"open","sticky":false,"template":"","format":"standard","meta":{"cybocfi_hide_featured_image":"","_jetpack_memberships_contains_paid_content":false,"footnotes":""},"categories":[1],"tags":[],"class_list":["post-5744","post","type-post","status-publish","format-standard","hentry","category-diversos"],"yoast_head":"<!-- This site is optimized with the Yoast SEO plugin v25.6 - https:\/\/yoast.com\/wordpress\/plugins\/seo\/ -->\n<title>Adjuto Dias cobra regulariza\u00e7\u00e3o de atendimento em sa\u00fade no RN - Blog do Bispo<\/title>\n<meta name=\"robots\" content=\"index, follow, max-snippet:-1, max-image-preview:large, max-video-preview:-1\" \/>\n<link rel=\"canonical\" href=\"https:\/\/blogdobispo.com.br\/?p=5744\" \/>\n<meta property=\"og:locale\" content=\"pt_BR\" \/>\n<meta property=\"og:type\" content=\"article\" \/>\n<meta property=\"og:title\" content=\"Adjuto Dias cobra regulariza\u00e7\u00e3o de atendimento em sa\u00fade no RN - Blog do Bispo\" \/>\n<meta property=\"og:description\" content=\"Durante a sess\u00e3o plen\u00e1ria desta quinta-feira (26), na Assembleia Legislativa do Rio Grande do Norte, o deputado estadual Adjuto Dias (MDB) teceu cr\u00edticas \u00e0 atual situa\u00e7\u00e3o da sa\u00fade p\u00fablica no estado. O parlamentar relatou epis\u00f3dios de desassist\u00eancia a pacientes e cobrou provid\u00eancias do Governo diante da escassez de medicamentos e da suspens\u00e3o de servi\u00e7os essenciais. [&hellip;]\" \/>\n<meta property=\"og:url\" content=\"https:\/\/blogdobispo.com.br\/?p=5744\" \/>\n<meta property=\"og:site_name\" content=\"Blog do Bispo\" \/>\n<meta property=\"article:published_time\" content=\"2025-06-26T16:02:17+00:00\" \/>\n<meta property=\"article:modified_time\" content=\"2025-06-26T16:02:18+00:00\" \/>\n<meta property=\"og:image\" content=\"http:\/\/blogdobispo.com.br\/wp-content\/uploads\/2025\/06\/eGzO0UPet3xEzmPn6A2KXjXSENtnPQ94QzNyadyg.jpg\" \/>\n<meta name=\"author\" content=\"Jefferson Sterfeno\" \/>\n<meta name=\"twitter:card\" content=\"summary_large_image\" \/>\n<meta name=\"twitter:label1\" content=\"Escrito por\" \/>\n\t<meta name=\"twitter:data1\" content=\"Jefferson Sterfeno\" \/>\n\t<meta name=\"twitter:label2\" content=\"Est. tempo de leitura\" \/>\n\t<meta name=\"twitter:data2\" content=\"2 minutos\" \/>\n<script type=\"application\/ld+json\" class=\"yoast-schema-graph\">{\"@context\":\"https:\/\/schema.org\",\"@graph\":[{\"@type\":\"Article\",\"@id\":\"https:\/\/blogdobispo.com.br\/?p=5744#article\",\"isPartOf\":{\"@id\":\"https:\/\/blogdobispo.com.br\/?p=5744\"},\"author\":{\"name\":\"Jefferson Sterfeno\",\"@id\":\"https:\/\/blogdobispo.com.br\/#\/schema\/person\/e2209cc0e6cea5c5233d033e997b373f\"},\"headline\":\"Adjuto Dias cobra regulariza\u00e7\u00e3o de atendimento em sa\u00fade no RN\",\"datePublished\":\"2025-06-26T16:02:17+00:00\",\"dateModified\":\"2025-06-26T16:02:18+00:00\",\"mainEntityOfPage\":{\"@id\":\"https:\/\/blogdobispo.com.br\/?p=5744\"},\"wordCount\":336,\"commentCount\":0,\"publisher\":{\"@id\":\"https:\/\/blogdobispo.com.br\/#organization\"},\"image\":{\"@id\":\"https:\/\/blogdobispo.com.br\/?p=5744#primaryimage\"},\"thumbnailUrl\":\"http:\/\/blogdobispo.com.br\/wp-content\/uploads\/2025\/06\/eGzO0UPet3xEzmPn6A2KXjXSENtnPQ94QzNyadyg.jpg\",\"articleSection\":[\"diversos\"],\"inLanguage\":\"pt-BR\",\"potentialAction\":[{\"@type\":\"CommentAction\",\"name\":\"Comment\",\"target\":[\"https:\/\/blogdobispo.com.br\/?p=5744#respond\"]}]},{\"@type\":\"WebPage\",\"@id\":\"https:\/\/blogdobispo.com.br\/?p=5744\",\"url\":\"https:\/\/blogdobispo.com.br\/?p=5744\",\"name\":\"Adjuto Dias cobra regulariza\u00e7\u00e3o de atendimento em sa\u00fade no RN - Blog do Bispo\",\"isPartOf\":{\"@id\":\"https:\/\/blogdobispo.com.br\/#website\"},\"primaryImageOfPage\":{\"@id\":\"https:\/\/blogdobispo.com.br\/?p=5744#primaryimage\"},\"image\":{\"@id\":\"https:\/\/blogdobispo.com.br\/?p=5744#primaryimage\"},\"thumbnailUrl\":\"http:\/\/blogdobispo.com.br\/wp-content\/uploads\/2025\/06\/eGzO0UPet3xEzmPn6A2KXjXSENtnPQ94QzNyadyg.jpg\",\"datePublished\":\"2025-06-26T16:02:17+00:00\",\"dateModified\":\"2025-06-26T16:02:18+00:00\",\"breadcrumb\":{\"@id\":\"https:\/\/blogdobispo.com.br\/?p=5744#breadcrumb\"},\"inLanguage\":\"pt-BR\",\"potentialAction\":[{\"@type\":\"ReadAction\",\"target\":[\"https:\/\/blogdobispo.com.br\/?p=5744\"]}]},{\"@type\":\"ImageObject\",\"inLanguage\":\"pt-BR\",\"@id\":\"https:\/\/blogdobispo.com.br\/?p=5744#primaryimage\",\"url\":\"http:\/\/blogdobispo.com.br\/wp-content\/uploads\/2025\/06\/eGzO0UPet3xEzmPn6A2KXjXSENtnPQ94QzNyadyg.jpg\",\"contentUrl\":\"http:\/\/blogdobispo.com.br\/wp-content\/uploads\/2025\/06\/eGzO0UPet3xEzmPn6A2KXjXSENtnPQ94QzNyadyg.jpg\"},{\"@type\":\"BreadcrumbList\",\"@id\":\"https:\/\/blogdobispo.com.br\/?p=5744#breadcrumb\",\"itemListElement\":[{\"@type\":\"ListItem\",\"position\":1,\"name\":\"In\u00edcio\",\"item\":\"https:\/\/blogdobispo.com.br\/\"},{\"@type\":\"ListItem\",\"position\":2,\"name\":\"Adjuto Dias cobra regulariza\u00e7\u00e3o de atendimento em sa\u00fade no RN\"}]},{\"@type\":\"WebSite\",\"@id\":\"https:\/\/blogdobispo.com.br\/#website\",\"url\":\"https:\/\/blogdobispo.com.br\/\",\"name\":\"Blog do Bispo\",\"description\":\"Comprometido apenas com o leitor\",\"publisher\":{\"@id\":\"https:\/\/blogdobispo.com.br\/#organization\"},\"potentialAction\":[{\"@type\":\"SearchAction\",\"target\":{\"@type\":\"EntryPoint\",\"urlTemplate\":\"https:\/\/blogdobispo.com.br\/?s={search_term_string}\"},\"query-input\":{\"@type\":\"PropertyValueSpecification\",\"valueRequired\":true,\"valueName\":\"search_term_string\"}}],\"inLanguage\":\"pt-BR\"},{\"@type\":\"Organization\",\"@id\":\"https:\/\/blogdobispo.com.br\/#organization\",\"name\":\"Blog do Bispo\",\"url\":\"https:\/\/blogdobispo.com.br\/\",\"logo\":{\"@type\":\"ImageObject\",\"inLanguage\":\"pt-BR\",\"@id\":\"https:\/\/blogdobispo.com.br\/#\/schema\/logo\/image\/\",\"url\":\"http:\/\/blogdobispo.com.br\/wp-content\/uploads\/2023\/05\/cropped-headear.png\",\"contentUrl\":\"http:\/\/blogdobispo.com.br\/wp-content\/uploads\/2023\/05\/cropped-headear.png\",\"width\":1500,\"height\":399,\"caption\":\"Blog do Bispo\"},\"image\":{\"@id\":\"https:\/\/blogdobispo.com.br\/#\/schema\/logo\/image\/\"}},{\"@type\":\"Person\",\"@id\":\"https:\/\/blogdobispo.com.br\/#\/schema\/person\/e2209cc0e6cea5c5233d033e997b373f\",\"name\":\"Jefferson Sterfeno\",\"image\":{\"@type\":\"ImageObject\",\"inLanguage\":\"pt-BR\",\"@id\":\"https:\/\/blogdobispo.com.br\/#\/schema\/person\/image\/\",\"url\":\"https:\/\/secure.gravatar.com\/avatar\/0534e84764641168a677026b6d57a3f51dc7ac4db0b4f6186d9cb330d4ee1160?s=96&d=mm&r=g\",\"contentUrl\":\"https:\/\/secure.gravatar.com\/avatar\/0534e84764641168a677026b6d57a3f51dc7ac4db0b4f6186d9cb330d4ee1160?s=96&d=mm&r=g\",\"caption\":\"Jefferson Sterfeno\"},\"sameAs\":[\"http:\/\/blogdobispo.com.br\"],\"url\":\"https:\/\/blogdobispo.com.br\/?author=1\"}]}<\/script>\n<!-- \/ Yoast SEO plugin. -->","yoast_head_json":{"title":"Adjuto Dias cobra regulariza\u00e7\u00e3o de atendimento em sa\u00fade no RN - Blog do Bispo","robots":{"index":"index","follow":"follow","max-snippet":"max-snippet:-1","max-image-preview":"max-image-preview:large","max-video-preview":"max-video-preview:-1"},"canonical":"https:\/\/blogdobispo.com.br\/?p=5744","og_locale":"pt_BR","og_type":"article","og_title":"Adjuto Dias cobra regulariza\u00e7\u00e3o de atendimento em sa\u00fade no RN - Blog do Bispo","og_description":"Durante a sess\u00e3o plen\u00e1ria desta quinta-feira (26), na Assembleia Legislativa do Rio Grande do Norte, o deputado estadual Adjuto Dias (MDB) teceu cr\u00edticas \u00e0 atual situa\u00e7\u00e3o da sa\u00fade p\u00fablica no estado. O parlamentar relatou epis\u00f3dios de desassist\u00eancia a pacientes e cobrou provid\u00eancias do Governo diante da escassez de medicamentos e da suspens\u00e3o de servi\u00e7os essenciais. [&hellip;]","og_url":"https:\/\/blogdobispo.com.br\/?p=5744","og_site_name":"Blog do Bispo","article_published_time":"2025-06-26T16:02:17+00:00","article_modified_time":"2025-06-26T16:02:18+00:00","og_image":[{"url":"http:\/\/blogdobispo.com.br\/wp-content\/uploads\/2025\/06\/eGzO0UPet3xEzmPn6A2KXjXSENtnPQ94QzNyadyg.jpg","type":"","width":"","height":""}],"author":"Jefferson Sterfeno","twitter_card":"summary_large_image","twitter_misc":{"Escrito por":"Jefferson Sterfeno","Est. tempo de leitura":"2 minutos"},"schema":{"@context":"https:\/\/schema.org","@graph":[{"@type":"Article","@id":"https:\/\/blogdobispo.com.br\/?p=5744#article","isPartOf":{"@id":"https:\/\/blogdobispo.com.br\/?p=5744"},"author":{"name":"Jefferson Sterfeno","@id":"https:\/\/blogdobispo.com.br\/#\/schema\/person\/e2209cc0e6cea5c5233d033e997b373f"},"headline":"Adjuto Dias cobra regulariza\u00e7\u00e3o de atendimento em sa\u00fade no RN","datePublished":"2025-06-26T16:02:17+00:00","dateModified":"2025-06-26T16:02:18+00:00","mainEntityOfPage":{"@id":"https:\/\/blogdobispo.com.br\/?p=5744"},"wordCount":336,"commentCount":0,"publisher":{"@id":"https:\/\/blogdobispo.com.br\/#organization"},"image":{"@id":"https:\/\/blogdobispo.com.br\/?p=5744#primaryimage"},"thumbnailUrl":"http:\/\/blogdobispo.com.br\/wp-content\/uploads\/2025\/06\/eGzO0UPet3xEzmPn6A2KXjXSENtnPQ94QzNyadyg.jpg","articleSection":["diversos"],"inLanguage":"pt-BR","potentialAction":[{"@type":"CommentAction","name":"Comment","target":["https:\/\/blogdobispo.com.br\/?p=5744#respond"]}]},{"@type":"WebPage","@id":"https:\/\/blogdobispo.com.br\/?p=5744","url":"https:\/\/blogdobispo.com.br\/?p=5744","name":"Adjuto Dias cobra regulariza\u00e7\u00e3o de atendimento em sa\u00fade no RN - Blog do Bispo","isPartOf":{"@id":"https:\/\/blogdobispo.com.br\/#website"},"primaryImageOfPage":{"@id":"https:\/\/blogdobispo.com.br\/?p=5744#primaryimage"},"image":{"@id":"https:\/\/blogdobispo.com.br\/?p=5744#primaryimage"},"thumbnailUrl":"http:\/\/blogdobispo.com.br\/wp-content\/uploads\/2025\/06\/eGzO0UPet3xEzmPn6A2KXjXSENtnPQ94QzNyadyg.jpg","datePublished":"2025-06-26T16:02:17+00:00","dateModified":"2025-06-26T16:02:18+00:00","breadcrumb":{"@id":"https:\/\/blogdobispo.com.br\/?p=5744#breadcrumb"},"inLanguage":"pt-BR","potentialAction":[{"@type":"ReadAction","target":["https:\/\/blogdobispo.com.br\/?p=5744"]}]},{"@type":"ImageObject","inLanguage":"pt-BR","@id":"https:\/\/blogdobispo.com.br\/?p=5744#primaryimage","url":"http:\/\/blogdobispo.com.br\/wp-content\/uploads\/2025\/06\/eGzO0UPet3xEzmPn6A2KXjXSENtnPQ94QzNyadyg.jpg","contentUrl":"http:\/\/blogdobispo.com.br\/wp-content\/uploads\/2025\/06\/eGzO0UPet3xEzmPn6A2KXjXSENtnPQ94QzNyadyg.jpg"},{"@type":"BreadcrumbList","@id":"https:\/\/blogdobispo.com.br\/?p=5744#breadcrumb","itemListElement":[{"@type":"ListItem","position":1,"name":"In\u00edcio","item":"https:\/\/blogdobispo.com.br\/"},{"@type":"ListItem","position":2,"name":"Adjuto Dias cobra regulariza\u00e7\u00e3o de atendimento em sa\u00fade no RN"}]},{"@type":"WebSite","@id":"https:\/\/blogdobispo.com.br\/#website","url":"https:\/\/blogdobispo.com.br\/","name":"Blog do Bispo","description":"Comprometido apenas com o leitor","publisher":{"@id":"https:\/\/blogdobispo.com.br\/#organization"},"potentialAction":[{"@type":"SearchAction","target":{"@type":"EntryPoint","urlTemplate":"https:\/\/blogdobispo.com.br\/?s={search_term_string}"},"query-input":{"@type":"PropertyValueSpecification","valueRequired":true,"valueName":"search_term_string"}}],"inLanguage":"pt-BR"},{"@type":"Organization","@id":"https:\/\/blogdobispo.com.br\/#organization","name":"Blog do Bispo","url":"https:\/\/blogdobispo.com.br\/","logo":{"@type":"ImageObject","inLanguage":"pt-BR","@id":"https:\/\/blogdobispo.com.br\/#\/schema\/logo\/image\/","url":"http:\/\/blogdobispo.com.br\/wp-content\/uploads\/2023\/05\/cropped-headear.png","contentUrl":"http:\/\/blogdobispo.com.br\/wp-content\/uploads\/2023\/05\/cropped-headear.png","width":1500,"height":399,"caption":"Blog do Bispo"},"image":{"@id":"https:\/\/blogdobispo.com.br\/#\/schema\/logo\/image\/"}},{"@type":"Person","@id":"https:\/\/blogdobispo.com.br\/#\/schema\/person\/e2209cc0e6cea5c5233d033e997b373f","name":"Jefferson Sterfeno","image":{"@type":"ImageObject","inLanguage":"pt-BR","@id":"https:\/\/blogdobispo.com.br\/#\/schema\/person\/image\/","url":"https:\/\/secure.gravatar.com\/avatar\/0534e84764641168a677026b6d57a3f51dc7ac4db0b4f6186d9cb330d4ee1160?s=96&d=mm&r=g","contentUrl":"https:\/\/secure.gravatar.com\/avatar\/0534e84764641168a677026b6d57a3f51dc7ac4db0b4f6186d9cb330d4ee1160?s=96&d=mm&r=g","caption":"Jefferson Sterfeno"},"sameAs":["http:\/\/blogdobispo.com.br"],"url":"https:\/\/blogdobispo.com.br\/?author=1"}]}},"featured_image_urls":{"full":"","thumbnail":"","medium":"","medium_large":"","large":"","1536x1536":"","2048x2048":""},"author_info":{"display_name":"Jefferson Sterfeno","author_link":"https:\/\/blogdobispo.com.br\/?author=1"},"category_info":"<a href=\"https:\/\/blogdobispo.com.br\/?cat=1\" rel=\"category\">diversos<\/a>","tag_info":"diversos","comment_count":"0","jetpack_featured_media_url":"","jetpack_sharing_enabled":true,"_links":{"self":[{"href":"https:\/\/blogdobispo.com.br\/index.php?rest_route=\/wp\/v2\/posts\/5744","targetHints":{"allow":["GET"]}}],"collection":[{"href":"https:\/\/blogdobispo.com.br\/index.php?rest_route=\/wp\/v2\/posts"}],"about":[{"href":"https:\/\/blogdobispo.com.br\/index.php?rest_route=\/wp\/v2\/types\/post"}],"author":[{"embeddable":true,"href":"https:\/\/blogdobispo.com.br\/index.php?rest_route=\/wp\/v2\/users\/1"}],"replies":[{"embeddable":true,"href":"https:\/\/blogdobispo.com.br\/index.php?rest_route=%2Fwp%2Fv2%2Fcomments&post=5744"}],"version-history":[{"count":1,"href":"https:\/\/blogdobispo.com.br\/index.php?rest_route=\/wp\/v2\/posts\/5744\/revisions"}],"predecessor-version":[{"id":5746,"href":"https:\/\/blogdobispo.com.br\/index.php?rest_route=\/wp\/v2\/posts\/5744\/revisions\/5746"}],"wp:attachment":[{"href":"https:\/\/blogdobispo.com.br\/index.php?rest_route=%2Fwp%2Fv2%2Fmedia&parent=5744"}],"wp:term":[{"taxonomy":"category","embeddable":true,"href":"https:\/\/blogdobispo.com.br\/index.php?rest_route=%2Fwp%2Fv2%2Fcategories&post=5744"},{"taxonomy":"post_tag","embeddable":true,"href":"https:\/\/blogdobispo.com.br\/index.php?rest_route=%2Fwp%2Fv2%2Ftags&post=5744"}],"curies":[{"name":"wp","href":"https:\/\/api.w.org\/{rel}","templated":true}]}}