{"id":5741,"date":"2025-06-26T13:27:41","date_gmt":"2025-06-26T13:27:41","guid":{"rendered":"https:\/\/blogdobispo.com.br\/?p=5741"},"modified":"2025-06-26T13:27:43","modified_gmt":"2025-06-26T13:27:43","slug":"minha-opiniao-sobre-a-polemica-do-retete-com-o-pastor-martim-alves","status":"publish","type":"post","link":"https:\/\/blogdobispo.com.br\/?p=5741","title":{"rendered":"Minha opini\u00e3o sobre a pol\u00eamica do &#8220;r\u00e9tet\u00e9&#8221; com o Pastor Martim Alves"},"content":{"rendered":"\n<p><strong>Em defesa da ordem e da dec\u00eancia na Casa do Senhor<\/strong><\/p>\n\n\n\n<p>Como assembleiano raiz, membro da IEADERN desde 1999, me sinto no dever de expressar minha posi\u00e7\u00e3o diante da recente pol\u00eamica envolvendo a fala do nosso Pastor Martim Alves da Silva sobre o chamado &#8220;retet\u00e9&#8221; nas igrejas evang\u00e9licas. Conhe\u00e7o de perto a caminhada da nossa igreja e o zelo que sempre tivemos pela s\u00e3 doutrina e pela rever\u00eancia na casa de Deus.<\/p>\n\n\n\n<figure class=\"wp-block-image size-full\"><img data-recalc-dims=\"1\" fetchpriority=\"high\" decoding=\"async\" width=\"720\" height=\"615\" src=\"https:\/\/i0.wp.com\/blogdobispo.com.br\/wp-content\/uploads\/2025\/06\/Screenshot_20250624_183058_Instagram.jpg?resize=720%2C615&#038;ssl=1\" alt=\"\" class=\"wp-image-5742\" srcset=\"https:\/\/i0.wp.com\/blogdobispo.com.br\/wp-content\/uploads\/2025\/06\/Screenshot_20250624_183058_Instagram.jpg?w=720&amp;ssl=1 720w, https:\/\/i0.wp.com\/blogdobispo.com.br\/wp-content\/uploads\/2025\/06\/Screenshot_20250624_183058_Instagram.jpg?resize=300%2C256&amp;ssl=1 300w\" sizes=\"(max-width: 720px) 100vw, 720px\" \/><\/figure>\n\n\n\n<p>A B\u00edblia \u00e9 clara: <em>\u201cFa\u00e7a-se tudo com dec\u00eancia e com ordem\u201d<\/em> (1 Cor\u00edntios 14:40). N\u00e3o se trata de apagar a chama do Esp\u00edrito ou negar a liberdade que o Senhor nos concede no culto, mas sim de preservar o equil\u00edbrio e o discernimento espiritual. A manifesta\u00e7\u00e3o do Esp\u00edrito Santo \u00e9 real e poderosa, mas jamais ser\u00e1 um espet\u00e1culo ou descontrole emocional disfar\u00e7ado de espiritualidade. E \u00e9 nesse ponto que acredito que o Pastor Martim foi direto e b\u00edblico: ele n\u00e3o negou as manifesta\u00e7\u00f5es espirituais, mas reafirmou a import\u00e2ncia da ordem no culto, algo que n\u00f3s, assembleianos, sempre valorizamos.<\/p>\n\n\n\n<p>Quanto \u00e0 fala do Pastor Alfredo, de Ass\u00fa, n\u00e3o vejo como contradi\u00e7\u00e3o ao que disse o Pastor Martim. Pelo contr\u00e1rio, em minha opini\u00e3o, as duas mensagens podem sim convergir. Pastor Alfredo ressaltou a liberdade espiritual e o mover de Deus em nossos cultos, algo que todos n\u00f3s reconhecemos como precioso. No entanto, isso n\u00e3o invalida a necessidade da dec\u00eancia, da prud\u00eancia e do bom senso que o Pastor Martim defendeu. S\u00e3o perspectivas diferentes que podem \u2014 e devem \u2014 coexistir dentro de uma igreja equilibrada, b\u00edblica e cheia do Esp\u00edrito.<\/p>\n\n\n\n<p>Infelizmente, muitos est\u00e3o aproveitando esse momento para criar divis\u00f5es ou distorcer as inten\u00e7\u00f5es por tr\u00e1s das palavras. Mas quem conhece a trajet\u00f3ria do Pastor Martim Alves da Silva sabe de seu compromisso com a Palavra e com a unidade do povo de Deus. Ele tem conduzido a IEADERN com firmeza, prud\u00eancia e integridade \u2014 caracter\u00edsticas que poucos conseguem sustentar por tanto tempo.<\/p>\n\n\n\n<p>Portanto, como assembleiano que ama esta obra e tem compromisso com a verdade, deixo aqui meu apoio ao Pastor Martim. Que continuemos buscando a presen\u00e7a de Deus, com liberdade sim, mas com rever\u00eancia, ordem e temor \u2014 porque tudo o que \u00e9 feito na casa do Senhor deve glorific\u00e1-Lo, e n\u00e3o confundir ou escandalizar.<\/p>\n","protected":false},"excerpt":{"rendered":"<p>Em defesa da ordem e da dec\u00eancia na Casa do Senhor Como assembleiano raiz, membro da IEADERN desde 1999, me sinto no dever de expressar minha posi\u00e7\u00e3o diante da recente pol\u00eamica envolvendo a fala do nosso Pastor Martim Alves da Silva sobre o chamado &#8220;retet\u00e9&#8221; nas igrejas evang\u00e9licas. Conhe\u00e7o de perto a caminhada da nossa [&hellip;]<\/p>\n","protected":false},"author":1,"featured_media":0,"comment_status":"open","ping_status":"open","sticky":false,"template":"","format":"standard","meta":{"cybocfi_hide_featured_image":"","_jetpack_memberships_contains_paid_content":false,"footnotes":""},"categories":[1],"tags":[],"class_list":["post-5741","post","type-post","status-publish","format-standard","hentry","category-diversos"],"yoast_head":"<!-- This site is optimized with the Yoast SEO plugin v25.6 - https:\/\/yoast.com\/wordpress\/plugins\/seo\/ -->\n<title>Minha opini\u00e3o sobre a pol\u00eamica do &quot;r\u00e9tet\u00e9&quot; com o Pastor Martim Alves - Blog do Bispo<\/title>\n<meta name=\"robots\" content=\"index, follow, max-snippet:-1, max-image-preview:large, max-video-preview:-1\" \/>\n<link rel=\"canonical\" href=\"https:\/\/blogdobispo.com.br\/?p=5741\" \/>\n<meta property=\"og:locale\" content=\"pt_BR\" \/>\n<meta property=\"og:type\" content=\"article\" \/>\n<meta property=\"og:title\" content=\"Minha opini\u00e3o sobre a pol\u00eamica do &quot;r\u00e9tet\u00e9&quot; com o Pastor Martim Alves - Blog do Bispo\" \/>\n<meta property=\"og:description\" content=\"Em defesa da ordem e da dec\u00eancia na Casa do Senhor Como assembleiano raiz, membro da IEADERN desde 1999, me sinto no dever de expressar minha posi\u00e7\u00e3o diante da recente pol\u00eamica envolvendo a fala do nosso Pastor Martim Alves da Silva sobre o chamado &#8220;retet\u00e9&#8221; nas igrejas evang\u00e9licas. Conhe\u00e7o de perto a caminhada da nossa [&hellip;]\" \/>\n<meta property=\"og:url\" content=\"https:\/\/blogdobispo.com.br\/?p=5741\" \/>\n<meta property=\"og:site_name\" content=\"Blog do Bispo\" \/>\n<meta property=\"article:published_time\" content=\"2025-06-26T13:27:41+00:00\" \/>\n<meta property=\"article:modified_time\" content=\"2025-06-26T13:27:43+00:00\" \/>\n<meta property=\"og:image\" content=\"https:\/\/blogdobispo.com.br\/wp-content\/uploads\/2025\/06\/Screenshot_20250624_183058_Instagram.jpg\" \/>\n<meta name=\"author\" content=\"Jefferson Sterfeno\" \/>\n<meta name=\"twitter:card\" content=\"summary_large_image\" \/>\n<meta name=\"twitter:label1\" content=\"Escrito por\" \/>\n\t<meta name=\"twitter:data1\" content=\"Jefferson Sterfeno\" \/>\n\t<meta name=\"twitter:label2\" content=\"Est. tempo de leitura\" \/>\n\t<meta name=\"twitter:data2\" content=\"3 minutos\" \/>\n<script type=\"application\/ld+json\" class=\"yoast-schema-graph\">{\"@context\":\"https:\/\/schema.org\",\"@graph\":[{\"@type\":\"Article\",\"@id\":\"https:\/\/blogdobispo.com.br\/?p=5741#article\",\"isPartOf\":{\"@id\":\"https:\/\/blogdobispo.com.br\/?p=5741\"},\"author\":{\"name\":\"Jefferson Sterfeno\",\"@id\":\"https:\/\/blogdobispo.com.br\/#\/schema\/person\/e2209cc0e6cea5c5233d033e997b373f\"},\"headline\":\"Minha opini\u00e3o sobre a pol\u00eamica do &#8220;r\u00e9tet\u00e9&#8221; com o Pastor Martim Alves\",\"datePublished\":\"2025-06-26T13:27:41+00:00\",\"dateModified\":\"2025-06-26T13:27:43+00:00\",\"mainEntityOfPage\":{\"@id\":\"https:\/\/blogdobispo.com.br\/?p=5741\"},\"wordCount\":423,\"commentCount\":0,\"publisher\":{\"@id\":\"https:\/\/blogdobispo.com.br\/#organization\"},\"image\":{\"@id\":\"https:\/\/blogdobispo.com.br\/?p=5741#primaryimage\"},\"thumbnailUrl\":\"https:\/\/blogdobispo.com.br\/wp-content\/uploads\/2025\/06\/Screenshot_20250624_183058_Instagram.jpg\",\"articleSection\":[\"diversos\"],\"inLanguage\":\"pt-BR\",\"potentialAction\":[{\"@type\":\"CommentAction\",\"name\":\"Comment\",\"target\":[\"https:\/\/blogdobispo.com.br\/?p=5741#respond\"]}]},{\"@type\":\"WebPage\",\"@id\":\"https:\/\/blogdobispo.com.br\/?p=5741\",\"url\":\"https:\/\/blogdobispo.com.br\/?p=5741\",\"name\":\"Minha opini\u00e3o sobre a pol\u00eamica do \\\"r\u00e9tet\u00e9\\\" com o Pastor Martim Alves - Blog do Bispo\",\"isPartOf\":{\"@id\":\"https:\/\/blogdobispo.com.br\/#website\"},\"primaryImageOfPage\":{\"@id\":\"https:\/\/blogdobispo.com.br\/?p=5741#primaryimage\"},\"image\":{\"@id\":\"https:\/\/blogdobispo.com.br\/?p=5741#primaryimage\"},\"thumbnailUrl\":\"https:\/\/blogdobispo.com.br\/wp-content\/uploads\/2025\/06\/Screenshot_20250624_183058_Instagram.jpg\",\"datePublished\":\"2025-06-26T13:27:41+00:00\",\"dateModified\":\"2025-06-26T13:27:43+00:00\",\"breadcrumb\":{\"@id\":\"https:\/\/blogdobispo.com.br\/?p=5741#breadcrumb\"},\"inLanguage\":\"pt-BR\",\"potentialAction\":[{\"@type\":\"ReadAction\",\"target\":[\"https:\/\/blogdobispo.com.br\/?p=5741\"]}]},{\"@type\":\"ImageObject\",\"inLanguage\":\"pt-BR\",\"@id\":\"https:\/\/blogdobispo.com.br\/?p=5741#primaryimage\",\"url\":\"https:\/\/blogdobispo.com.br\/wp-content\/uploads\/2025\/06\/Screenshot_20250624_183058_Instagram.jpg\",\"contentUrl\":\"https:\/\/blogdobispo.com.br\/wp-content\/uploads\/2025\/06\/Screenshot_20250624_183058_Instagram.jpg\"},{\"@type\":\"BreadcrumbList\",\"@id\":\"https:\/\/blogdobispo.com.br\/?p=5741#breadcrumb\",\"itemListElement\":[{\"@type\":\"ListItem\",\"position\":1,\"name\":\"In\u00edcio\",\"item\":\"https:\/\/blogdobispo.com.br\/\"},{\"@type\":\"ListItem\",\"position\":2,\"name\":\"Minha opini\u00e3o sobre a pol\u00eamica do &#8220;r\u00e9tet\u00e9&#8221; com o Pastor Martim Alves\"}]},{\"@type\":\"WebSite\",\"@id\":\"https:\/\/blogdobispo.com.br\/#website\",\"url\":\"https:\/\/blogdobispo.com.br\/\",\"name\":\"Blog do Bispo\",\"description\":\"Comprometido apenas com o leitor\",\"publisher\":{\"@id\":\"https:\/\/blogdobispo.com.br\/#organization\"},\"potentialAction\":[{\"@type\":\"SearchAction\",\"target\":{\"@type\":\"EntryPoint\",\"urlTemplate\":\"https:\/\/blogdobispo.com.br\/?s={search_term_string}\"},\"query-input\":{\"@type\":\"PropertyValueSpecification\",\"valueRequired\":true,\"valueName\":\"search_term_string\"}}],\"inLanguage\":\"pt-BR\"},{\"@type\":\"Organization\",\"@id\":\"https:\/\/blogdobispo.com.br\/#organization\",\"name\":\"Blog do Bispo\",\"url\":\"https:\/\/blogdobispo.com.br\/\",\"logo\":{\"@type\":\"ImageObject\",\"inLanguage\":\"pt-BR\",\"@id\":\"https:\/\/blogdobispo.com.br\/#\/schema\/logo\/image\/\",\"url\":\"http:\/\/blogdobispo.com.br\/wp-content\/uploads\/2023\/05\/cropped-headear.png\",\"contentUrl\":\"http:\/\/blogdobispo.com.br\/wp-content\/uploads\/2023\/05\/cropped-headear.png\",\"width\":1500,\"height\":399,\"caption\":\"Blog do Bispo\"},\"image\":{\"@id\":\"https:\/\/blogdobispo.com.br\/#\/schema\/logo\/image\/\"}},{\"@type\":\"Person\",\"@id\":\"https:\/\/blogdobispo.com.br\/#\/schema\/person\/e2209cc0e6cea5c5233d033e997b373f\",\"name\":\"Jefferson Sterfeno\",\"image\":{\"@type\":\"ImageObject\",\"inLanguage\":\"pt-BR\",\"@id\":\"https:\/\/blogdobispo.com.br\/#\/schema\/person\/image\/\",\"url\":\"https:\/\/secure.gravatar.com\/avatar\/0534e84764641168a677026b6d57a3f51dc7ac4db0b4f6186d9cb330d4ee1160?s=96&d=mm&r=g\",\"contentUrl\":\"https:\/\/secure.gravatar.com\/avatar\/0534e84764641168a677026b6d57a3f51dc7ac4db0b4f6186d9cb330d4ee1160?s=96&d=mm&r=g\",\"caption\":\"Jefferson Sterfeno\"},\"sameAs\":[\"http:\/\/blogdobispo.com.br\"],\"url\":\"https:\/\/blogdobispo.com.br\/?author=1\"}]}<\/script>\n<!-- \/ Yoast SEO plugin. -->","yoast_head_json":{"title":"Minha opini\u00e3o sobre a pol\u00eamica do \"r\u00e9tet\u00e9\" com o Pastor Martim Alves - Blog do Bispo","robots":{"index":"index","follow":"follow","max-snippet":"max-snippet:-1","max-image-preview":"max-image-preview:large","max-video-preview":"max-video-preview:-1"},"canonical":"https:\/\/blogdobispo.com.br\/?p=5741","og_locale":"pt_BR","og_type":"article","og_title":"Minha opini\u00e3o sobre a pol\u00eamica do \"r\u00e9tet\u00e9\" com o Pastor Martim Alves - Blog do Bispo","og_description":"Em defesa da ordem e da dec\u00eancia na Casa do Senhor Como assembleiano raiz, membro da IEADERN desde 1999, me sinto no dever de expressar minha posi\u00e7\u00e3o diante da recente pol\u00eamica envolvendo a fala do nosso Pastor Martim Alves da Silva sobre o chamado &#8220;retet\u00e9&#8221; nas igrejas evang\u00e9licas. Conhe\u00e7o de perto a caminhada da nossa [&hellip;]","og_url":"https:\/\/blogdobispo.com.br\/?p=5741","og_site_name":"Blog do Bispo","article_published_time":"2025-06-26T13:27:41+00:00","article_modified_time":"2025-06-26T13:27:43+00:00","og_image":[{"url":"https:\/\/blogdobispo.com.br\/wp-content\/uploads\/2025\/06\/Screenshot_20250624_183058_Instagram.jpg","type":"","width":"","height":""}],"author":"Jefferson Sterfeno","twitter_card":"summary_large_image","twitter_misc":{"Escrito por":"Jefferson Sterfeno","Est. tempo de leitura":"3 minutos"},"schema":{"@context":"https:\/\/schema.org","@graph":[{"@type":"Article","@id":"https:\/\/blogdobispo.com.br\/?p=5741#article","isPartOf":{"@id":"https:\/\/blogdobispo.com.br\/?p=5741"},"author":{"name":"Jefferson Sterfeno","@id":"https:\/\/blogdobispo.com.br\/#\/schema\/person\/e2209cc0e6cea5c5233d033e997b373f"},"headline":"Minha opini\u00e3o sobre a pol\u00eamica do &#8220;r\u00e9tet\u00e9&#8221; com o Pastor Martim Alves","datePublished":"2025-06-26T13:27:41+00:00","dateModified":"2025-06-26T13:27:43+00:00","mainEntityOfPage":{"@id":"https:\/\/blogdobispo.com.br\/?p=5741"},"wordCount":423,"commentCount":0,"publisher":{"@id":"https:\/\/blogdobispo.com.br\/#organization"},"image":{"@id":"https:\/\/blogdobispo.com.br\/?p=5741#primaryimage"},"thumbnailUrl":"https:\/\/blogdobispo.com.br\/wp-content\/uploads\/2025\/06\/Screenshot_20250624_183058_Instagram.jpg","articleSection":["diversos"],"inLanguage":"pt-BR","potentialAction":[{"@type":"CommentAction","name":"Comment","target":["https:\/\/blogdobispo.com.br\/?p=5741#respond"]}]},{"@type":"WebPage","@id":"https:\/\/blogdobispo.com.br\/?p=5741","url":"https:\/\/blogdobispo.com.br\/?p=5741","name":"Minha opini\u00e3o sobre a pol\u00eamica do \"r\u00e9tet\u00e9\" com o Pastor Martim Alves - Blog do Bispo","isPartOf":{"@id":"https:\/\/blogdobispo.com.br\/#website"},"primaryImageOfPage":{"@id":"https:\/\/blogdobispo.com.br\/?p=5741#primaryimage"},"image":{"@id":"https:\/\/blogdobispo.com.br\/?p=5741#primaryimage"},"thumbnailUrl":"https:\/\/blogdobispo.com.br\/wp-content\/uploads\/2025\/06\/Screenshot_20250624_183058_Instagram.jpg","datePublished":"2025-06-26T13:27:41+00:00","dateModified":"2025-06-26T13:27:43+00:00","breadcrumb":{"@id":"https:\/\/blogdobispo.com.br\/?p=5741#breadcrumb"},"inLanguage":"pt-BR","potentialAction":[{"@type":"ReadAction","target":["https:\/\/blogdobispo.com.br\/?p=5741"]}]},{"@type":"ImageObject","inLanguage":"pt-BR","@id":"https:\/\/blogdobispo.com.br\/?p=5741#primaryimage","url":"https:\/\/blogdobispo.com.br\/wp-content\/uploads\/2025\/06\/Screenshot_20250624_183058_Instagram.jpg","contentUrl":"https:\/\/blogdobispo.com.br\/wp-content\/uploads\/2025\/06\/Screenshot_20250624_183058_Instagram.jpg"},{"@type":"BreadcrumbList","@id":"https:\/\/blogdobispo.com.br\/?p=5741#breadcrumb","itemListElement":[{"@type":"ListItem","position":1,"name":"In\u00edcio","item":"https:\/\/blogdobispo.com.br\/"},{"@type":"ListItem","position":2,"name":"Minha opini\u00e3o sobre a pol\u00eamica do &#8220;r\u00e9tet\u00e9&#8221; com o Pastor Martim Alves"}]},{"@type":"WebSite","@id":"https:\/\/blogdobispo.com.br\/#website","url":"https:\/\/blogdobispo.com.br\/","name":"Blog do Bispo","description":"Comprometido apenas com o leitor","publisher":{"@id":"https:\/\/blogdobispo.com.br\/#organization"},"potentialAction":[{"@type":"SearchAction","target":{"@type":"EntryPoint","urlTemplate":"https:\/\/blogdobispo.com.br\/?s={search_term_string}"},"query-input":{"@type":"PropertyValueSpecification","valueRequired":true,"valueName":"search_term_string"}}],"inLanguage":"pt-BR"},{"@type":"Organization","@id":"https:\/\/blogdobispo.com.br\/#organization","name":"Blog do Bispo","url":"https:\/\/blogdobispo.com.br\/","logo":{"@type":"ImageObject","inLanguage":"pt-BR","@id":"https:\/\/blogdobispo.com.br\/#\/schema\/logo\/image\/","url":"http:\/\/blogdobispo.com.br\/wp-content\/uploads\/2023\/05\/cropped-headear.png","contentUrl":"http:\/\/blogdobispo.com.br\/wp-content\/uploads\/2023\/05\/cropped-headear.png","width":1500,"height":399,"caption":"Blog do Bispo"},"image":{"@id":"https:\/\/blogdobispo.com.br\/#\/schema\/logo\/image\/"}},{"@type":"Person","@id":"https:\/\/blogdobispo.com.br\/#\/schema\/person\/e2209cc0e6cea5c5233d033e997b373f","name":"Jefferson Sterfeno","image":{"@type":"ImageObject","inLanguage":"pt-BR","@id":"https:\/\/blogdobispo.com.br\/#\/schema\/person\/image\/","url":"https:\/\/secure.gravatar.com\/avatar\/0534e84764641168a677026b6d57a3f51dc7ac4db0b4f6186d9cb330d4ee1160?s=96&d=mm&r=g","contentUrl":"https:\/\/secure.gravatar.com\/avatar\/0534e84764641168a677026b6d57a3f51dc7ac4db0b4f6186d9cb330d4ee1160?s=96&d=mm&r=g","caption":"Jefferson Sterfeno"},"sameAs":["http:\/\/blogdobispo.com.br"],"url":"https:\/\/blogdobispo.com.br\/?author=1"}]}},"featured_image_urls":{"full":"","thumbnail":"","medium":"","medium_large":"","large":"","1536x1536":"","2048x2048":""},"author_info":{"display_name":"Jefferson Sterfeno","author_link":"https:\/\/blogdobispo.com.br\/?author=1"},"category_info":"<a href=\"https:\/\/blogdobispo.com.br\/?cat=1\" rel=\"category\">diversos<\/a>","tag_info":"diversos","comment_count":"0","jetpack_featured_media_url":"","jetpack_sharing_enabled":true,"_links":{"self":[{"href":"https:\/\/blogdobispo.com.br\/index.php?rest_route=\/wp\/v2\/posts\/5741","targetHints":{"allow":["GET"]}}],"collection":[{"href":"https:\/\/blogdobispo.com.br\/index.php?rest_route=\/wp\/v2\/posts"}],"about":[{"href":"https:\/\/blogdobispo.com.br\/index.php?rest_route=\/wp\/v2\/types\/post"}],"author":[{"embeddable":true,"href":"https:\/\/blogdobispo.com.br\/index.php?rest_route=\/wp\/v2\/users\/1"}],"replies":[{"embeddable":true,"href":"https:\/\/blogdobispo.com.br\/index.php?rest_route=%2Fwp%2Fv2%2Fcomments&post=5741"}],"version-history":[{"count":1,"href":"https:\/\/blogdobispo.com.br\/index.php?rest_route=\/wp\/v2\/posts\/5741\/revisions"}],"predecessor-version":[{"id":5743,"href":"https:\/\/blogdobispo.com.br\/index.php?rest_route=\/wp\/v2\/posts\/5741\/revisions\/5743"}],"wp:attachment":[{"href":"https:\/\/blogdobispo.com.br\/index.php?rest_route=%2Fwp%2Fv2%2Fmedia&parent=5741"}],"wp:term":[{"taxonomy":"category","embeddable":true,"href":"https:\/\/blogdobispo.com.br\/index.php?rest_route=%2Fwp%2Fv2%2Fcategories&post=5741"},{"taxonomy":"post_tag","embeddable":true,"href":"https:\/\/blogdobispo.com.br\/index.php?rest_route=%2Fwp%2Fv2%2Ftags&post=5741"}],"curies":[{"name":"wp","href":"https:\/\/api.w.org\/{rel}","templated":true}]}}