{"id":5727,"date":"2025-06-25T18:09:04","date_gmt":"2025-06-25T18:09:04","guid":{"rendered":"https:\/\/blogdobispo.com.br\/?p=5727"},"modified":"2025-06-25T18:09:04","modified_gmt":"2025-06-25T18:09:04","slug":"cidadania-digital-sera-debatida-em-audiencia-proposta-pelo-deputado-ubaldo-fernandes","status":"publish","type":"post","link":"https:\/\/blogdobispo.com.br\/?p=5727","title":{"rendered":"Cidadania digital ser\u00e1 debatida em audi\u00eancia proposta pelo deputado Ubaldo Fernandes"},"content":{"rendered":"\n<figure class=\"wp-block-image size-large\"><img data-recalc-dims=\"1\" fetchpriority=\"high\" decoding=\"async\" width=\"800\" height=\"534\" src=\"https:\/\/i0.wp.com\/blogdobispo.com.br\/wp-content\/uploads\/2025\/06\/819c924b-188c-4943-90c2-cca1ee226edd-1-1024x683.jpg?resize=800%2C534&#038;ssl=1\" class=\"wp-image-5726\" srcset=\"https:\/\/i0.wp.com\/blogdobispo.com.br\/wp-content\/uploads\/2025\/06\/819c924b-188c-4943-90c2-cca1ee226edd-1.jpg?resize=1024%2C683&amp;ssl=1 1024w, https:\/\/i0.wp.com\/blogdobispo.com.br\/wp-content\/uploads\/2025\/06\/819c924b-188c-4943-90c2-cca1ee226edd-1.jpg?resize=300%2C200&amp;ssl=1 300w, https:\/\/i0.wp.com\/blogdobispo.com.br\/wp-content\/uploads\/2025\/06\/819c924b-188c-4943-90c2-cca1ee226edd-1.jpg?resize=768%2C512&amp;ssl=1 768w, https:\/\/i0.wp.com\/blogdobispo.com.br\/wp-content\/uploads\/2025\/06\/819c924b-188c-4943-90c2-cca1ee226edd-1.jpg?resize=1536%2C1024&amp;ssl=1 1536w, https:\/\/i0.wp.com\/blogdobispo.com.br\/wp-content\/uploads\/2025\/06\/819c924b-188c-4943-90c2-cca1ee226edd-1.jpg?w=1599&amp;ssl=1 1599w\" sizes=\"(max-width: 800px) 100vw, 800px\" \/><\/figure>\n\n\n\n<p><\/p>\n\n\n\n<p>Como preparar as novas gera\u00e7\u00f5es para os riscos, direitos e deveres no ambiente digital? Em um momento em que o Brasil discute a regula\u00e7\u00e3o das redes sociais, o combate \u00e0 desinforma\u00e7\u00e3o e os impactos da tecnologia no comportamento dos jovens, a Assembleia Legislativa do Rio Grande do Norte promove, no dia 26 de junho, \u00e0s 14h, a audi\u00eancia p\u00fablica \u201cCidadania Digital nas Escolas\u201d. A proposta, de autoria do deputado Ubaldo Fernandes, ocorrer\u00e1 no Audit\u00f3rio Deputado Cortez Pereira e busca discutir como a escola pode ser protagonista na forma\u00e7\u00e3o de cidad\u00e3os cr\u00edticos, conscientes e seguros diante dos desafios do mundo digital.<br>A audi\u00eancia contar\u00e1 com a presen\u00e7a de educadores, especialistas em tecnologia e pol\u00edticas p\u00fablicas, representantes do poder p\u00fablico e entidades ligadas \u00e0 prote\u00e7\u00e3o da inf\u00e2ncia e juventude. A iniciativa conta com o apoio institucional do presidente da Assembleia Legislativa, deputado Ezequiel Ferreira de Souza, por meio do N\u00facleo de Estudos e Debates.<br>Diante do aumento de casos de cyberbullying, exposi\u00e7\u00e3o de crian\u00e7as a conte\u00fados nocivos e desinforma\u00e7\u00e3o nas redes, especialistas defendem a inclus\u00e3o estruturada da cidadania digital no curr\u00edculo escolar. Dados recentes da SaferNet mostram que 4 em cada 10 estudantes brasileiros j\u00e1 vivenciaram situa\u00e7\u00f5es de viol\u00eancia online. Ainda assim, apenas 44% das redes estaduais possuem projetos pedag\u00f3gicos consistentes sobre o tema. O Conselho Nacional de Educa\u00e7\u00e3o publicou, neste ano, uma resolu\u00e7\u00e3o que orienta as escolas a implementar a\u00e7\u00f5es para o uso respons\u00e1vel das tecnologias.<br>A audi\u00eancia p\u00fablica tamb\u00e9m pretende jogar luz sobre a capacita\u00e7\u00e3o dos professores, o papel das fam\u00edlias e os investimentos em infraestrutura digital nas escolas do RN. A Assembleia busca, com o debate, fortalecer pol\u00edticas p\u00fablicas para que a cidadania digital n\u00e3o seja um privil\u00e9gio, mas um direito garantido a todos os estudantes potiguares.<\/p>\n","protected":false},"excerpt":{"rendered":"<p>Como preparar as novas gera\u00e7\u00f5es para os riscos, direitos e deveres no ambiente digital? Em um momento em que o Brasil discute a regula\u00e7\u00e3o das redes sociais, o combate \u00e0 desinforma\u00e7\u00e3o e os impactos da tecnologia no comportamento dos jovens, a Assembleia Legislativa do Rio Grande do Norte promove, no dia 26 de junho, \u00e0s [&hellip;]<\/p>\n","protected":false},"author":1,"featured_media":0,"comment_status":"open","ping_status":"open","sticky":false,"template":"","format":"standard","meta":{"cybocfi_hide_featured_image":"","_jetpack_memberships_contains_paid_content":false,"footnotes":""},"categories":[1],"tags":[],"class_list":["post-5727","post","type-post","status-publish","format-standard","hentry","category-diversos"],"yoast_head":"<!-- This site is optimized with the Yoast SEO plugin v25.6 - https:\/\/yoast.com\/wordpress\/plugins\/seo\/ -->\n<title>Cidadania digital ser\u00e1 debatida em audi\u00eancia proposta pelo deputado Ubaldo Fernandes - Blog do Bispo<\/title>\n<meta name=\"robots\" content=\"index, follow, max-snippet:-1, max-image-preview:large, max-video-preview:-1\" \/>\n<link rel=\"canonical\" href=\"https:\/\/blogdobispo.com.br\/?p=5727\" \/>\n<meta property=\"og:locale\" content=\"pt_BR\" \/>\n<meta property=\"og:type\" content=\"article\" \/>\n<meta property=\"og:title\" content=\"Cidadania digital ser\u00e1 debatida em audi\u00eancia proposta pelo deputado Ubaldo Fernandes - Blog do Bispo\" \/>\n<meta property=\"og:description\" content=\"Como preparar as novas gera\u00e7\u00f5es para os riscos, direitos e deveres no ambiente digital? Em um momento em que o Brasil discute a regula\u00e7\u00e3o das redes sociais, o combate \u00e0 desinforma\u00e7\u00e3o e os impactos da tecnologia no comportamento dos jovens, a Assembleia Legislativa do Rio Grande do Norte promove, no dia 26 de junho, \u00e0s [&hellip;]\" \/>\n<meta property=\"og:url\" content=\"https:\/\/blogdobispo.com.br\/?p=5727\" \/>\n<meta property=\"og:site_name\" content=\"Blog do Bispo\" \/>\n<meta property=\"article:published_time\" content=\"2025-06-25T18:09:04+00:00\" \/>\n<meta property=\"og:image\" content=\"https:\/\/blogdobispo.com.br\/wp-content\/uploads\/2025\/06\/819c924b-188c-4943-90c2-cca1ee226edd-1-1024x683.jpg\" \/>\n<meta name=\"author\" content=\"Jefferson Sterfeno\" \/>\n<meta name=\"twitter:card\" content=\"summary_large_image\" \/>\n<meta name=\"twitter:label1\" content=\"Escrito por\" \/>\n\t<meta name=\"twitter:data1\" content=\"Jefferson Sterfeno\" \/>\n\t<meta name=\"twitter:label2\" content=\"Est. tempo de leitura\" \/>\n\t<meta name=\"twitter:data2\" content=\"2 minutos\" \/>\n<script type=\"application\/ld+json\" class=\"yoast-schema-graph\">{\"@context\":\"https:\/\/schema.org\",\"@graph\":[{\"@type\":\"Article\",\"@id\":\"https:\/\/blogdobispo.com.br\/?p=5727#article\",\"isPartOf\":{\"@id\":\"https:\/\/blogdobispo.com.br\/?p=5727\"},\"author\":{\"name\":\"Jefferson Sterfeno\",\"@id\":\"https:\/\/blogdobispo.com.br\/#\/schema\/person\/e2209cc0e6cea5c5233d033e997b373f\"},\"headline\":\"Cidadania digital ser\u00e1 debatida em audi\u00eancia proposta pelo deputado Ubaldo Fernandes\",\"datePublished\":\"2025-06-25T18:09:04+00:00\",\"mainEntityOfPage\":{\"@id\":\"https:\/\/blogdobispo.com.br\/?p=5727\"},\"wordCount\":333,\"commentCount\":0,\"publisher\":{\"@id\":\"https:\/\/blogdobispo.com.br\/#organization\"},\"image\":{\"@id\":\"https:\/\/blogdobispo.com.br\/?p=5727#primaryimage\"},\"thumbnailUrl\":\"https:\/\/blogdobispo.com.br\/wp-content\/uploads\/2025\/06\/819c924b-188c-4943-90c2-cca1ee226edd-1-1024x683.jpg\",\"articleSection\":[\"diversos\"],\"inLanguage\":\"pt-BR\",\"potentialAction\":[{\"@type\":\"CommentAction\",\"name\":\"Comment\",\"target\":[\"https:\/\/blogdobispo.com.br\/?p=5727#respond\"]}]},{\"@type\":\"WebPage\",\"@id\":\"https:\/\/blogdobispo.com.br\/?p=5727\",\"url\":\"https:\/\/blogdobispo.com.br\/?p=5727\",\"name\":\"Cidadania digital ser\u00e1 debatida em audi\u00eancia proposta pelo deputado Ubaldo Fernandes - Blog do Bispo\",\"isPartOf\":{\"@id\":\"https:\/\/blogdobispo.com.br\/#website\"},\"primaryImageOfPage\":{\"@id\":\"https:\/\/blogdobispo.com.br\/?p=5727#primaryimage\"},\"image\":{\"@id\":\"https:\/\/blogdobispo.com.br\/?p=5727#primaryimage\"},\"thumbnailUrl\":\"https:\/\/blogdobispo.com.br\/wp-content\/uploads\/2025\/06\/819c924b-188c-4943-90c2-cca1ee226edd-1-1024x683.jpg\",\"datePublished\":\"2025-06-25T18:09:04+00:00\",\"breadcrumb\":{\"@id\":\"https:\/\/blogdobispo.com.br\/?p=5727#breadcrumb\"},\"inLanguage\":\"pt-BR\",\"potentialAction\":[{\"@type\":\"ReadAction\",\"target\":[\"https:\/\/blogdobispo.com.br\/?p=5727\"]}]},{\"@type\":\"ImageObject\",\"inLanguage\":\"pt-BR\",\"@id\":\"https:\/\/blogdobispo.com.br\/?p=5727#primaryimage\",\"url\":\"https:\/\/blogdobispo.com.br\/wp-content\/uploads\/2025\/06\/819c924b-188c-4943-90c2-cca1ee226edd-1-1024x683.jpg\",\"contentUrl\":\"https:\/\/blogdobispo.com.br\/wp-content\/uploads\/2025\/06\/819c924b-188c-4943-90c2-cca1ee226edd-1-1024x683.jpg\"},{\"@type\":\"BreadcrumbList\",\"@id\":\"https:\/\/blogdobispo.com.br\/?p=5727#breadcrumb\",\"itemListElement\":[{\"@type\":\"ListItem\",\"position\":1,\"name\":\"In\u00edcio\",\"item\":\"https:\/\/blogdobispo.com.br\/\"},{\"@type\":\"ListItem\",\"position\":2,\"name\":\"Cidadania digital ser\u00e1 debatida em audi\u00eancia proposta pelo deputado Ubaldo Fernandes\"}]},{\"@type\":\"WebSite\",\"@id\":\"https:\/\/blogdobispo.com.br\/#website\",\"url\":\"https:\/\/blogdobispo.com.br\/\",\"name\":\"Blog do Bispo\",\"description\":\"Comprometido apenas com o leitor\",\"publisher\":{\"@id\":\"https:\/\/blogdobispo.com.br\/#organization\"},\"potentialAction\":[{\"@type\":\"SearchAction\",\"target\":{\"@type\":\"EntryPoint\",\"urlTemplate\":\"https:\/\/blogdobispo.com.br\/?s={search_term_string}\"},\"query-input\":{\"@type\":\"PropertyValueSpecification\",\"valueRequired\":true,\"valueName\":\"search_term_string\"}}],\"inLanguage\":\"pt-BR\"},{\"@type\":\"Organization\",\"@id\":\"https:\/\/blogdobispo.com.br\/#organization\",\"name\":\"Blog do Bispo\",\"url\":\"https:\/\/blogdobispo.com.br\/\",\"logo\":{\"@type\":\"ImageObject\",\"inLanguage\":\"pt-BR\",\"@id\":\"https:\/\/blogdobispo.com.br\/#\/schema\/logo\/image\/\",\"url\":\"http:\/\/blogdobispo.com.br\/wp-content\/uploads\/2023\/05\/cropped-headear.png\",\"contentUrl\":\"http:\/\/blogdobispo.com.br\/wp-content\/uploads\/2023\/05\/cropped-headear.png\",\"width\":1500,\"height\":399,\"caption\":\"Blog do Bispo\"},\"image\":{\"@id\":\"https:\/\/blogdobispo.com.br\/#\/schema\/logo\/image\/\"}},{\"@type\":\"Person\",\"@id\":\"https:\/\/blogdobispo.com.br\/#\/schema\/person\/e2209cc0e6cea5c5233d033e997b373f\",\"name\":\"Jefferson Sterfeno\",\"image\":{\"@type\":\"ImageObject\",\"inLanguage\":\"pt-BR\",\"@id\":\"https:\/\/blogdobispo.com.br\/#\/schema\/person\/image\/\",\"url\":\"https:\/\/secure.gravatar.com\/avatar\/0534e84764641168a677026b6d57a3f51dc7ac4db0b4f6186d9cb330d4ee1160?s=96&d=mm&r=g\",\"contentUrl\":\"https:\/\/secure.gravatar.com\/avatar\/0534e84764641168a677026b6d57a3f51dc7ac4db0b4f6186d9cb330d4ee1160?s=96&d=mm&r=g\",\"caption\":\"Jefferson Sterfeno\"},\"sameAs\":[\"http:\/\/blogdobispo.com.br\"],\"url\":\"https:\/\/blogdobispo.com.br\/?author=1\"}]}<\/script>\n<!-- \/ Yoast SEO plugin. -->","yoast_head_json":{"title":"Cidadania digital ser\u00e1 debatida em audi\u00eancia proposta pelo deputado Ubaldo Fernandes - Blog do Bispo","robots":{"index":"index","follow":"follow","max-snippet":"max-snippet:-1","max-image-preview":"max-image-preview:large","max-video-preview":"max-video-preview:-1"},"canonical":"https:\/\/blogdobispo.com.br\/?p=5727","og_locale":"pt_BR","og_type":"article","og_title":"Cidadania digital ser\u00e1 debatida em audi\u00eancia proposta pelo deputado Ubaldo Fernandes - Blog do Bispo","og_description":"Como preparar as novas gera\u00e7\u00f5es para os riscos, direitos e deveres no ambiente digital? Em um momento em que o Brasil discute a regula\u00e7\u00e3o das redes sociais, o combate \u00e0 desinforma\u00e7\u00e3o e os impactos da tecnologia no comportamento dos jovens, a Assembleia Legislativa do Rio Grande do Norte promove, no dia 26 de junho, \u00e0s [&hellip;]","og_url":"https:\/\/blogdobispo.com.br\/?p=5727","og_site_name":"Blog do Bispo","article_published_time":"2025-06-25T18:09:04+00:00","og_image":[{"url":"https:\/\/blogdobispo.com.br\/wp-content\/uploads\/2025\/06\/819c924b-188c-4943-90c2-cca1ee226edd-1-1024x683.jpg","type":"","width":"","height":""}],"author":"Jefferson Sterfeno","twitter_card":"summary_large_image","twitter_misc":{"Escrito por":"Jefferson Sterfeno","Est. tempo de leitura":"2 minutos"},"schema":{"@context":"https:\/\/schema.org","@graph":[{"@type":"Article","@id":"https:\/\/blogdobispo.com.br\/?p=5727#article","isPartOf":{"@id":"https:\/\/blogdobispo.com.br\/?p=5727"},"author":{"name":"Jefferson Sterfeno","@id":"https:\/\/blogdobispo.com.br\/#\/schema\/person\/e2209cc0e6cea5c5233d033e997b373f"},"headline":"Cidadania digital ser\u00e1 debatida em audi\u00eancia proposta pelo deputado Ubaldo Fernandes","datePublished":"2025-06-25T18:09:04+00:00","mainEntityOfPage":{"@id":"https:\/\/blogdobispo.com.br\/?p=5727"},"wordCount":333,"commentCount":0,"publisher":{"@id":"https:\/\/blogdobispo.com.br\/#organization"},"image":{"@id":"https:\/\/blogdobispo.com.br\/?p=5727#primaryimage"},"thumbnailUrl":"https:\/\/blogdobispo.com.br\/wp-content\/uploads\/2025\/06\/819c924b-188c-4943-90c2-cca1ee226edd-1-1024x683.jpg","articleSection":["diversos"],"inLanguage":"pt-BR","potentialAction":[{"@type":"CommentAction","name":"Comment","target":["https:\/\/blogdobispo.com.br\/?p=5727#respond"]}]},{"@type":"WebPage","@id":"https:\/\/blogdobispo.com.br\/?p=5727","url":"https:\/\/blogdobispo.com.br\/?p=5727","name":"Cidadania digital ser\u00e1 debatida em audi\u00eancia proposta pelo deputado Ubaldo Fernandes - Blog do Bispo","isPartOf":{"@id":"https:\/\/blogdobispo.com.br\/#website"},"primaryImageOfPage":{"@id":"https:\/\/blogdobispo.com.br\/?p=5727#primaryimage"},"image":{"@id":"https:\/\/blogdobispo.com.br\/?p=5727#primaryimage"},"thumbnailUrl":"https:\/\/blogdobispo.com.br\/wp-content\/uploads\/2025\/06\/819c924b-188c-4943-90c2-cca1ee226edd-1-1024x683.jpg","datePublished":"2025-06-25T18:09:04+00:00","breadcrumb":{"@id":"https:\/\/blogdobispo.com.br\/?p=5727#breadcrumb"},"inLanguage":"pt-BR","potentialAction":[{"@type":"ReadAction","target":["https:\/\/blogdobispo.com.br\/?p=5727"]}]},{"@type":"ImageObject","inLanguage":"pt-BR","@id":"https:\/\/blogdobispo.com.br\/?p=5727#primaryimage","url":"https:\/\/blogdobispo.com.br\/wp-content\/uploads\/2025\/06\/819c924b-188c-4943-90c2-cca1ee226edd-1-1024x683.jpg","contentUrl":"https:\/\/blogdobispo.com.br\/wp-content\/uploads\/2025\/06\/819c924b-188c-4943-90c2-cca1ee226edd-1-1024x683.jpg"},{"@type":"BreadcrumbList","@id":"https:\/\/blogdobispo.com.br\/?p=5727#breadcrumb","itemListElement":[{"@type":"ListItem","position":1,"name":"In\u00edcio","item":"https:\/\/blogdobispo.com.br\/"},{"@type":"ListItem","position":2,"name":"Cidadania digital ser\u00e1 debatida em audi\u00eancia proposta pelo deputado Ubaldo Fernandes"}]},{"@type":"WebSite","@id":"https:\/\/blogdobispo.com.br\/#website","url":"https:\/\/blogdobispo.com.br\/","name":"Blog do Bispo","description":"Comprometido apenas com o leitor","publisher":{"@id":"https:\/\/blogdobispo.com.br\/#organization"},"potentialAction":[{"@type":"SearchAction","target":{"@type":"EntryPoint","urlTemplate":"https:\/\/blogdobispo.com.br\/?s={search_term_string}"},"query-input":{"@type":"PropertyValueSpecification","valueRequired":true,"valueName":"search_term_string"}}],"inLanguage":"pt-BR"},{"@type":"Organization","@id":"https:\/\/blogdobispo.com.br\/#organization","name":"Blog do Bispo","url":"https:\/\/blogdobispo.com.br\/","logo":{"@type":"ImageObject","inLanguage":"pt-BR","@id":"https:\/\/blogdobispo.com.br\/#\/schema\/logo\/image\/","url":"http:\/\/blogdobispo.com.br\/wp-content\/uploads\/2023\/05\/cropped-headear.png","contentUrl":"http:\/\/blogdobispo.com.br\/wp-content\/uploads\/2023\/05\/cropped-headear.png","width":1500,"height":399,"caption":"Blog do Bispo"},"image":{"@id":"https:\/\/blogdobispo.com.br\/#\/schema\/logo\/image\/"}},{"@type":"Person","@id":"https:\/\/blogdobispo.com.br\/#\/schema\/person\/e2209cc0e6cea5c5233d033e997b373f","name":"Jefferson Sterfeno","image":{"@type":"ImageObject","inLanguage":"pt-BR","@id":"https:\/\/blogdobispo.com.br\/#\/schema\/person\/image\/","url":"https:\/\/secure.gravatar.com\/avatar\/0534e84764641168a677026b6d57a3f51dc7ac4db0b4f6186d9cb330d4ee1160?s=96&d=mm&r=g","contentUrl":"https:\/\/secure.gravatar.com\/avatar\/0534e84764641168a677026b6d57a3f51dc7ac4db0b4f6186d9cb330d4ee1160?s=96&d=mm&r=g","caption":"Jefferson Sterfeno"},"sameAs":["http:\/\/blogdobispo.com.br"],"url":"https:\/\/blogdobispo.com.br\/?author=1"}]}},"featured_image_urls":{"full":"","thumbnail":"","medium":"","medium_large":"","large":"","1536x1536":"","2048x2048":""},"author_info":{"display_name":"Jefferson Sterfeno","author_link":"https:\/\/blogdobispo.com.br\/?author=1"},"category_info":"<a href=\"https:\/\/blogdobispo.com.br\/?cat=1\" rel=\"category\">diversos<\/a>","tag_info":"diversos","comment_count":"0","jetpack_featured_media_url":"","jetpack_sharing_enabled":true,"_links":{"self":[{"href":"https:\/\/blogdobispo.com.br\/index.php?rest_route=\/wp\/v2\/posts\/5727","targetHints":{"allow":["GET"]}}],"collection":[{"href":"https:\/\/blogdobispo.com.br\/index.php?rest_route=\/wp\/v2\/posts"}],"about":[{"href":"https:\/\/blogdobispo.com.br\/index.php?rest_route=\/wp\/v2\/types\/post"}],"author":[{"embeddable":true,"href":"https:\/\/blogdobispo.com.br\/index.php?rest_route=\/wp\/v2\/users\/1"}],"replies":[{"embeddable":true,"href":"https:\/\/blogdobispo.com.br\/index.php?rest_route=%2Fwp%2Fv2%2Fcomments&post=5727"}],"version-history":[{"count":0,"href":"https:\/\/blogdobispo.com.br\/index.php?rest_route=\/wp\/v2\/posts\/5727\/revisions"}],"wp:attachment":[{"href":"https:\/\/blogdobispo.com.br\/index.php?rest_route=%2Fwp%2Fv2%2Fmedia&parent=5727"}],"wp:term":[{"taxonomy":"category","embeddable":true,"href":"https:\/\/blogdobispo.com.br\/index.php?rest_route=%2Fwp%2Fv2%2Fcategories&post=5727"},{"taxonomy":"post_tag","embeddable":true,"href":"https:\/\/blogdobispo.com.br\/index.php?rest_route=%2Fwp%2Fv2%2Ftags&post=5727"}],"curies":[{"name":"wp","href":"https:\/\/api.w.org\/{rel}","templated":true}]}}