{"id":5716,"date":"2025-06-25T14:56:06","date_gmt":"2025-06-25T14:56:06","guid":{"rendered":"https:\/\/blogdobispo.com.br\/?p=5716"},"modified":"2025-06-25T14:58:56","modified_gmt":"2025-06-25T14:58:56","slug":"eribaldo-medeiros-lamenta-morte-de-jaqueline-brasil-ativista-e-simbolo-da-luta-lgbtqiap-em-natal","status":"publish","type":"post","link":"https:\/\/blogdobispo.com.br\/?p=5716","title":{"rendered":"Eribaldo Medeiros lamenta morte de Jaqueline Brasil, ativista e s\u00edmbolo da luta LGBTQIAP+ em Natal"},"content":{"rendered":"\n<p class=\"p1\"><\/p>\n\n\n\n<p class=\"p1\">Faleceu nesta ter\u00e7a-feira (25) Jaqueline Brasil, uma das figuras mais emblem\u00e1ticas da milit\u00e2ncia LGBTQIAP+ em Natal. A informa\u00e7\u00e3o foi confirmada por meio de uma publica\u00e7\u00e3o nas redes sociais.<\/p>\n\n\n\n<p class=\"p1\">Conhecida por sua atua\u00e7\u00e3o incans\u00e1vel em defesa dos direitos da popula\u00e7\u00e3o LGBTQIAP+, Jaqueline era presen\u00e7a constante em eventos, conselhos e mobiliza\u00e7\u00f5es sociais da capital potiguar. Sua voz firme e seu compromisso com a inclus\u00e3o a tornaram refer\u00eancia na luta por igualdade e respeito.<\/p>\n\n\n\n<p class=\"p1\">O vereador Eribaldo Medeiros (REDE) lamentou profundamente o falecimento da ativista. Em nota, ele destacou o legado deixado por Jaqueline: \u201cSua dedica\u00e7\u00e3o \u00e0s causas sociais e \u00e0 inclus\u00e3o deixou um legado valioso e inspirador\u201d, afirmou. Segundo o parlamentar, a aus\u00eancia de Jaqueline ser\u00e1 sentida, mas sua hist\u00f3ria seguir\u00e1 presente em cada conquista que ajudou a construir.<\/p>\n\n\n\n<p class=\"p1\">Jaqueline Brasil tamb\u00e9m era conhecida por seu carisma e por ser uma ponte entre movimentos sociais e o poder p\u00fablico. Sua atua\u00e7\u00e3o impactou diretamente diversas pol\u00edticas voltadas \u00e0 diversidade no munic\u00edpio.<\/p>\n\n\n\n<p class=\"p1\">A not\u00edcia de seu falecimento causou grande como\u00e7\u00e3o entre militantes, amigos e representantes da sociedade civil, que lamentam a perda irrepar\u00e1vel. Ainda n\u00e3o foram divulgadas informa\u00e7\u00f5es sobre as cerim\u00f4nias de despedida.<\/p>\n\n\n\n<figure class=\"wp-block-image size-large\"><img data-recalc-dims=\"1\" fetchpriority=\"high\" decoding=\"async\" width=\"738\" height=\"416\" src=\"https:\/\/i0.wp.com\/blogdobispo.com.br\/wp-content\/uploads\/2025\/06\/img_5272-1.jpg?resize=738%2C416&#038;ssl=1\" alt=\"\" class=\"wp-image-5717\" srcset=\"https:\/\/i0.wp.com\/blogdobispo.com.br\/wp-content\/uploads\/2025\/06\/img_5272-1.jpg?w=738&amp;ssl=1 738w, https:\/\/i0.wp.com\/blogdobispo.com.br\/wp-content\/uploads\/2025\/06\/img_5272-1.jpg?resize=300%2C169&amp;ssl=1 300w\" sizes=\"(max-width: 738px) 100vw, 738px\" \/><\/figure>\n","protected":false},"excerpt":{"rendered":"<p>Faleceu nesta ter\u00e7a-feira (25) Jaqueline Brasil, uma das figuras mais emblem\u00e1ticas da milit\u00e2ncia LGBTQIAP+ em Natal. A informa\u00e7\u00e3o foi confirmada por meio de uma publica\u00e7\u00e3o nas redes sociais. Conhecida por sua atua\u00e7\u00e3o incans\u00e1vel em defesa dos direitos da popula\u00e7\u00e3o LGBTQIAP+, Jaqueline era presen\u00e7a constante em eventos, conselhos e mobiliza\u00e7\u00f5es sociais da capital potiguar. Sua voz [&hellip;]<\/p>\n","protected":false},"author":1,"featured_media":0,"comment_status":"open","ping_status":"open","sticky":false,"template":"","format":"standard","meta":{"cybocfi_hide_featured_image":"","_jetpack_memberships_contains_paid_content":false,"footnotes":""},"categories":[1],"tags":[],"class_list":["post-5716","post","type-post","status-publish","format-standard","hentry","category-diversos"],"yoast_head":"<!-- This site is optimized with the Yoast SEO plugin v25.6 - https:\/\/yoast.com\/wordpress\/plugins\/seo\/ -->\n<title>Eribaldo Medeiros lamenta morte de Jaqueline Brasil, ativista e s\u00edmbolo da luta LGBTQIAP+ em Natal - Blog do Bispo<\/title>\n<meta name=\"robots\" content=\"index, follow, max-snippet:-1, max-image-preview:large, max-video-preview:-1\" \/>\n<link rel=\"canonical\" href=\"https:\/\/blogdobispo.com.br\/?p=5716\" \/>\n<meta property=\"og:locale\" content=\"pt_BR\" \/>\n<meta property=\"og:type\" content=\"article\" \/>\n<meta property=\"og:title\" content=\"Eribaldo Medeiros lamenta morte de Jaqueline Brasil, ativista e s\u00edmbolo da luta LGBTQIAP+ em Natal - Blog do Bispo\" \/>\n<meta property=\"og:description\" content=\"Faleceu nesta ter\u00e7a-feira (25) Jaqueline Brasil, uma das figuras mais emblem\u00e1ticas da milit\u00e2ncia LGBTQIAP+ em Natal. A informa\u00e7\u00e3o foi confirmada por meio de uma publica\u00e7\u00e3o nas redes sociais. Conhecida por sua atua\u00e7\u00e3o incans\u00e1vel em defesa dos direitos da popula\u00e7\u00e3o LGBTQIAP+, Jaqueline era presen\u00e7a constante em eventos, conselhos e mobiliza\u00e7\u00f5es sociais da capital potiguar. Sua voz [&hellip;]\" \/>\n<meta property=\"og:url\" content=\"https:\/\/blogdobispo.com.br\/?p=5716\" \/>\n<meta property=\"og:site_name\" content=\"Blog do Bispo\" \/>\n<meta property=\"article:published_time\" content=\"2025-06-25T14:56:06+00:00\" \/>\n<meta property=\"article:modified_time\" content=\"2025-06-25T14:58:56+00:00\" \/>\n<meta property=\"og:image\" content=\"https:\/\/blogdobispo.com.br\/wp-content\/uploads\/2025\/06\/img_5272-1.jpg\" \/>\n<meta name=\"author\" content=\"Jefferson Sterfeno\" \/>\n<meta name=\"twitter:card\" content=\"summary_large_image\" \/>\n<meta name=\"twitter:label1\" content=\"Escrito por\" \/>\n\t<meta name=\"twitter:data1\" content=\"Jefferson Sterfeno\" \/>\n\t<meta name=\"twitter:label2\" content=\"Est. tempo de leitura\" \/>\n\t<meta name=\"twitter:data2\" content=\"1 minuto\" \/>\n<script type=\"application\/ld+json\" class=\"yoast-schema-graph\">{\"@context\":\"https:\/\/schema.org\",\"@graph\":[{\"@type\":\"Article\",\"@id\":\"https:\/\/blogdobispo.com.br\/?p=5716#article\",\"isPartOf\":{\"@id\":\"https:\/\/blogdobispo.com.br\/?p=5716\"},\"author\":{\"name\":\"Jefferson Sterfeno\",\"@id\":\"https:\/\/blogdobispo.com.br\/#\/schema\/person\/e2209cc0e6cea5c5233d033e997b373f\"},\"headline\":\"Eribaldo Medeiros lamenta morte de Jaqueline Brasil, ativista e s\u00edmbolo da luta LGBTQIAP+ em Natal\",\"datePublished\":\"2025-06-25T14:56:06+00:00\",\"dateModified\":\"2025-06-25T14:58:56+00:00\",\"mainEntityOfPage\":{\"@id\":\"https:\/\/blogdobispo.com.br\/?p=5716\"},\"wordCount\":229,\"commentCount\":0,\"publisher\":{\"@id\":\"https:\/\/blogdobispo.com.br\/#organization\"},\"image\":{\"@id\":\"https:\/\/blogdobispo.com.br\/?p=5716#primaryimage\"},\"thumbnailUrl\":\"https:\/\/blogdobispo.com.br\/wp-content\/uploads\/2025\/06\/img_5272-1.jpg\",\"articleSection\":[\"diversos\"],\"inLanguage\":\"pt-BR\",\"potentialAction\":[{\"@type\":\"CommentAction\",\"name\":\"Comment\",\"target\":[\"https:\/\/blogdobispo.com.br\/?p=5716#respond\"]}]},{\"@type\":\"WebPage\",\"@id\":\"https:\/\/blogdobispo.com.br\/?p=5716\",\"url\":\"https:\/\/blogdobispo.com.br\/?p=5716\",\"name\":\"Eribaldo Medeiros lamenta morte de Jaqueline Brasil, ativista e s\u00edmbolo da luta LGBTQIAP+ em Natal - Blog do Bispo\",\"isPartOf\":{\"@id\":\"https:\/\/blogdobispo.com.br\/#website\"},\"primaryImageOfPage\":{\"@id\":\"https:\/\/blogdobispo.com.br\/?p=5716#primaryimage\"},\"image\":{\"@id\":\"https:\/\/blogdobispo.com.br\/?p=5716#primaryimage\"},\"thumbnailUrl\":\"https:\/\/blogdobispo.com.br\/wp-content\/uploads\/2025\/06\/img_5272-1.jpg\",\"datePublished\":\"2025-06-25T14:56:06+00:00\",\"dateModified\":\"2025-06-25T14:58:56+00:00\",\"breadcrumb\":{\"@id\":\"https:\/\/blogdobispo.com.br\/?p=5716#breadcrumb\"},\"inLanguage\":\"pt-BR\",\"potentialAction\":[{\"@type\":\"ReadAction\",\"target\":[\"https:\/\/blogdobispo.com.br\/?p=5716\"]}]},{\"@type\":\"ImageObject\",\"inLanguage\":\"pt-BR\",\"@id\":\"https:\/\/blogdobispo.com.br\/?p=5716#primaryimage\",\"url\":\"https:\/\/blogdobispo.com.br\/wp-content\/uploads\/2025\/06\/img_5272-1.jpg\",\"contentUrl\":\"https:\/\/blogdobispo.com.br\/wp-content\/uploads\/2025\/06\/img_5272-1.jpg\"},{\"@type\":\"BreadcrumbList\",\"@id\":\"https:\/\/blogdobispo.com.br\/?p=5716#breadcrumb\",\"itemListElement\":[{\"@type\":\"ListItem\",\"position\":1,\"name\":\"In\u00edcio\",\"item\":\"https:\/\/blogdobispo.com.br\/\"},{\"@type\":\"ListItem\",\"position\":2,\"name\":\"Eribaldo Medeiros lamenta morte de Jaqueline Brasil, ativista e s\u00edmbolo da luta LGBTQIAP+ em Natal\"}]},{\"@type\":\"WebSite\",\"@id\":\"https:\/\/blogdobispo.com.br\/#website\",\"url\":\"https:\/\/blogdobispo.com.br\/\",\"name\":\"Blog do Bispo\",\"description\":\"Comprometido apenas com o leitor\",\"publisher\":{\"@id\":\"https:\/\/blogdobispo.com.br\/#organization\"},\"potentialAction\":[{\"@type\":\"SearchAction\",\"target\":{\"@type\":\"EntryPoint\",\"urlTemplate\":\"https:\/\/blogdobispo.com.br\/?s={search_term_string}\"},\"query-input\":{\"@type\":\"PropertyValueSpecification\",\"valueRequired\":true,\"valueName\":\"search_term_string\"}}],\"inLanguage\":\"pt-BR\"},{\"@type\":\"Organization\",\"@id\":\"https:\/\/blogdobispo.com.br\/#organization\",\"name\":\"Blog do Bispo\",\"url\":\"https:\/\/blogdobispo.com.br\/\",\"logo\":{\"@type\":\"ImageObject\",\"inLanguage\":\"pt-BR\",\"@id\":\"https:\/\/blogdobispo.com.br\/#\/schema\/logo\/image\/\",\"url\":\"http:\/\/blogdobispo.com.br\/wp-content\/uploads\/2023\/05\/cropped-headear.png\",\"contentUrl\":\"http:\/\/blogdobispo.com.br\/wp-content\/uploads\/2023\/05\/cropped-headear.png\",\"width\":1500,\"height\":399,\"caption\":\"Blog do Bispo\"},\"image\":{\"@id\":\"https:\/\/blogdobispo.com.br\/#\/schema\/logo\/image\/\"}},{\"@type\":\"Person\",\"@id\":\"https:\/\/blogdobispo.com.br\/#\/schema\/person\/e2209cc0e6cea5c5233d033e997b373f\",\"name\":\"Jefferson Sterfeno\",\"image\":{\"@type\":\"ImageObject\",\"inLanguage\":\"pt-BR\",\"@id\":\"https:\/\/blogdobispo.com.br\/#\/schema\/person\/image\/\",\"url\":\"https:\/\/secure.gravatar.com\/avatar\/0534e84764641168a677026b6d57a3f51dc7ac4db0b4f6186d9cb330d4ee1160?s=96&d=mm&r=g\",\"contentUrl\":\"https:\/\/secure.gravatar.com\/avatar\/0534e84764641168a677026b6d57a3f51dc7ac4db0b4f6186d9cb330d4ee1160?s=96&d=mm&r=g\",\"caption\":\"Jefferson Sterfeno\"},\"sameAs\":[\"http:\/\/blogdobispo.com.br\"],\"url\":\"https:\/\/blogdobispo.com.br\/?author=1\"}]}<\/script>\n<!-- \/ Yoast SEO plugin. -->","yoast_head_json":{"title":"Eribaldo Medeiros lamenta morte de Jaqueline Brasil, ativista e s\u00edmbolo da luta LGBTQIAP+ em Natal - Blog do Bispo","robots":{"index":"index","follow":"follow","max-snippet":"max-snippet:-1","max-image-preview":"max-image-preview:large","max-video-preview":"max-video-preview:-1"},"canonical":"https:\/\/blogdobispo.com.br\/?p=5716","og_locale":"pt_BR","og_type":"article","og_title":"Eribaldo Medeiros lamenta morte de Jaqueline Brasil, ativista e s\u00edmbolo da luta LGBTQIAP+ em Natal - Blog do Bispo","og_description":"Faleceu nesta ter\u00e7a-feira (25) Jaqueline Brasil, uma das figuras mais emblem\u00e1ticas da milit\u00e2ncia LGBTQIAP+ em Natal. A informa\u00e7\u00e3o foi confirmada por meio de uma publica\u00e7\u00e3o nas redes sociais. Conhecida por sua atua\u00e7\u00e3o incans\u00e1vel em defesa dos direitos da popula\u00e7\u00e3o LGBTQIAP+, Jaqueline era presen\u00e7a constante em eventos, conselhos e mobiliza\u00e7\u00f5es sociais da capital potiguar. Sua voz [&hellip;]","og_url":"https:\/\/blogdobispo.com.br\/?p=5716","og_site_name":"Blog do Bispo","article_published_time":"2025-06-25T14:56:06+00:00","article_modified_time":"2025-06-25T14:58:56+00:00","og_image":[{"url":"https:\/\/blogdobispo.com.br\/wp-content\/uploads\/2025\/06\/img_5272-1.jpg","type":"","width":"","height":""}],"author":"Jefferson Sterfeno","twitter_card":"summary_large_image","twitter_misc":{"Escrito por":"Jefferson Sterfeno","Est. tempo de leitura":"1 minuto"},"schema":{"@context":"https:\/\/schema.org","@graph":[{"@type":"Article","@id":"https:\/\/blogdobispo.com.br\/?p=5716#article","isPartOf":{"@id":"https:\/\/blogdobispo.com.br\/?p=5716"},"author":{"name":"Jefferson Sterfeno","@id":"https:\/\/blogdobispo.com.br\/#\/schema\/person\/e2209cc0e6cea5c5233d033e997b373f"},"headline":"Eribaldo Medeiros lamenta morte de Jaqueline Brasil, ativista e s\u00edmbolo da luta LGBTQIAP+ em Natal","datePublished":"2025-06-25T14:56:06+00:00","dateModified":"2025-06-25T14:58:56+00:00","mainEntityOfPage":{"@id":"https:\/\/blogdobispo.com.br\/?p=5716"},"wordCount":229,"commentCount":0,"publisher":{"@id":"https:\/\/blogdobispo.com.br\/#organization"},"image":{"@id":"https:\/\/blogdobispo.com.br\/?p=5716#primaryimage"},"thumbnailUrl":"https:\/\/blogdobispo.com.br\/wp-content\/uploads\/2025\/06\/img_5272-1.jpg","articleSection":["diversos"],"inLanguage":"pt-BR","potentialAction":[{"@type":"CommentAction","name":"Comment","target":["https:\/\/blogdobispo.com.br\/?p=5716#respond"]}]},{"@type":"WebPage","@id":"https:\/\/blogdobispo.com.br\/?p=5716","url":"https:\/\/blogdobispo.com.br\/?p=5716","name":"Eribaldo Medeiros lamenta morte de Jaqueline Brasil, ativista e s\u00edmbolo da luta LGBTQIAP+ em Natal - Blog do Bispo","isPartOf":{"@id":"https:\/\/blogdobispo.com.br\/#website"},"primaryImageOfPage":{"@id":"https:\/\/blogdobispo.com.br\/?p=5716#primaryimage"},"image":{"@id":"https:\/\/blogdobispo.com.br\/?p=5716#primaryimage"},"thumbnailUrl":"https:\/\/blogdobispo.com.br\/wp-content\/uploads\/2025\/06\/img_5272-1.jpg","datePublished":"2025-06-25T14:56:06+00:00","dateModified":"2025-06-25T14:58:56+00:00","breadcrumb":{"@id":"https:\/\/blogdobispo.com.br\/?p=5716#breadcrumb"},"inLanguage":"pt-BR","potentialAction":[{"@type":"ReadAction","target":["https:\/\/blogdobispo.com.br\/?p=5716"]}]},{"@type":"ImageObject","inLanguage":"pt-BR","@id":"https:\/\/blogdobispo.com.br\/?p=5716#primaryimage","url":"https:\/\/blogdobispo.com.br\/wp-content\/uploads\/2025\/06\/img_5272-1.jpg","contentUrl":"https:\/\/blogdobispo.com.br\/wp-content\/uploads\/2025\/06\/img_5272-1.jpg"},{"@type":"BreadcrumbList","@id":"https:\/\/blogdobispo.com.br\/?p=5716#breadcrumb","itemListElement":[{"@type":"ListItem","position":1,"name":"In\u00edcio","item":"https:\/\/blogdobispo.com.br\/"},{"@type":"ListItem","position":2,"name":"Eribaldo Medeiros lamenta morte de Jaqueline Brasil, ativista e s\u00edmbolo da luta LGBTQIAP+ em Natal"}]},{"@type":"WebSite","@id":"https:\/\/blogdobispo.com.br\/#website","url":"https:\/\/blogdobispo.com.br\/","name":"Blog do Bispo","description":"Comprometido apenas com o leitor","publisher":{"@id":"https:\/\/blogdobispo.com.br\/#organization"},"potentialAction":[{"@type":"SearchAction","target":{"@type":"EntryPoint","urlTemplate":"https:\/\/blogdobispo.com.br\/?s={search_term_string}"},"query-input":{"@type":"PropertyValueSpecification","valueRequired":true,"valueName":"search_term_string"}}],"inLanguage":"pt-BR"},{"@type":"Organization","@id":"https:\/\/blogdobispo.com.br\/#organization","name":"Blog do Bispo","url":"https:\/\/blogdobispo.com.br\/","logo":{"@type":"ImageObject","inLanguage":"pt-BR","@id":"https:\/\/blogdobispo.com.br\/#\/schema\/logo\/image\/","url":"http:\/\/blogdobispo.com.br\/wp-content\/uploads\/2023\/05\/cropped-headear.png","contentUrl":"http:\/\/blogdobispo.com.br\/wp-content\/uploads\/2023\/05\/cropped-headear.png","width":1500,"height":399,"caption":"Blog do Bispo"},"image":{"@id":"https:\/\/blogdobispo.com.br\/#\/schema\/logo\/image\/"}},{"@type":"Person","@id":"https:\/\/blogdobispo.com.br\/#\/schema\/person\/e2209cc0e6cea5c5233d033e997b373f","name":"Jefferson Sterfeno","image":{"@type":"ImageObject","inLanguage":"pt-BR","@id":"https:\/\/blogdobispo.com.br\/#\/schema\/person\/image\/","url":"https:\/\/secure.gravatar.com\/avatar\/0534e84764641168a677026b6d57a3f51dc7ac4db0b4f6186d9cb330d4ee1160?s=96&d=mm&r=g","contentUrl":"https:\/\/secure.gravatar.com\/avatar\/0534e84764641168a677026b6d57a3f51dc7ac4db0b4f6186d9cb330d4ee1160?s=96&d=mm&r=g","caption":"Jefferson Sterfeno"},"sameAs":["http:\/\/blogdobispo.com.br"],"url":"https:\/\/blogdobispo.com.br\/?author=1"}]}},"featured_image_urls":{"full":"","thumbnail":"","medium":"","medium_large":"","large":"","1536x1536":"","2048x2048":""},"author_info":{"display_name":"Jefferson Sterfeno","author_link":"https:\/\/blogdobispo.com.br\/?author=1"},"category_info":"<a href=\"https:\/\/blogdobispo.com.br\/?cat=1\" rel=\"category\">diversos<\/a>","tag_info":"diversos","comment_count":"0","jetpack_featured_media_url":"","jetpack_sharing_enabled":true,"_links":{"self":[{"href":"https:\/\/blogdobispo.com.br\/index.php?rest_route=\/wp\/v2\/posts\/5716","targetHints":{"allow":["GET"]}}],"collection":[{"href":"https:\/\/blogdobispo.com.br\/index.php?rest_route=\/wp\/v2\/posts"}],"about":[{"href":"https:\/\/blogdobispo.com.br\/index.php?rest_route=\/wp\/v2\/types\/post"}],"author":[{"embeddable":true,"href":"https:\/\/blogdobispo.com.br\/index.php?rest_route=\/wp\/v2\/users\/1"}],"replies":[{"embeddable":true,"href":"https:\/\/blogdobispo.com.br\/index.php?rest_route=%2Fwp%2Fv2%2Fcomments&post=5716"}],"version-history":[{"count":2,"href":"https:\/\/blogdobispo.com.br\/index.php?rest_route=\/wp\/v2\/posts\/5716\/revisions"}],"predecessor-version":[{"id":5719,"href":"https:\/\/blogdobispo.com.br\/index.php?rest_route=\/wp\/v2\/posts\/5716\/revisions\/5719"}],"wp:attachment":[{"href":"https:\/\/blogdobispo.com.br\/index.php?rest_route=%2Fwp%2Fv2%2Fmedia&parent=5716"}],"wp:term":[{"taxonomy":"category","embeddable":true,"href":"https:\/\/blogdobispo.com.br\/index.php?rest_route=%2Fwp%2Fv2%2Fcategories&post=5716"},{"taxonomy":"post_tag","embeddable":true,"href":"https:\/\/blogdobispo.com.br\/index.php?rest_route=%2Fwp%2Fv2%2Ftags&post=5716"}],"curies":[{"name":"wp","href":"https:\/\/api.w.org\/{rel}","templated":true}]}}