{"id":5707,"date":"2025-06-24T17:02:10","date_gmt":"2025-06-24T17:02:10","guid":{"rendered":"https:\/\/blogdobispo.com.br\/?p=5707"},"modified":"2025-06-24T17:02:25","modified_gmt":"2025-06-24T17:02:25","slug":"mpe-recomenda-inelegibilidade-de-ana-karina-e-ceica-mendes-candidatas-em-lajes-por-abuso-de-poder-dos-meios-de-comunicacao","status":"publish","type":"post","link":"https:\/\/blogdobispo.com.br\/?p=5707","title":{"rendered":"MPE recomenda inelegibilidade de Ana Karina e Cei\u00e7a Mendes, candidatas em Lajes, por abuso de poder dos meios de comunica\u00e7\u00e3o"},"content":{"rendered":"\n<p>oto: Divulga\u00e7\u00e3o<\/p>\n\n\n\n<p>O Minist\u00e9rio P\u00fablico Eleitoral recomendou ao Tribunal Regional Eleitoral do Rio Grande do Norte (TRE-RN) a reforma de uma senten\u00e7a de primeira inst\u00e2ncia e o reconhecimento de abuso de poder dos meios de comunica\u00e7\u00e3o na campanha de 2024 em Lajes\/RN, envolvendo as candidatas Ana Karina Lopes da Silva Ara\u00fajo e Concei\u00e7\u00e3o de Maria Silva Mendes.<\/p>\n\n\n\n<p>Segundo parecer do Minist\u00e9rio P\u00fablico Federal, houve uso reiterado e desproporcional de meios de comunica\u00e7\u00e3o por parte da empresa RC Comunica\u00e7\u00f5es, M\u00eddia e Entretenimentos \u2013 ME, ligada ao blogueiro Robson Silva de Oliveira, que promoveu, pelo perfil @blogrobsoncabugi, 67 publica\u00e7\u00f5es eleitorais (60 delas transmiss\u00f5es ao vivo) em favor das candidatas, sendo este mesmo perfil explorador de atividade econ\u00f4mica.<\/p>\n\n\n\n<p>Com mais de 31 mil seguidores e cerca de 6.930 visualiza\u00e7\u00f5es di\u00e1rias na regi\u00e3o, o perfil operava como canal comercial de divulga\u00e7\u00e3o e, portanto, vedado pela legisla\u00e7\u00e3o eleitoral para este tipo de promo\u00e7\u00e3o, conforme o art. 29-A, \u00a72\u00ba, I da Resolu\u00e7\u00e3o TSE 23.610\/2019.<\/p>\n\n\n\n<p>Justi\u00e7a Potiguar<\/p>\n\n\n\n<figure class=\"wp-block-image\"><img data-recalc-dims=\"1\" fetchpriority=\"high\" decoding=\"async\" width=\"800\" height=\"531\" src=\"https:\/\/i0.wp.com\/blogdobispo.com.br\/wp-content\/uploads\/2025\/06\/lajes-3.jpg?resize=800%2C531\" alt=\"\" class=\"wp-image-5708\" srcset=\"https:\/\/i0.wp.com\/blogdobispo.com.br\/wp-content\/uploads\/2025\/06\/lajes-3.jpg?w=861&amp;ssl=1 861w, https:\/\/i0.wp.com\/blogdobispo.com.br\/wp-content\/uploads\/2025\/06\/lajes-3.jpg?resize=300%2C199&amp;ssl=1 300w, https:\/\/i0.wp.com\/blogdobispo.com.br\/wp-content\/uploads\/2025\/06\/lajes-3.jpg?resize=768%2C509&amp;ssl=1 768w\" sizes=\"(max-width: 800px) 100vw, 800px\" \/><\/figure>\n","protected":false},"excerpt":{"rendered":"<p>oto: Divulga\u00e7\u00e3o O Minist\u00e9rio P\u00fablico Eleitoral recomendou ao Tribunal Regional Eleitoral do Rio Grande do Norte (TRE-RN) a reforma de uma senten\u00e7a de primeira inst\u00e2ncia e o reconhecimento de abuso de poder dos meios de comunica\u00e7\u00e3o na campanha de 2024 em Lajes\/RN, envolvendo as candidatas Ana Karina Lopes da Silva Ara\u00fajo e Concei\u00e7\u00e3o de Maria [&hellip;]<\/p>\n","protected":false},"author":1,"featured_media":0,"comment_status":"open","ping_status":"open","sticky":false,"template":"","format":"standard","meta":{"cybocfi_hide_featured_image":"","_jetpack_memberships_contains_paid_content":false,"footnotes":""},"categories":[1],"tags":[],"class_list":["post-5707","post","type-post","status-publish","format-standard","hentry","category-diversos"],"yoast_head":"<!-- This site is optimized with the Yoast SEO plugin v25.6 - https:\/\/yoast.com\/wordpress\/plugins\/seo\/ -->\n<title>MPE recomenda inelegibilidade de Ana Karina e Cei\u00e7a Mendes, candidatas em Lajes, por abuso de poder dos meios de comunica\u00e7\u00e3o - Blog do Bispo<\/title>\n<meta name=\"robots\" content=\"index, follow, max-snippet:-1, max-image-preview:large, max-video-preview:-1\" \/>\n<link rel=\"canonical\" href=\"https:\/\/blogdobispo.com.br\/?p=5707\" \/>\n<meta property=\"og:locale\" content=\"pt_BR\" \/>\n<meta property=\"og:type\" content=\"article\" \/>\n<meta property=\"og:title\" content=\"MPE recomenda inelegibilidade de Ana Karina e Cei\u00e7a Mendes, candidatas em Lajes, por abuso de poder dos meios de comunica\u00e7\u00e3o - Blog do Bispo\" \/>\n<meta property=\"og:description\" content=\"oto: Divulga\u00e7\u00e3o O Minist\u00e9rio P\u00fablico Eleitoral recomendou ao Tribunal Regional Eleitoral do Rio Grande do Norte (TRE-RN) a reforma de uma senten\u00e7a de primeira inst\u00e2ncia e o reconhecimento de abuso de poder dos meios de comunica\u00e7\u00e3o na campanha de 2024 em Lajes\/RN, envolvendo as candidatas Ana Karina Lopes da Silva Ara\u00fajo e Concei\u00e7\u00e3o de Maria [&hellip;]\" \/>\n<meta property=\"og:url\" content=\"https:\/\/blogdobispo.com.br\/?p=5707\" \/>\n<meta property=\"og:site_name\" content=\"Blog do Bispo\" \/>\n<meta property=\"article:published_time\" content=\"2025-06-24T17:02:10+00:00\" \/>\n<meta property=\"article:modified_time\" content=\"2025-06-24T17:02:25+00:00\" \/>\n<meta property=\"og:image\" content=\"http:\/\/blogdobispo.com.br\/wp-content\/uploads\/2025\/06\/lajes-3.jpg\" \/>\n<meta name=\"author\" content=\"Jefferson Sterfeno\" \/>\n<meta name=\"twitter:card\" content=\"summary_large_image\" \/>\n<meta name=\"twitter:label1\" content=\"Escrito por\" \/>\n\t<meta name=\"twitter:data1\" content=\"Jefferson Sterfeno\" \/>\n\t<meta name=\"twitter:label2\" content=\"Est. tempo de leitura\" \/>\n\t<meta name=\"twitter:data2\" content=\"2 minutos\" \/>\n<script type=\"application\/ld+json\" class=\"yoast-schema-graph\">{\"@context\":\"https:\/\/schema.org\",\"@graph\":[{\"@type\":\"Article\",\"@id\":\"https:\/\/blogdobispo.com.br\/?p=5707#article\",\"isPartOf\":{\"@id\":\"https:\/\/blogdobispo.com.br\/?p=5707\"},\"author\":{\"name\":\"Jefferson Sterfeno\",\"@id\":\"https:\/\/blogdobispo.com.br\/#\/schema\/person\/e2209cc0e6cea5c5233d033e997b373f\"},\"headline\":\"MPE recomenda inelegibilidade de Ana Karina e Cei\u00e7a Mendes, candidatas em Lajes, por abuso de poder dos meios de comunica\u00e7\u00e3o\",\"datePublished\":\"2025-06-24T17:02:10+00:00\",\"dateModified\":\"2025-06-24T17:02:25+00:00\",\"mainEntityOfPage\":{\"@id\":\"https:\/\/blogdobispo.com.br\/?p=5707\"},\"wordCount\":199,\"commentCount\":0,\"publisher\":{\"@id\":\"https:\/\/blogdobispo.com.br\/#organization\"},\"image\":{\"@id\":\"https:\/\/blogdobispo.com.br\/?p=5707#primaryimage\"},\"thumbnailUrl\":\"http:\/\/blogdobispo.com.br\/wp-content\/uploads\/2025\/06\/lajes-3.jpg\",\"articleSection\":[\"diversos\"],\"inLanguage\":\"pt-BR\",\"potentialAction\":[{\"@type\":\"CommentAction\",\"name\":\"Comment\",\"target\":[\"https:\/\/blogdobispo.com.br\/?p=5707#respond\"]}]},{\"@type\":\"WebPage\",\"@id\":\"https:\/\/blogdobispo.com.br\/?p=5707\",\"url\":\"https:\/\/blogdobispo.com.br\/?p=5707\",\"name\":\"MPE recomenda inelegibilidade de Ana Karina e Cei\u00e7a Mendes, candidatas em Lajes, por abuso de poder dos meios de comunica\u00e7\u00e3o - Blog do Bispo\",\"isPartOf\":{\"@id\":\"https:\/\/blogdobispo.com.br\/#website\"},\"primaryImageOfPage\":{\"@id\":\"https:\/\/blogdobispo.com.br\/?p=5707#primaryimage\"},\"image\":{\"@id\":\"https:\/\/blogdobispo.com.br\/?p=5707#primaryimage\"},\"thumbnailUrl\":\"http:\/\/blogdobispo.com.br\/wp-content\/uploads\/2025\/06\/lajes-3.jpg\",\"datePublished\":\"2025-06-24T17:02:10+00:00\",\"dateModified\":\"2025-06-24T17:02:25+00:00\",\"breadcrumb\":{\"@id\":\"https:\/\/blogdobispo.com.br\/?p=5707#breadcrumb\"},\"inLanguage\":\"pt-BR\",\"potentialAction\":[{\"@type\":\"ReadAction\",\"target\":[\"https:\/\/blogdobispo.com.br\/?p=5707\"]}]},{\"@type\":\"ImageObject\",\"inLanguage\":\"pt-BR\",\"@id\":\"https:\/\/blogdobispo.com.br\/?p=5707#primaryimage\",\"url\":\"http:\/\/blogdobispo.com.br\/wp-content\/uploads\/2025\/06\/lajes-3.jpg\",\"contentUrl\":\"http:\/\/blogdobispo.com.br\/wp-content\/uploads\/2025\/06\/lajes-3.jpg\"},{\"@type\":\"BreadcrumbList\",\"@id\":\"https:\/\/blogdobispo.com.br\/?p=5707#breadcrumb\",\"itemListElement\":[{\"@type\":\"ListItem\",\"position\":1,\"name\":\"In\u00edcio\",\"item\":\"https:\/\/blogdobispo.com.br\/\"},{\"@type\":\"ListItem\",\"position\":2,\"name\":\"MPE recomenda inelegibilidade de Ana Karina e Cei\u00e7a Mendes, candidatas em Lajes, por abuso de poder dos meios de comunica\u00e7\u00e3o\"}]},{\"@type\":\"WebSite\",\"@id\":\"https:\/\/blogdobispo.com.br\/#website\",\"url\":\"https:\/\/blogdobispo.com.br\/\",\"name\":\"Blog do Bispo\",\"description\":\"Comprometido apenas com o leitor\",\"publisher\":{\"@id\":\"https:\/\/blogdobispo.com.br\/#organization\"},\"potentialAction\":[{\"@type\":\"SearchAction\",\"target\":{\"@type\":\"EntryPoint\",\"urlTemplate\":\"https:\/\/blogdobispo.com.br\/?s={search_term_string}\"},\"query-input\":{\"@type\":\"PropertyValueSpecification\",\"valueRequired\":true,\"valueName\":\"search_term_string\"}}],\"inLanguage\":\"pt-BR\"},{\"@type\":\"Organization\",\"@id\":\"https:\/\/blogdobispo.com.br\/#organization\",\"name\":\"Blog do Bispo\",\"url\":\"https:\/\/blogdobispo.com.br\/\",\"logo\":{\"@type\":\"ImageObject\",\"inLanguage\":\"pt-BR\",\"@id\":\"https:\/\/blogdobispo.com.br\/#\/schema\/logo\/image\/\",\"url\":\"http:\/\/blogdobispo.com.br\/wp-content\/uploads\/2023\/05\/cropped-headear.png\",\"contentUrl\":\"http:\/\/blogdobispo.com.br\/wp-content\/uploads\/2023\/05\/cropped-headear.png\",\"width\":1500,\"height\":399,\"caption\":\"Blog do Bispo\"},\"image\":{\"@id\":\"https:\/\/blogdobispo.com.br\/#\/schema\/logo\/image\/\"}},{\"@type\":\"Person\",\"@id\":\"https:\/\/blogdobispo.com.br\/#\/schema\/person\/e2209cc0e6cea5c5233d033e997b373f\",\"name\":\"Jefferson Sterfeno\",\"image\":{\"@type\":\"ImageObject\",\"inLanguage\":\"pt-BR\",\"@id\":\"https:\/\/blogdobispo.com.br\/#\/schema\/person\/image\/\",\"url\":\"https:\/\/secure.gravatar.com\/avatar\/0534e84764641168a677026b6d57a3f51dc7ac4db0b4f6186d9cb330d4ee1160?s=96&d=mm&r=g\",\"contentUrl\":\"https:\/\/secure.gravatar.com\/avatar\/0534e84764641168a677026b6d57a3f51dc7ac4db0b4f6186d9cb330d4ee1160?s=96&d=mm&r=g\",\"caption\":\"Jefferson Sterfeno\"},\"sameAs\":[\"http:\/\/blogdobispo.com.br\"],\"url\":\"https:\/\/blogdobispo.com.br\/?author=1\"}]}<\/script>\n<!-- \/ Yoast SEO plugin. -->","yoast_head_json":{"title":"MPE recomenda inelegibilidade de Ana Karina e Cei\u00e7a Mendes, candidatas em Lajes, por abuso de poder dos meios de comunica\u00e7\u00e3o - Blog do Bispo","robots":{"index":"index","follow":"follow","max-snippet":"max-snippet:-1","max-image-preview":"max-image-preview:large","max-video-preview":"max-video-preview:-1"},"canonical":"https:\/\/blogdobispo.com.br\/?p=5707","og_locale":"pt_BR","og_type":"article","og_title":"MPE recomenda inelegibilidade de Ana Karina e Cei\u00e7a Mendes, candidatas em Lajes, por abuso de poder dos meios de comunica\u00e7\u00e3o - Blog do Bispo","og_description":"oto: Divulga\u00e7\u00e3o O Minist\u00e9rio P\u00fablico Eleitoral recomendou ao Tribunal Regional Eleitoral do Rio Grande do Norte (TRE-RN) a reforma de uma senten\u00e7a de primeira inst\u00e2ncia e o reconhecimento de abuso de poder dos meios de comunica\u00e7\u00e3o na campanha de 2024 em Lajes\/RN, envolvendo as candidatas Ana Karina Lopes da Silva Ara\u00fajo e Concei\u00e7\u00e3o de Maria [&hellip;]","og_url":"https:\/\/blogdobispo.com.br\/?p=5707","og_site_name":"Blog do Bispo","article_published_time":"2025-06-24T17:02:10+00:00","article_modified_time":"2025-06-24T17:02:25+00:00","og_image":[{"url":"http:\/\/blogdobispo.com.br\/wp-content\/uploads\/2025\/06\/lajes-3.jpg","type":"","width":"","height":""}],"author":"Jefferson Sterfeno","twitter_card":"summary_large_image","twitter_misc":{"Escrito por":"Jefferson Sterfeno","Est. tempo de leitura":"2 minutos"},"schema":{"@context":"https:\/\/schema.org","@graph":[{"@type":"Article","@id":"https:\/\/blogdobispo.com.br\/?p=5707#article","isPartOf":{"@id":"https:\/\/blogdobispo.com.br\/?p=5707"},"author":{"name":"Jefferson Sterfeno","@id":"https:\/\/blogdobispo.com.br\/#\/schema\/person\/e2209cc0e6cea5c5233d033e997b373f"},"headline":"MPE recomenda inelegibilidade de Ana Karina e Cei\u00e7a Mendes, candidatas em Lajes, por abuso de poder dos meios de comunica\u00e7\u00e3o","datePublished":"2025-06-24T17:02:10+00:00","dateModified":"2025-06-24T17:02:25+00:00","mainEntityOfPage":{"@id":"https:\/\/blogdobispo.com.br\/?p=5707"},"wordCount":199,"commentCount":0,"publisher":{"@id":"https:\/\/blogdobispo.com.br\/#organization"},"image":{"@id":"https:\/\/blogdobispo.com.br\/?p=5707#primaryimage"},"thumbnailUrl":"http:\/\/blogdobispo.com.br\/wp-content\/uploads\/2025\/06\/lajes-3.jpg","articleSection":["diversos"],"inLanguage":"pt-BR","potentialAction":[{"@type":"CommentAction","name":"Comment","target":["https:\/\/blogdobispo.com.br\/?p=5707#respond"]}]},{"@type":"WebPage","@id":"https:\/\/blogdobispo.com.br\/?p=5707","url":"https:\/\/blogdobispo.com.br\/?p=5707","name":"MPE recomenda inelegibilidade de Ana Karina e Cei\u00e7a Mendes, candidatas em Lajes, por abuso de poder dos meios de comunica\u00e7\u00e3o - Blog do Bispo","isPartOf":{"@id":"https:\/\/blogdobispo.com.br\/#website"},"primaryImageOfPage":{"@id":"https:\/\/blogdobispo.com.br\/?p=5707#primaryimage"},"image":{"@id":"https:\/\/blogdobispo.com.br\/?p=5707#primaryimage"},"thumbnailUrl":"http:\/\/blogdobispo.com.br\/wp-content\/uploads\/2025\/06\/lajes-3.jpg","datePublished":"2025-06-24T17:02:10+00:00","dateModified":"2025-06-24T17:02:25+00:00","breadcrumb":{"@id":"https:\/\/blogdobispo.com.br\/?p=5707#breadcrumb"},"inLanguage":"pt-BR","potentialAction":[{"@type":"ReadAction","target":["https:\/\/blogdobispo.com.br\/?p=5707"]}]},{"@type":"ImageObject","inLanguage":"pt-BR","@id":"https:\/\/blogdobispo.com.br\/?p=5707#primaryimage","url":"http:\/\/blogdobispo.com.br\/wp-content\/uploads\/2025\/06\/lajes-3.jpg","contentUrl":"http:\/\/blogdobispo.com.br\/wp-content\/uploads\/2025\/06\/lajes-3.jpg"},{"@type":"BreadcrumbList","@id":"https:\/\/blogdobispo.com.br\/?p=5707#breadcrumb","itemListElement":[{"@type":"ListItem","position":1,"name":"In\u00edcio","item":"https:\/\/blogdobispo.com.br\/"},{"@type":"ListItem","position":2,"name":"MPE recomenda inelegibilidade de Ana Karina e Cei\u00e7a Mendes, candidatas em Lajes, por abuso de poder dos meios de comunica\u00e7\u00e3o"}]},{"@type":"WebSite","@id":"https:\/\/blogdobispo.com.br\/#website","url":"https:\/\/blogdobispo.com.br\/","name":"Blog do Bispo","description":"Comprometido apenas com o leitor","publisher":{"@id":"https:\/\/blogdobispo.com.br\/#organization"},"potentialAction":[{"@type":"SearchAction","target":{"@type":"EntryPoint","urlTemplate":"https:\/\/blogdobispo.com.br\/?s={search_term_string}"},"query-input":{"@type":"PropertyValueSpecification","valueRequired":true,"valueName":"search_term_string"}}],"inLanguage":"pt-BR"},{"@type":"Organization","@id":"https:\/\/blogdobispo.com.br\/#organization","name":"Blog do Bispo","url":"https:\/\/blogdobispo.com.br\/","logo":{"@type":"ImageObject","inLanguage":"pt-BR","@id":"https:\/\/blogdobispo.com.br\/#\/schema\/logo\/image\/","url":"http:\/\/blogdobispo.com.br\/wp-content\/uploads\/2023\/05\/cropped-headear.png","contentUrl":"http:\/\/blogdobispo.com.br\/wp-content\/uploads\/2023\/05\/cropped-headear.png","width":1500,"height":399,"caption":"Blog do Bispo"},"image":{"@id":"https:\/\/blogdobispo.com.br\/#\/schema\/logo\/image\/"}},{"@type":"Person","@id":"https:\/\/blogdobispo.com.br\/#\/schema\/person\/e2209cc0e6cea5c5233d033e997b373f","name":"Jefferson Sterfeno","image":{"@type":"ImageObject","inLanguage":"pt-BR","@id":"https:\/\/blogdobispo.com.br\/#\/schema\/person\/image\/","url":"https:\/\/secure.gravatar.com\/avatar\/0534e84764641168a677026b6d57a3f51dc7ac4db0b4f6186d9cb330d4ee1160?s=96&d=mm&r=g","contentUrl":"https:\/\/secure.gravatar.com\/avatar\/0534e84764641168a677026b6d57a3f51dc7ac4db0b4f6186d9cb330d4ee1160?s=96&d=mm&r=g","caption":"Jefferson Sterfeno"},"sameAs":["http:\/\/blogdobispo.com.br"],"url":"https:\/\/blogdobispo.com.br\/?author=1"}]}},"featured_image_urls":{"full":"","thumbnail":"","medium":"","medium_large":"","large":"","1536x1536":"","2048x2048":""},"author_info":{"display_name":"Jefferson Sterfeno","author_link":"https:\/\/blogdobispo.com.br\/?author=1"},"category_info":"<a href=\"https:\/\/blogdobispo.com.br\/?cat=1\" rel=\"category\">diversos<\/a>","tag_info":"diversos","comment_count":"0","jetpack_featured_media_url":"","jetpack_sharing_enabled":true,"_links":{"self":[{"href":"https:\/\/blogdobispo.com.br\/index.php?rest_route=\/wp\/v2\/posts\/5707","targetHints":{"allow":["GET"]}}],"collection":[{"href":"https:\/\/blogdobispo.com.br\/index.php?rest_route=\/wp\/v2\/posts"}],"about":[{"href":"https:\/\/blogdobispo.com.br\/index.php?rest_route=\/wp\/v2\/types\/post"}],"author":[{"embeddable":true,"href":"https:\/\/blogdobispo.com.br\/index.php?rest_route=\/wp\/v2\/users\/1"}],"replies":[{"embeddable":true,"href":"https:\/\/blogdobispo.com.br\/index.php?rest_route=%2Fwp%2Fv2%2Fcomments&post=5707"}],"version-history":[{"count":2,"href":"https:\/\/blogdobispo.com.br\/index.php?rest_route=\/wp\/v2\/posts\/5707\/revisions"}],"predecessor-version":[{"id":5710,"href":"https:\/\/blogdobispo.com.br\/index.php?rest_route=\/wp\/v2\/posts\/5707\/revisions\/5710"}],"wp:attachment":[{"href":"https:\/\/blogdobispo.com.br\/index.php?rest_route=%2Fwp%2Fv2%2Fmedia&parent=5707"}],"wp:term":[{"taxonomy":"category","embeddable":true,"href":"https:\/\/blogdobispo.com.br\/index.php?rest_route=%2Fwp%2Fv2%2Fcategories&post=5707"},{"taxonomy":"post_tag","embeddable":true,"href":"https:\/\/blogdobispo.com.br\/index.php?rest_route=%2Fwp%2Fv2%2Ftags&post=5707"}],"curies":[{"name":"wp","href":"https:\/\/api.w.org\/{rel}","templated":true}]}}