{"id":5704,"date":"2025-06-24T16:32:45","date_gmt":"2025-06-24T16:32:45","guid":{"rendered":"https:\/\/blogdobispo.com.br\/?p=5704"},"modified":"2025-06-24T16:32:46","modified_gmt":"2025-06-24T16:32:46","slug":"comissao-visita-unidade-de-saude-da-familia-usf-de-cidade-nova","status":"publish","type":"post","link":"https:\/\/blogdobispo.com.br\/?p=5704","title":{"rendered":"Comiss\u00e3o visita Unidade de Sa\u00fade da Fam\u00edlia (USF) de Cidade Nova"},"content":{"rendered":"\n<p>Nesta segunda-feira (23), a Comiss\u00e3o de Sa\u00fade, Previd\u00eancia e Assist\u00eancia Social da C\u00e2mara Municipal de Natal deu continuidade \u00e0 agenda de visitas fiscalizat\u00f3rias nos equipamentos p\u00fablicos de sa\u00fade. Dessa vez, os parlamentares foram ver de perto a situa\u00e7\u00e3o da Unidade de Sa\u00fade da Fam\u00edlia (USF) de Cidade Nova, localizada na zona Oeste da capital potiguar. Participaram do encontro, a vereadora Camila Ara\u00fajo (Uni\u00e3o Brasil) e os vereadores Cleiton da Policl\u00ednica (PSDB) e Cl\u00e1udio Cust\u00f3dio (PP).&nbsp;<\/p>\n\n\n\n<p>A USF de Cidade Nova realiza, em m\u00e9dia, 200 atendimentos por dia. Entre os problemas apontados pelos usu\u00e1rios est\u00e1 a cadeira do consult\u00f3rio odontol\u00f3gico que se encontra quebrada e a presen\u00e7a de apenas um dentista na unidade. De acordo com os moradores do bairro, algumas consultas m\u00e9dicas levam at\u00e9 dois anos para acontecer.&nbsp;<\/p>\n\n\n\n<p>&#8220;Estamos aqui para atender um apelo da comunidade local que utilizou o Instagram dos vereadores que integram este colegiado pedindo a nossa presen\u00e7a com urg\u00eancia nesta unidade diante da situa\u00e7\u00e3o prec\u00e1ria da infraestrutura, al\u00e9m das car\u00eancias no quadro de recursos humanos. Por este motivo, decidimos averiguar todas essas situa\u00e7\u00f5es que foram narradas por diversos moradores do bairro de Cidade Nova que tem chegado nesta unidade em busca de atendimento m\u00e9dico e n\u00e3o tem conseguido&#8221;, justificou a vereadora Camila Ara\u00fajo.&nbsp;<\/p>\n\n\n\n<p>&#8220;Os usu\u00e1rios tamb\u00e9m enfrentam dificuldades no acesso aos medicamentos, o que n\u00e3o deveria acontecer. A verdade \u00e9 que essa USF precisa com urg\u00eancia de uma reforma geral, haja vista que nem o nome dela na entrada \u00e9 o correto, pois ainda est\u00e1 como se continuasse sendo uma unidade b\u00e1sica. Ent\u00e3o, vamos registrar tudo que detectamos no local e encaminhar atrav\u00e9s de um relat\u00f3rio \u00e0 Secretaria Municipal de Sa\u00fade, a fim de buscar solu\u00e7\u00f5es que melhorem o atendimento ofertado \u00e0 popula\u00e7\u00e3o&#8221;, completou ela.<\/p>\n\n\n\n<p>Por sua vez, o vereador Cleiton da Policl\u00ednica afirmou que o Legislativo natalense cumpre o exerc\u00edcio de fiscaliza\u00e7\u00e3o ao visitar os equipamentos p\u00fablicos. &#8220;Essa \u00e9 uma das prerrogativas mais importantes que temos como parlamentares. Trata-se de conhecer como os servi\u00e7os funcionam e cobrar do poder p\u00fablico que o que n\u00e3o est\u00e1 indo bem seja ajustado. Dito isso, avalio como positiva a nossa passagem pela Unidade de Sa\u00fade da Fam\u00edlia de Cidade Nova e agora vamos trabalhar junto \u00e0 gest\u00e3o municipal para resolver as defici\u00eancias encontradas na institui\u00e7\u00e3o&#8221;, pontuou.<\/p>\n\n\n\n<p>Texto: Junior Martins<\/p>\n\n\n\n<p>Fotos: Elp\u00eddio J\u00fanior<\/p>\n\n\n\n<figure class=\"wp-block-image\"><img data-recalc-dims=\"1\" fetchpriority=\"high\" decoding=\"async\" width=\"800\" height=\"533\" src=\"https:\/\/i0.wp.com\/blogdobispo.com.br\/wp-content\/uploads\/2025\/06\/ca9338947f8bfe1640152330cbfb83b6.jpg?resize=800%2C533\" alt=\"\" class=\"wp-image-5705\" srcset=\"https:\/\/i0.wp.com\/blogdobispo.com.br\/wp-content\/uploads\/2025\/06\/ca9338947f8bfe1640152330cbfb83b6.jpg?w=1600&amp;ssl=1 1600w, https:\/\/i0.wp.com\/blogdobispo.com.br\/wp-content\/uploads\/2025\/06\/ca9338947f8bfe1640152330cbfb83b6.jpg?resize=300%2C200&amp;ssl=1 300w, https:\/\/i0.wp.com\/blogdobispo.com.br\/wp-content\/uploads\/2025\/06\/ca9338947f8bfe1640152330cbfb83b6.jpg?resize=1024%2C682&amp;ssl=1 1024w, https:\/\/i0.wp.com\/blogdobispo.com.br\/wp-content\/uploads\/2025\/06\/ca9338947f8bfe1640152330cbfb83b6.jpg?resize=768%2C512&amp;ssl=1 768w, https:\/\/i0.wp.com\/blogdobispo.com.br\/wp-content\/uploads\/2025\/06\/ca9338947f8bfe1640152330cbfb83b6.jpg?resize=1536%2C1023&amp;ssl=1 1536w\" sizes=\"(max-width: 800px) 100vw, 800px\" \/><\/figure>\n","protected":false},"excerpt":{"rendered":"<p>Nesta segunda-feira (23), a Comiss\u00e3o de Sa\u00fade, Previd\u00eancia e Assist\u00eancia Social da C\u00e2mara Municipal de Natal deu continuidade \u00e0 agenda de visitas fiscalizat\u00f3rias nos equipamentos p\u00fablicos de sa\u00fade. Dessa vez, os parlamentares foram ver de perto a situa\u00e7\u00e3o da Unidade de Sa\u00fade da Fam\u00edlia (USF) de Cidade Nova, localizada na zona Oeste da capital potiguar. [&hellip;]<\/p>\n","protected":false},"author":1,"featured_media":0,"comment_status":"open","ping_status":"open","sticky":false,"template":"","format":"standard","meta":{"cybocfi_hide_featured_image":"","_jetpack_memberships_contains_paid_content":false,"footnotes":""},"categories":[1],"tags":[],"class_list":["post-5704","post","type-post","status-publish","format-standard","hentry","category-diversos"],"yoast_head":"<!-- This site is optimized with the Yoast SEO plugin v25.6 - https:\/\/yoast.com\/wordpress\/plugins\/seo\/ -->\n<title>Comiss\u00e3o visita Unidade de Sa\u00fade da Fam\u00edlia (USF) de Cidade Nova - Blog do Bispo<\/title>\n<meta name=\"robots\" content=\"index, follow, max-snippet:-1, max-image-preview:large, max-video-preview:-1\" \/>\n<link rel=\"canonical\" href=\"https:\/\/blogdobispo.com.br\/?p=5704\" \/>\n<meta property=\"og:locale\" content=\"pt_BR\" \/>\n<meta property=\"og:type\" content=\"article\" \/>\n<meta property=\"og:title\" content=\"Comiss\u00e3o visita Unidade de Sa\u00fade da Fam\u00edlia (USF) de Cidade Nova - Blog do Bispo\" \/>\n<meta property=\"og:description\" content=\"Nesta segunda-feira (23), a Comiss\u00e3o de Sa\u00fade, Previd\u00eancia e Assist\u00eancia Social da C\u00e2mara Municipal de Natal deu continuidade \u00e0 agenda de visitas fiscalizat\u00f3rias nos equipamentos p\u00fablicos de sa\u00fade. Dessa vez, os parlamentares foram ver de perto a situa\u00e7\u00e3o da Unidade de Sa\u00fade da Fam\u00edlia (USF) de Cidade Nova, localizada na zona Oeste da capital potiguar. [&hellip;]\" \/>\n<meta property=\"og:url\" content=\"https:\/\/blogdobispo.com.br\/?p=5704\" \/>\n<meta property=\"og:site_name\" content=\"Blog do Bispo\" \/>\n<meta property=\"article:published_time\" content=\"2025-06-24T16:32:45+00:00\" \/>\n<meta property=\"article:modified_time\" content=\"2025-06-24T16:32:46+00:00\" \/>\n<meta property=\"og:image\" content=\"http:\/\/blogdobispo.com.br\/wp-content\/uploads\/2025\/06\/ca9338947f8bfe1640152330cbfb83b6.jpg\" \/>\n<meta name=\"author\" content=\"Jefferson Sterfeno\" \/>\n<meta name=\"twitter:card\" content=\"summary_large_image\" \/>\n<meta name=\"twitter:label1\" content=\"Escrito por\" \/>\n\t<meta name=\"twitter:data1\" content=\"Jefferson Sterfeno\" \/>\n\t<meta name=\"twitter:label2\" content=\"Est. tempo de leitura\" \/>\n\t<meta name=\"twitter:data2\" content=\"3 minutos\" \/>\n<script type=\"application\/ld+json\" class=\"yoast-schema-graph\">{\"@context\":\"https:\/\/schema.org\",\"@graph\":[{\"@type\":\"Article\",\"@id\":\"https:\/\/blogdobispo.com.br\/?p=5704#article\",\"isPartOf\":{\"@id\":\"https:\/\/blogdobispo.com.br\/?p=5704\"},\"author\":{\"name\":\"Jefferson Sterfeno\",\"@id\":\"https:\/\/blogdobispo.com.br\/#\/schema\/person\/e2209cc0e6cea5c5233d033e997b373f\"},\"headline\":\"Comiss\u00e3o visita Unidade de Sa\u00fade da Fam\u00edlia (USF) de Cidade Nova\",\"datePublished\":\"2025-06-24T16:32:45+00:00\",\"dateModified\":\"2025-06-24T16:32:46+00:00\",\"mainEntityOfPage\":{\"@id\":\"https:\/\/blogdobispo.com.br\/?p=5704\"},\"wordCount\":448,\"commentCount\":0,\"publisher\":{\"@id\":\"https:\/\/blogdobispo.com.br\/#organization\"},\"image\":{\"@id\":\"https:\/\/blogdobispo.com.br\/?p=5704#primaryimage\"},\"thumbnailUrl\":\"http:\/\/blogdobispo.com.br\/wp-content\/uploads\/2025\/06\/ca9338947f8bfe1640152330cbfb83b6.jpg\",\"articleSection\":[\"diversos\"],\"inLanguage\":\"pt-BR\",\"potentialAction\":[{\"@type\":\"CommentAction\",\"name\":\"Comment\",\"target\":[\"https:\/\/blogdobispo.com.br\/?p=5704#respond\"]}]},{\"@type\":\"WebPage\",\"@id\":\"https:\/\/blogdobispo.com.br\/?p=5704\",\"url\":\"https:\/\/blogdobispo.com.br\/?p=5704\",\"name\":\"Comiss\u00e3o visita Unidade de Sa\u00fade da Fam\u00edlia (USF) de Cidade Nova - Blog do Bispo\",\"isPartOf\":{\"@id\":\"https:\/\/blogdobispo.com.br\/#website\"},\"primaryImageOfPage\":{\"@id\":\"https:\/\/blogdobispo.com.br\/?p=5704#primaryimage\"},\"image\":{\"@id\":\"https:\/\/blogdobispo.com.br\/?p=5704#primaryimage\"},\"thumbnailUrl\":\"http:\/\/blogdobispo.com.br\/wp-content\/uploads\/2025\/06\/ca9338947f8bfe1640152330cbfb83b6.jpg\",\"datePublished\":\"2025-06-24T16:32:45+00:00\",\"dateModified\":\"2025-06-24T16:32:46+00:00\",\"breadcrumb\":{\"@id\":\"https:\/\/blogdobispo.com.br\/?p=5704#breadcrumb\"},\"inLanguage\":\"pt-BR\",\"potentialAction\":[{\"@type\":\"ReadAction\",\"target\":[\"https:\/\/blogdobispo.com.br\/?p=5704\"]}]},{\"@type\":\"ImageObject\",\"inLanguage\":\"pt-BR\",\"@id\":\"https:\/\/blogdobispo.com.br\/?p=5704#primaryimage\",\"url\":\"http:\/\/blogdobispo.com.br\/wp-content\/uploads\/2025\/06\/ca9338947f8bfe1640152330cbfb83b6.jpg\",\"contentUrl\":\"http:\/\/blogdobispo.com.br\/wp-content\/uploads\/2025\/06\/ca9338947f8bfe1640152330cbfb83b6.jpg\"},{\"@type\":\"BreadcrumbList\",\"@id\":\"https:\/\/blogdobispo.com.br\/?p=5704#breadcrumb\",\"itemListElement\":[{\"@type\":\"ListItem\",\"position\":1,\"name\":\"In\u00edcio\",\"item\":\"https:\/\/blogdobispo.com.br\/\"},{\"@type\":\"ListItem\",\"position\":2,\"name\":\"Comiss\u00e3o visita Unidade de Sa\u00fade da Fam\u00edlia (USF) de Cidade Nova\"}]},{\"@type\":\"WebSite\",\"@id\":\"https:\/\/blogdobispo.com.br\/#website\",\"url\":\"https:\/\/blogdobispo.com.br\/\",\"name\":\"Blog do Bispo\",\"description\":\"Comprometido apenas com o leitor\",\"publisher\":{\"@id\":\"https:\/\/blogdobispo.com.br\/#organization\"},\"potentialAction\":[{\"@type\":\"SearchAction\",\"target\":{\"@type\":\"EntryPoint\",\"urlTemplate\":\"https:\/\/blogdobispo.com.br\/?s={search_term_string}\"},\"query-input\":{\"@type\":\"PropertyValueSpecification\",\"valueRequired\":true,\"valueName\":\"search_term_string\"}}],\"inLanguage\":\"pt-BR\"},{\"@type\":\"Organization\",\"@id\":\"https:\/\/blogdobispo.com.br\/#organization\",\"name\":\"Blog do Bispo\",\"url\":\"https:\/\/blogdobispo.com.br\/\",\"logo\":{\"@type\":\"ImageObject\",\"inLanguage\":\"pt-BR\",\"@id\":\"https:\/\/blogdobispo.com.br\/#\/schema\/logo\/image\/\",\"url\":\"http:\/\/blogdobispo.com.br\/wp-content\/uploads\/2023\/05\/cropped-headear.png\",\"contentUrl\":\"http:\/\/blogdobispo.com.br\/wp-content\/uploads\/2023\/05\/cropped-headear.png\",\"width\":1500,\"height\":399,\"caption\":\"Blog do Bispo\"},\"image\":{\"@id\":\"https:\/\/blogdobispo.com.br\/#\/schema\/logo\/image\/\"}},{\"@type\":\"Person\",\"@id\":\"https:\/\/blogdobispo.com.br\/#\/schema\/person\/e2209cc0e6cea5c5233d033e997b373f\",\"name\":\"Jefferson Sterfeno\",\"image\":{\"@type\":\"ImageObject\",\"inLanguage\":\"pt-BR\",\"@id\":\"https:\/\/blogdobispo.com.br\/#\/schema\/person\/image\/\",\"url\":\"https:\/\/secure.gravatar.com\/avatar\/0534e84764641168a677026b6d57a3f51dc7ac4db0b4f6186d9cb330d4ee1160?s=96&d=mm&r=g\",\"contentUrl\":\"https:\/\/secure.gravatar.com\/avatar\/0534e84764641168a677026b6d57a3f51dc7ac4db0b4f6186d9cb330d4ee1160?s=96&d=mm&r=g\",\"caption\":\"Jefferson Sterfeno\"},\"sameAs\":[\"http:\/\/blogdobispo.com.br\"],\"url\":\"https:\/\/blogdobispo.com.br\/?author=1\"}]}<\/script>\n<!-- \/ Yoast SEO plugin. -->","yoast_head_json":{"title":"Comiss\u00e3o visita Unidade de Sa\u00fade da Fam\u00edlia (USF) de Cidade Nova - Blog do Bispo","robots":{"index":"index","follow":"follow","max-snippet":"max-snippet:-1","max-image-preview":"max-image-preview:large","max-video-preview":"max-video-preview:-1"},"canonical":"https:\/\/blogdobispo.com.br\/?p=5704","og_locale":"pt_BR","og_type":"article","og_title":"Comiss\u00e3o visita Unidade de Sa\u00fade da Fam\u00edlia (USF) de Cidade Nova - Blog do Bispo","og_description":"Nesta segunda-feira (23), a Comiss\u00e3o de Sa\u00fade, Previd\u00eancia e Assist\u00eancia Social da C\u00e2mara Municipal de Natal deu continuidade \u00e0 agenda de visitas fiscalizat\u00f3rias nos equipamentos p\u00fablicos de sa\u00fade. Dessa vez, os parlamentares foram ver de perto a situa\u00e7\u00e3o da Unidade de Sa\u00fade da Fam\u00edlia (USF) de Cidade Nova, localizada na zona Oeste da capital potiguar. [&hellip;]","og_url":"https:\/\/blogdobispo.com.br\/?p=5704","og_site_name":"Blog do Bispo","article_published_time":"2025-06-24T16:32:45+00:00","article_modified_time":"2025-06-24T16:32:46+00:00","og_image":[{"url":"http:\/\/blogdobispo.com.br\/wp-content\/uploads\/2025\/06\/ca9338947f8bfe1640152330cbfb83b6.jpg","type":"","width":"","height":""}],"author":"Jefferson Sterfeno","twitter_card":"summary_large_image","twitter_misc":{"Escrito por":"Jefferson Sterfeno","Est. tempo de leitura":"3 minutos"},"schema":{"@context":"https:\/\/schema.org","@graph":[{"@type":"Article","@id":"https:\/\/blogdobispo.com.br\/?p=5704#article","isPartOf":{"@id":"https:\/\/blogdobispo.com.br\/?p=5704"},"author":{"name":"Jefferson Sterfeno","@id":"https:\/\/blogdobispo.com.br\/#\/schema\/person\/e2209cc0e6cea5c5233d033e997b373f"},"headline":"Comiss\u00e3o visita Unidade de Sa\u00fade da Fam\u00edlia (USF) de Cidade Nova","datePublished":"2025-06-24T16:32:45+00:00","dateModified":"2025-06-24T16:32:46+00:00","mainEntityOfPage":{"@id":"https:\/\/blogdobispo.com.br\/?p=5704"},"wordCount":448,"commentCount":0,"publisher":{"@id":"https:\/\/blogdobispo.com.br\/#organization"},"image":{"@id":"https:\/\/blogdobispo.com.br\/?p=5704#primaryimage"},"thumbnailUrl":"http:\/\/blogdobispo.com.br\/wp-content\/uploads\/2025\/06\/ca9338947f8bfe1640152330cbfb83b6.jpg","articleSection":["diversos"],"inLanguage":"pt-BR","potentialAction":[{"@type":"CommentAction","name":"Comment","target":["https:\/\/blogdobispo.com.br\/?p=5704#respond"]}]},{"@type":"WebPage","@id":"https:\/\/blogdobispo.com.br\/?p=5704","url":"https:\/\/blogdobispo.com.br\/?p=5704","name":"Comiss\u00e3o visita Unidade de Sa\u00fade da Fam\u00edlia (USF) de Cidade Nova - Blog do Bispo","isPartOf":{"@id":"https:\/\/blogdobispo.com.br\/#website"},"primaryImageOfPage":{"@id":"https:\/\/blogdobispo.com.br\/?p=5704#primaryimage"},"image":{"@id":"https:\/\/blogdobispo.com.br\/?p=5704#primaryimage"},"thumbnailUrl":"http:\/\/blogdobispo.com.br\/wp-content\/uploads\/2025\/06\/ca9338947f8bfe1640152330cbfb83b6.jpg","datePublished":"2025-06-24T16:32:45+00:00","dateModified":"2025-06-24T16:32:46+00:00","breadcrumb":{"@id":"https:\/\/blogdobispo.com.br\/?p=5704#breadcrumb"},"inLanguage":"pt-BR","potentialAction":[{"@type":"ReadAction","target":["https:\/\/blogdobispo.com.br\/?p=5704"]}]},{"@type":"ImageObject","inLanguage":"pt-BR","@id":"https:\/\/blogdobispo.com.br\/?p=5704#primaryimage","url":"http:\/\/blogdobispo.com.br\/wp-content\/uploads\/2025\/06\/ca9338947f8bfe1640152330cbfb83b6.jpg","contentUrl":"http:\/\/blogdobispo.com.br\/wp-content\/uploads\/2025\/06\/ca9338947f8bfe1640152330cbfb83b6.jpg"},{"@type":"BreadcrumbList","@id":"https:\/\/blogdobispo.com.br\/?p=5704#breadcrumb","itemListElement":[{"@type":"ListItem","position":1,"name":"In\u00edcio","item":"https:\/\/blogdobispo.com.br\/"},{"@type":"ListItem","position":2,"name":"Comiss\u00e3o visita Unidade de Sa\u00fade da Fam\u00edlia (USF) de Cidade Nova"}]},{"@type":"WebSite","@id":"https:\/\/blogdobispo.com.br\/#website","url":"https:\/\/blogdobispo.com.br\/","name":"Blog do Bispo","description":"Comprometido apenas com o leitor","publisher":{"@id":"https:\/\/blogdobispo.com.br\/#organization"},"potentialAction":[{"@type":"SearchAction","target":{"@type":"EntryPoint","urlTemplate":"https:\/\/blogdobispo.com.br\/?s={search_term_string}"},"query-input":{"@type":"PropertyValueSpecification","valueRequired":true,"valueName":"search_term_string"}}],"inLanguage":"pt-BR"},{"@type":"Organization","@id":"https:\/\/blogdobispo.com.br\/#organization","name":"Blog do Bispo","url":"https:\/\/blogdobispo.com.br\/","logo":{"@type":"ImageObject","inLanguage":"pt-BR","@id":"https:\/\/blogdobispo.com.br\/#\/schema\/logo\/image\/","url":"http:\/\/blogdobispo.com.br\/wp-content\/uploads\/2023\/05\/cropped-headear.png","contentUrl":"http:\/\/blogdobispo.com.br\/wp-content\/uploads\/2023\/05\/cropped-headear.png","width":1500,"height":399,"caption":"Blog do Bispo"},"image":{"@id":"https:\/\/blogdobispo.com.br\/#\/schema\/logo\/image\/"}},{"@type":"Person","@id":"https:\/\/blogdobispo.com.br\/#\/schema\/person\/e2209cc0e6cea5c5233d033e997b373f","name":"Jefferson Sterfeno","image":{"@type":"ImageObject","inLanguage":"pt-BR","@id":"https:\/\/blogdobispo.com.br\/#\/schema\/person\/image\/","url":"https:\/\/secure.gravatar.com\/avatar\/0534e84764641168a677026b6d57a3f51dc7ac4db0b4f6186d9cb330d4ee1160?s=96&d=mm&r=g","contentUrl":"https:\/\/secure.gravatar.com\/avatar\/0534e84764641168a677026b6d57a3f51dc7ac4db0b4f6186d9cb330d4ee1160?s=96&d=mm&r=g","caption":"Jefferson Sterfeno"},"sameAs":["http:\/\/blogdobispo.com.br"],"url":"https:\/\/blogdobispo.com.br\/?author=1"}]}},"featured_image_urls":{"full":"","thumbnail":"","medium":"","medium_large":"","large":"","1536x1536":"","2048x2048":""},"author_info":{"display_name":"Jefferson Sterfeno","author_link":"https:\/\/blogdobispo.com.br\/?author=1"},"category_info":"<a href=\"https:\/\/blogdobispo.com.br\/?cat=1\" rel=\"category\">diversos<\/a>","tag_info":"diversos","comment_count":"0","jetpack_featured_media_url":"","jetpack_sharing_enabled":true,"_links":{"self":[{"href":"https:\/\/blogdobispo.com.br\/index.php?rest_route=\/wp\/v2\/posts\/5704","targetHints":{"allow":["GET"]}}],"collection":[{"href":"https:\/\/blogdobispo.com.br\/index.php?rest_route=\/wp\/v2\/posts"}],"about":[{"href":"https:\/\/blogdobispo.com.br\/index.php?rest_route=\/wp\/v2\/types\/post"}],"author":[{"embeddable":true,"href":"https:\/\/blogdobispo.com.br\/index.php?rest_route=\/wp\/v2\/users\/1"}],"replies":[{"embeddable":true,"href":"https:\/\/blogdobispo.com.br\/index.php?rest_route=%2Fwp%2Fv2%2Fcomments&post=5704"}],"version-history":[{"count":1,"href":"https:\/\/blogdobispo.com.br\/index.php?rest_route=\/wp\/v2\/posts\/5704\/revisions"}],"predecessor-version":[{"id":5706,"href":"https:\/\/blogdobispo.com.br\/index.php?rest_route=\/wp\/v2\/posts\/5704\/revisions\/5706"}],"wp:attachment":[{"href":"https:\/\/blogdobispo.com.br\/index.php?rest_route=%2Fwp%2Fv2%2Fmedia&parent=5704"}],"wp:term":[{"taxonomy":"category","embeddable":true,"href":"https:\/\/blogdobispo.com.br\/index.php?rest_route=%2Fwp%2Fv2%2Fcategories&post=5704"},{"taxonomy":"post_tag","embeddable":true,"href":"https:\/\/blogdobispo.com.br\/index.php?rest_route=%2Fwp%2Fv2%2Ftags&post=5704"}],"curies":[{"name":"wp","href":"https:\/\/api.w.org\/{rel}","templated":true}]}}