{"id":5691,"date":"2025-06-24T13:43:12","date_gmt":"2025-06-24T13:43:12","guid":{"rendered":"https:\/\/blogdobispo.com.br\/?p=5691"},"modified":"2025-06-24T13:43:14","modified_gmt":"2025-06-24T13:43:14","slug":"vivaldo-costa-cobra-estrutura-para-saude-mental-no-rn","status":"publish","type":"post","link":"https:\/\/blogdobispo.com.br\/?p=5691","title":{"rendered":"Vivaldo Costa cobra estrutura para sa\u00fade mental no RN"},"content":{"rendered":"\n<p>A crise na sa\u00fade mental no\u00a0<a href=\"https:\/\/rn.gov.br\/\" target=\"_blank\" rel=\"noreferrer noopener\">Rio Grande do Norte<\/a>\u00a0voltou a ser tema de debate na\u00a0<a href=\"http:\/\/al.rn.gov.br\/\" target=\"_blank\" rel=\"noreferrer noopener\">Assembleia Legislativa<\/a>, nesta ter\u00e7a (24). Um dia ap\u00f3s o pronunciamento do deputado estadual\u00a0<a href=\"https:\/\/agorarn.com.br\/ultimas\/governo-3-sofrem-atendimento-deputado\/\">Dr. Kerginaldo<\/a>\u00a0(PL), que alertou para o baixo investimento do governo estadual na \u00e1rea e cobrou mais investimentos, o deputado Vivaldo Costa (PV) refor\u00e7ou a necessidade de a\u00e7\u00f5es concretas para enfrentar o\u00a0<a href=\"https:\/\/agorarn.com.br\/ultimas\/altos-ansiedade-saude-mental-clama\/\">problema<\/a>. Ele destacou a falta de assist\u00eancia e a crescente demanda por tratamento especializado.<\/p>\n\n\n\n<p>\u201cSenhor presidente Ezequiel Ferreira, senhores deputados, o assunto que eu trago para falar hoje nesta Casa \u00e9 sobre sa\u00fade mental, um tema atual. H\u00e1 falta de assist\u00eancia em todo o universo, em todos os pa\u00edses do mundo\u201d, declarou. , Dr. Kerginaldo revelou que o governo estadual destina menos de 3% do or\u00e7amento da sa\u00fade para a\u00a0<a href=\"https:\/\/agorarn.com.br\/ultimas\/rn-ganha-programa-de-saude-mental-seguranca\/\">sa\u00fade mental<\/a>, segundo um relat\u00f3rio do Tribunal de Contas do Estado (TCE).<\/p>\n\n\n\n<p>Vivaldo citou um estudo do psiquiatra Fernando Lemos, de S\u00e3o Paulo, que aponta que os transtornos mentais devem se tornar a&nbsp;<a href=\"https:\/\/agorarn.com.br\/ultimas\/adoecimento-saude-mental-exige-atencao\/\">principal causa de doen\u00e7as no mundo<\/a>&nbsp;at\u00e9 2030. Ele tamb\u00e9m mencionou um levantamento feito por uma psic\u00f3loga de Natal, que mostra um aumento expressivo de casos entre crian\u00e7as, adolescentes e jovens.<\/p>\n\n\n\n<p>\u201cRecentemente, eu li o&nbsp;<a href=\"https:\/\/agorarn.com.br\/ultimas\/adoecimento-saude-mental-exige-atencao\/\">trabalho<\/a>&nbsp;feito por uma psic\u00f3loga aqui de Natal, estudiosa, dedicada, que fala da necessidade de assist\u00eancia ao adolescente e \u00e0 crian\u00e7a, crian\u00e7a e ao adolescente, e ao jovem. Porque tem estat\u00edstica que comprova que o aumento da doen\u00e7a mental entre as crian\u00e7as, entre os adolescentes, entre os jovens, aumentou muito\u201d, afirmou.<\/p>\n\n\n\n<p>O deputado destacou que a falta de estrutura n\u00e3o \u00e9 um problema exclusivo do Rio Grande do Norte, mas cobrou um maior envolvimento das autoridades locais na busca por solu\u00e7\u00f5es. Ele defendeu um programa estadual de sa\u00fade mental para atender a popula\u00e7\u00e3o e revelou que destinou 60% de suas emendas para fortalecer essa \u00e1rea em Caic\u00f3.<\/p>\n\n\n\n<p>\u201cHoje mesmo, eu estou com a audi\u00eancia marcada, junto com o prefeito de Caic\u00f3, Dr. Judas Tadeu, com a secret\u00e1ria de Sa\u00fade, e n\u00f3s vamos conversar especificamente sobre sa\u00fade mental, sobre a defini\u00e7\u00e3o de um programa de sa\u00fade mental para Caic\u00f3\u201d, anunciou.<\/p>\n\n\n\n<h3 class=\"wp-block-heading\"><strong>Vivaldo faz cr\u00edtica ao fechamento de hospitais psiqui\u00e1tricos<\/strong><\/h3>\n\n\n\n<p>Vivaldo Costa tamb\u00e9m criticou a pol\u00edtica nacional de fechamento dos hospitais\u00a0<a href=\"https:\/\/agorarn.com.br\/ultimas\/crp-rn-critica-revogaco-do-governo-federal-na-saude-mental\/\">psiqui\u00e1tricos<\/a>\u00a0sem a cria\u00e7\u00e3o de alternativas eficazes. Ele afirmou que os hospitais regionais n\u00e3o t\u00eam estrutura para atender \u00e0 crescente demanda por tratamento psiqui\u00e1trico.<\/p>\n\n\n\n<p>\u201cFecharam os hospitais de tratamento de doente mental no Brasil, com a decis\u00e3o votada, Congresso, tudo, e deixaram como substituto o atendimento do doente mental nos hospitais regionais. S\u00f3 que, na pr\u00e1tica, nenhum Estado tem funcionado bem\u201d, pontuou.<\/p>\n\n\n\n<p>O parlamentar defendeu um esfor\u00e7o conjunto entre prefeitos, governadores e o governo federal para ampliar a assist\u00eancia psiqui\u00e1trica no pa\u00eds e chamou aten\u00e7\u00e3o para a urg\u00eancia do problema.<\/p>\n\n\n\n<p>\u201cEsse problema existe no mundo inteiro, no Brasil inteiro, a falta de assist\u00eancia ao doente mental. Vamos \u00e0 luta e juntar o prefeito, os prefeitos, os governadores, o presidente, a Organiza\u00e7\u00e3o Mundial de Sa\u00fade. Vamos na dire\u00e7\u00e3o, porque \u00e9 um problema urgente\u201d, disse.<\/p>\n\n\n\n<figure class=\"wp-block-image\"><img data-recalc-dims=\"1\" fetchpriority=\"high\" decoding=\"async\" width=\"800\" height=\"451\" src=\"https:\/\/i0.wp.com\/blogdobispo.com.br\/wp-content\/uploads\/2025\/06\/PAG-9-Cima-Vivaldo-Costa-foro-de-Eduardo-Maia-ALRN-830x468.jpg.webp?resize=800%2C451\" alt=\"\" class=\"wp-image-5692\" srcset=\"https:\/\/i0.wp.com\/blogdobispo.com.br\/wp-content\/uploads\/2025\/06\/PAG-9-Cima-Vivaldo-Costa-foro-de-Eduardo-Maia-ALRN-830x468.jpg.webp?w=830&amp;ssl=1 830w, https:\/\/i0.wp.com\/blogdobispo.com.br\/wp-content\/uploads\/2025\/06\/PAG-9-Cima-Vivaldo-Costa-foro-de-Eduardo-Maia-ALRN-830x468.jpg.webp?resize=300%2C169&amp;ssl=1 300w, https:\/\/i0.wp.com\/blogdobispo.com.br\/wp-content\/uploads\/2025\/06\/PAG-9-Cima-Vivaldo-Costa-foro-de-Eduardo-Maia-ALRN-830x468.jpg.webp?resize=768%2C433&amp;ssl=1 768w\" sizes=\"(max-width: 800px) 100vw, 800px\" \/><\/figure>\n","protected":false},"excerpt":{"rendered":"<p>A crise na sa\u00fade mental no\u00a0Rio Grande do Norte\u00a0voltou a ser tema de debate na\u00a0Assembleia Legislativa, nesta ter\u00e7a (24). Um dia ap\u00f3s o pronunciamento do deputado estadual\u00a0Dr. Kerginaldo\u00a0(PL), que alertou para o baixo investimento do governo estadual na \u00e1rea e cobrou mais investimentos, o deputado Vivaldo Costa (PV) refor\u00e7ou a necessidade de a\u00e7\u00f5es concretas para [&hellip;]<\/p>\n","protected":false},"author":1,"featured_media":0,"comment_status":"open","ping_status":"open","sticky":false,"template":"","format":"standard","meta":{"cybocfi_hide_featured_image":"","_jetpack_memberships_contains_paid_content":false,"footnotes":""},"categories":[1],"tags":[],"class_list":["post-5691","post","type-post","status-publish","format-standard","hentry","category-diversos"],"yoast_head":"<!-- This site is optimized with the Yoast SEO plugin v25.6 - https:\/\/yoast.com\/wordpress\/plugins\/seo\/ -->\n<title>Vivaldo Costa cobra estrutura para sa\u00fade mental no RN - Blog do Bispo<\/title>\n<meta name=\"robots\" content=\"index, follow, max-snippet:-1, max-image-preview:large, max-video-preview:-1\" \/>\n<link rel=\"canonical\" href=\"https:\/\/blogdobispo.com.br\/?p=5691\" \/>\n<meta property=\"og:locale\" content=\"pt_BR\" \/>\n<meta property=\"og:type\" content=\"article\" \/>\n<meta property=\"og:title\" content=\"Vivaldo Costa cobra estrutura para sa\u00fade mental no RN - Blog do Bispo\" \/>\n<meta property=\"og:description\" content=\"A crise na sa\u00fade mental no\u00a0Rio Grande do Norte\u00a0voltou a ser tema de debate na\u00a0Assembleia Legislativa, nesta ter\u00e7a (24). Um dia ap\u00f3s o pronunciamento do deputado estadual\u00a0Dr. Kerginaldo\u00a0(PL), que alertou para o baixo investimento do governo estadual na \u00e1rea e cobrou mais investimentos, o deputado Vivaldo Costa (PV) refor\u00e7ou a necessidade de a\u00e7\u00f5es concretas para [&hellip;]\" \/>\n<meta property=\"og:url\" content=\"https:\/\/blogdobispo.com.br\/?p=5691\" \/>\n<meta property=\"og:site_name\" content=\"Blog do Bispo\" \/>\n<meta property=\"article:published_time\" content=\"2025-06-24T13:43:12+00:00\" \/>\n<meta property=\"article:modified_time\" content=\"2025-06-24T13:43:14+00:00\" \/>\n<meta property=\"og:image\" content=\"http:\/\/blogdobispo.com.br\/wp-content\/uploads\/2025\/06\/PAG-9-Cima-Vivaldo-Costa-foro-de-Eduardo-Maia-ALRN-830x468.jpg.webp\" \/>\n<meta name=\"author\" content=\"Jefferson Sterfeno\" \/>\n<meta name=\"twitter:card\" content=\"summary_large_image\" \/>\n<meta name=\"twitter:label1\" content=\"Escrito por\" \/>\n\t<meta name=\"twitter:data1\" content=\"Jefferson Sterfeno\" \/>\n\t<meta name=\"twitter:label2\" content=\"Est. tempo de leitura\" \/>\n\t<meta name=\"twitter:data2\" content=\"3 minutos\" \/>\n<script type=\"application\/ld+json\" class=\"yoast-schema-graph\">{\"@context\":\"https:\/\/schema.org\",\"@graph\":[{\"@type\":\"Article\",\"@id\":\"https:\/\/blogdobispo.com.br\/?p=5691#article\",\"isPartOf\":{\"@id\":\"https:\/\/blogdobispo.com.br\/?p=5691\"},\"author\":{\"name\":\"Jefferson Sterfeno\",\"@id\":\"https:\/\/blogdobispo.com.br\/#\/schema\/person\/e2209cc0e6cea5c5233d033e997b373f\"},\"headline\":\"Vivaldo Costa cobra estrutura para sa\u00fade mental no RN\",\"datePublished\":\"2025-06-24T13:43:12+00:00\",\"dateModified\":\"2025-06-24T13:43:14+00:00\",\"mainEntityOfPage\":{\"@id\":\"https:\/\/blogdobispo.com.br\/?p=5691\"},\"wordCount\":561,\"commentCount\":0,\"publisher\":{\"@id\":\"https:\/\/blogdobispo.com.br\/#organization\"},\"image\":{\"@id\":\"https:\/\/blogdobispo.com.br\/?p=5691#primaryimage\"},\"thumbnailUrl\":\"http:\/\/blogdobispo.com.br\/wp-content\/uploads\/2025\/06\/PAG-9-Cima-Vivaldo-Costa-foro-de-Eduardo-Maia-ALRN-830x468.jpg.webp\",\"articleSection\":[\"diversos\"],\"inLanguage\":\"pt-BR\",\"potentialAction\":[{\"@type\":\"CommentAction\",\"name\":\"Comment\",\"target\":[\"https:\/\/blogdobispo.com.br\/?p=5691#respond\"]}]},{\"@type\":\"WebPage\",\"@id\":\"https:\/\/blogdobispo.com.br\/?p=5691\",\"url\":\"https:\/\/blogdobispo.com.br\/?p=5691\",\"name\":\"Vivaldo Costa cobra estrutura para sa\u00fade mental no RN - Blog do Bispo\",\"isPartOf\":{\"@id\":\"https:\/\/blogdobispo.com.br\/#website\"},\"primaryImageOfPage\":{\"@id\":\"https:\/\/blogdobispo.com.br\/?p=5691#primaryimage\"},\"image\":{\"@id\":\"https:\/\/blogdobispo.com.br\/?p=5691#primaryimage\"},\"thumbnailUrl\":\"http:\/\/blogdobispo.com.br\/wp-content\/uploads\/2025\/06\/PAG-9-Cima-Vivaldo-Costa-foro-de-Eduardo-Maia-ALRN-830x468.jpg.webp\",\"datePublished\":\"2025-06-24T13:43:12+00:00\",\"dateModified\":\"2025-06-24T13:43:14+00:00\",\"breadcrumb\":{\"@id\":\"https:\/\/blogdobispo.com.br\/?p=5691#breadcrumb\"},\"inLanguage\":\"pt-BR\",\"potentialAction\":[{\"@type\":\"ReadAction\",\"target\":[\"https:\/\/blogdobispo.com.br\/?p=5691\"]}]},{\"@type\":\"ImageObject\",\"inLanguage\":\"pt-BR\",\"@id\":\"https:\/\/blogdobispo.com.br\/?p=5691#primaryimage\",\"url\":\"http:\/\/blogdobispo.com.br\/wp-content\/uploads\/2025\/06\/PAG-9-Cima-Vivaldo-Costa-foro-de-Eduardo-Maia-ALRN-830x468.jpg.webp\",\"contentUrl\":\"http:\/\/blogdobispo.com.br\/wp-content\/uploads\/2025\/06\/PAG-9-Cima-Vivaldo-Costa-foro-de-Eduardo-Maia-ALRN-830x468.jpg.webp\"},{\"@type\":\"BreadcrumbList\",\"@id\":\"https:\/\/blogdobispo.com.br\/?p=5691#breadcrumb\",\"itemListElement\":[{\"@type\":\"ListItem\",\"position\":1,\"name\":\"In\u00edcio\",\"item\":\"https:\/\/blogdobispo.com.br\/\"},{\"@type\":\"ListItem\",\"position\":2,\"name\":\"Vivaldo Costa cobra estrutura para sa\u00fade mental no RN\"}]},{\"@type\":\"WebSite\",\"@id\":\"https:\/\/blogdobispo.com.br\/#website\",\"url\":\"https:\/\/blogdobispo.com.br\/\",\"name\":\"Blog do Bispo\",\"description\":\"Comprometido apenas com o leitor\",\"publisher\":{\"@id\":\"https:\/\/blogdobispo.com.br\/#organization\"},\"potentialAction\":[{\"@type\":\"SearchAction\",\"target\":{\"@type\":\"EntryPoint\",\"urlTemplate\":\"https:\/\/blogdobispo.com.br\/?s={search_term_string}\"},\"query-input\":{\"@type\":\"PropertyValueSpecification\",\"valueRequired\":true,\"valueName\":\"search_term_string\"}}],\"inLanguage\":\"pt-BR\"},{\"@type\":\"Organization\",\"@id\":\"https:\/\/blogdobispo.com.br\/#organization\",\"name\":\"Blog do Bispo\",\"url\":\"https:\/\/blogdobispo.com.br\/\",\"logo\":{\"@type\":\"ImageObject\",\"inLanguage\":\"pt-BR\",\"@id\":\"https:\/\/blogdobispo.com.br\/#\/schema\/logo\/image\/\",\"url\":\"http:\/\/blogdobispo.com.br\/wp-content\/uploads\/2023\/05\/cropped-headear.png\",\"contentUrl\":\"http:\/\/blogdobispo.com.br\/wp-content\/uploads\/2023\/05\/cropped-headear.png\",\"width\":1500,\"height\":399,\"caption\":\"Blog do Bispo\"},\"image\":{\"@id\":\"https:\/\/blogdobispo.com.br\/#\/schema\/logo\/image\/\"}},{\"@type\":\"Person\",\"@id\":\"https:\/\/blogdobispo.com.br\/#\/schema\/person\/e2209cc0e6cea5c5233d033e997b373f\",\"name\":\"Jefferson Sterfeno\",\"image\":{\"@type\":\"ImageObject\",\"inLanguage\":\"pt-BR\",\"@id\":\"https:\/\/blogdobispo.com.br\/#\/schema\/person\/image\/\",\"url\":\"https:\/\/secure.gravatar.com\/avatar\/0534e84764641168a677026b6d57a3f51dc7ac4db0b4f6186d9cb330d4ee1160?s=96&d=mm&r=g\",\"contentUrl\":\"https:\/\/secure.gravatar.com\/avatar\/0534e84764641168a677026b6d57a3f51dc7ac4db0b4f6186d9cb330d4ee1160?s=96&d=mm&r=g\",\"caption\":\"Jefferson Sterfeno\"},\"sameAs\":[\"http:\/\/blogdobispo.com.br\"],\"url\":\"https:\/\/blogdobispo.com.br\/?author=1\"}]}<\/script>\n<!-- \/ Yoast SEO plugin. -->","yoast_head_json":{"title":"Vivaldo Costa cobra estrutura para sa\u00fade mental no RN - Blog do Bispo","robots":{"index":"index","follow":"follow","max-snippet":"max-snippet:-1","max-image-preview":"max-image-preview:large","max-video-preview":"max-video-preview:-1"},"canonical":"https:\/\/blogdobispo.com.br\/?p=5691","og_locale":"pt_BR","og_type":"article","og_title":"Vivaldo Costa cobra estrutura para sa\u00fade mental no RN - Blog do Bispo","og_description":"A crise na sa\u00fade mental no\u00a0Rio Grande do Norte\u00a0voltou a ser tema de debate na\u00a0Assembleia Legislativa, nesta ter\u00e7a (24). Um dia ap\u00f3s o pronunciamento do deputado estadual\u00a0Dr. Kerginaldo\u00a0(PL), que alertou para o baixo investimento do governo estadual na \u00e1rea e cobrou mais investimentos, o deputado Vivaldo Costa (PV) refor\u00e7ou a necessidade de a\u00e7\u00f5es concretas para [&hellip;]","og_url":"https:\/\/blogdobispo.com.br\/?p=5691","og_site_name":"Blog do Bispo","article_published_time":"2025-06-24T13:43:12+00:00","article_modified_time":"2025-06-24T13:43:14+00:00","og_image":[{"url":"http:\/\/blogdobispo.com.br\/wp-content\/uploads\/2025\/06\/PAG-9-Cima-Vivaldo-Costa-foro-de-Eduardo-Maia-ALRN-830x468.jpg.webp","type":"","width":"","height":""}],"author":"Jefferson Sterfeno","twitter_card":"summary_large_image","twitter_misc":{"Escrito por":"Jefferson Sterfeno","Est. tempo de leitura":"3 minutos"},"schema":{"@context":"https:\/\/schema.org","@graph":[{"@type":"Article","@id":"https:\/\/blogdobispo.com.br\/?p=5691#article","isPartOf":{"@id":"https:\/\/blogdobispo.com.br\/?p=5691"},"author":{"name":"Jefferson Sterfeno","@id":"https:\/\/blogdobispo.com.br\/#\/schema\/person\/e2209cc0e6cea5c5233d033e997b373f"},"headline":"Vivaldo Costa cobra estrutura para sa\u00fade mental no RN","datePublished":"2025-06-24T13:43:12+00:00","dateModified":"2025-06-24T13:43:14+00:00","mainEntityOfPage":{"@id":"https:\/\/blogdobispo.com.br\/?p=5691"},"wordCount":561,"commentCount":0,"publisher":{"@id":"https:\/\/blogdobispo.com.br\/#organization"},"image":{"@id":"https:\/\/blogdobispo.com.br\/?p=5691#primaryimage"},"thumbnailUrl":"http:\/\/blogdobispo.com.br\/wp-content\/uploads\/2025\/06\/PAG-9-Cima-Vivaldo-Costa-foro-de-Eduardo-Maia-ALRN-830x468.jpg.webp","articleSection":["diversos"],"inLanguage":"pt-BR","potentialAction":[{"@type":"CommentAction","name":"Comment","target":["https:\/\/blogdobispo.com.br\/?p=5691#respond"]}]},{"@type":"WebPage","@id":"https:\/\/blogdobispo.com.br\/?p=5691","url":"https:\/\/blogdobispo.com.br\/?p=5691","name":"Vivaldo Costa cobra estrutura para sa\u00fade mental no RN - Blog do Bispo","isPartOf":{"@id":"https:\/\/blogdobispo.com.br\/#website"},"primaryImageOfPage":{"@id":"https:\/\/blogdobispo.com.br\/?p=5691#primaryimage"},"image":{"@id":"https:\/\/blogdobispo.com.br\/?p=5691#primaryimage"},"thumbnailUrl":"http:\/\/blogdobispo.com.br\/wp-content\/uploads\/2025\/06\/PAG-9-Cima-Vivaldo-Costa-foro-de-Eduardo-Maia-ALRN-830x468.jpg.webp","datePublished":"2025-06-24T13:43:12+00:00","dateModified":"2025-06-24T13:43:14+00:00","breadcrumb":{"@id":"https:\/\/blogdobispo.com.br\/?p=5691#breadcrumb"},"inLanguage":"pt-BR","potentialAction":[{"@type":"ReadAction","target":["https:\/\/blogdobispo.com.br\/?p=5691"]}]},{"@type":"ImageObject","inLanguage":"pt-BR","@id":"https:\/\/blogdobispo.com.br\/?p=5691#primaryimage","url":"http:\/\/blogdobispo.com.br\/wp-content\/uploads\/2025\/06\/PAG-9-Cima-Vivaldo-Costa-foro-de-Eduardo-Maia-ALRN-830x468.jpg.webp","contentUrl":"http:\/\/blogdobispo.com.br\/wp-content\/uploads\/2025\/06\/PAG-9-Cima-Vivaldo-Costa-foro-de-Eduardo-Maia-ALRN-830x468.jpg.webp"},{"@type":"BreadcrumbList","@id":"https:\/\/blogdobispo.com.br\/?p=5691#breadcrumb","itemListElement":[{"@type":"ListItem","position":1,"name":"In\u00edcio","item":"https:\/\/blogdobispo.com.br\/"},{"@type":"ListItem","position":2,"name":"Vivaldo Costa cobra estrutura para sa\u00fade mental no RN"}]},{"@type":"WebSite","@id":"https:\/\/blogdobispo.com.br\/#website","url":"https:\/\/blogdobispo.com.br\/","name":"Blog do Bispo","description":"Comprometido apenas com o leitor","publisher":{"@id":"https:\/\/blogdobispo.com.br\/#organization"},"potentialAction":[{"@type":"SearchAction","target":{"@type":"EntryPoint","urlTemplate":"https:\/\/blogdobispo.com.br\/?s={search_term_string}"},"query-input":{"@type":"PropertyValueSpecification","valueRequired":true,"valueName":"search_term_string"}}],"inLanguage":"pt-BR"},{"@type":"Organization","@id":"https:\/\/blogdobispo.com.br\/#organization","name":"Blog do Bispo","url":"https:\/\/blogdobispo.com.br\/","logo":{"@type":"ImageObject","inLanguage":"pt-BR","@id":"https:\/\/blogdobispo.com.br\/#\/schema\/logo\/image\/","url":"http:\/\/blogdobispo.com.br\/wp-content\/uploads\/2023\/05\/cropped-headear.png","contentUrl":"http:\/\/blogdobispo.com.br\/wp-content\/uploads\/2023\/05\/cropped-headear.png","width":1500,"height":399,"caption":"Blog do Bispo"},"image":{"@id":"https:\/\/blogdobispo.com.br\/#\/schema\/logo\/image\/"}},{"@type":"Person","@id":"https:\/\/blogdobispo.com.br\/#\/schema\/person\/e2209cc0e6cea5c5233d033e997b373f","name":"Jefferson Sterfeno","image":{"@type":"ImageObject","inLanguage":"pt-BR","@id":"https:\/\/blogdobispo.com.br\/#\/schema\/person\/image\/","url":"https:\/\/secure.gravatar.com\/avatar\/0534e84764641168a677026b6d57a3f51dc7ac4db0b4f6186d9cb330d4ee1160?s=96&d=mm&r=g","contentUrl":"https:\/\/secure.gravatar.com\/avatar\/0534e84764641168a677026b6d57a3f51dc7ac4db0b4f6186d9cb330d4ee1160?s=96&d=mm&r=g","caption":"Jefferson Sterfeno"},"sameAs":["http:\/\/blogdobispo.com.br"],"url":"https:\/\/blogdobispo.com.br\/?author=1"}]}},"featured_image_urls":{"full":"","thumbnail":"","medium":"","medium_large":"","large":"","1536x1536":"","2048x2048":""},"author_info":{"display_name":"Jefferson Sterfeno","author_link":"https:\/\/blogdobispo.com.br\/?author=1"},"category_info":"<a href=\"https:\/\/blogdobispo.com.br\/?cat=1\" rel=\"category\">diversos<\/a>","tag_info":"diversos","comment_count":"0","jetpack_featured_media_url":"","jetpack_sharing_enabled":true,"_links":{"self":[{"href":"https:\/\/blogdobispo.com.br\/index.php?rest_route=\/wp\/v2\/posts\/5691","targetHints":{"allow":["GET"]}}],"collection":[{"href":"https:\/\/blogdobispo.com.br\/index.php?rest_route=\/wp\/v2\/posts"}],"about":[{"href":"https:\/\/blogdobispo.com.br\/index.php?rest_route=\/wp\/v2\/types\/post"}],"author":[{"embeddable":true,"href":"https:\/\/blogdobispo.com.br\/index.php?rest_route=\/wp\/v2\/users\/1"}],"replies":[{"embeddable":true,"href":"https:\/\/blogdobispo.com.br\/index.php?rest_route=%2Fwp%2Fv2%2Fcomments&post=5691"}],"version-history":[{"count":1,"href":"https:\/\/blogdobispo.com.br\/index.php?rest_route=\/wp\/v2\/posts\/5691\/revisions"}],"predecessor-version":[{"id":5693,"href":"https:\/\/blogdobispo.com.br\/index.php?rest_route=\/wp\/v2\/posts\/5691\/revisions\/5693"}],"wp:attachment":[{"href":"https:\/\/blogdobispo.com.br\/index.php?rest_route=%2Fwp%2Fv2%2Fmedia&parent=5691"}],"wp:term":[{"taxonomy":"category","embeddable":true,"href":"https:\/\/blogdobispo.com.br\/index.php?rest_route=%2Fwp%2Fv2%2Fcategories&post=5691"},{"taxonomy":"post_tag","embeddable":true,"href":"https:\/\/blogdobispo.com.br\/index.php?rest_route=%2Fwp%2Fv2%2Ftags&post=5691"}],"curies":[{"name":"wp","href":"https:\/\/api.w.org\/{rel}","templated":true}]}}