{"id":5688,"date":"2025-06-24T13:34:52","date_gmt":"2025-06-24T13:34:52","guid":{"rendered":"https:\/\/blogdobispo.com.br\/?p=5688"},"modified":"2025-06-24T13:34:53","modified_gmt":"2025-06-24T13:34:53","slug":"procuradoria-eleitoral-pede-a-cassacao-do-prefeito-e-vice-de-ouro-branco","status":"publish","type":"post","link":"https:\/\/blogdobispo.com.br\/?p=5688","title":{"rendered":"Procuradoria Eleitoral pede a cassa\u00e7\u00e3o do prefeito e vice de Ouro Branco"},"content":{"rendered":"\n<p>A Procuradoria Regional Eleitoral do Rio Grande do Norte (PRE-RN) emitiu parecer favor\u00e1vel a um recurso que pede a cassa\u00e7\u00e3o dos mandatos do prefeito Samuel Souto (PL) e do vice-prefeito Dr. Ara\u00fajo (PP), eleitos nas elei\u00e7\u00f5es municipais de 2024. A manifesta\u00e7\u00e3o ocorre na A\u00e7\u00e3o de Investiga\u00e7\u00e3o Judicial Eleitoral (AIJE) que apura supostos abusos de poder pol\u00edtico e econ\u00f4mico e promo\u00e7\u00e3o pessoal com uso indevido da estrutura p\u00fablica durante o per\u00edodo eleitoral.<\/p>\n\n\n\n<p>O recurso foi interposto pela coliga\u00e7\u00e3o advers\u00e1ria, que acusa o gestor de utilizar a administra\u00e7\u00e3o municipal para favorecer sua campanha \u00e0 reelei\u00e7\u00e3o. Entre os fatos apontados, est\u00e3o a realiza\u00e7\u00e3o de eventos com forte conota\u00e7\u00e3o eleitoral antes do prazo legal e a distribui\u00e7\u00e3o gratuita de bens \u00e0 popula\u00e7\u00e3o em contexto de evidente finalidade eleitoral.<\/p>\n\n\n\n<p><br>A Procuradoria destacou em seu parecer: \u201cDesse modo, resta demonstrado que Samuel Oliveira de Souto, prefeito de Ouro Branco\/RN, praticou conduta vedada ao infringir o \u00a7 10 do art. 73 da Lei n\u00ba 9.504\/97, por ter realizado a distribui\u00e7\u00e3o gratuita de bens em pleno ano eleitoral, sem a comprova\u00e7\u00e3o de amparo nas ressalvas legais (calamidade p\u00fablica, estado de emerg\u00eancia ou programas sociais autorizados em lei e j\u00e1 em execu\u00e7\u00e3o or\u00e7ament\u00e1ria no exerc\u00edcio anterior), propiciando benef\u00edcios eleitorais \u00e0 chapa integrada por ele e por Francisco Lucena de Ara\u00fajo Filho.\u201d<\/p>\n\n\n\n<p><br>O processo agora segue para julgamento no Tribunal Regional Eleitoral do Rio Grande do Norte (TRE-RN), que poder\u00e1 confirmar ou rejeitar o pedido de cassa\u00e7\u00e3o. Caso a Corte acate o recurso, uma nova elei\u00e7\u00e3o municipal dever\u00e1 ser convocada para escolher os novos representantes do Executivo de Ouro Branco. A decis\u00e3o do TRE-RN ser\u00e1 tomada nas pr\u00f3ximas sess\u00f5es, ainda sem data definida.<\/p>\n\n\n\n<p><a href=\"https:\/\/www.facebook.com\/sharer.php?u=https%3A%2F%2Ftribunadonorte.com.br%2Fpolitica%2Fpre-pede-a-cassacao-do-prefeito-e-vice-de-ouro-branco%2F\"><\/a><\/p>\n\n\n\n<p>Tribuna do Norte<a href=\"https:\/\/www.facebook.com\/sharer.php?u=https%3A%2F%2Ftribunadonorte.com.br%2Fpolitica%2Fpre-pede-a-cassacao-do-prefeito-e-vice-de-ouro-branco%2F\"><\/a><a href=\"https:\/\/twitter.com\/intent\/tweet?text=PRE+pede+a+cassa%C3%A7%C3%A3o+do+prefeito+e+vice+de+Ouro+Branco&amp;url=https%3A%2F%2Ftribunadonorte.com.br%2Fpolitica%2Fpre-pede-a-cassacao-do-prefeito-e-vice-de-ouro-branco%2F&amp;via=Tribuna+do+Norte\"><\/a><a href=\"https:\/\/api.whatsapp.com\/send?text=PRE+pede+a+cassa%C3%A7%C3%A3o+do+prefeito+e+vice+de+Ouro+Branco%20%0A%0A%20https:\/\/tribunadonorte.com.br\/politica\/pre-pede-a-cassacao-do-prefeito-e-vice-de-ouro-branco\/\"><\/a><a href=\"https:\/\/telegram.me\/share\/url?url=https:\/\/tribunadonorte.com.br\/politica\/pre-pede-a-cassacao-do-prefeito-e-vice-de-ouro-branco\/&amp;text=PRE+pede+a+cassa%C3%A7%C3%A3o+do+prefeito+e+vice+de+Ouro+Branco\"><\/a><\/p>\n\n\n\n<figure class=\"wp-block-image\"><img data-recalc-dims=\"1\" fetchpriority=\"high\" decoding=\"async\" width=\"800\" height=\"547\" src=\"https:\/\/i0.wp.com\/blogdobispo.com.br\/wp-content\/uploads\/2025\/06\/20250624_4PO3_FT_REPRODUCAO-e1750726023786-1068x730-1.webp?resize=800%2C547\" alt=\"\" class=\"wp-image-5689\" srcset=\"https:\/\/i0.wp.com\/blogdobispo.com.br\/wp-content\/uploads\/2025\/06\/20250624_4PO3_FT_REPRODUCAO-e1750726023786-1068x730-1.webp?w=1068&amp;ssl=1 1068w, https:\/\/i0.wp.com\/blogdobispo.com.br\/wp-content\/uploads\/2025\/06\/20250624_4PO3_FT_REPRODUCAO-e1750726023786-1068x730-1.webp?resize=300%2C205&amp;ssl=1 300w, https:\/\/i0.wp.com\/blogdobispo.com.br\/wp-content\/uploads\/2025\/06\/20250624_4PO3_FT_REPRODUCAO-e1750726023786-1068x730-1.webp?resize=1024%2C700&amp;ssl=1 1024w, https:\/\/i0.wp.com\/blogdobispo.com.br\/wp-content\/uploads\/2025\/06\/20250624_4PO3_FT_REPRODUCAO-e1750726023786-1068x730-1.webp?resize=768%2C525&amp;ssl=1 768w\" sizes=\"(max-width: 800px) 100vw, 800px\" \/><\/figure>\n","protected":false},"excerpt":{"rendered":"<p>A Procuradoria Regional Eleitoral do Rio Grande do Norte (PRE-RN) emitiu parecer favor\u00e1vel a um recurso que pede a cassa\u00e7\u00e3o dos mandatos do prefeito Samuel Souto (PL) e do vice-prefeito Dr. Ara\u00fajo (PP), eleitos nas elei\u00e7\u00f5es municipais de 2024. A manifesta\u00e7\u00e3o ocorre na A\u00e7\u00e3o de Investiga\u00e7\u00e3o Judicial Eleitoral (AIJE) que apura supostos abusos de poder [&hellip;]<\/p>\n","protected":false},"author":1,"featured_media":0,"comment_status":"open","ping_status":"open","sticky":false,"template":"","format":"standard","meta":{"cybocfi_hide_featured_image":"","_jetpack_memberships_contains_paid_content":false,"footnotes":""},"categories":[1],"tags":[],"class_list":["post-5688","post","type-post","status-publish","format-standard","hentry","category-diversos"],"yoast_head":"<!-- This site is optimized with the Yoast SEO plugin v25.6 - https:\/\/yoast.com\/wordpress\/plugins\/seo\/ -->\n<title>Procuradoria Eleitoral pede a cassa\u00e7\u00e3o do prefeito e vice de Ouro Branco - Blog do Bispo<\/title>\n<meta name=\"robots\" content=\"index, follow, max-snippet:-1, max-image-preview:large, max-video-preview:-1\" \/>\n<link rel=\"canonical\" href=\"https:\/\/blogdobispo.com.br\/?p=5688\" \/>\n<meta property=\"og:locale\" content=\"pt_BR\" \/>\n<meta property=\"og:type\" content=\"article\" \/>\n<meta property=\"og:title\" content=\"Procuradoria Eleitoral pede a cassa\u00e7\u00e3o do prefeito e vice de Ouro Branco - Blog do Bispo\" \/>\n<meta property=\"og:description\" content=\"A Procuradoria Regional Eleitoral do Rio Grande do Norte (PRE-RN) emitiu parecer favor\u00e1vel a um recurso que pede a cassa\u00e7\u00e3o dos mandatos do prefeito Samuel Souto (PL) e do vice-prefeito Dr. Ara\u00fajo (PP), eleitos nas elei\u00e7\u00f5es municipais de 2024. A manifesta\u00e7\u00e3o ocorre na A\u00e7\u00e3o de Investiga\u00e7\u00e3o Judicial Eleitoral (AIJE) que apura supostos abusos de poder [&hellip;]\" \/>\n<meta property=\"og:url\" content=\"https:\/\/blogdobispo.com.br\/?p=5688\" \/>\n<meta property=\"og:site_name\" content=\"Blog do Bispo\" \/>\n<meta property=\"article:published_time\" content=\"2025-06-24T13:34:52+00:00\" \/>\n<meta property=\"article:modified_time\" content=\"2025-06-24T13:34:53+00:00\" \/>\n<meta property=\"og:image\" content=\"http:\/\/blogdobispo.com.br\/wp-content\/uploads\/2025\/06\/20250624_4PO3_FT_REPRODUCAO-e1750726023786-1068x730-1.webp\" \/>\n<meta name=\"author\" content=\"Jefferson Sterfeno\" \/>\n<meta name=\"twitter:card\" content=\"summary_large_image\" \/>\n<meta name=\"twitter:label1\" content=\"Escrito por\" \/>\n\t<meta name=\"twitter:data1\" content=\"Jefferson Sterfeno\" \/>\n\t<meta name=\"twitter:label2\" content=\"Est. tempo de leitura\" \/>\n\t<meta name=\"twitter:data2\" content=\"2 minutos\" \/>\n<script type=\"application\/ld+json\" class=\"yoast-schema-graph\">{\"@context\":\"https:\/\/schema.org\",\"@graph\":[{\"@type\":\"Article\",\"@id\":\"https:\/\/blogdobispo.com.br\/?p=5688#article\",\"isPartOf\":{\"@id\":\"https:\/\/blogdobispo.com.br\/?p=5688\"},\"author\":{\"name\":\"Jefferson Sterfeno\",\"@id\":\"https:\/\/blogdobispo.com.br\/#\/schema\/person\/e2209cc0e6cea5c5233d033e997b373f\"},\"headline\":\"Procuradoria Eleitoral pede a cassa\u00e7\u00e3o do prefeito e vice de Ouro Branco\",\"datePublished\":\"2025-06-24T13:34:52+00:00\",\"dateModified\":\"2025-06-24T13:34:53+00:00\",\"mainEntityOfPage\":{\"@id\":\"https:\/\/blogdobispo.com.br\/?p=5688\"},\"wordCount\":318,\"commentCount\":0,\"publisher\":{\"@id\":\"https:\/\/blogdobispo.com.br\/#organization\"},\"image\":{\"@id\":\"https:\/\/blogdobispo.com.br\/?p=5688#primaryimage\"},\"thumbnailUrl\":\"http:\/\/blogdobispo.com.br\/wp-content\/uploads\/2025\/06\/20250624_4PO3_FT_REPRODUCAO-e1750726023786-1068x730-1.webp\",\"articleSection\":[\"diversos\"],\"inLanguage\":\"pt-BR\",\"potentialAction\":[{\"@type\":\"CommentAction\",\"name\":\"Comment\",\"target\":[\"https:\/\/blogdobispo.com.br\/?p=5688#respond\"]}]},{\"@type\":\"WebPage\",\"@id\":\"https:\/\/blogdobispo.com.br\/?p=5688\",\"url\":\"https:\/\/blogdobispo.com.br\/?p=5688\",\"name\":\"Procuradoria Eleitoral pede a cassa\u00e7\u00e3o do prefeito e vice de Ouro Branco - Blog do Bispo\",\"isPartOf\":{\"@id\":\"https:\/\/blogdobispo.com.br\/#website\"},\"primaryImageOfPage\":{\"@id\":\"https:\/\/blogdobispo.com.br\/?p=5688#primaryimage\"},\"image\":{\"@id\":\"https:\/\/blogdobispo.com.br\/?p=5688#primaryimage\"},\"thumbnailUrl\":\"http:\/\/blogdobispo.com.br\/wp-content\/uploads\/2025\/06\/20250624_4PO3_FT_REPRODUCAO-e1750726023786-1068x730-1.webp\",\"datePublished\":\"2025-06-24T13:34:52+00:00\",\"dateModified\":\"2025-06-24T13:34:53+00:00\",\"breadcrumb\":{\"@id\":\"https:\/\/blogdobispo.com.br\/?p=5688#breadcrumb\"},\"inLanguage\":\"pt-BR\",\"potentialAction\":[{\"@type\":\"ReadAction\",\"target\":[\"https:\/\/blogdobispo.com.br\/?p=5688\"]}]},{\"@type\":\"ImageObject\",\"inLanguage\":\"pt-BR\",\"@id\":\"https:\/\/blogdobispo.com.br\/?p=5688#primaryimage\",\"url\":\"http:\/\/blogdobispo.com.br\/wp-content\/uploads\/2025\/06\/20250624_4PO3_FT_REPRODUCAO-e1750726023786-1068x730-1.webp\",\"contentUrl\":\"http:\/\/blogdobispo.com.br\/wp-content\/uploads\/2025\/06\/20250624_4PO3_FT_REPRODUCAO-e1750726023786-1068x730-1.webp\"},{\"@type\":\"BreadcrumbList\",\"@id\":\"https:\/\/blogdobispo.com.br\/?p=5688#breadcrumb\",\"itemListElement\":[{\"@type\":\"ListItem\",\"position\":1,\"name\":\"In\u00edcio\",\"item\":\"https:\/\/blogdobispo.com.br\/\"},{\"@type\":\"ListItem\",\"position\":2,\"name\":\"Procuradoria Eleitoral pede a cassa\u00e7\u00e3o do prefeito e vice de Ouro Branco\"}]},{\"@type\":\"WebSite\",\"@id\":\"https:\/\/blogdobispo.com.br\/#website\",\"url\":\"https:\/\/blogdobispo.com.br\/\",\"name\":\"Blog do Bispo\",\"description\":\"Comprometido apenas com o leitor\",\"publisher\":{\"@id\":\"https:\/\/blogdobispo.com.br\/#organization\"},\"potentialAction\":[{\"@type\":\"SearchAction\",\"target\":{\"@type\":\"EntryPoint\",\"urlTemplate\":\"https:\/\/blogdobispo.com.br\/?s={search_term_string}\"},\"query-input\":{\"@type\":\"PropertyValueSpecification\",\"valueRequired\":true,\"valueName\":\"search_term_string\"}}],\"inLanguage\":\"pt-BR\"},{\"@type\":\"Organization\",\"@id\":\"https:\/\/blogdobispo.com.br\/#organization\",\"name\":\"Blog do Bispo\",\"url\":\"https:\/\/blogdobispo.com.br\/\",\"logo\":{\"@type\":\"ImageObject\",\"inLanguage\":\"pt-BR\",\"@id\":\"https:\/\/blogdobispo.com.br\/#\/schema\/logo\/image\/\",\"url\":\"http:\/\/blogdobispo.com.br\/wp-content\/uploads\/2023\/05\/cropped-headear.png\",\"contentUrl\":\"http:\/\/blogdobispo.com.br\/wp-content\/uploads\/2023\/05\/cropped-headear.png\",\"width\":1500,\"height\":399,\"caption\":\"Blog do Bispo\"},\"image\":{\"@id\":\"https:\/\/blogdobispo.com.br\/#\/schema\/logo\/image\/\"}},{\"@type\":\"Person\",\"@id\":\"https:\/\/blogdobispo.com.br\/#\/schema\/person\/e2209cc0e6cea5c5233d033e997b373f\",\"name\":\"Jefferson Sterfeno\",\"image\":{\"@type\":\"ImageObject\",\"inLanguage\":\"pt-BR\",\"@id\":\"https:\/\/blogdobispo.com.br\/#\/schema\/person\/image\/\",\"url\":\"https:\/\/secure.gravatar.com\/avatar\/0534e84764641168a677026b6d57a3f51dc7ac4db0b4f6186d9cb330d4ee1160?s=96&d=mm&r=g\",\"contentUrl\":\"https:\/\/secure.gravatar.com\/avatar\/0534e84764641168a677026b6d57a3f51dc7ac4db0b4f6186d9cb330d4ee1160?s=96&d=mm&r=g\",\"caption\":\"Jefferson Sterfeno\"},\"sameAs\":[\"http:\/\/blogdobispo.com.br\"],\"url\":\"https:\/\/blogdobispo.com.br\/?author=1\"}]}<\/script>\n<!-- \/ Yoast SEO plugin. -->","yoast_head_json":{"title":"Procuradoria Eleitoral pede a cassa\u00e7\u00e3o do prefeito e vice de Ouro Branco - Blog do Bispo","robots":{"index":"index","follow":"follow","max-snippet":"max-snippet:-1","max-image-preview":"max-image-preview:large","max-video-preview":"max-video-preview:-1"},"canonical":"https:\/\/blogdobispo.com.br\/?p=5688","og_locale":"pt_BR","og_type":"article","og_title":"Procuradoria Eleitoral pede a cassa\u00e7\u00e3o do prefeito e vice de Ouro Branco - Blog do Bispo","og_description":"A Procuradoria Regional Eleitoral do Rio Grande do Norte (PRE-RN) emitiu parecer favor\u00e1vel a um recurso que pede a cassa\u00e7\u00e3o dos mandatos do prefeito Samuel Souto (PL) e do vice-prefeito Dr. Ara\u00fajo (PP), eleitos nas elei\u00e7\u00f5es municipais de 2024. A manifesta\u00e7\u00e3o ocorre na A\u00e7\u00e3o de Investiga\u00e7\u00e3o Judicial Eleitoral (AIJE) que apura supostos abusos de poder [&hellip;]","og_url":"https:\/\/blogdobispo.com.br\/?p=5688","og_site_name":"Blog do Bispo","article_published_time":"2025-06-24T13:34:52+00:00","article_modified_time":"2025-06-24T13:34:53+00:00","og_image":[{"url":"http:\/\/blogdobispo.com.br\/wp-content\/uploads\/2025\/06\/20250624_4PO3_FT_REPRODUCAO-e1750726023786-1068x730-1.webp","type":"","width":"","height":""}],"author":"Jefferson Sterfeno","twitter_card":"summary_large_image","twitter_misc":{"Escrito por":"Jefferson Sterfeno","Est. tempo de leitura":"2 minutos"},"schema":{"@context":"https:\/\/schema.org","@graph":[{"@type":"Article","@id":"https:\/\/blogdobispo.com.br\/?p=5688#article","isPartOf":{"@id":"https:\/\/blogdobispo.com.br\/?p=5688"},"author":{"name":"Jefferson Sterfeno","@id":"https:\/\/blogdobispo.com.br\/#\/schema\/person\/e2209cc0e6cea5c5233d033e997b373f"},"headline":"Procuradoria Eleitoral pede a cassa\u00e7\u00e3o do prefeito e vice de Ouro Branco","datePublished":"2025-06-24T13:34:52+00:00","dateModified":"2025-06-24T13:34:53+00:00","mainEntityOfPage":{"@id":"https:\/\/blogdobispo.com.br\/?p=5688"},"wordCount":318,"commentCount":0,"publisher":{"@id":"https:\/\/blogdobispo.com.br\/#organization"},"image":{"@id":"https:\/\/blogdobispo.com.br\/?p=5688#primaryimage"},"thumbnailUrl":"http:\/\/blogdobispo.com.br\/wp-content\/uploads\/2025\/06\/20250624_4PO3_FT_REPRODUCAO-e1750726023786-1068x730-1.webp","articleSection":["diversos"],"inLanguage":"pt-BR","potentialAction":[{"@type":"CommentAction","name":"Comment","target":["https:\/\/blogdobispo.com.br\/?p=5688#respond"]}]},{"@type":"WebPage","@id":"https:\/\/blogdobispo.com.br\/?p=5688","url":"https:\/\/blogdobispo.com.br\/?p=5688","name":"Procuradoria Eleitoral pede a cassa\u00e7\u00e3o do prefeito e vice de Ouro Branco - Blog do Bispo","isPartOf":{"@id":"https:\/\/blogdobispo.com.br\/#website"},"primaryImageOfPage":{"@id":"https:\/\/blogdobispo.com.br\/?p=5688#primaryimage"},"image":{"@id":"https:\/\/blogdobispo.com.br\/?p=5688#primaryimage"},"thumbnailUrl":"http:\/\/blogdobispo.com.br\/wp-content\/uploads\/2025\/06\/20250624_4PO3_FT_REPRODUCAO-e1750726023786-1068x730-1.webp","datePublished":"2025-06-24T13:34:52+00:00","dateModified":"2025-06-24T13:34:53+00:00","breadcrumb":{"@id":"https:\/\/blogdobispo.com.br\/?p=5688#breadcrumb"},"inLanguage":"pt-BR","potentialAction":[{"@type":"ReadAction","target":["https:\/\/blogdobispo.com.br\/?p=5688"]}]},{"@type":"ImageObject","inLanguage":"pt-BR","@id":"https:\/\/blogdobispo.com.br\/?p=5688#primaryimage","url":"http:\/\/blogdobispo.com.br\/wp-content\/uploads\/2025\/06\/20250624_4PO3_FT_REPRODUCAO-e1750726023786-1068x730-1.webp","contentUrl":"http:\/\/blogdobispo.com.br\/wp-content\/uploads\/2025\/06\/20250624_4PO3_FT_REPRODUCAO-e1750726023786-1068x730-1.webp"},{"@type":"BreadcrumbList","@id":"https:\/\/blogdobispo.com.br\/?p=5688#breadcrumb","itemListElement":[{"@type":"ListItem","position":1,"name":"In\u00edcio","item":"https:\/\/blogdobispo.com.br\/"},{"@type":"ListItem","position":2,"name":"Procuradoria Eleitoral pede a cassa\u00e7\u00e3o do prefeito e vice de Ouro Branco"}]},{"@type":"WebSite","@id":"https:\/\/blogdobispo.com.br\/#website","url":"https:\/\/blogdobispo.com.br\/","name":"Blog do Bispo","description":"Comprometido apenas com o leitor","publisher":{"@id":"https:\/\/blogdobispo.com.br\/#organization"},"potentialAction":[{"@type":"SearchAction","target":{"@type":"EntryPoint","urlTemplate":"https:\/\/blogdobispo.com.br\/?s={search_term_string}"},"query-input":{"@type":"PropertyValueSpecification","valueRequired":true,"valueName":"search_term_string"}}],"inLanguage":"pt-BR"},{"@type":"Organization","@id":"https:\/\/blogdobispo.com.br\/#organization","name":"Blog do Bispo","url":"https:\/\/blogdobispo.com.br\/","logo":{"@type":"ImageObject","inLanguage":"pt-BR","@id":"https:\/\/blogdobispo.com.br\/#\/schema\/logo\/image\/","url":"http:\/\/blogdobispo.com.br\/wp-content\/uploads\/2023\/05\/cropped-headear.png","contentUrl":"http:\/\/blogdobispo.com.br\/wp-content\/uploads\/2023\/05\/cropped-headear.png","width":1500,"height":399,"caption":"Blog do Bispo"},"image":{"@id":"https:\/\/blogdobispo.com.br\/#\/schema\/logo\/image\/"}},{"@type":"Person","@id":"https:\/\/blogdobispo.com.br\/#\/schema\/person\/e2209cc0e6cea5c5233d033e997b373f","name":"Jefferson Sterfeno","image":{"@type":"ImageObject","inLanguage":"pt-BR","@id":"https:\/\/blogdobispo.com.br\/#\/schema\/person\/image\/","url":"https:\/\/secure.gravatar.com\/avatar\/0534e84764641168a677026b6d57a3f51dc7ac4db0b4f6186d9cb330d4ee1160?s=96&d=mm&r=g","contentUrl":"https:\/\/secure.gravatar.com\/avatar\/0534e84764641168a677026b6d57a3f51dc7ac4db0b4f6186d9cb330d4ee1160?s=96&d=mm&r=g","caption":"Jefferson Sterfeno"},"sameAs":["http:\/\/blogdobispo.com.br"],"url":"https:\/\/blogdobispo.com.br\/?author=1"}]}},"featured_image_urls":{"full":"","thumbnail":"","medium":"","medium_large":"","large":"","1536x1536":"","2048x2048":""},"author_info":{"display_name":"Jefferson Sterfeno","author_link":"https:\/\/blogdobispo.com.br\/?author=1"},"category_info":"<a href=\"https:\/\/blogdobispo.com.br\/?cat=1\" rel=\"category\">diversos<\/a>","tag_info":"diversos","comment_count":"0","jetpack_featured_media_url":"","jetpack_sharing_enabled":true,"_links":{"self":[{"href":"https:\/\/blogdobispo.com.br\/index.php?rest_route=\/wp\/v2\/posts\/5688","targetHints":{"allow":["GET"]}}],"collection":[{"href":"https:\/\/blogdobispo.com.br\/index.php?rest_route=\/wp\/v2\/posts"}],"about":[{"href":"https:\/\/blogdobispo.com.br\/index.php?rest_route=\/wp\/v2\/types\/post"}],"author":[{"embeddable":true,"href":"https:\/\/blogdobispo.com.br\/index.php?rest_route=\/wp\/v2\/users\/1"}],"replies":[{"embeddable":true,"href":"https:\/\/blogdobispo.com.br\/index.php?rest_route=%2Fwp%2Fv2%2Fcomments&post=5688"}],"version-history":[{"count":1,"href":"https:\/\/blogdobispo.com.br\/index.php?rest_route=\/wp\/v2\/posts\/5688\/revisions"}],"predecessor-version":[{"id":5690,"href":"https:\/\/blogdobispo.com.br\/index.php?rest_route=\/wp\/v2\/posts\/5688\/revisions\/5690"}],"wp:attachment":[{"href":"https:\/\/blogdobispo.com.br\/index.php?rest_route=%2Fwp%2Fv2%2Fmedia&parent=5688"}],"wp:term":[{"taxonomy":"category","embeddable":true,"href":"https:\/\/blogdobispo.com.br\/index.php?rest_route=%2Fwp%2Fv2%2Fcategories&post=5688"},{"taxonomy":"post_tag","embeddable":true,"href":"https:\/\/blogdobispo.com.br\/index.php?rest_route=%2Fwp%2Fv2%2Ftags&post=5688"}],"curies":[{"name":"wp","href":"https:\/\/api.w.org\/{rel}","templated":true}]}}