{"id":5687,"date":"2025-06-23T23:27:34","date_gmt":"2025-06-23T23:27:34","guid":{"rendered":"https:\/\/blogdobispo.com.br\/?p=5687"},"modified":"2025-07-28T18:12:42","modified_gmt":"2025-07-28T18:12:42","slug":"criancas-dormem-no-chao-em-barreiras-enquanto-secretaria-de-educacao-de-macau-descansa-em-cama-box","status":"publish","type":"post","link":"https:\/\/blogdobispo.com.br\/?p=5687","title":{"rendered":"ALRN reafirma apoio \u00e0 Expoeduc, maior evento de educa\u00e7\u00e3o do Norte-Nordeste"},"content":{"rendered":"\n<figure class=\"wp-block-image size-full\"><img data-recalc-dims=\"1\" fetchpriority=\"high\" decoding=\"async\" width=\"800\" height=\"532\" src=\"https:\/\/i0.wp.com\/blogdobispo.com.br\/wp-content\/uploads\/2025\/06\/1f8q0dC11CyJg760njgGiYO76YGrrUwrXY9pjmMc-scaled.jpg?resize=800%2C532\" alt=\"\" class=\"wp-image-6181\" srcset=\"https:\/\/i0.wp.com\/blogdobispo.com.br\/wp-content\/uploads\/2025\/06\/1f8q0dC11CyJg760njgGiYO76YGrrUwrXY9pjmMc-scaled.jpg?w=2560&amp;ssl=1 2560w, https:\/\/i0.wp.com\/blogdobispo.com.br\/wp-content\/uploads\/2025\/06\/1f8q0dC11CyJg760njgGiYO76YGrrUwrXY9pjmMc-scaled.jpg?resize=300%2C200&amp;ssl=1 300w, https:\/\/i0.wp.com\/blogdobispo.com.br\/wp-content\/uploads\/2025\/06\/1f8q0dC11CyJg760njgGiYO76YGrrUwrXY9pjmMc-scaled.jpg?resize=1024%2C681&amp;ssl=1 1024w, https:\/\/i0.wp.com\/blogdobispo.com.br\/wp-content\/uploads\/2025\/06\/1f8q0dC11CyJg760njgGiYO76YGrrUwrXY9pjmMc-scaled.jpg?resize=768%2C511&amp;ssl=1 768w, https:\/\/i0.wp.com\/blogdobispo.com.br\/wp-content\/uploads\/2025\/06\/1f8q0dC11CyJg760njgGiYO76YGrrUwrXY9pjmMc-scaled.jpg?resize=1536%2C1022&amp;ssl=1 1536w, https:\/\/i0.wp.com\/blogdobispo.com.br\/wp-content\/uploads\/2025\/06\/1f8q0dC11CyJg760njgGiYO76YGrrUwrXY9pjmMc-scaled.jpg?resize=2048%2C1363&amp;ssl=1 2048w, https:\/\/i0.wp.com\/blogdobispo.com.br\/wp-content\/uploads\/2025\/06\/1f8q0dC11CyJg760njgGiYO76YGrrUwrXY9pjmMc-scaled.jpg?w=1600 1600w, https:\/\/i0.wp.com\/blogdobispo.com.br\/wp-content\/uploads\/2025\/06\/1f8q0dC11CyJg760njgGiYO76YGrrUwrXY9pjmMc-scaled.jpg?w=2400 2400w\" sizes=\"(max-width: 800px) 100vw, 800px\" \/><\/figure>\n\n\n\n<p>A Assembleia Legislativa do Rio Grande do Norte ser\u00e1 mais uma vez parceira da Expoeduc, maior evento educacional do Norte-Nordeste e o segundo maior do Brasil. O presidente do Legislativo estadual, deputado Ezequiel Ferreira (PSDB), recebeu nesta ter\u00e7a-feira (24) a diretoria executiva da Expoeduc, ocasi\u00e3o em que reiterou o apoio da Casa ao evento, que acontecer\u00e1 de 24 a 26 de julho no Centro de Conven\u00e7\u00f5es de Natal.<\/p>\n\n\n\n<p>\u201cApoiar um evento como a Expoeduc, que vai reunir mais de dez mil educadores por dia, \u00e9 apoiar diretamente a educa\u00e7\u00e3o do nosso Estado. A educa\u00e7\u00e3o, para n\u00f3s, \u00e9 prioridade, porque acreditamos que ela transforma a vida das pessoas. Por isso, essa grande iniciativa tem o nosso apoio irrestrito e o apoio desta Casa Legislativa\u201d, afirmou Ezequiel Ferreira.<\/p>\n\n\n\n<p>Com o tema \u201cOn ou Off \u2013 de que lado a escola quer estar\u201d, a edi\u00e7\u00e3o 2025 da Expoeduc promete trazer debates atuais e relevantes sobre os rumos da educa\u00e7\u00e3o no Brasil e no mundo. O evento contar\u00e1 com a participa\u00e7\u00e3o de grupos nacionais e internacionais do setor de material did\u00e1tico e servi\u00e7os escolares, al\u00e9m de reunir educadores e especialistas de todos os estados do Pa\u00eds.<\/p>\n\n\n\n<p>\u201cA ALRN sempre foi um grande apoiador nos \u00faltimos tr\u00eas anos. \u00c9 um apoio muito importante e uma oportunidade da Casa do Povo divulgar os grandes feitos desta institui\u00e7\u00e3o na \u00e1rea da educa\u00e7\u00e3o\u201d, disse Crislan Viana, CEO da Expoeduc.<\/p>\n\n\n\n<p>Al\u00e9m de contribuir para a qualifica\u00e7\u00e3o do ensino, a Expoeduc tem forte impacto na economia potiguar, movimentando a rede hoteleira, o setor de servi\u00e7os e gerando emprego e renda. Este ano, o grupo respons\u00e1vel pela realiza\u00e7\u00e3o do evento tamb\u00e9m lan\u00e7ou a associa\u00e7\u00e3o \u201cNatal \u2013 Capital da Educa\u00e7\u00e3o\u201d, que tem como proposta transformar a capital potiguar em refer\u00eancia nacional no debate educacional.<\/p>\n\n\n\n<p>\u201cTivemos a ideia de criar essa associa\u00e7\u00e3o, que re\u00fane mais de 70 entidades que ofertar\u00e1 cursos gratuitos para professores e alunos em shoppings e pontos tur\u00edsticos, fazendo com que o \u201cBrasil da Educa\u00e7\u00e3o\u201d se mude para Natal, sete dias antes da Expoeduc, por entendermos que a qualidade da educa\u00e7\u00e3o s\u00f3 melhora com a capacita\u00e7\u00e3o e qualifica\u00e7\u00e3o das pessoas\u201d, destacou Bruno F\u00e9lix, diretor comercial da Expoeduc.<\/p>\n\n\n\n<p>A Assembleia Legislativa participa ativamente do evento por meio da Escola da Assembleia e com um estande de divulga\u00e7\u00e3o da nova campanha da Casa, que trata do tema: Adolesc\u00eancia \u2013 acompanhe, compreenda e acolha!<strong><a href=\"https:\/\/www.al.rn.leg.br\/album\/8023\/al-pte-ezequiel-ferreira-recebe-diretoria-executiva-da-expoduc-maior-evento-de-educacao-do-rn-24062025-ft-eduardo-maia\">\u00c1lbum de fotos<\/a><\/strong><\/p>\n\n\n\n<p><\/p>\n","protected":false},"excerpt":{"rendered":"<p>A Assembleia Legislativa do Rio Grande do Norte ser\u00e1 mais uma vez parceira da Expoeduc, maior evento educacional do Norte-Nordeste e o segundo maior do Brasil. O presidente do Legislativo estadual, deputado Ezequiel Ferreira (PSDB), recebeu nesta ter\u00e7a-feira (24) a diretoria executiva da Expoeduc, ocasi\u00e3o em que reiterou o apoio da Casa ao evento, que [&hellip;]<\/p>\n","protected":false},"author":1,"featured_media":0,"comment_status":"open","ping_status":"open","sticky":false,"template":"","format":"standard","meta":{"cybocfi_hide_featured_image":"","_jetpack_memberships_contains_paid_content":false,"footnotes":""},"categories":[1],"tags":[],"class_list":["post-5687","post","type-post","status-publish","format-standard","hentry","category-diversos"],"yoast_head":"<!-- This site is optimized with the Yoast SEO plugin v25.6 - https:\/\/yoast.com\/wordpress\/plugins\/seo\/ -->\n<title>ALRN reafirma apoio \u00e0 Expoeduc, maior evento de educa\u00e7\u00e3o do Norte-Nordeste - Blog do Bispo<\/title>\n<meta name=\"robots\" content=\"index, follow, max-snippet:-1, max-image-preview:large, max-video-preview:-1\" \/>\n<link rel=\"canonical\" href=\"https:\/\/blogdobispo.com.br\/?p=5687\" \/>\n<meta property=\"og:locale\" content=\"pt_BR\" \/>\n<meta property=\"og:type\" content=\"article\" \/>\n<meta property=\"og:title\" content=\"ALRN reafirma apoio \u00e0 Expoeduc, maior evento de educa\u00e7\u00e3o do Norte-Nordeste - Blog do Bispo\" \/>\n<meta property=\"og:description\" content=\"A Assembleia Legislativa do Rio Grande do Norte ser\u00e1 mais uma vez parceira da Expoeduc, maior evento educacional do Norte-Nordeste e o segundo maior do Brasil. O presidente do Legislativo estadual, deputado Ezequiel Ferreira (PSDB), recebeu nesta ter\u00e7a-feira (24) a diretoria executiva da Expoeduc, ocasi\u00e3o em que reiterou o apoio da Casa ao evento, que [&hellip;]\" \/>\n<meta property=\"og:url\" content=\"https:\/\/blogdobispo.com.br\/?p=5687\" \/>\n<meta property=\"og:site_name\" content=\"Blog do Bispo\" \/>\n<meta property=\"article:published_time\" content=\"2025-06-23T23:27:34+00:00\" \/>\n<meta property=\"article:modified_time\" content=\"2025-07-28T18:12:42+00:00\" \/>\n<meta property=\"og:image\" content=\"http:\/\/blogdobispo.com.br\/wp-content\/uploads\/2025\/06\/1f8q0dC11CyJg760njgGiYO76YGrrUwrXY9pjmMc-scaled.jpg\" \/>\n<meta name=\"author\" content=\"Jefferson Sterfeno\" \/>\n<meta name=\"twitter:card\" content=\"summary_large_image\" \/>\n<meta name=\"twitter:label1\" content=\"Escrito por\" \/>\n\t<meta name=\"twitter:data1\" content=\"Jefferson Sterfeno\" \/>\n\t<meta name=\"twitter:label2\" content=\"Est. tempo de leitura\" \/>\n\t<meta name=\"twitter:data2\" content=\"3 minutos\" \/>\n<script type=\"application\/ld+json\" class=\"yoast-schema-graph\">{\"@context\":\"https:\/\/schema.org\",\"@graph\":[{\"@type\":\"Article\",\"@id\":\"https:\/\/blogdobispo.com.br\/?p=5687#article\",\"isPartOf\":{\"@id\":\"https:\/\/blogdobispo.com.br\/?p=5687\"},\"author\":{\"name\":\"Jefferson Sterfeno\",\"@id\":\"https:\/\/blogdobispo.com.br\/#\/schema\/person\/e2209cc0e6cea5c5233d033e997b373f\"},\"headline\":\"ALRN reafirma apoio \u00e0 Expoeduc, maior evento de educa\u00e7\u00e3o do Norte-Nordeste\",\"datePublished\":\"2025-06-23T23:27:34+00:00\",\"dateModified\":\"2025-07-28T18:12:42+00:00\",\"mainEntityOfPage\":{\"@id\":\"https:\/\/blogdobispo.com.br\/?p=5687\"},\"wordCount\":430,\"commentCount\":0,\"publisher\":{\"@id\":\"https:\/\/blogdobispo.com.br\/#organization\"},\"image\":{\"@id\":\"https:\/\/blogdobispo.com.br\/?p=5687#primaryimage\"},\"thumbnailUrl\":\"http:\/\/blogdobispo.com.br\/wp-content\/uploads\/2025\/06\/1f8q0dC11CyJg760njgGiYO76YGrrUwrXY9pjmMc-scaled.jpg\",\"articleSection\":[\"diversos\"],\"inLanguage\":\"pt-BR\",\"potentialAction\":[{\"@type\":\"CommentAction\",\"name\":\"Comment\",\"target\":[\"https:\/\/blogdobispo.com.br\/?p=5687#respond\"]}]},{\"@type\":\"WebPage\",\"@id\":\"https:\/\/blogdobispo.com.br\/?p=5687\",\"url\":\"https:\/\/blogdobispo.com.br\/?p=5687\",\"name\":\"ALRN reafirma apoio \u00e0 Expoeduc, maior evento de educa\u00e7\u00e3o do Norte-Nordeste - Blog do Bispo\",\"isPartOf\":{\"@id\":\"https:\/\/blogdobispo.com.br\/#website\"},\"primaryImageOfPage\":{\"@id\":\"https:\/\/blogdobispo.com.br\/?p=5687#primaryimage\"},\"image\":{\"@id\":\"https:\/\/blogdobispo.com.br\/?p=5687#primaryimage\"},\"thumbnailUrl\":\"http:\/\/blogdobispo.com.br\/wp-content\/uploads\/2025\/06\/1f8q0dC11CyJg760njgGiYO76YGrrUwrXY9pjmMc-scaled.jpg\",\"datePublished\":\"2025-06-23T23:27:34+00:00\",\"dateModified\":\"2025-07-28T18:12:42+00:00\",\"breadcrumb\":{\"@id\":\"https:\/\/blogdobispo.com.br\/?p=5687#breadcrumb\"},\"inLanguage\":\"pt-BR\",\"potentialAction\":[{\"@type\":\"ReadAction\",\"target\":[\"https:\/\/blogdobispo.com.br\/?p=5687\"]}]},{\"@type\":\"ImageObject\",\"inLanguage\":\"pt-BR\",\"@id\":\"https:\/\/blogdobispo.com.br\/?p=5687#primaryimage\",\"url\":\"https:\/\/i0.wp.com\/blogdobispo.com.br\/wp-content\/uploads\/2025\/06\/1f8q0dC11CyJg760njgGiYO76YGrrUwrXY9pjmMc-scaled.jpg?fit=2560%2C1703&ssl=1\",\"contentUrl\":\"https:\/\/i0.wp.com\/blogdobispo.com.br\/wp-content\/uploads\/2025\/06\/1f8q0dC11CyJg760njgGiYO76YGrrUwrXY9pjmMc-scaled.jpg?fit=2560%2C1703&ssl=1\",\"width\":2560,\"height\":1703},{\"@type\":\"BreadcrumbList\",\"@id\":\"https:\/\/blogdobispo.com.br\/?p=5687#breadcrumb\",\"itemListElement\":[{\"@type\":\"ListItem\",\"position\":1,\"name\":\"In\u00edcio\",\"item\":\"https:\/\/blogdobispo.com.br\/\"},{\"@type\":\"ListItem\",\"position\":2,\"name\":\"ALRN reafirma apoio \u00e0 Expoeduc, maior evento de educa\u00e7\u00e3o do Norte-Nordeste\"}]},{\"@type\":\"WebSite\",\"@id\":\"https:\/\/blogdobispo.com.br\/#website\",\"url\":\"https:\/\/blogdobispo.com.br\/\",\"name\":\"Blog do Bispo\",\"description\":\"Comprometido apenas com o leitor\",\"publisher\":{\"@id\":\"https:\/\/blogdobispo.com.br\/#organization\"},\"potentialAction\":[{\"@type\":\"SearchAction\",\"target\":{\"@type\":\"EntryPoint\",\"urlTemplate\":\"https:\/\/blogdobispo.com.br\/?s={search_term_string}\"},\"query-input\":{\"@type\":\"PropertyValueSpecification\",\"valueRequired\":true,\"valueName\":\"search_term_string\"}}],\"inLanguage\":\"pt-BR\"},{\"@type\":\"Organization\",\"@id\":\"https:\/\/blogdobispo.com.br\/#organization\",\"name\":\"Blog do Bispo\",\"url\":\"https:\/\/blogdobispo.com.br\/\",\"logo\":{\"@type\":\"ImageObject\",\"inLanguage\":\"pt-BR\",\"@id\":\"https:\/\/blogdobispo.com.br\/#\/schema\/logo\/image\/\",\"url\":\"http:\/\/blogdobispo.com.br\/wp-content\/uploads\/2023\/05\/cropped-headear.png\",\"contentUrl\":\"http:\/\/blogdobispo.com.br\/wp-content\/uploads\/2023\/05\/cropped-headear.png\",\"width\":1500,\"height\":399,\"caption\":\"Blog do Bispo\"},\"image\":{\"@id\":\"https:\/\/blogdobispo.com.br\/#\/schema\/logo\/image\/\"}},{\"@type\":\"Person\",\"@id\":\"https:\/\/blogdobispo.com.br\/#\/schema\/person\/e2209cc0e6cea5c5233d033e997b373f\",\"name\":\"Jefferson Sterfeno\",\"image\":{\"@type\":\"ImageObject\",\"inLanguage\":\"pt-BR\",\"@id\":\"https:\/\/blogdobispo.com.br\/#\/schema\/person\/image\/\",\"url\":\"https:\/\/secure.gravatar.com\/avatar\/0534e84764641168a677026b6d57a3f51dc7ac4db0b4f6186d9cb330d4ee1160?s=96&d=mm&r=g\",\"contentUrl\":\"https:\/\/secure.gravatar.com\/avatar\/0534e84764641168a677026b6d57a3f51dc7ac4db0b4f6186d9cb330d4ee1160?s=96&d=mm&r=g\",\"caption\":\"Jefferson Sterfeno\"},\"sameAs\":[\"http:\/\/blogdobispo.com.br\"],\"url\":\"https:\/\/blogdobispo.com.br\/?author=1\"}]}<\/script>\n<!-- \/ Yoast SEO plugin. -->","yoast_head_json":{"title":"ALRN reafirma apoio \u00e0 Expoeduc, maior evento de educa\u00e7\u00e3o do Norte-Nordeste - Blog do Bispo","robots":{"index":"index","follow":"follow","max-snippet":"max-snippet:-1","max-image-preview":"max-image-preview:large","max-video-preview":"max-video-preview:-1"},"canonical":"https:\/\/blogdobispo.com.br\/?p=5687","og_locale":"pt_BR","og_type":"article","og_title":"ALRN reafirma apoio \u00e0 Expoeduc, maior evento de educa\u00e7\u00e3o do Norte-Nordeste - Blog do Bispo","og_description":"A Assembleia Legislativa do Rio Grande do Norte ser\u00e1 mais uma vez parceira da Expoeduc, maior evento educacional do Norte-Nordeste e o segundo maior do Brasil. O presidente do Legislativo estadual, deputado Ezequiel Ferreira (PSDB), recebeu nesta ter\u00e7a-feira (24) a diretoria executiva da Expoeduc, ocasi\u00e3o em que reiterou o apoio da Casa ao evento, que [&hellip;]","og_url":"https:\/\/blogdobispo.com.br\/?p=5687","og_site_name":"Blog do Bispo","article_published_time":"2025-06-23T23:27:34+00:00","article_modified_time":"2025-07-28T18:12:42+00:00","og_image":[{"url":"http:\/\/blogdobispo.com.br\/wp-content\/uploads\/2025\/06\/1f8q0dC11CyJg760njgGiYO76YGrrUwrXY9pjmMc-scaled.jpg","type":"","width":"","height":""}],"author":"Jefferson Sterfeno","twitter_card":"summary_large_image","twitter_misc":{"Escrito por":"Jefferson Sterfeno","Est. tempo de leitura":"3 minutos"},"schema":{"@context":"https:\/\/schema.org","@graph":[{"@type":"Article","@id":"https:\/\/blogdobispo.com.br\/?p=5687#article","isPartOf":{"@id":"https:\/\/blogdobispo.com.br\/?p=5687"},"author":{"name":"Jefferson Sterfeno","@id":"https:\/\/blogdobispo.com.br\/#\/schema\/person\/e2209cc0e6cea5c5233d033e997b373f"},"headline":"ALRN reafirma apoio \u00e0 Expoeduc, maior evento de educa\u00e7\u00e3o do Norte-Nordeste","datePublished":"2025-06-23T23:27:34+00:00","dateModified":"2025-07-28T18:12:42+00:00","mainEntityOfPage":{"@id":"https:\/\/blogdobispo.com.br\/?p=5687"},"wordCount":430,"commentCount":0,"publisher":{"@id":"https:\/\/blogdobispo.com.br\/#organization"},"image":{"@id":"https:\/\/blogdobispo.com.br\/?p=5687#primaryimage"},"thumbnailUrl":"http:\/\/blogdobispo.com.br\/wp-content\/uploads\/2025\/06\/1f8q0dC11CyJg760njgGiYO76YGrrUwrXY9pjmMc-scaled.jpg","articleSection":["diversos"],"inLanguage":"pt-BR","potentialAction":[{"@type":"CommentAction","name":"Comment","target":["https:\/\/blogdobispo.com.br\/?p=5687#respond"]}]},{"@type":"WebPage","@id":"https:\/\/blogdobispo.com.br\/?p=5687","url":"https:\/\/blogdobispo.com.br\/?p=5687","name":"ALRN reafirma apoio \u00e0 Expoeduc, maior evento de educa\u00e7\u00e3o do Norte-Nordeste - Blog do Bispo","isPartOf":{"@id":"https:\/\/blogdobispo.com.br\/#website"},"primaryImageOfPage":{"@id":"https:\/\/blogdobispo.com.br\/?p=5687#primaryimage"},"image":{"@id":"https:\/\/blogdobispo.com.br\/?p=5687#primaryimage"},"thumbnailUrl":"http:\/\/blogdobispo.com.br\/wp-content\/uploads\/2025\/06\/1f8q0dC11CyJg760njgGiYO76YGrrUwrXY9pjmMc-scaled.jpg","datePublished":"2025-06-23T23:27:34+00:00","dateModified":"2025-07-28T18:12:42+00:00","breadcrumb":{"@id":"https:\/\/blogdobispo.com.br\/?p=5687#breadcrumb"},"inLanguage":"pt-BR","potentialAction":[{"@type":"ReadAction","target":["https:\/\/blogdobispo.com.br\/?p=5687"]}]},{"@type":"ImageObject","inLanguage":"pt-BR","@id":"https:\/\/blogdobispo.com.br\/?p=5687#primaryimage","url":"https:\/\/i0.wp.com\/blogdobispo.com.br\/wp-content\/uploads\/2025\/06\/1f8q0dC11CyJg760njgGiYO76YGrrUwrXY9pjmMc-scaled.jpg?fit=2560%2C1703&ssl=1","contentUrl":"https:\/\/i0.wp.com\/blogdobispo.com.br\/wp-content\/uploads\/2025\/06\/1f8q0dC11CyJg760njgGiYO76YGrrUwrXY9pjmMc-scaled.jpg?fit=2560%2C1703&ssl=1","width":2560,"height":1703},{"@type":"BreadcrumbList","@id":"https:\/\/blogdobispo.com.br\/?p=5687#breadcrumb","itemListElement":[{"@type":"ListItem","position":1,"name":"In\u00edcio","item":"https:\/\/blogdobispo.com.br\/"},{"@type":"ListItem","position":2,"name":"ALRN reafirma apoio \u00e0 Expoeduc, maior evento de educa\u00e7\u00e3o do Norte-Nordeste"}]},{"@type":"WebSite","@id":"https:\/\/blogdobispo.com.br\/#website","url":"https:\/\/blogdobispo.com.br\/","name":"Blog do Bispo","description":"Comprometido apenas com o leitor","publisher":{"@id":"https:\/\/blogdobispo.com.br\/#organization"},"potentialAction":[{"@type":"SearchAction","target":{"@type":"EntryPoint","urlTemplate":"https:\/\/blogdobispo.com.br\/?s={search_term_string}"},"query-input":{"@type":"PropertyValueSpecification","valueRequired":true,"valueName":"search_term_string"}}],"inLanguage":"pt-BR"},{"@type":"Organization","@id":"https:\/\/blogdobispo.com.br\/#organization","name":"Blog do Bispo","url":"https:\/\/blogdobispo.com.br\/","logo":{"@type":"ImageObject","inLanguage":"pt-BR","@id":"https:\/\/blogdobispo.com.br\/#\/schema\/logo\/image\/","url":"http:\/\/blogdobispo.com.br\/wp-content\/uploads\/2023\/05\/cropped-headear.png","contentUrl":"http:\/\/blogdobispo.com.br\/wp-content\/uploads\/2023\/05\/cropped-headear.png","width":1500,"height":399,"caption":"Blog do Bispo"},"image":{"@id":"https:\/\/blogdobispo.com.br\/#\/schema\/logo\/image\/"}},{"@type":"Person","@id":"https:\/\/blogdobispo.com.br\/#\/schema\/person\/e2209cc0e6cea5c5233d033e997b373f","name":"Jefferson Sterfeno","image":{"@type":"ImageObject","inLanguage":"pt-BR","@id":"https:\/\/blogdobispo.com.br\/#\/schema\/person\/image\/","url":"https:\/\/secure.gravatar.com\/avatar\/0534e84764641168a677026b6d57a3f51dc7ac4db0b4f6186d9cb330d4ee1160?s=96&d=mm&r=g","contentUrl":"https:\/\/secure.gravatar.com\/avatar\/0534e84764641168a677026b6d57a3f51dc7ac4db0b4f6186d9cb330d4ee1160?s=96&d=mm&r=g","caption":"Jefferson Sterfeno"},"sameAs":["http:\/\/blogdobispo.com.br"],"url":"https:\/\/blogdobispo.com.br\/?author=1"}]}},"featured_image_urls":{"full":"","thumbnail":"","medium":"","medium_large":"","large":"","1536x1536":"","2048x2048":""},"author_info":{"display_name":"Jefferson Sterfeno","author_link":"https:\/\/blogdobispo.com.br\/?author=1"},"category_info":"<a href=\"https:\/\/blogdobispo.com.br\/?cat=1\" rel=\"category\">diversos<\/a>","tag_info":"diversos","comment_count":"0","jetpack_featured_media_url":"","jetpack_sharing_enabled":true,"_links":{"self":[{"href":"https:\/\/blogdobispo.com.br\/index.php?rest_route=\/wp\/v2\/posts\/5687","targetHints":{"allow":["GET"]}}],"collection":[{"href":"https:\/\/blogdobispo.com.br\/index.php?rest_route=\/wp\/v2\/posts"}],"about":[{"href":"https:\/\/blogdobispo.com.br\/index.php?rest_route=\/wp\/v2\/types\/post"}],"author":[{"embeddable":true,"href":"https:\/\/blogdobispo.com.br\/index.php?rest_route=\/wp\/v2\/users\/1"}],"replies":[{"embeddable":true,"href":"https:\/\/blogdobispo.com.br\/index.php?rest_route=%2Fwp%2Fv2%2Fcomments&post=5687"}],"version-history":[{"count":2,"href":"https:\/\/blogdobispo.com.br\/index.php?rest_route=\/wp\/v2\/posts\/5687\/revisions"}],"predecessor-version":[{"id":6183,"href":"https:\/\/blogdobispo.com.br\/index.php?rest_route=\/wp\/v2\/posts\/5687\/revisions\/6183"}],"wp:attachment":[{"href":"https:\/\/blogdobispo.com.br\/index.php?rest_route=%2Fwp%2Fv2%2Fmedia&parent=5687"}],"wp:term":[{"taxonomy":"category","embeddable":true,"href":"https:\/\/blogdobispo.com.br\/index.php?rest_route=%2Fwp%2Fv2%2Fcategories&post=5687"},{"taxonomy":"post_tag","embeddable":true,"href":"https:\/\/blogdobispo.com.br\/index.php?rest_route=%2Fwp%2Fv2%2Ftags&post=5687"}],"curies":[{"name":"wp","href":"https:\/\/api.w.org\/{rel}","templated":true}]}}