{"id":5685,"date":"2025-06-23T17:24:37","date_gmt":"2025-06-23T17:24:37","guid":{"rendered":"https:\/\/blogdobispo.com.br\/?p=5685"},"modified":"2025-06-23T17:24:37","modified_gmt":"2025-06-23T17:24:37","slug":"urgente-ira-ataca-base-americana-no-catar-em-retaliacao-a-operacao-de-sabado","status":"publish","type":"post","link":"https:\/\/blogdobispo.com.br\/?p=5685","title":{"rendered":"Urgente: Ir\u00e3 ataca Base Americana no Catar em retalia\u00e7\u00e3o a opera\u00e7\u00e3o de s\u00e1bado"},"content":{"rendered":"\n<p class=\"p1\"><\/p>\n\n\n\n<figure class=\"wp-block-image size-large\"><img data-recalc-dims=\"1\" fetchpriority=\"high\" decoding=\"async\" width=\"679\" height=\"452\" src=\"https:\/\/i0.wp.com\/blogdobispo.com.br\/wp-content\/uploads\/2025\/06\/img_5244-1.jpg?resize=679%2C452&#038;ssl=1\" class=\"wp-image-5684\" srcset=\"https:\/\/i0.wp.com\/blogdobispo.com.br\/wp-content\/uploads\/2025\/06\/img_5244-1.jpg?w=679&amp;ssl=1 679w, https:\/\/i0.wp.com\/blogdobispo.com.br\/wp-content\/uploads\/2025\/06\/img_5244-1.jpg?resize=300%2C200&amp;ssl=1 300w\" sizes=\"(max-width: 679px) 100vw, 679px\" \/><\/figure>\n\n\n\n<p class=\"p1\">Doha, 23 de junho de 2025 \u2014 O governo do Ir\u00e3 lan\u00e7ou na madrugada desta segunda-feira (23) uma s\u00e9rie de ataques com m\u00edsseis contra bases militares dos Estados Unidos no Oriente M\u00e9dio. Entre os alvos atingidos est\u00e3o a base a\u00e9rea de Al Udeid, no Catar \u2014 a maior instala\u00e7\u00e3o militar americana na regi\u00e3o \u2014 e uma base militar no Iraque.<\/p>\n\n\n\n<p class=\"p1\">A ofensiva foi anunciada oficialmente pelo governo iraniano como parte da \u201cOpera\u00e7\u00e3o Promessa de Vit\u00f3ria\u201d, em resposta direta aos ataques conduzidos pelos Estados Unidos contra instala\u00e7\u00f5es nucleares iranianas nos \u00faltimos dias. Fontes da imprensa internacional relataram explos\u00f5es intensas nas imedia\u00e7\u00f5es de Doha, capital do Catar, e em \u00e1reas do oeste do Iraque.<\/p>\n\n\n\n<p class=\"p1\">Segundo informa\u00e7\u00f5es preliminares, ao menos 10 m\u00edsseis teriam sido lan\u00e7ados. Ainda n\u00e3o h\u00e1 confirma\u00e7\u00e3o oficial sobre o n\u00famero de v\u00edtimas, mas o Departamento de Defesa dos EUA afirmou estar avaliando os danos e que medidas de prote\u00e7\u00e3o foram acionadas de imediato. Tropas americanas foram colocadas em estado de alerta m\u00e1ximo.<\/p>\n\n\n\n<p class=\"p1\">A a\u00e7\u00e3o representa uma nova escalada nas tens\u00f5es entre Teer\u00e3 e Washington. O presidente dos Estados Unidos, Donald Trump, convocou seu conselho de seguran\u00e7a nacional e permanece reunido no Situation Room da Casa Branca desde as primeiras horas do ataque. Em pronunciamento breve, Trump afirmou que \u201cos Estados Unidos n\u00e3o ficar\u00e3o de bra\u00e7os cruzados diante de agress\u00f5es\u201d.<\/p>\n\n\n\n<p class=\"p1\">O governo do Catar condenou o ataque e afirmou que tomar\u00e1 medidas diplom\u00e1ticas para proteger sua soberania, ressaltando que n\u00e3o havia sido informado sobre qualquer opera\u00e7\u00e3o em seu territ\u00f3rio. A base de Al Udeid abriga cerca de 10 mil militares americanos e funciona como centro de opera\u00e7\u00f5es para a\u00e7\u00f5es no Oriente M\u00e9dio.<\/p>\n\n\n\n<p class=\"p1\">A comunidade internacional acompanha com preocupa\u00e7\u00e3o o avan\u00e7o do conflito. A Uni\u00e3o Europeia e a ONU pediram conten\u00e7\u00e3o imediata de ambas as partes. J\u00e1 o governo russo classificou o ataque iraniano como uma \u201cresposta leg\u00edtima\u201d, ao mesmo tempo em que pediu \u201ccautela e di\u00e1logo\u201d.<\/p>\n\n\n\n<p class=\"p1\">Este \u00e9 o epis\u00f3dio mais grave desde o in\u00edcio da nova fase de tens\u00f5es entre Ir\u00e3 e EUA, e marca um ponto cr\u00edtico na j\u00e1 inst\u00e1vel situa\u00e7\u00e3o do Oriente M\u00e9dio. A expectativa \u00e9 de que os pr\u00f3ximos dias sejam decisivos para definir se haver\u00e1 uma escalada militar mais ampla ou uma retomada dos canais diplom\u00e1ticos.<\/p>\n","protected":false},"excerpt":{"rendered":"<p>Doha, 23 de junho de 2025 \u2014 O governo do Ir\u00e3 lan\u00e7ou na madrugada desta segunda-feira (23) uma s\u00e9rie de ataques com m\u00edsseis contra bases militares dos Estados Unidos no Oriente M\u00e9dio. Entre os alvos atingidos est\u00e3o a base a\u00e9rea de Al Udeid, no Catar \u2014 a maior instala\u00e7\u00e3o militar americana na regi\u00e3o \u2014 e [&hellip;]<\/p>\n","protected":false},"author":1,"featured_media":0,"comment_status":"open","ping_status":"open","sticky":false,"template":"","format":"standard","meta":{"cybocfi_hide_featured_image":"","_jetpack_memberships_contains_paid_content":false,"footnotes":""},"categories":[1],"tags":[],"class_list":["post-5685","post","type-post","status-publish","format-standard","hentry","category-diversos"],"yoast_head":"<!-- This site is optimized with the Yoast SEO plugin v25.6 - https:\/\/yoast.com\/wordpress\/plugins\/seo\/ -->\n<title>Urgente: Ir\u00e3 ataca Base Americana no Catar em retalia\u00e7\u00e3o a opera\u00e7\u00e3o de s\u00e1bado - Blog do Bispo<\/title>\n<meta name=\"robots\" content=\"index, follow, max-snippet:-1, max-image-preview:large, max-video-preview:-1\" \/>\n<link rel=\"canonical\" href=\"https:\/\/blogdobispo.com.br\/?p=5685\" \/>\n<meta property=\"og:locale\" content=\"pt_BR\" \/>\n<meta property=\"og:type\" content=\"article\" \/>\n<meta property=\"og:title\" content=\"Urgente: Ir\u00e3 ataca Base Americana no Catar em retalia\u00e7\u00e3o a opera\u00e7\u00e3o de s\u00e1bado - Blog do Bispo\" \/>\n<meta property=\"og:description\" content=\"Doha, 23 de junho de 2025 \u2014 O governo do Ir\u00e3 lan\u00e7ou na madrugada desta segunda-feira (23) uma s\u00e9rie de ataques com m\u00edsseis contra bases militares dos Estados Unidos no Oriente M\u00e9dio. Entre os alvos atingidos est\u00e3o a base a\u00e9rea de Al Udeid, no Catar \u2014 a maior instala\u00e7\u00e3o militar americana na regi\u00e3o \u2014 e [&hellip;]\" \/>\n<meta property=\"og:url\" content=\"https:\/\/blogdobispo.com.br\/?p=5685\" \/>\n<meta property=\"og:site_name\" content=\"Blog do Bispo\" \/>\n<meta property=\"article:published_time\" content=\"2025-06-23T17:24:37+00:00\" \/>\n<meta property=\"og:image\" content=\"https:\/\/blogdobispo.com.br\/wp-content\/uploads\/2025\/06\/img_5244-1.jpg\" \/>\n<meta name=\"author\" content=\"Jefferson Sterfeno\" \/>\n<meta name=\"twitter:card\" content=\"summary_large_image\" \/>\n<meta name=\"twitter:label1\" content=\"Escrito por\" \/>\n\t<meta name=\"twitter:data1\" content=\"Jefferson Sterfeno\" \/>\n\t<meta name=\"twitter:label2\" content=\"Est. tempo de leitura\" \/>\n\t<meta name=\"twitter:data2\" content=\"2 minutos\" \/>\n<script type=\"application\/ld+json\" class=\"yoast-schema-graph\">{\"@context\":\"https:\/\/schema.org\",\"@graph\":[{\"@type\":\"Article\",\"@id\":\"https:\/\/blogdobispo.com.br\/?p=5685#article\",\"isPartOf\":{\"@id\":\"https:\/\/blogdobispo.com.br\/?p=5685\"},\"author\":{\"name\":\"Jefferson Sterfeno\",\"@id\":\"https:\/\/blogdobispo.com.br\/#\/schema\/person\/e2209cc0e6cea5c5233d033e997b373f\"},\"headline\":\"Urgente: Ir\u00e3 ataca Base Americana no Catar em retalia\u00e7\u00e3o a opera\u00e7\u00e3o de s\u00e1bado\",\"datePublished\":\"2025-06-23T17:24:37+00:00\",\"mainEntityOfPage\":{\"@id\":\"https:\/\/blogdobispo.com.br\/?p=5685\"},\"wordCount\":427,\"commentCount\":0,\"publisher\":{\"@id\":\"https:\/\/blogdobispo.com.br\/#organization\"},\"image\":{\"@id\":\"https:\/\/blogdobispo.com.br\/?p=5685#primaryimage\"},\"thumbnailUrl\":\"https:\/\/blogdobispo.com.br\/wp-content\/uploads\/2025\/06\/img_5244-1.jpg\",\"articleSection\":[\"diversos\"],\"inLanguage\":\"pt-BR\",\"potentialAction\":[{\"@type\":\"CommentAction\",\"name\":\"Comment\",\"target\":[\"https:\/\/blogdobispo.com.br\/?p=5685#respond\"]}]},{\"@type\":\"WebPage\",\"@id\":\"https:\/\/blogdobispo.com.br\/?p=5685\",\"url\":\"https:\/\/blogdobispo.com.br\/?p=5685\",\"name\":\"Urgente: Ir\u00e3 ataca Base Americana no Catar em retalia\u00e7\u00e3o a opera\u00e7\u00e3o de s\u00e1bado - Blog do Bispo\",\"isPartOf\":{\"@id\":\"https:\/\/blogdobispo.com.br\/#website\"},\"primaryImageOfPage\":{\"@id\":\"https:\/\/blogdobispo.com.br\/?p=5685#primaryimage\"},\"image\":{\"@id\":\"https:\/\/blogdobispo.com.br\/?p=5685#primaryimage\"},\"thumbnailUrl\":\"https:\/\/blogdobispo.com.br\/wp-content\/uploads\/2025\/06\/img_5244-1.jpg\",\"datePublished\":\"2025-06-23T17:24:37+00:00\",\"breadcrumb\":{\"@id\":\"https:\/\/blogdobispo.com.br\/?p=5685#breadcrumb\"},\"inLanguage\":\"pt-BR\",\"potentialAction\":[{\"@type\":\"ReadAction\",\"target\":[\"https:\/\/blogdobispo.com.br\/?p=5685\"]}]},{\"@type\":\"ImageObject\",\"inLanguage\":\"pt-BR\",\"@id\":\"https:\/\/blogdobispo.com.br\/?p=5685#primaryimage\",\"url\":\"https:\/\/blogdobispo.com.br\/wp-content\/uploads\/2025\/06\/img_5244-1.jpg\",\"contentUrl\":\"https:\/\/blogdobispo.com.br\/wp-content\/uploads\/2025\/06\/img_5244-1.jpg\"},{\"@type\":\"BreadcrumbList\",\"@id\":\"https:\/\/blogdobispo.com.br\/?p=5685#breadcrumb\",\"itemListElement\":[{\"@type\":\"ListItem\",\"position\":1,\"name\":\"In\u00edcio\",\"item\":\"https:\/\/blogdobispo.com.br\/\"},{\"@type\":\"ListItem\",\"position\":2,\"name\":\"Urgente: Ir\u00e3 ataca Base Americana no Catar em retalia\u00e7\u00e3o a opera\u00e7\u00e3o de s\u00e1bado\"}]},{\"@type\":\"WebSite\",\"@id\":\"https:\/\/blogdobispo.com.br\/#website\",\"url\":\"https:\/\/blogdobispo.com.br\/\",\"name\":\"Blog do Bispo\",\"description\":\"Comprometido apenas com o leitor\",\"publisher\":{\"@id\":\"https:\/\/blogdobispo.com.br\/#organization\"},\"potentialAction\":[{\"@type\":\"SearchAction\",\"target\":{\"@type\":\"EntryPoint\",\"urlTemplate\":\"https:\/\/blogdobispo.com.br\/?s={search_term_string}\"},\"query-input\":{\"@type\":\"PropertyValueSpecification\",\"valueRequired\":true,\"valueName\":\"search_term_string\"}}],\"inLanguage\":\"pt-BR\"},{\"@type\":\"Organization\",\"@id\":\"https:\/\/blogdobispo.com.br\/#organization\",\"name\":\"Blog do Bispo\",\"url\":\"https:\/\/blogdobispo.com.br\/\",\"logo\":{\"@type\":\"ImageObject\",\"inLanguage\":\"pt-BR\",\"@id\":\"https:\/\/blogdobispo.com.br\/#\/schema\/logo\/image\/\",\"url\":\"http:\/\/blogdobispo.com.br\/wp-content\/uploads\/2023\/05\/cropped-headear.png\",\"contentUrl\":\"http:\/\/blogdobispo.com.br\/wp-content\/uploads\/2023\/05\/cropped-headear.png\",\"width\":1500,\"height\":399,\"caption\":\"Blog do Bispo\"},\"image\":{\"@id\":\"https:\/\/blogdobispo.com.br\/#\/schema\/logo\/image\/\"}},{\"@type\":\"Person\",\"@id\":\"https:\/\/blogdobispo.com.br\/#\/schema\/person\/e2209cc0e6cea5c5233d033e997b373f\",\"name\":\"Jefferson Sterfeno\",\"image\":{\"@type\":\"ImageObject\",\"inLanguage\":\"pt-BR\",\"@id\":\"https:\/\/blogdobispo.com.br\/#\/schema\/person\/image\/\",\"url\":\"https:\/\/secure.gravatar.com\/avatar\/0534e84764641168a677026b6d57a3f51dc7ac4db0b4f6186d9cb330d4ee1160?s=96&d=mm&r=g\",\"contentUrl\":\"https:\/\/secure.gravatar.com\/avatar\/0534e84764641168a677026b6d57a3f51dc7ac4db0b4f6186d9cb330d4ee1160?s=96&d=mm&r=g\",\"caption\":\"Jefferson Sterfeno\"},\"sameAs\":[\"http:\/\/blogdobispo.com.br\"],\"url\":\"https:\/\/blogdobispo.com.br\/?author=1\"}]}<\/script>\n<!-- \/ Yoast SEO plugin. -->","yoast_head_json":{"title":"Urgente: Ir\u00e3 ataca Base Americana no Catar em retalia\u00e7\u00e3o a opera\u00e7\u00e3o de s\u00e1bado - Blog do Bispo","robots":{"index":"index","follow":"follow","max-snippet":"max-snippet:-1","max-image-preview":"max-image-preview:large","max-video-preview":"max-video-preview:-1"},"canonical":"https:\/\/blogdobispo.com.br\/?p=5685","og_locale":"pt_BR","og_type":"article","og_title":"Urgente: Ir\u00e3 ataca Base Americana no Catar em retalia\u00e7\u00e3o a opera\u00e7\u00e3o de s\u00e1bado - Blog do Bispo","og_description":"Doha, 23 de junho de 2025 \u2014 O governo do Ir\u00e3 lan\u00e7ou na madrugada desta segunda-feira (23) uma s\u00e9rie de ataques com m\u00edsseis contra bases militares dos Estados Unidos no Oriente M\u00e9dio. Entre os alvos atingidos est\u00e3o a base a\u00e9rea de Al Udeid, no Catar \u2014 a maior instala\u00e7\u00e3o militar americana na regi\u00e3o \u2014 e [&hellip;]","og_url":"https:\/\/blogdobispo.com.br\/?p=5685","og_site_name":"Blog do Bispo","article_published_time":"2025-06-23T17:24:37+00:00","og_image":[{"url":"https:\/\/blogdobispo.com.br\/wp-content\/uploads\/2025\/06\/img_5244-1.jpg","type":"","width":"","height":""}],"author":"Jefferson Sterfeno","twitter_card":"summary_large_image","twitter_misc":{"Escrito por":"Jefferson Sterfeno","Est. tempo de leitura":"2 minutos"},"schema":{"@context":"https:\/\/schema.org","@graph":[{"@type":"Article","@id":"https:\/\/blogdobispo.com.br\/?p=5685#article","isPartOf":{"@id":"https:\/\/blogdobispo.com.br\/?p=5685"},"author":{"name":"Jefferson Sterfeno","@id":"https:\/\/blogdobispo.com.br\/#\/schema\/person\/e2209cc0e6cea5c5233d033e997b373f"},"headline":"Urgente: Ir\u00e3 ataca Base Americana no Catar em retalia\u00e7\u00e3o a opera\u00e7\u00e3o de s\u00e1bado","datePublished":"2025-06-23T17:24:37+00:00","mainEntityOfPage":{"@id":"https:\/\/blogdobispo.com.br\/?p=5685"},"wordCount":427,"commentCount":0,"publisher":{"@id":"https:\/\/blogdobispo.com.br\/#organization"},"image":{"@id":"https:\/\/blogdobispo.com.br\/?p=5685#primaryimage"},"thumbnailUrl":"https:\/\/blogdobispo.com.br\/wp-content\/uploads\/2025\/06\/img_5244-1.jpg","articleSection":["diversos"],"inLanguage":"pt-BR","potentialAction":[{"@type":"CommentAction","name":"Comment","target":["https:\/\/blogdobispo.com.br\/?p=5685#respond"]}]},{"@type":"WebPage","@id":"https:\/\/blogdobispo.com.br\/?p=5685","url":"https:\/\/blogdobispo.com.br\/?p=5685","name":"Urgente: Ir\u00e3 ataca Base Americana no Catar em retalia\u00e7\u00e3o a opera\u00e7\u00e3o de s\u00e1bado - Blog do Bispo","isPartOf":{"@id":"https:\/\/blogdobispo.com.br\/#website"},"primaryImageOfPage":{"@id":"https:\/\/blogdobispo.com.br\/?p=5685#primaryimage"},"image":{"@id":"https:\/\/blogdobispo.com.br\/?p=5685#primaryimage"},"thumbnailUrl":"https:\/\/blogdobispo.com.br\/wp-content\/uploads\/2025\/06\/img_5244-1.jpg","datePublished":"2025-06-23T17:24:37+00:00","breadcrumb":{"@id":"https:\/\/blogdobispo.com.br\/?p=5685#breadcrumb"},"inLanguage":"pt-BR","potentialAction":[{"@type":"ReadAction","target":["https:\/\/blogdobispo.com.br\/?p=5685"]}]},{"@type":"ImageObject","inLanguage":"pt-BR","@id":"https:\/\/blogdobispo.com.br\/?p=5685#primaryimage","url":"https:\/\/blogdobispo.com.br\/wp-content\/uploads\/2025\/06\/img_5244-1.jpg","contentUrl":"https:\/\/blogdobispo.com.br\/wp-content\/uploads\/2025\/06\/img_5244-1.jpg"},{"@type":"BreadcrumbList","@id":"https:\/\/blogdobispo.com.br\/?p=5685#breadcrumb","itemListElement":[{"@type":"ListItem","position":1,"name":"In\u00edcio","item":"https:\/\/blogdobispo.com.br\/"},{"@type":"ListItem","position":2,"name":"Urgente: Ir\u00e3 ataca Base Americana no Catar em retalia\u00e7\u00e3o a opera\u00e7\u00e3o de s\u00e1bado"}]},{"@type":"WebSite","@id":"https:\/\/blogdobispo.com.br\/#website","url":"https:\/\/blogdobispo.com.br\/","name":"Blog do Bispo","description":"Comprometido apenas com o leitor","publisher":{"@id":"https:\/\/blogdobispo.com.br\/#organization"},"potentialAction":[{"@type":"SearchAction","target":{"@type":"EntryPoint","urlTemplate":"https:\/\/blogdobispo.com.br\/?s={search_term_string}"},"query-input":{"@type":"PropertyValueSpecification","valueRequired":true,"valueName":"search_term_string"}}],"inLanguage":"pt-BR"},{"@type":"Organization","@id":"https:\/\/blogdobispo.com.br\/#organization","name":"Blog do Bispo","url":"https:\/\/blogdobispo.com.br\/","logo":{"@type":"ImageObject","inLanguage":"pt-BR","@id":"https:\/\/blogdobispo.com.br\/#\/schema\/logo\/image\/","url":"http:\/\/blogdobispo.com.br\/wp-content\/uploads\/2023\/05\/cropped-headear.png","contentUrl":"http:\/\/blogdobispo.com.br\/wp-content\/uploads\/2023\/05\/cropped-headear.png","width":1500,"height":399,"caption":"Blog do Bispo"},"image":{"@id":"https:\/\/blogdobispo.com.br\/#\/schema\/logo\/image\/"}},{"@type":"Person","@id":"https:\/\/blogdobispo.com.br\/#\/schema\/person\/e2209cc0e6cea5c5233d033e997b373f","name":"Jefferson Sterfeno","image":{"@type":"ImageObject","inLanguage":"pt-BR","@id":"https:\/\/blogdobispo.com.br\/#\/schema\/person\/image\/","url":"https:\/\/secure.gravatar.com\/avatar\/0534e84764641168a677026b6d57a3f51dc7ac4db0b4f6186d9cb330d4ee1160?s=96&d=mm&r=g","contentUrl":"https:\/\/secure.gravatar.com\/avatar\/0534e84764641168a677026b6d57a3f51dc7ac4db0b4f6186d9cb330d4ee1160?s=96&d=mm&r=g","caption":"Jefferson Sterfeno"},"sameAs":["http:\/\/blogdobispo.com.br"],"url":"https:\/\/blogdobispo.com.br\/?author=1"}]}},"featured_image_urls":{"full":"","thumbnail":"","medium":"","medium_large":"","large":"","1536x1536":"","2048x2048":""},"author_info":{"display_name":"Jefferson Sterfeno","author_link":"https:\/\/blogdobispo.com.br\/?author=1"},"category_info":"<a href=\"https:\/\/blogdobispo.com.br\/?cat=1\" rel=\"category\">diversos<\/a>","tag_info":"diversos","comment_count":"0","jetpack_featured_media_url":"","jetpack_sharing_enabled":true,"_links":{"self":[{"href":"https:\/\/blogdobispo.com.br\/index.php?rest_route=\/wp\/v2\/posts\/5685","targetHints":{"allow":["GET"]}}],"collection":[{"href":"https:\/\/blogdobispo.com.br\/index.php?rest_route=\/wp\/v2\/posts"}],"about":[{"href":"https:\/\/blogdobispo.com.br\/index.php?rest_route=\/wp\/v2\/types\/post"}],"author":[{"embeddable":true,"href":"https:\/\/blogdobispo.com.br\/index.php?rest_route=\/wp\/v2\/users\/1"}],"replies":[{"embeddable":true,"href":"https:\/\/blogdobispo.com.br\/index.php?rest_route=%2Fwp%2Fv2%2Fcomments&post=5685"}],"version-history":[{"count":0,"href":"https:\/\/blogdobispo.com.br\/index.php?rest_route=\/wp\/v2\/posts\/5685\/revisions"}],"wp:attachment":[{"href":"https:\/\/blogdobispo.com.br\/index.php?rest_route=%2Fwp%2Fv2%2Fmedia&parent=5685"}],"wp:term":[{"taxonomy":"category","embeddable":true,"href":"https:\/\/blogdobispo.com.br\/index.php?rest_route=%2Fwp%2Fv2%2Fcategories&post=5685"},{"taxonomy":"post_tag","embeddable":true,"href":"https:\/\/blogdobispo.com.br\/index.php?rest_route=%2Fwp%2Fv2%2Ftags&post=5685"}],"curies":[{"name":"wp","href":"https:\/\/api.w.org\/{rel}","templated":true}]}}