{"id":5683,"date":"2025-06-23T16:32:37","date_gmt":"2025-06-23T16:32:37","guid":{"rendered":"https:\/\/blogdobispo.com.br\/?p=5683"},"modified":"2025-06-23T16:32:37","modified_gmt":"2025-06-23T16:32:37","slug":"ex-primeira-dama-termina-relacionamento-por-motivo-inusitado-ele-falhava-muito","status":"publish","type":"post","link":"https:\/\/blogdobispo.com.br\/?p=5683","title":{"rendered":"Ex-primeira dama termina relacionamento por motivo inusitado: &#8216;Ele falhava muito"},"content":{"rendered":"\n<p>A ex-primeira-dama de Arari,&nbsp;Ingrid Andrade,&nbsp;revelou por meio de um v\u00eddeo em rede social que resolveu terminar o relacionamento com o&nbsp;ex-prefeito do munic\u00edpio do&nbsp;<a href=\"https:\/\/www.bnews.com.br\/tags\/maranhao\" rel=\"noreferrer noopener\" target=\"_blank\">Maranh\u00e3o<\/a>,&nbsp;Rui Filho, 66 anos, pois estavam vivendo como se fossem dois amigos.<\/p>\n\n\n\n<blockquote class=\"wp-block-quote citacao is-layout-flow wp-block-quote-is-layout-flow\">\n<p>N\u00e3o aguentava mais viver um relacionamento frio, um relacionamento onde n\u00e3o existia mais aquela qu\u00edmica. Ele n\u00e3o me procurava mais. A gente j\u00e1 n\u00e3o tinha mais um relacionamento de marido e mulher&#8221;, desabafou.<\/p>\n<\/blockquote>\n\n\n\n<p>Ainda, segundo a primeira-dama, ela \u00e9 muito jovem e na hora H o marido falhava. &#8220;Ele falhava muito&#8221;, desabafou. O pr\u00f3prio prefeito confirmou nas imagens a informa\u00e7\u00e3o e revelou que se culpava tamb\u00e9m, pois ficava com vergonha de falar para ela que na hora H falhava. No final do v\u00eddeo, no entanto, ela afirma que agora vive um &#8220;novo relacionamento&#8221; com o esposo, j\u00e1 que o marido est\u00e1 tomando um complemento natural, que, segundo ele, aumentou a sua libido.<\/p>\n\n\n\n<p>Ingrid ganhou notoriedade ap\u00f3s divulgar supostamente por engano um v\u00eddeo dela em que aparecia seminua em uma banheira de espuma. \u201cEu queria apimentar a rela\u00e7\u00e3o e acabei apimentando o Maranh\u00e3o todo\u201d, comentou na ocasi\u00e3o. Al\u00e9m disso, ela tem hist\u00f3rico de namorar famosos. Em entrevista ao \u2018Blog do Mau Mau\u2019, ela afirmou ter tido um breve romance com o surfista&nbsp;<a href=\"https:\/\/www.bnews.com.br\/noticias\/esporte\/gabriel-medina-sofre-grave-lesao-e-vai-perder-temporada-de-surfe-saiba-detalhes.html\" target=\"_blank\" rel=\"noreferrer noopener\">Gabriel Medina<\/a>&nbsp;em 2019.<\/p>\n\n\n\n<figure class=\"wp-block-image size-large\"><img data-recalc-dims=\"1\" fetchpriority=\"high\" decoding=\"async\" width=\"800\" height=\"450\" src=\"https:\/\/i0.wp.com\/blogdobispo.com.br\/wp-content\/uploads\/2025\/06\/img_5241-1.jpg?resize=800%2C450&#038;ssl=1\" class=\"wp-image-5682\" srcset=\"https:\/\/i0.wp.com\/blogdobispo.com.br\/wp-content\/uploads\/2025\/06\/img_5241-1.jpg?w=800&amp;ssl=1 800w, https:\/\/i0.wp.com\/blogdobispo.com.br\/wp-content\/uploads\/2025\/06\/img_5241-1.jpg?resize=300%2C169&amp;ssl=1 300w, https:\/\/i0.wp.com\/blogdobispo.com.br\/wp-content\/uploads\/2025\/06\/img_5241-1.jpg?resize=768%2C432&amp;ssl=1 768w\" sizes=\"(max-width: 800px) 100vw, 800px\" \/><\/figure>\n","protected":false},"excerpt":{"rendered":"<p>A ex-primeira-dama de Arari,&nbsp;Ingrid Andrade,&nbsp;revelou por meio de um v\u00eddeo em rede social que resolveu terminar o relacionamento com o&nbsp;ex-prefeito do munic\u00edpio do&nbsp;Maranh\u00e3o,&nbsp;Rui Filho, 66 anos, pois estavam vivendo como se fossem dois amigos. N\u00e3o aguentava mais viver um relacionamento frio, um relacionamento onde n\u00e3o existia mais aquela qu\u00edmica. Ele n\u00e3o me procurava mais. A [&hellip;]<\/p>\n","protected":false},"author":1,"featured_media":0,"comment_status":"open","ping_status":"open","sticky":false,"template":"","format":"standard","meta":{"cybocfi_hide_featured_image":"","_jetpack_memberships_contains_paid_content":false,"footnotes":""},"categories":[1],"tags":[],"class_list":["post-5683","post","type-post","status-publish","format-standard","hentry","category-diversos"],"yoast_head":"<!-- This site is optimized with the Yoast SEO plugin v25.6 - https:\/\/yoast.com\/wordpress\/plugins\/seo\/ -->\n<title>Ex-primeira dama termina relacionamento por motivo inusitado: &#039;Ele falhava muito - Blog do Bispo<\/title>\n<meta name=\"robots\" content=\"index, follow, max-snippet:-1, max-image-preview:large, max-video-preview:-1\" \/>\n<link rel=\"canonical\" href=\"https:\/\/blogdobispo.com.br\/?p=5683\" \/>\n<meta property=\"og:locale\" content=\"pt_BR\" \/>\n<meta property=\"og:type\" content=\"article\" \/>\n<meta property=\"og:title\" content=\"Ex-primeira dama termina relacionamento por motivo inusitado: &#039;Ele falhava muito - Blog do Bispo\" \/>\n<meta property=\"og:description\" content=\"A ex-primeira-dama de Arari,&nbsp;Ingrid Andrade,&nbsp;revelou por meio de um v\u00eddeo em rede social que resolveu terminar o relacionamento com o&nbsp;ex-prefeito do munic\u00edpio do&nbsp;Maranh\u00e3o,&nbsp;Rui Filho, 66 anos, pois estavam vivendo como se fossem dois amigos. N\u00e3o aguentava mais viver um relacionamento frio, um relacionamento onde n\u00e3o existia mais aquela qu\u00edmica. Ele n\u00e3o me procurava mais. A [&hellip;]\" \/>\n<meta property=\"og:url\" content=\"https:\/\/blogdobispo.com.br\/?p=5683\" \/>\n<meta property=\"og:site_name\" content=\"Blog do Bispo\" \/>\n<meta property=\"article:published_time\" content=\"2025-06-23T16:32:37+00:00\" \/>\n<meta property=\"og:image\" content=\"https:\/\/blogdobispo.com.br\/wp-content\/uploads\/2025\/06\/img_5241-1.jpg\" \/>\n<meta name=\"author\" content=\"Jefferson Sterfeno\" \/>\n<meta name=\"twitter:card\" content=\"summary_large_image\" \/>\n<meta name=\"twitter:label1\" content=\"Escrito por\" \/>\n\t<meta name=\"twitter:data1\" content=\"Jefferson Sterfeno\" \/>\n\t<meta name=\"twitter:label2\" content=\"Est. tempo de leitura\" \/>\n\t<meta name=\"twitter:data2\" content=\"1 minuto\" \/>\n<script type=\"application\/ld+json\" class=\"yoast-schema-graph\">{\"@context\":\"https:\/\/schema.org\",\"@graph\":[{\"@type\":\"Article\",\"@id\":\"https:\/\/blogdobispo.com.br\/?p=5683#article\",\"isPartOf\":{\"@id\":\"https:\/\/blogdobispo.com.br\/?p=5683\"},\"author\":{\"name\":\"Jefferson Sterfeno\",\"@id\":\"https:\/\/blogdobispo.com.br\/#\/schema\/person\/e2209cc0e6cea5c5233d033e997b373f\"},\"headline\":\"Ex-primeira dama termina relacionamento por motivo inusitado: &#8216;Ele falhava muito\",\"datePublished\":\"2025-06-23T16:32:37+00:00\",\"mainEntityOfPage\":{\"@id\":\"https:\/\/blogdobispo.com.br\/?p=5683\"},\"wordCount\":247,\"commentCount\":0,\"publisher\":{\"@id\":\"https:\/\/blogdobispo.com.br\/#organization\"},\"image\":{\"@id\":\"https:\/\/blogdobispo.com.br\/?p=5683#primaryimage\"},\"thumbnailUrl\":\"https:\/\/blogdobispo.com.br\/wp-content\/uploads\/2025\/06\/img_5241-1.jpg\",\"articleSection\":[\"diversos\"],\"inLanguage\":\"pt-BR\",\"potentialAction\":[{\"@type\":\"CommentAction\",\"name\":\"Comment\",\"target\":[\"https:\/\/blogdobispo.com.br\/?p=5683#respond\"]}]},{\"@type\":\"WebPage\",\"@id\":\"https:\/\/blogdobispo.com.br\/?p=5683\",\"url\":\"https:\/\/blogdobispo.com.br\/?p=5683\",\"name\":\"Ex-primeira dama termina relacionamento por motivo inusitado: 'Ele falhava muito - Blog do Bispo\",\"isPartOf\":{\"@id\":\"https:\/\/blogdobispo.com.br\/#website\"},\"primaryImageOfPage\":{\"@id\":\"https:\/\/blogdobispo.com.br\/?p=5683#primaryimage\"},\"image\":{\"@id\":\"https:\/\/blogdobispo.com.br\/?p=5683#primaryimage\"},\"thumbnailUrl\":\"https:\/\/blogdobispo.com.br\/wp-content\/uploads\/2025\/06\/img_5241-1.jpg\",\"datePublished\":\"2025-06-23T16:32:37+00:00\",\"breadcrumb\":{\"@id\":\"https:\/\/blogdobispo.com.br\/?p=5683#breadcrumb\"},\"inLanguage\":\"pt-BR\",\"potentialAction\":[{\"@type\":\"ReadAction\",\"target\":[\"https:\/\/blogdobispo.com.br\/?p=5683\"]}]},{\"@type\":\"ImageObject\",\"inLanguage\":\"pt-BR\",\"@id\":\"https:\/\/blogdobispo.com.br\/?p=5683#primaryimage\",\"url\":\"https:\/\/blogdobispo.com.br\/wp-content\/uploads\/2025\/06\/img_5241-1.jpg\",\"contentUrl\":\"https:\/\/blogdobispo.com.br\/wp-content\/uploads\/2025\/06\/img_5241-1.jpg\"},{\"@type\":\"BreadcrumbList\",\"@id\":\"https:\/\/blogdobispo.com.br\/?p=5683#breadcrumb\",\"itemListElement\":[{\"@type\":\"ListItem\",\"position\":1,\"name\":\"In\u00edcio\",\"item\":\"https:\/\/blogdobispo.com.br\/\"},{\"@type\":\"ListItem\",\"position\":2,\"name\":\"Ex-primeira dama termina relacionamento por motivo inusitado: &#8216;Ele falhava muito\"}]},{\"@type\":\"WebSite\",\"@id\":\"https:\/\/blogdobispo.com.br\/#website\",\"url\":\"https:\/\/blogdobispo.com.br\/\",\"name\":\"Blog do Bispo\",\"description\":\"Comprometido apenas com o leitor\",\"publisher\":{\"@id\":\"https:\/\/blogdobispo.com.br\/#organization\"},\"potentialAction\":[{\"@type\":\"SearchAction\",\"target\":{\"@type\":\"EntryPoint\",\"urlTemplate\":\"https:\/\/blogdobispo.com.br\/?s={search_term_string}\"},\"query-input\":{\"@type\":\"PropertyValueSpecification\",\"valueRequired\":true,\"valueName\":\"search_term_string\"}}],\"inLanguage\":\"pt-BR\"},{\"@type\":\"Organization\",\"@id\":\"https:\/\/blogdobispo.com.br\/#organization\",\"name\":\"Blog do Bispo\",\"url\":\"https:\/\/blogdobispo.com.br\/\",\"logo\":{\"@type\":\"ImageObject\",\"inLanguage\":\"pt-BR\",\"@id\":\"https:\/\/blogdobispo.com.br\/#\/schema\/logo\/image\/\",\"url\":\"http:\/\/blogdobispo.com.br\/wp-content\/uploads\/2023\/05\/cropped-headear.png\",\"contentUrl\":\"http:\/\/blogdobispo.com.br\/wp-content\/uploads\/2023\/05\/cropped-headear.png\",\"width\":1500,\"height\":399,\"caption\":\"Blog do Bispo\"},\"image\":{\"@id\":\"https:\/\/blogdobispo.com.br\/#\/schema\/logo\/image\/\"}},{\"@type\":\"Person\",\"@id\":\"https:\/\/blogdobispo.com.br\/#\/schema\/person\/e2209cc0e6cea5c5233d033e997b373f\",\"name\":\"Jefferson Sterfeno\",\"image\":{\"@type\":\"ImageObject\",\"inLanguage\":\"pt-BR\",\"@id\":\"https:\/\/blogdobispo.com.br\/#\/schema\/person\/image\/\",\"url\":\"https:\/\/secure.gravatar.com\/avatar\/0534e84764641168a677026b6d57a3f51dc7ac4db0b4f6186d9cb330d4ee1160?s=96&d=mm&r=g\",\"contentUrl\":\"https:\/\/secure.gravatar.com\/avatar\/0534e84764641168a677026b6d57a3f51dc7ac4db0b4f6186d9cb330d4ee1160?s=96&d=mm&r=g\",\"caption\":\"Jefferson Sterfeno\"},\"sameAs\":[\"http:\/\/blogdobispo.com.br\"],\"url\":\"https:\/\/blogdobispo.com.br\/?author=1\"}]}<\/script>\n<!-- \/ Yoast SEO plugin. -->","yoast_head_json":{"title":"Ex-primeira dama termina relacionamento por motivo inusitado: 'Ele falhava muito - Blog do Bispo","robots":{"index":"index","follow":"follow","max-snippet":"max-snippet:-1","max-image-preview":"max-image-preview:large","max-video-preview":"max-video-preview:-1"},"canonical":"https:\/\/blogdobispo.com.br\/?p=5683","og_locale":"pt_BR","og_type":"article","og_title":"Ex-primeira dama termina relacionamento por motivo inusitado: 'Ele falhava muito - Blog do Bispo","og_description":"A ex-primeira-dama de Arari,&nbsp;Ingrid Andrade,&nbsp;revelou por meio de um v\u00eddeo em rede social que resolveu terminar o relacionamento com o&nbsp;ex-prefeito do munic\u00edpio do&nbsp;Maranh\u00e3o,&nbsp;Rui Filho, 66 anos, pois estavam vivendo como se fossem dois amigos. N\u00e3o aguentava mais viver um relacionamento frio, um relacionamento onde n\u00e3o existia mais aquela qu\u00edmica. Ele n\u00e3o me procurava mais. A [&hellip;]","og_url":"https:\/\/blogdobispo.com.br\/?p=5683","og_site_name":"Blog do Bispo","article_published_time":"2025-06-23T16:32:37+00:00","og_image":[{"url":"https:\/\/blogdobispo.com.br\/wp-content\/uploads\/2025\/06\/img_5241-1.jpg","type":"","width":"","height":""}],"author":"Jefferson Sterfeno","twitter_card":"summary_large_image","twitter_misc":{"Escrito por":"Jefferson Sterfeno","Est. tempo de leitura":"1 minuto"},"schema":{"@context":"https:\/\/schema.org","@graph":[{"@type":"Article","@id":"https:\/\/blogdobispo.com.br\/?p=5683#article","isPartOf":{"@id":"https:\/\/blogdobispo.com.br\/?p=5683"},"author":{"name":"Jefferson Sterfeno","@id":"https:\/\/blogdobispo.com.br\/#\/schema\/person\/e2209cc0e6cea5c5233d033e997b373f"},"headline":"Ex-primeira dama termina relacionamento por motivo inusitado: &#8216;Ele falhava muito","datePublished":"2025-06-23T16:32:37+00:00","mainEntityOfPage":{"@id":"https:\/\/blogdobispo.com.br\/?p=5683"},"wordCount":247,"commentCount":0,"publisher":{"@id":"https:\/\/blogdobispo.com.br\/#organization"},"image":{"@id":"https:\/\/blogdobispo.com.br\/?p=5683#primaryimage"},"thumbnailUrl":"https:\/\/blogdobispo.com.br\/wp-content\/uploads\/2025\/06\/img_5241-1.jpg","articleSection":["diversos"],"inLanguage":"pt-BR","potentialAction":[{"@type":"CommentAction","name":"Comment","target":["https:\/\/blogdobispo.com.br\/?p=5683#respond"]}]},{"@type":"WebPage","@id":"https:\/\/blogdobispo.com.br\/?p=5683","url":"https:\/\/blogdobispo.com.br\/?p=5683","name":"Ex-primeira dama termina relacionamento por motivo inusitado: 'Ele falhava muito - Blog do Bispo","isPartOf":{"@id":"https:\/\/blogdobispo.com.br\/#website"},"primaryImageOfPage":{"@id":"https:\/\/blogdobispo.com.br\/?p=5683#primaryimage"},"image":{"@id":"https:\/\/blogdobispo.com.br\/?p=5683#primaryimage"},"thumbnailUrl":"https:\/\/blogdobispo.com.br\/wp-content\/uploads\/2025\/06\/img_5241-1.jpg","datePublished":"2025-06-23T16:32:37+00:00","breadcrumb":{"@id":"https:\/\/blogdobispo.com.br\/?p=5683#breadcrumb"},"inLanguage":"pt-BR","potentialAction":[{"@type":"ReadAction","target":["https:\/\/blogdobispo.com.br\/?p=5683"]}]},{"@type":"ImageObject","inLanguage":"pt-BR","@id":"https:\/\/blogdobispo.com.br\/?p=5683#primaryimage","url":"https:\/\/blogdobispo.com.br\/wp-content\/uploads\/2025\/06\/img_5241-1.jpg","contentUrl":"https:\/\/blogdobispo.com.br\/wp-content\/uploads\/2025\/06\/img_5241-1.jpg"},{"@type":"BreadcrumbList","@id":"https:\/\/blogdobispo.com.br\/?p=5683#breadcrumb","itemListElement":[{"@type":"ListItem","position":1,"name":"In\u00edcio","item":"https:\/\/blogdobispo.com.br\/"},{"@type":"ListItem","position":2,"name":"Ex-primeira dama termina relacionamento por motivo inusitado: &#8216;Ele falhava muito"}]},{"@type":"WebSite","@id":"https:\/\/blogdobispo.com.br\/#website","url":"https:\/\/blogdobispo.com.br\/","name":"Blog do Bispo","description":"Comprometido apenas com o leitor","publisher":{"@id":"https:\/\/blogdobispo.com.br\/#organization"},"potentialAction":[{"@type":"SearchAction","target":{"@type":"EntryPoint","urlTemplate":"https:\/\/blogdobispo.com.br\/?s={search_term_string}"},"query-input":{"@type":"PropertyValueSpecification","valueRequired":true,"valueName":"search_term_string"}}],"inLanguage":"pt-BR"},{"@type":"Organization","@id":"https:\/\/blogdobispo.com.br\/#organization","name":"Blog do Bispo","url":"https:\/\/blogdobispo.com.br\/","logo":{"@type":"ImageObject","inLanguage":"pt-BR","@id":"https:\/\/blogdobispo.com.br\/#\/schema\/logo\/image\/","url":"http:\/\/blogdobispo.com.br\/wp-content\/uploads\/2023\/05\/cropped-headear.png","contentUrl":"http:\/\/blogdobispo.com.br\/wp-content\/uploads\/2023\/05\/cropped-headear.png","width":1500,"height":399,"caption":"Blog do Bispo"},"image":{"@id":"https:\/\/blogdobispo.com.br\/#\/schema\/logo\/image\/"}},{"@type":"Person","@id":"https:\/\/blogdobispo.com.br\/#\/schema\/person\/e2209cc0e6cea5c5233d033e997b373f","name":"Jefferson Sterfeno","image":{"@type":"ImageObject","inLanguage":"pt-BR","@id":"https:\/\/blogdobispo.com.br\/#\/schema\/person\/image\/","url":"https:\/\/secure.gravatar.com\/avatar\/0534e84764641168a677026b6d57a3f51dc7ac4db0b4f6186d9cb330d4ee1160?s=96&d=mm&r=g","contentUrl":"https:\/\/secure.gravatar.com\/avatar\/0534e84764641168a677026b6d57a3f51dc7ac4db0b4f6186d9cb330d4ee1160?s=96&d=mm&r=g","caption":"Jefferson Sterfeno"},"sameAs":["http:\/\/blogdobispo.com.br"],"url":"https:\/\/blogdobispo.com.br\/?author=1"}]}},"featured_image_urls":{"full":"","thumbnail":"","medium":"","medium_large":"","large":"","1536x1536":"","2048x2048":""},"author_info":{"display_name":"Jefferson Sterfeno","author_link":"https:\/\/blogdobispo.com.br\/?author=1"},"category_info":"<a href=\"https:\/\/blogdobispo.com.br\/?cat=1\" rel=\"category\">diversos<\/a>","tag_info":"diversos","comment_count":"0","jetpack_featured_media_url":"","jetpack_sharing_enabled":true,"_links":{"self":[{"href":"https:\/\/blogdobispo.com.br\/index.php?rest_route=\/wp\/v2\/posts\/5683","targetHints":{"allow":["GET"]}}],"collection":[{"href":"https:\/\/blogdobispo.com.br\/index.php?rest_route=\/wp\/v2\/posts"}],"about":[{"href":"https:\/\/blogdobispo.com.br\/index.php?rest_route=\/wp\/v2\/types\/post"}],"author":[{"embeddable":true,"href":"https:\/\/blogdobispo.com.br\/index.php?rest_route=\/wp\/v2\/users\/1"}],"replies":[{"embeddable":true,"href":"https:\/\/blogdobispo.com.br\/index.php?rest_route=%2Fwp%2Fv2%2Fcomments&post=5683"}],"version-history":[{"count":0,"href":"https:\/\/blogdobispo.com.br\/index.php?rest_route=\/wp\/v2\/posts\/5683\/revisions"}],"wp:attachment":[{"href":"https:\/\/blogdobispo.com.br\/index.php?rest_route=%2Fwp%2Fv2%2Fmedia&parent=5683"}],"wp:term":[{"taxonomy":"category","embeddable":true,"href":"https:\/\/blogdobispo.com.br\/index.php?rest_route=%2Fwp%2Fv2%2Fcategories&post=5683"},{"taxonomy":"post_tag","embeddable":true,"href":"https:\/\/blogdobispo.com.br\/index.php?rest_route=%2Fwp%2Fv2%2Ftags&post=5683"}],"curies":[{"name":"wp","href":"https:\/\/api.w.org\/{rel}","templated":true}]}}