{"id":5681,"date":"2025-06-23T13:28:55","date_gmt":"2025-06-23T13:28:55","guid":{"rendered":"https:\/\/blogdobispo.com.br\/?p=5681"},"modified":"2025-06-23T13:28:55","modified_gmt":"2025-06-23T13:28:55","slug":"planos-de-saude-sao-convocados-pela-cei-e-devem-prestar-esclarecimentos-sobre-negativas-de-atendimento-a-criancas-com-tea","status":"publish","type":"post","link":"https:\/\/blogdobispo.com.br\/?p=5681","title":{"rendered":"Planos de sa\u00fade s\u00e3o convocados pela CEI e devem prestar esclarecimentos sobre negativas de atendimento a crian\u00e7as com TEA"},"content":{"rendered":"\n<figure class=\"wp-block-image size-large\"><img data-recalc-dims=\"1\" fetchpriority=\"high\" decoding=\"async\" width=\"800\" height=\"562\" src=\"https:\/\/i0.wp.com\/blogdobispo.com.br\/wp-content\/uploads\/2025\/06\/a3f9a0ff-42d5-42f1-90df-bec5760b2bbb-1-1024x719.jpg?resize=800%2C562&#038;ssl=1\" class=\"wp-image-5680\" srcset=\"https:\/\/i0.wp.com\/blogdobispo.com.br\/wp-content\/uploads\/2025\/06\/a3f9a0ff-42d5-42f1-90df-bec5760b2bbb-1.jpg?resize=1024%2C719&amp;ssl=1 1024w, https:\/\/i0.wp.com\/blogdobispo.com.br\/wp-content\/uploads\/2025\/06\/a3f9a0ff-42d5-42f1-90df-bec5760b2bbb-1.jpg?resize=300%2C211&amp;ssl=1 300w, https:\/\/i0.wp.com\/blogdobispo.com.br\/wp-content\/uploads\/2025\/06\/a3f9a0ff-42d5-42f1-90df-bec5760b2bbb-1.jpg?resize=768%2C540&amp;ssl=1 768w, https:\/\/i0.wp.com\/blogdobispo.com.br\/wp-content\/uploads\/2025\/06\/a3f9a0ff-42d5-42f1-90df-bec5760b2bbb-1.jpg?resize=1536%2C1079&amp;ssl=1 1536w, https:\/\/i0.wp.com\/blogdobispo.com.br\/wp-content\/uploads\/2025\/06\/a3f9a0ff-42d5-42f1-90df-bec5760b2bbb-1.jpg?w=1600&amp;ssl=1 1600w\" sizes=\"(max-width: 800px) 100vw, 800px\" \/><\/figure>\n\n\n\n<p><\/p>\n\n\n\n<p>A Comiss\u00e3o Especial de Inqu\u00e9rito (CEI) que apura a atua\u00e7\u00e3o dos planos de sa\u00fade em Natal convocou as operadoras Unimed, Hapvida e Humanas para prestarem esclarecimentos \u00e0 C\u00e2mara Municipal. A reuni\u00e3o est\u00e1 marcada para hoje (23), \u00e0s 15h30, no plen\u00e1rio da Casa Legislativa.<\/p>\n\n\n\n<p>O foco da CEI \u00e9 investigar den\u00fancias de negativa de cobertura, especialmente em casos envolvendo crian\u00e7as e adolescentes com Transtorno do Espectro Autista (TEA). A Comiss\u00e3o tamb\u00e9m analisar\u00e1 a rela\u00e7\u00e3o entre os planos de sa\u00fade e a rede credenciada de hospitais, cl\u00ednicas e profissionais que atendem pelo sistema suplementar no munic\u00edpio.<\/p>\n\n\n\n<p>De acordo com o presidente da CEI, vereador Kleber Fernandes (Republicanos), a reuni\u00e3o \u00e9 uma oportunidade para que as empresas prestem contas \u00e0 sociedade natalense.<\/p>\n\n\n\n<p>\u201cEsse \u00e9 o momento para os planos de sa\u00fade apresentarem informa\u00e7\u00f5es claras, coerentes e respeitosas, n\u00e3o apenas \u00e0 Comiss\u00e3o, mas, sobretudo, \u00e0s milhares de fam\u00edlias que buscam garantir o tratamento adequado para seus filhos com TEA. Estamos diante de um problema que n\u00e3o \u00e9 isolado, \u00e9 sist\u00eamico. A C\u00e2mara est\u00e1 cumprindo seu papel de fiscaliza\u00e7\u00e3o e defesa do consumidor, e a sociedade est\u00e1 acompanhando com aten\u00e7\u00e3o cada passo\u201d, destacou o parlamentar.<\/p>\n\n\n\n<p>Al\u00e9m das negativas de atendimento, a CEI est\u00e1 debru\u00e7ada sobre casos de descredenciamento de cl\u00ednicas especializadas, atrasos na autoriza\u00e7\u00e3o de terapias essenciais e falta de transpar\u00eancia nos contratos e reajustes aplicados pelas operadoras.<\/p>\n\n\n\n<p>O grupo de trabalho j\u00e1 recebeu dezenas de den\u00fancias formais enviadas por pais e respons\u00e1veis, que relatam dificuldades no acesso \u00e0s terapias prescritas. Todo esse material est\u00e1 sendo reunido para subsidiar o relat\u00f3rio final da Comiss\u00e3o, que poder\u00e1 encaminhar medidas administrativas e judiciais contra pr\u00e1ticas abusivas.<\/p>\n","protected":false},"excerpt":{"rendered":"<p>A Comiss\u00e3o Especial de Inqu\u00e9rito (CEI) que apura a atua\u00e7\u00e3o dos planos de sa\u00fade em Natal convocou as operadoras Unimed, Hapvida e Humanas para prestarem esclarecimentos \u00e0 C\u00e2mara Municipal. A reuni\u00e3o est\u00e1 marcada para hoje (23), \u00e0s 15h30, no plen\u00e1rio da Casa Legislativa. O foco da CEI \u00e9 investigar den\u00fancias de negativa de cobertura, especialmente [&hellip;]<\/p>\n","protected":false},"author":1,"featured_media":0,"comment_status":"open","ping_status":"open","sticky":false,"template":"","format":"standard","meta":{"cybocfi_hide_featured_image":"","_jetpack_memberships_contains_paid_content":false,"footnotes":""},"categories":[1],"tags":[],"class_list":["post-5681","post","type-post","status-publish","format-standard","hentry","category-diversos"],"yoast_head":"<!-- This site is optimized with the Yoast SEO plugin v25.6 - https:\/\/yoast.com\/wordpress\/plugins\/seo\/ -->\n<title>Planos de sa\u00fade s\u00e3o convocados pela CEI e devem prestar esclarecimentos sobre negativas de atendimento a crian\u00e7as com TEA - Blog do Bispo<\/title>\n<meta name=\"robots\" content=\"index, follow, max-snippet:-1, max-image-preview:large, max-video-preview:-1\" \/>\n<link rel=\"canonical\" href=\"https:\/\/blogdobispo.com.br\/?p=5681\" \/>\n<meta property=\"og:locale\" content=\"pt_BR\" \/>\n<meta property=\"og:type\" content=\"article\" \/>\n<meta property=\"og:title\" content=\"Planos de sa\u00fade s\u00e3o convocados pela CEI e devem prestar esclarecimentos sobre negativas de atendimento a crian\u00e7as com TEA - Blog do Bispo\" \/>\n<meta property=\"og:description\" content=\"A Comiss\u00e3o Especial de Inqu\u00e9rito (CEI) que apura a atua\u00e7\u00e3o dos planos de sa\u00fade em Natal convocou as operadoras Unimed, Hapvida e Humanas para prestarem esclarecimentos \u00e0 C\u00e2mara Municipal. A reuni\u00e3o est\u00e1 marcada para hoje (23), \u00e0s 15h30, no plen\u00e1rio da Casa Legislativa. O foco da CEI \u00e9 investigar den\u00fancias de negativa de cobertura, especialmente [&hellip;]\" \/>\n<meta property=\"og:url\" content=\"https:\/\/blogdobispo.com.br\/?p=5681\" \/>\n<meta property=\"og:site_name\" content=\"Blog do Bispo\" \/>\n<meta property=\"article:published_time\" content=\"2025-06-23T13:28:55+00:00\" \/>\n<meta property=\"og:image\" content=\"https:\/\/blogdobispo.com.br\/wp-content\/uploads\/2025\/06\/a3f9a0ff-42d5-42f1-90df-bec5760b2bbb-1-1024x719.jpg\" \/>\n<meta name=\"author\" content=\"Jefferson Sterfeno\" \/>\n<meta name=\"twitter:card\" content=\"summary_large_image\" \/>\n<meta name=\"twitter:label1\" content=\"Escrito por\" \/>\n\t<meta name=\"twitter:data1\" content=\"Jefferson Sterfeno\" \/>\n\t<meta name=\"twitter:label2\" content=\"Est. tempo de leitura\" \/>\n\t<meta name=\"twitter:data2\" content=\"1 minuto\" \/>\n<script type=\"application\/ld+json\" class=\"yoast-schema-graph\">{\"@context\":\"https:\/\/schema.org\",\"@graph\":[{\"@type\":\"Article\",\"@id\":\"https:\/\/blogdobispo.com.br\/?p=5681#article\",\"isPartOf\":{\"@id\":\"https:\/\/blogdobispo.com.br\/?p=5681\"},\"author\":{\"name\":\"Jefferson Sterfeno\",\"@id\":\"https:\/\/blogdobispo.com.br\/#\/schema\/person\/e2209cc0e6cea5c5233d033e997b373f\"},\"headline\":\"Planos de sa\u00fade s\u00e3o convocados pela CEI e devem prestar esclarecimentos sobre negativas de atendimento a crian\u00e7as com TEA\",\"datePublished\":\"2025-06-23T13:28:55+00:00\",\"mainEntityOfPage\":{\"@id\":\"https:\/\/blogdobispo.com.br\/?p=5681\"},\"wordCount\":318,\"commentCount\":0,\"publisher\":{\"@id\":\"https:\/\/blogdobispo.com.br\/#organization\"},\"image\":{\"@id\":\"https:\/\/blogdobispo.com.br\/?p=5681#primaryimage\"},\"thumbnailUrl\":\"https:\/\/blogdobispo.com.br\/wp-content\/uploads\/2025\/06\/a3f9a0ff-42d5-42f1-90df-bec5760b2bbb-1-1024x719.jpg\",\"articleSection\":[\"diversos\"],\"inLanguage\":\"pt-BR\",\"potentialAction\":[{\"@type\":\"CommentAction\",\"name\":\"Comment\",\"target\":[\"https:\/\/blogdobispo.com.br\/?p=5681#respond\"]}]},{\"@type\":\"WebPage\",\"@id\":\"https:\/\/blogdobispo.com.br\/?p=5681\",\"url\":\"https:\/\/blogdobispo.com.br\/?p=5681\",\"name\":\"Planos de sa\u00fade s\u00e3o convocados pela CEI e devem prestar esclarecimentos sobre negativas de atendimento a crian\u00e7as com TEA - Blog do Bispo\",\"isPartOf\":{\"@id\":\"https:\/\/blogdobispo.com.br\/#website\"},\"primaryImageOfPage\":{\"@id\":\"https:\/\/blogdobispo.com.br\/?p=5681#primaryimage\"},\"image\":{\"@id\":\"https:\/\/blogdobispo.com.br\/?p=5681#primaryimage\"},\"thumbnailUrl\":\"https:\/\/blogdobispo.com.br\/wp-content\/uploads\/2025\/06\/a3f9a0ff-42d5-42f1-90df-bec5760b2bbb-1-1024x719.jpg\",\"datePublished\":\"2025-06-23T13:28:55+00:00\",\"breadcrumb\":{\"@id\":\"https:\/\/blogdobispo.com.br\/?p=5681#breadcrumb\"},\"inLanguage\":\"pt-BR\",\"potentialAction\":[{\"@type\":\"ReadAction\",\"target\":[\"https:\/\/blogdobispo.com.br\/?p=5681\"]}]},{\"@type\":\"ImageObject\",\"inLanguage\":\"pt-BR\",\"@id\":\"https:\/\/blogdobispo.com.br\/?p=5681#primaryimage\",\"url\":\"https:\/\/blogdobispo.com.br\/wp-content\/uploads\/2025\/06\/a3f9a0ff-42d5-42f1-90df-bec5760b2bbb-1-1024x719.jpg\",\"contentUrl\":\"https:\/\/blogdobispo.com.br\/wp-content\/uploads\/2025\/06\/a3f9a0ff-42d5-42f1-90df-bec5760b2bbb-1-1024x719.jpg\"},{\"@type\":\"BreadcrumbList\",\"@id\":\"https:\/\/blogdobispo.com.br\/?p=5681#breadcrumb\",\"itemListElement\":[{\"@type\":\"ListItem\",\"position\":1,\"name\":\"In\u00edcio\",\"item\":\"https:\/\/blogdobispo.com.br\/\"},{\"@type\":\"ListItem\",\"position\":2,\"name\":\"Planos de sa\u00fade s\u00e3o convocados pela CEI e devem prestar esclarecimentos sobre negativas de atendimento a crian\u00e7as com TEA\"}]},{\"@type\":\"WebSite\",\"@id\":\"https:\/\/blogdobispo.com.br\/#website\",\"url\":\"https:\/\/blogdobispo.com.br\/\",\"name\":\"Blog do Bispo\",\"description\":\"Comprometido apenas com o leitor\",\"publisher\":{\"@id\":\"https:\/\/blogdobispo.com.br\/#organization\"},\"potentialAction\":[{\"@type\":\"SearchAction\",\"target\":{\"@type\":\"EntryPoint\",\"urlTemplate\":\"https:\/\/blogdobispo.com.br\/?s={search_term_string}\"},\"query-input\":{\"@type\":\"PropertyValueSpecification\",\"valueRequired\":true,\"valueName\":\"search_term_string\"}}],\"inLanguage\":\"pt-BR\"},{\"@type\":\"Organization\",\"@id\":\"https:\/\/blogdobispo.com.br\/#organization\",\"name\":\"Blog do Bispo\",\"url\":\"https:\/\/blogdobispo.com.br\/\",\"logo\":{\"@type\":\"ImageObject\",\"inLanguage\":\"pt-BR\",\"@id\":\"https:\/\/blogdobispo.com.br\/#\/schema\/logo\/image\/\",\"url\":\"http:\/\/blogdobispo.com.br\/wp-content\/uploads\/2023\/05\/cropped-headear.png\",\"contentUrl\":\"http:\/\/blogdobispo.com.br\/wp-content\/uploads\/2023\/05\/cropped-headear.png\",\"width\":1500,\"height\":399,\"caption\":\"Blog do Bispo\"},\"image\":{\"@id\":\"https:\/\/blogdobispo.com.br\/#\/schema\/logo\/image\/\"}},{\"@type\":\"Person\",\"@id\":\"https:\/\/blogdobispo.com.br\/#\/schema\/person\/e2209cc0e6cea5c5233d033e997b373f\",\"name\":\"Jefferson Sterfeno\",\"image\":{\"@type\":\"ImageObject\",\"inLanguage\":\"pt-BR\",\"@id\":\"https:\/\/blogdobispo.com.br\/#\/schema\/person\/image\/\",\"url\":\"https:\/\/secure.gravatar.com\/avatar\/0534e84764641168a677026b6d57a3f51dc7ac4db0b4f6186d9cb330d4ee1160?s=96&d=mm&r=g\",\"contentUrl\":\"https:\/\/secure.gravatar.com\/avatar\/0534e84764641168a677026b6d57a3f51dc7ac4db0b4f6186d9cb330d4ee1160?s=96&d=mm&r=g\",\"caption\":\"Jefferson Sterfeno\"},\"sameAs\":[\"http:\/\/blogdobispo.com.br\"],\"url\":\"https:\/\/blogdobispo.com.br\/?author=1\"}]}<\/script>\n<!-- \/ Yoast SEO plugin. -->","yoast_head_json":{"title":"Planos de sa\u00fade s\u00e3o convocados pela CEI e devem prestar esclarecimentos sobre negativas de atendimento a crian\u00e7as com TEA - Blog do Bispo","robots":{"index":"index","follow":"follow","max-snippet":"max-snippet:-1","max-image-preview":"max-image-preview:large","max-video-preview":"max-video-preview:-1"},"canonical":"https:\/\/blogdobispo.com.br\/?p=5681","og_locale":"pt_BR","og_type":"article","og_title":"Planos de sa\u00fade s\u00e3o convocados pela CEI e devem prestar esclarecimentos sobre negativas de atendimento a crian\u00e7as com TEA - Blog do Bispo","og_description":"A Comiss\u00e3o Especial de Inqu\u00e9rito (CEI) que apura a atua\u00e7\u00e3o dos planos de sa\u00fade em Natal convocou as operadoras Unimed, Hapvida e Humanas para prestarem esclarecimentos \u00e0 C\u00e2mara Municipal. A reuni\u00e3o est\u00e1 marcada para hoje (23), \u00e0s 15h30, no plen\u00e1rio da Casa Legislativa. O foco da CEI \u00e9 investigar den\u00fancias de negativa de cobertura, especialmente [&hellip;]","og_url":"https:\/\/blogdobispo.com.br\/?p=5681","og_site_name":"Blog do Bispo","article_published_time":"2025-06-23T13:28:55+00:00","og_image":[{"url":"https:\/\/blogdobispo.com.br\/wp-content\/uploads\/2025\/06\/a3f9a0ff-42d5-42f1-90df-bec5760b2bbb-1-1024x719.jpg","type":"","width":"","height":""}],"author":"Jefferson Sterfeno","twitter_card":"summary_large_image","twitter_misc":{"Escrito por":"Jefferson Sterfeno","Est. tempo de leitura":"1 minuto"},"schema":{"@context":"https:\/\/schema.org","@graph":[{"@type":"Article","@id":"https:\/\/blogdobispo.com.br\/?p=5681#article","isPartOf":{"@id":"https:\/\/blogdobispo.com.br\/?p=5681"},"author":{"name":"Jefferson Sterfeno","@id":"https:\/\/blogdobispo.com.br\/#\/schema\/person\/e2209cc0e6cea5c5233d033e997b373f"},"headline":"Planos de sa\u00fade s\u00e3o convocados pela CEI e devem prestar esclarecimentos sobre negativas de atendimento a crian\u00e7as com TEA","datePublished":"2025-06-23T13:28:55+00:00","mainEntityOfPage":{"@id":"https:\/\/blogdobispo.com.br\/?p=5681"},"wordCount":318,"commentCount":0,"publisher":{"@id":"https:\/\/blogdobispo.com.br\/#organization"},"image":{"@id":"https:\/\/blogdobispo.com.br\/?p=5681#primaryimage"},"thumbnailUrl":"https:\/\/blogdobispo.com.br\/wp-content\/uploads\/2025\/06\/a3f9a0ff-42d5-42f1-90df-bec5760b2bbb-1-1024x719.jpg","articleSection":["diversos"],"inLanguage":"pt-BR","potentialAction":[{"@type":"CommentAction","name":"Comment","target":["https:\/\/blogdobispo.com.br\/?p=5681#respond"]}]},{"@type":"WebPage","@id":"https:\/\/blogdobispo.com.br\/?p=5681","url":"https:\/\/blogdobispo.com.br\/?p=5681","name":"Planos de sa\u00fade s\u00e3o convocados pela CEI e devem prestar esclarecimentos sobre negativas de atendimento a crian\u00e7as com TEA - Blog do Bispo","isPartOf":{"@id":"https:\/\/blogdobispo.com.br\/#website"},"primaryImageOfPage":{"@id":"https:\/\/blogdobispo.com.br\/?p=5681#primaryimage"},"image":{"@id":"https:\/\/blogdobispo.com.br\/?p=5681#primaryimage"},"thumbnailUrl":"https:\/\/blogdobispo.com.br\/wp-content\/uploads\/2025\/06\/a3f9a0ff-42d5-42f1-90df-bec5760b2bbb-1-1024x719.jpg","datePublished":"2025-06-23T13:28:55+00:00","breadcrumb":{"@id":"https:\/\/blogdobispo.com.br\/?p=5681#breadcrumb"},"inLanguage":"pt-BR","potentialAction":[{"@type":"ReadAction","target":["https:\/\/blogdobispo.com.br\/?p=5681"]}]},{"@type":"ImageObject","inLanguage":"pt-BR","@id":"https:\/\/blogdobispo.com.br\/?p=5681#primaryimage","url":"https:\/\/blogdobispo.com.br\/wp-content\/uploads\/2025\/06\/a3f9a0ff-42d5-42f1-90df-bec5760b2bbb-1-1024x719.jpg","contentUrl":"https:\/\/blogdobispo.com.br\/wp-content\/uploads\/2025\/06\/a3f9a0ff-42d5-42f1-90df-bec5760b2bbb-1-1024x719.jpg"},{"@type":"BreadcrumbList","@id":"https:\/\/blogdobispo.com.br\/?p=5681#breadcrumb","itemListElement":[{"@type":"ListItem","position":1,"name":"In\u00edcio","item":"https:\/\/blogdobispo.com.br\/"},{"@type":"ListItem","position":2,"name":"Planos de sa\u00fade s\u00e3o convocados pela CEI e devem prestar esclarecimentos sobre negativas de atendimento a crian\u00e7as com TEA"}]},{"@type":"WebSite","@id":"https:\/\/blogdobispo.com.br\/#website","url":"https:\/\/blogdobispo.com.br\/","name":"Blog do Bispo","description":"Comprometido apenas com o leitor","publisher":{"@id":"https:\/\/blogdobispo.com.br\/#organization"},"potentialAction":[{"@type":"SearchAction","target":{"@type":"EntryPoint","urlTemplate":"https:\/\/blogdobispo.com.br\/?s={search_term_string}"},"query-input":{"@type":"PropertyValueSpecification","valueRequired":true,"valueName":"search_term_string"}}],"inLanguage":"pt-BR"},{"@type":"Organization","@id":"https:\/\/blogdobispo.com.br\/#organization","name":"Blog do Bispo","url":"https:\/\/blogdobispo.com.br\/","logo":{"@type":"ImageObject","inLanguage":"pt-BR","@id":"https:\/\/blogdobispo.com.br\/#\/schema\/logo\/image\/","url":"http:\/\/blogdobispo.com.br\/wp-content\/uploads\/2023\/05\/cropped-headear.png","contentUrl":"http:\/\/blogdobispo.com.br\/wp-content\/uploads\/2023\/05\/cropped-headear.png","width":1500,"height":399,"caption":"Blog do Bispo"},"image":{"@id":"https:\/\/blogdobispo.com.br\/#\/schema\/logo\/image\/"}},{"@type":"Person","@id":"https:\/\/blogdobispo.com.br\/#\/schema\/person\/e2209cc0e6cea5c5233d033e997b373f","name":"Jefferson Sterfeno","image":{"@type":"ImageObject","inLanguage":"pt-BR","@id":"https:\/\/blogdobispo.com.br\/#\/schema\/person\/image\/","url":"https:\/\/secure.gravatar.com\/avatar\/0534e84764641168a677026b6d57a3f51dc7ac4db0b4f6186d9cb330d4ee1160?s=96&d=mm&r=g","contentUrl":"https:\/\/secure.gravatar.com\/avatar\/0534e84764641168a677026b6d57a3f51dc7ac4db0b4f6186d9cb330d4ee1160?s=96&d=mm&r=g","caption":"Jefferson Sterfeno"},"sameAs":["http:\/\/blogdobispo.com.br"],"url":"https:\/\/blogdobispo.com.br\/?author=1"}]}},"featured_image_urls":{"full":"","thumbnail":"","medium":"","medium_large":"","large":"","1536x1536":"","2048x2048":""},"author_info":{"display_name":"Jefferson Sterfeno","author_link":"https:\/\/blogdobispo.com.br\/?author=1"},"category_info":"<a href=\"https:\/\/blogdobispo.com.br\/?cat=1\" rel=\"category\">diversos<\/a>","tag_info":"diversos","comment_count":"0","jetpack_featured_media_url":"","jetpack_sharing_enabled":true,"_links":{"self":[{"href":"https:\/\/blogdobispo.com.br\/index.php?rest_route=\/wp\/v2\/posts\/5681","targetHints":{"allow":["GET"]}}],"collection":[{"href":"https:\/\/blogdobispo.com.br\/index.php?rest_route=\/wp\/v2\/posts"}],"about":[{"href":"https:\/\/blogdobispo.com.br\/index.php?rest_route=\/wp\/v2\/types\/post"}],"author":[{"embeddable":true,"href":"https:\/\/blogdobispo.com.br\/index.php?rest_route=\/wp\/v2\/users\/1"}],"replies":[{"embeddable":true,"href":"https:\/\/blogdobispo.com.br\/index.php?rest_route=%2Fwp%2Fv2%2Fcomments&post=5681"}],"version-history":[{"count":0,"href":"https:\/\/blogdobispo.com.br\/index.php?rest_route=\/wp\/v2\/posts\/5681\/revisions"}],"wp:attachment":[{"href":"https:\/\/blogdobispo.com.br\/index.php?rest_route=%2Fwp%2Fv2%2Fmedia&parent=5681"}],"wp:term":[{"taxonomy":"category","embeddable":true,"href":"https:\/\/blogdobispo.com.br\/index.php?rest_route=%2Fwp%2Fv2%2Fcategories&post=5681"},{"taxonomy":"post_tag","embeddable":true,"href":"https:\/\/blogdobispo.com.br\/index.php?rest_route=%2Fwp%2Fv2%2Ftags&post=5681"}],"curies":[{"name":"wp","href":"https:\/\/api.w.org\/{rel}","templated":true}]}}