{"id":5664,"date":"2025-06-21T14:26:39","date_gmt":"2025-06-21T14:26:39","guid":{"rendered":"https:\/\/blogdobispo.com.br\/?p=5664"},"modified":"2025-06-21T14:26:39","modified_gmt":"2025-06-21T14:26:39","slug":"federacao-entre-psdb-mdb-e-republicanos-pode-forcar-saida-de-styvenson-valentim-e-embaralhar-o-cenario-politico-no-rn","status":"publish","type":"post","link":"https:\/\/blogdobispo.com.br\/?p=5664","title":{"rendered":"Federa\u00e7\u00e3o entre PSDB, MDB e Republicanos pode for\u00e7ar sa\u00edda de Styvenson Valentim e embaralhar o cen\u00e1rio pol\u00edtico no RN"},"content":{"rendered":"\n<p class=\"p1\"><\/p>\n\n\n\n<p class=\"p1\">Com a desist\u00eancia da federa\u00e7\u00e3o entre PSDB e Podemos, uma nova composi\u00e7\u00e3o nacional envolvendo PSDB, MDB e Republicanos come\u00e7a a ganhar corpo \u2014 e, se confirmada, pode provocar impactos imediatos no Rio Grande do Norte. Um dos primeiros afetados seria o senador Styvenson Valentim (PSDB), que ingressou recentemente no partido justamente na expectativa de integrar a federa\u00e7\u00e3o com o Podemos, sigla com a qual mant\u00e9m afinidade ideol\u00f3gica.<\/p>\n\n\n\n<p class=\"p1\">A entrada do MDB e do Republicanos no bloco, por\u00e9m, muda completamente o perfil da federa\u00e7\u00e3o. O MDB no RN \u00e9 liderado pelo vice-governador Walter Alves, herdeiro de um grupo pol\u00edtico tradicional, e o Republicanos \u00e9 influenciado pelo ex-prefeito \u00c1lvaro Dias rival de Walter.<\/p>\n\n\n\n<figure class=\"wp-block-image size-large\"><img data-recalc-dims=\"1\" fetchpriority=\"high\" decoding=\"async\" width=\"680\" height=\"451\" src=\"https:\/\/i0.wp.com\/blogdobispo.com.br\/wp-content\/uploads\/2025\/06\/img_5225-1.jpg?resize=680%2C451&#038;ssl=1\" class=\"wp-image-5663\" srcset=\"https:\/\/i0.wp.com\/blogdobispo.com.br\/wp-content\/uploads\/2025\/06\/img_5225-1.jpg?w=680&amp;ssl=1 680w, https:\/\/i0.wp.com\/blogdobispo.com.br\/wp-content\/uploads\/2025\/06\/img_5225-1.jpg?resize=300%2C199&amp;ssl=1 300w\" sizes=\"(max-width: 680px) 100vw, 680px\" \/><\/figure>\n\n\n\n<p class=\"p1\">A perman\u00eancia de Styvenson numa federa\u00e7\u00e3o que re\u00fana for\u00e7as com as quais ele tem pouco ou nenhum alinhamento pr\u00e1tico ou discursivo se torna improv\u00e1vel. A avalia\u00e7\u00e3o nos bastidores \u00e9 de que ele se sentiria engessado dentro de uma estrutura federativa que exige fidelidade program\u00e1tica, atua\u00e7\u00e3o conjunta e disciplina partid\u00e1ria \u2014 tudo o que vai na contram\u00e3o do seu estilo pol\u00edtico.<\/p>\n\n\n\n<p class=\"p1\">Diante desse novo cen\u00e1rio, cresce a especula\u00e7\u00e3o de que o senador pode buscar uma nova legenda nos pr\u00f3ximos meses. Um retorno ao Podemos, ou a ida para um partido menor que lhe permita manter independ\u00eancia para disputar a reelei\u00e7\u00e3o ou at\u00e9 mesmo uma candidatura ao governo, s\u00e3o possibilidades em aberto.<\/p>\n\n\n\n<p class=\"p1\">A eventual sa\u00edda de Styvenson da federa\u00e7\u00e3o seria o primeiro grande efeito colateral de uma uni\u00e3o que, embora potente em termos estruturais, pode enfrentar dificuldades internas para acomodar diferentes perfis pol\u00edticos. Mais do que uma simples jun\u00e7\u00e3o de siglas, a federa\u00e7\u00e3o PSDB\u2013MDB\u2013Republicanos representaria uma tentativa de reorganiza\u00e7\u00e3o do centro pol\u00edtico potiguar \u2014 mas n\u00e3o sem custos.<\/p>\n\n\n\n<p class=\"p1\">A pol\u00edtica do RN come\u00e7a a se mover com for\u00e7a rumo a 2026, e a situa\u00e7\u00e3o de Styvenson Valentim pode ser apenas a primeira pe\u00e7a a se deslocar nesse novo tabuleiro.<\/p>\n","protected":false},"excerpt":{"rendered":"<p>Com a desist\u00eancia da federa\u00e7\u00e3o entre PSDB e Podemos, uma nova composi\u00e7\u00e3o nacional envolvendo PSDB, MDB e Republicanos come\u00e7a a ganhar corpo \u2014 e, se confirmada, pode provocar impactos imediatos no Rio Grande do Norte. Um dos primeiros afetados seria o senador Styvenson Valentim (PSDB), que ingressou recentemente no partido justamente na expectativa de integrar [&hellip;]<\/p>\n","protected":false},"author":1,"featured_media":0,"comment_status":"open","ping_status":"open","sticky":false,"template":"","format":"standard","meta":{"cybocfi_hide_featured_image":"","_jetpack_memberships_contains_paid_content":false,"footnotes":""},"categories":[1],"tags":[],"class_list":["post-5664","post","type-post","status-publish","format-standard","hentry","category-diversos"],"yoast_head":"<!-- This site is optimized with the Yoast SEO plugin v25.6 - https:\/\/yoast.com\/wordpress\/plugins\/seo\/ -->\n<title>Federa\u00e7\u00e3o entre PSDB, MDB e Republicanos pode for\u00e7ar sa\u00edda de Styvenson Valentim e embaralhar o cen\u00e1rio pol\u00edtico no RN - Blog do Bispo<\/title>\n<meta name=\"robots\" content=\"index, follow, max-snippet:-1, max-image-preview:large, max-video-preview:-1\" \/>\n<link rel=\"canonical\" href=\"https:\/\/blogdobispo.com.br\/?p=5664\" \/>\n<meta property=\"og:locale\" content=\"pt_BR\" \/>\n<meta property=\"og:type\" content=\"article\" \/>\n<meta property=\"og:title\" content=\"Federa\u00e7\u00e3o entre PSDB, MDB e Republicanos pode for\u00e7ar sa\u00edda de Styvenson Valentim e embaralhar o cen\u00e1rio pol\u00edtico no RN - Blog do Bispo\" \/>\n<meta property=\"og:description\" content=\"Com a desist\u00eancia da federa\u00e7\u00e3o entre PSDB e Podemos, uma nova composi\u00e7\u00e3o nacional envolvendo PSDB, MDB e Republicanos come\u00e7a a ganhar corpo \u2014 e, se confirmada, pode provocar impactos imediatos no Rio Grande do Norte. Um dos primeiros afetados seria o senador Styvenson Valentim (PSDB), que ingressou recentemente no partido justamente na expectativa de integrar [&hellip;]\" \/>\n<meta property=\"og:url\" content=\"https:\/\/blogdobispo.com.br\/?p=5664\" \/>\n<meta property=\"og:site_name\" content=\"Blog do Bispo\" \/>\n<meta property=\"article:published_time\" content=\"2025-06-21T14:26:39+00:00\" \/>\n<meta property=\"og:image\" content=\"https:\/\/blogdobispo.com.br\/wp-content\/uploads\/2025\/06\/img_5225-1.jpg\" \/>\n<meta name=\"author\" content=\"Jefferson Sterfeno\" \/>\n<meta name=\"twitter:card\" content=\"summary_large_image\" \/>\n<meta name=\"twitter:label1\" content=\"Escrito por\" \/>\n\t<meta name=\"twitter:data1\" content=\"Jefferson Sterfeno\" \/>\n\t<meta name=\"twitter:label2\" content=\"Est. tempo de leitura\" \/>\n\t<meta name=\"twitter:data2\" content=\"2 minutos\" \/>\n<script type=\"application\/ld+json\" class=\"yoast-schema-graph\">{\"@context\":\"https:\/\/schema.org\",\"@graph\":[{\"@type\":\"Article\",\"@id\":\"https:\/\/blogdobispo.com.br\/?p=5664#article\",\"isPartOf\":{\"@id\":\"https:\/\/blogdobispo.com.br\/?p=5664\"},\"author\":{\"name\":\"Jefferson Sterfeno\",\"@id\":\"https:\/\/blogdobispo.com.br\/#\/schema\/person\/e2209cc0e6cea5c5233d033e997b373f\"},\"headline\":\"Federa\u00e7\u00e3o entre PSDB, MDB e Republicanos pode for\u00e7ar sa\u00edda de Styvenson Valentim e embaralhar o cen\u00e1rio pol\u00edtico no RN\",\"datePublished\":\"2025-06-21T14:26:39+00:00\",\"mainEntityOfPage\":{\"@id\":\"https:\/\/blogdobispo.com.br\/?p=5664\"},\"wordCount\":369,\"commentCount\":0,\"publisher\":{\"@id\":\"https:\/\/blogdobispo.com.br\/#organization\"},\"image\":{\"@id\":\"https:\/\/blogdobispo.com.br\/?p=5664#primaryimage\"},\"thumbnailUrl\":\"https:\/\/blogdobispo.com.br\/wp-content\/uploads\/2025\/06\/img_5225-1.jpg\",\"articleSection\":[\"diversos\"],\"inLanguage\":\"pt-BR\",\"potentialAction\":[{\"@type\":\"CommentAction\",\"name\":\"Comment\",\"target\":[\"https:\/\/blogdobispo.com.br\/?p=5664#respond\"]}]},{\"@type\":\"WebPage\",\"@id\":\"https:\/\/blogdobispo.com.br\/?p=5664\",\"url\":\"https:\/\/blogdobispo.com.br\/?p=5664\",\"name\":\"Federa\u00e7\u00e3o entre PSDB, MDB e Republicanos pode for\u00e7ar sa\u00edda de Styvenson Valentim e embaralhar o cen\u00e1rio pol\u00edtico no RN - Blog do Bispo\",\"isPartOf\":{\"@id\":\"https:\/\/blogdobispo.com.br\/#website\"},\"primaryImageOfPage\":{\"@id\":\"https:\/\/blogdobispo.com.br\/?p=5664#primaryimage\"},\"image\":{\"@id\":\"https:\/\/blogdobispo.com.br\/?p=5664#primaryimage\"},\"thumbnailUrl\":\"https:\/\/blogdobispo.com.br\/wp-content\/uploads\/2025\/06\/img_5225-1.jpg\",\"datePublished\":\"2025-06-21T14:26:39+00:00\",\"breadcrumb\":{\"@id\":\"https:\/\/blogdobispo.com.br\/?p=5664#breadcrumb\"},\"inLanguage\":\"pt-BR\",\"potentialAction\":[{\"@type\":\"ReadAction\",\"target\":[\"https:\/\/blogdobispo.com.br\/?p=5664\"]}]},{\"@type\":\"ImageObject\",\"inLanguage\":\"pt-BR\",\"@id\":\"https:\/\/blogdobispo.com.br\/?p=5664#primaryimage\",\"url\":\"https:\/\/blogdobispo.com.br\/wp-content\/uploads\/2025\/06\/img_5225-1.jpg\",\"contentUrl\":\"https:\/\/blogdobispo.com.br\/wp-content\/uploads\/2025\/06\/img_5225-1.jpg\"},{\"@type\":\"BreadcrumbList\",\"@id\":\"https:\/\/blogdobispo.com.br\/?p=5664#breadcrumb\",\"itemListElement\":[{\"@type\":\"ListItem\",\"position\":1,\"name\":\"In\u00edcio\",\"item\":\"https:\/\/blogdobispo.com.br\/\"},{\"@type\":\"ListItem\",\"position\":2,\"name\":\"Federa\u00e7\u00e3o entre PSDB, MDB e Republicanos pode for\u00e7ar sa\u00edda de Styvenson Valentim e embaralhar o cen\u00e1rio pol\u00edtico no RN\"}]},{\"@type\":\"WebSite\",\"@id\":\"https:\/\/blogdobispo.com.br\/#website\",\"url\":\"https:\/\/blogdobispo.com.br\/\",\"name\":\"Blog do Bispo\",\"description\":\"Comprometido apenas com o leitor\",\"publisher\":{\"@id\":\"https:\/\/blogdobispo.com.br\/#organization\"},\"potentialAction\":[{\"@type\":\"SearchAction\",\"target\":{\"@type\":\"EntryPoint\",\"urlTemplate\":\"https:\/\/blogdobispo.com.br\/?s={search_term_string}\"},\"query-input\":{\"@type\":\"PropertyValueSpecification\",\"valueRequired\":true,\"valueName\":\"search_term_string\"}}],\"inLanguage\":\"pt-BR\"},{\"@type\":\"Organization\",\"@id\":\"https:\/\/blogdobispo.com.br\/#organization\",\"name\":\"Blog do Bispo\",\"url\":\"https:\/\/blogdobispo.com.br\/\",\"logo\":{\"@type\":\"ImageObject\",\"inLanguage\":\"pt-BR\",\"@id\":\"https:\/\/blogdobispo.com.br\/#\/schema\/logo\/image\/\",\"url\":\"http:\/\/blogdobispo.com.br\/wp-content\/uploads\/2023\/05\/cropped-headear.png\",\"contentUrl\":\"http:\/\/blogdobispo.com.br\/wp-content\/uploads\/2023\/05\/cropped-headear.png\",\"width\":1500,\"height\":399,\"caption\":\"Blog do Bispo\"},\"image\":{\"@id\":\"https:\/\/blogdobispo.com.br\/#\/schema\/logo\/image\/\"}},{\"@type\":\"Person\",\"@id\":\"https:\/\/blogdobispo.com.br\/#\/schema\/person\/e2209cc0e6cea5c5233d033e997b373f\",\"name\":\"Jefferson Sterfeno\",\"image\":{\"@type\":\"ImageObject\",\"inLanguage\":\"pt-BR\",\"@id\":\"https:\/\/blogdobispo.com.br\/#\/schema\/person\/image\/\",\"url\":\"https:\/\/secure.gravatar.com\/avatar\/0534e84764641168a677026b6d57a3f51dc7ac4db0b4f6186d9cb330d4ee1160?s=96&d=mm&r=g\",\"contentUrl\":\"https:\/\/secure.gravatar.com\/avatar\/0534e84764641168a677026b6d57a3f51dc7ac4db0b4f6186d9cb330d4ee1160?s=96&d=mm&r=g\",\"caption\":\"Jefferson Sterfeno\"},\"sameAs\":[\"http:\/\/blogdobispo.com.br\"],\"url\":\"https:\/\/blogdobispo.com.br\/?author=1\"}]}<\/script>\n<!-- \/ Yoast SEO plugin. -->","yoast_head_json":{"title":"Federa\u00e7\u00e3o entre PSDB, MDB e Republicanos pode for\u00e7ar sa\u00edda de Styvenson Valentim e embaralhar o cen\u00e1rio pol\u00edtico no RN - Blog do Bispo","robots":{"index":"index","follow":"follow","max-snippet":"max-snippet:-1","max-image-preview":"max-image-preview:large","max-video-preview":"max-video-preview:-1"},"canonical":"https:\/\/blogdobispo.com.br\/?p=5664","og_locale":"pt_BR","og_type":"article","og_title":"Federa\u00e7\u00e3o entre PSDB, MDB e Republicanos pode for\u00e7ar sa\u00edda de Styvenson Valentim e embaralhar o cen\u00e1rio pol\u00edtico no RN - Blog do Bispo","og_description":"Com a desist\u00eancia da federa\u00e7\u00e3o entre PSDB e Podemos, uma nova composi\u00e7\u00e3o nacional envolvendo PSDB, MDB e Republicanos come\u00e7a a ganhar corpo \u2014 e, se confirmada, pode provocar impactos imediatos no Rio Grande do Norte. Um dos primeiros afetados seria o senador Styvenson Valentim (PSDB), que ingressou recentemente no partido justamente na expectativa de integrar [&hellip;]","og_url":"https:\/\/blogdobispo.com.br\/?p=5664","og_site_name":"Blog do Bispo","article_published_time":"2025-06-21T14:26:39+00:00","og_image":[{"url":"https:\/\/blogdobispo.com.br\/wp-content\/uploads\/2025\/06\/img_5225-1.jpg","type":"","width":"","height":""}],"author":"Jefferson Sterfeno","twitter_card":"summary_large_image","twitter_misc":{"Escrito por":"Jefferson Sterfeno","Est. tempo de leitura":"2 minutos"},"schema":{"@context":"https:\/\/schema.org","@graph":[{"@type":"Article","@id":"https:\/\/blogdobispo.com.br\/?p=5664#article","isPartOf":{"@id":"https:\/\/blogdobispo.com.br\/?p=5664"},"author":{"name":"Jefferson Sterfeno","@id":"https:\/\/blogdobispo.com.br\/#\/schema\/person\/e2209cc0e6cea5c5233d033e997b373f"},"headline":"Federa\u00e7\u00e3o entre PSDB, MDB e Republicanos pode for\u00e7ar sa\u00edda de Styvenson Valentim e embaralhar o cen\u00e1rio pol\u00edtico no RN","datePublished":"2025-06-21T14:26:39+00:00","mainEntityOfPage":{"@id":"https:\/\/blogdobispo.com.br\/?p=5664"},"wordCount":369,"commentCount":0,"publisher":{"@id":"https:\/\/blogdobispo.com.br\/#organization"},"image":{"@id":"https:\/\/blogdobispo.com.br\/?p=5664#primaryimage"},"thumbnailUrl":"https:\/\/blogdobispo.com.br\/wp-content\/uploads\/2025\/06\/img_5225-1.jpg","articleSection":["diversos"],"inLanguage":"pt-BR","potentialAction":[{"@type":"CommentAction","name":"Comment","target":["https:\/\/blogdobispo.com.br\/?p=5664#respond"]}]},{"@type":"WebPage","@id":"https:\/\/blogdobispo.com.br\/?p=5664","url":"https:\/\/blogdobispo.com.br\/?p=5664","name":"Federa\u00e7\u00e3o entre PSDB, MDB e Republicanos pode for\u00e7ar sa\u00edda de Styvenson Valentim e embaralhar o cen\u00e1rio pol\u00edtico no RN - Blog do Bispo","isPartOf":{"@id":"https:\/\/blogdobispo.com.br\/#website"},"primaryImageOfPage":{"@id":"https:\/\/blogdobispo.com.br\/?p=5664#primaryimage"},"image":{"@id":"https:\/\/blogdobispo.com.br\/?p=5664#primaryimage"},"thumbnailUrl":"https:\/\/blogdobispo.com.br\/wp-content\/uploads\/2025\/06\/img_5225-1.jpg","datePublished":"2025-06-21T14:26:39+00:00","breadcrumb":{"@id":"https:\/\/blogdobispo.com.br\/?p=5664#breadcrumb"},"inLanguage":"pt-BR","potentialAction":[{"@type":"ReadAction","target":["https:\/\/blogdobispo.com.br\/?p=5664"]}]},{"@type":"ImageObject","inLanguage":"pt-BR","@id":"https:\/\/blogdobispo.com.br\/?p=5664#primaryimage","url":"https:\/\/blogdobispo.com.br\/wp-content\/uploads\/2025\/06\/img_5225-1.jpg","contentUrl":"https:\/\/blogdobispo.com.br\/wp-content\/uploads\/2025\/06\/img_5225-1.jpg"},{"@type":"BreadcrumbList","@id":"https:\/\/blogdobispo.com.br\/?p=5664#breadcrumb","itemListElement":[{"@type":"ListItem","position":1,"name":"In\u00edcio","item":"https:\/\/blogdobispo.com.br\/"},{"@type":"ListItem","position":2,"name":"Federa\u00e7\u00e3o entre PSDB, MDB e Republicanos pode for\u00e7ar sa\u00edda de Styvenson Valentim e embaralhar o cen\u00e1rio pol\u00edtico no RN"}]},{"@type":"WebSite","@id":"https:\/\/blogdobispo.com.br\/#website","url":"https:\/\/blogdobispo.com.br\/","name":"Blog do Bispo","description":"Comprometido apenas com o leitor","publisher":{"@id":"https:\/\/blogdobispo.com.br\/#organization"},"potentialAction":[{"@type":"SearchAction","target":{"@type":"EntryPoint","urlTemplate":"https:\/\/blogdobispo.com.br\/?s={search_term_string}"},"query-input":{"@type":"PropertyValueSpecification","valueRequired":true,"valueName":"search_term_string"}}],"inLanguage":"pt-BR"},{"@type":"Organization","@id":"https:\/\/blogdobispo.com.br\/#organization","name":"Blog do Bispo","url":"https:\/\/blogdobispo.com.br\/","logo":{"@type":"ImageObject","inLanguage":"pt-BR","@id":"https:\/\/blogdobispo.com.br\/#\/schema\/logo\/image\/","url":"http:\/\/blogdobispo.com.br\/wp-content\/uploads\/2023\/05\/cropped-headear.png","contentUrl":"http:\/\/blogdobispo.com.br\/wp-content\/uploads\/2023\/05\/cropped-headear.png","width":1500,"height":399,"caption":"Blog do Bispo"},"image":{"@id":"https:\/\/blogdobispo.com.br\/#\/schema\/logo\/image\/"}},{"@type":"Person","@id":"https:\/\/blogdobispo.com.br\/#\/schema\/person\/e2209cc0e6cea5c5233d033e997b373f","name":"Jefferson Sterfeno","image":{"@type":"ImageObject","inLanguage":"pt-BR","@id":"https:\/\/blogdobispo.com.br\/#\/schema\/person\/image\/","url":"https:\/\/secure.gravatar.com\/avatar\/0534e84764641168a677026b6d57a3f51dc7ac4db0b4f6186d9cb330d4ee1160?s=96&d=mm&r=g","contentUrl":"https:\/\/secure.gravatar.com\/avatar\/0534e84764641168a677026b6d57a3f51dc7ac4db0b4f6186d9cb330d4ee1160?s=96&d=mm&r=g","caption":"Jefferson Sterfeno"},"sameAs":["http:\/\/blogdobispo.com.br"],"url":"https:\/\/blogdobispo.com.br\/?author=1"}]}},"featured_image_urls":{"full":"","thumbnail":"","medium":"","medium_large":"","large":"","1536x1536":"","2048x2048":""},"author_info":{"display_name":"Jefferson Sterfeno","author_link":"https:\/\/blogdobispo.com.br\/?author=1"},"category_info":"<a href=\"https:\/\/blogdobispo.com.br\/?cat=1\" rel=\"category\">diversos<\/a>","tag_info":"diversos","comment_count":"0","jetpack_featured_media_url":"","jetpack_sharing_enabled":true,"_links":{"self":[{"href":"https:\/\/blogdobispo.com.br\/index.php?rest_route=\/wp\/v2\/posts\/5664","targetHints":{"allow":["GET"]}}],"collection":[{"href":"https:\/\/blogdobispo.com.br\/index.php?rest_route=\/wp\/v2\/posts"}],"about":[{"href":"https:\/\/blogdobispo.com.br\/index.php?rest_route=\/wp\/v2\/types\/post"}],"author":[{"embeddable":true,"href":"https:\/\/blogdobispo.com.br\/index.php?rest_route=\/wp\/v2\/users\/1"}],"replies":[{"embeddable":true,"href":"https:\/\/blogdobispo.com.br\/index.php?rest_route=%2Fwp%2Fv2%2Fcomments&post=5664"}],"version-history":[{"count":0,"href":"https:\/\/blogdobispo.com.br\/index.php?rest_route=\/wp\/v2\/posts\/5664\/revisions"}],"wp:attachment":[{"href":"https:\/\/blogdobispo.com.br\/index.php?rest_route=%2Fwp%2Fv2%2Fmedia&parent=5664"}],"wp:term":[{"taxonomy":"category","embeddable":true,"href":"https:\/\/blogdobispo.com.br\/index.php?rest_route=%2Fwp%2Fv2%2Fcategories&post=5664"},{"taxonomy":"post_tag","embeddable":true,"href":"https:\/\/blogdobispo.com.br\/index.php?rest_route=%2Fwp%2Fv2%2Ftags&post=5664"}],"curies":[{"name":"wp","href":"https:\/\/api.w.org\/{rel}","templated":true}]}}