{"id":5662,"date":"2025-06-21T14:14:56","date_gmt":"2025-06-21T14:14:56","guid":{"rendered":"https:\/\/blogdobispo.com.br\/?p=5662"},"modified":"2025-06-21T14:14:56","modified_gmt":"2025-06-21T14:14:56","slug":"allyson-bezerra-amplia-aliancas-e-comeca-a-ganhar-forca-na-grande-natal","status":"publish","type":"post","link":"https:\/\/blogdobispo.com.br\/?p=5662","title":{"rendered":"Allyson Bezerra amplia alian\u00e7as e come\u00e7a a ganhar for\u00e7a na Grande Natal"},"content":{"rendered":"\n<figure class=\"wp-block-image size-large\"><img data-recalc-dims=\"1\" fetchpriority=\"high\" decoding=\"async\" width=\"390\" height=\"219\" src=\"https:\/\/i0.wp.com\/blogdobispo.com.br\/wp-content\/uploads\/2025\/06\/img_5224-1.png?resize=390%2C219&#038;ssl=1\" class=\"wp-image-5661\" srcset=\"https:\/\/i0.wp.com\/blogdobispo.com.br\/wp-content\/uploads\/2025\/06\/img_5224-1.png?w=390&amp;ssl=1 390w, https:\/\/i0.wp.com\/blogdobispo.com.br\/wp-content\/uploads\/2025\/06\/img_5224-1.png?resize=300%2C168&amp;ssl=1 300w\" sizes=\"(max-width: 390px) 100vw, 390px\" \/><\/figure>\n\n\n\n<p class=\"p1\"><\/p>\n\n\n\n<p class=\"p1\">O prefeito de Mossor\u00f3, Allyson Bezerra, pr\u00e9-candidato ao Governo do Estado em 2026, come\u00e7ou a intensificar sua articula\u00e7\u00e3o pol\u00edtica na regi\u00e3o mais decisiva eleitoralmente do Rio Grande do Norte: a Grande Natal. A movimenta\u00e7\u00e3o tem sido estrat\u00e9gica e j\u00e1 mostra resultados concretos.<\/p>\n\n\n\n<p class=\"p1\">Allyson j\u00e1 conta com o apoio declarado de nomes de peso no col\u00e9gio eleitoral da regi\u00e3o. Est\u00e3o com ele os prefeitos Jaime Calado (S\u00e3o Gon\u00e7alo do Amarante), Nilda (Parnamirim), Gustavo Santos (N\u00edsia Floresta), Z\u00e9 Figueiredo (S\u00e3o Jos\u00e9 de Mipibu) e, mais recentemente, Em\u00eddio Jr. (Maca\u00edba).<\/p>\n\n\n\n<p class=\"p1\">Com essas alian\u00e7as, o mossoroense sinaliza que sua pr\u00e9-candidatura n\u00e3o ficar\u00e1 restrita ao interior do estado. A entrada em peso na Grande Natal fortalece sua competitividade e indica que ele busca consolidar um palanque robusto tanto nas regi\u00f5es metropolitanas quanto no Oeste, onde j\u00e1 tem base consolidada.<\/p>\n\n\n\n<p class=\"p1\">Nos bastidores, a avalia\u00e7\u00e3o \u00e9 de que Allyson est\u00e1 se posicionando como um nome com capilaridade estadual, buscando construir um arco de alian\u00e7as que ultrapassa barreiras partid\u00e1rias e geogr\u00e1ficas. A disputa de 2026 promete ser acirrada, e a Grande Natal pode ser o diferencial entre ir para o segundo turno \u2014 ou n\u00e3o.<\/p>\n","protected":false},"excerpt":{"rendered":"<p>O prefeito de Mossor\u00f3, Allyson Bezerra, pr\u00e9-candidato ao Governo do Estado em 2026, come\u00e7ou a intensificar sua articula\u00e7\u00e3o pol\u00edtica na regi\u00e3o mais decisiva eleitoralmente do Rio Grande do Norte: a Grande Natal. A movimenta\u00e7\u00e3o tem sido estrat\u00e9gica e j\u00e1 mostra resultados concretos. Allyson j\u00e1 conta com o apoio declarado de nomes de peso no col\u00e9gio [&hellip;]<\/p>\n","protected":false},"author":1,"featured_media":0,"comment_status":"open","ping_status":"open","sticky":false,"template":"","format":"standard","meta":{"cybocfi_hide_featured_image":"","_jetpack_memberships_contains_paid_content":false,"footnotes":""},"categories":[1],"tags":[],"class_list":["post-5662","post","type-post","status-publish","format-standard","hentry","category-diversos"],"yoast_head":"<!-- This site is optimized with the Yoast SEO plugin v25.6 - https:\/\/yoast.com\/wordpress\/plugins\/seo\/ -->\n<title>Allyson Bezerra amplia alian\u00e7as e come\u00e7a a ganhar for\u00e7a na Grande Natal - Blog do Bispo<\/title>\n<meta name=\"robots\" content=\"index, follow, max-snippet:-1, max-image-preview:large, max-video-preview:-1\" \/>\n<link rel=\"canonical\" href=\"https:\/\/blogdobispo.com.br\/?p=5662\" \/>\n<meta property=\"og:locale\" content=\"pt_BR\" \/>\n<meta property=\"og:type\" content=\"article\" \/>\n<meta property=\"og:title\" content=\"Allyson Bezerra amplia alian\u00e7as e come\u00e7a a ganhar for\u00e7a na Grande Natal - Blog do Bispo\" \/>\n<meta property=\"og:description\" content=\"O prefeito de Mossor\u00f3, Allyson Bezerra, pr\u00e9-candidato ao Governo do Estado em 2026, come\u00e7ou a intensificar sua articula\u00e7\u00e3o pol\u00edtica na regi\u00e3o mais decisiva eleitoralmente do Rio Grande do Norte: a Grande Natal. A movimenta\u00e7\u00e3o tem sido estrat\u00e9gica e j\u00e1 mostra resultados concretos. Allyson j\u00e1 conta com o apoio declarado de nomes de peso no col\u00e9gio [&hellip;]\" \/>\n<meta property=\"og:url\" content=\"https:\/\/blogdobispo.com.br\/?p=5662\" \/>\n<meta property=\"og:site_name\" content=\"Blog do Bispo\" \/>\n<meta property=\"article:published_time\" content=\"2025-06-21T14:14:56+00:00\" \/>\n<meta property=\"og:image\" content=\"https:\/\/blogdobispo.com.br\/wp-content\/uploads\/2025\/06\/img_5224-1.png\" \/>\n<meta name=\"author\" content=\"Jefferson Sterfeno\" \/>\n<meta name=\"twitter:card\" content=\"summary_large_image\" \/>\n<meta name=\"twitter:label1\" content=\"Escrito por\" \/>\n\t<meta name=\"twitter:data1\" content=\"Jefferson Sterfeno\" \/>\n\t<meta name=\"twitter:label2\" content=\"Est. tempo de leitura\" \/>\n\t<meta name=\"twitter:data2\" content=\"1 minuto\" \/>\n<script type=\"application\/ld+json\" class=\"yoast-schema-graph\">{\"@context\":\"https:\/\/schema.org\",\"@graph\":[{\"@type\":\"Article\",\"@id\":\"https:\/\/blogdobispo.com.br\/?p=5662#article\",\"isPartOf\":{\"@id\":\"https:\/\/blogdobispo.com.br\/?p=5662\"},\"author\":{\"name\":\"Jefferson Sterfeno\",\"@id\":\"https:\/\/blogdobispo.com.br\/#\/schema\/person\/e2209cc0e6cea5c5233d033e997b373f\"},\"headline\":\"Allyson Bezerra amplia alian\u00e7as e come\u00e7a a ganhar for\u00e7a na Grande Natal\",\"datePublished\":\"2025-06-21T14:14:56+00:00\",\"mainEntityOfPage\":{\"@id\":\"https:\/\/blogdobispo.com.br\/?p=5662\"},\"wordCount\":223,\"commentCount\":0,\"publisher\":{\"@id\":\"https:\/\/blogdobispo.com.br\/#organization\"},\"image\":{\"@id\":\"https:\/\/blogdobispo.com.br\/?p=5662#primaryimage\"},\"thumbnailUrl\":\"https:\/\/blogdobispo.com.br\/wp-content\/uploads\/2025\/06\/img_5224-1.png\",\"articleSection\":[\"diversos\"],\"inLanguage\":\"pt-BR\",\"potentialAction\":[{\"@type\":\"CommentAction\",\"name\":\"Comment\",\"target\":[\"https:\/\/blogdobispo.com.br\/?p=5662#respond\"]}]},{\"@type\":\"WebPage\",\"@id\":\"https:\/\/blogdobispo.com.br\/?p=5662\",\"url\":\"https:\/\/blogdobispo.com.br\/?p=5662\",\"name\":\"Allyson Bezerra amplia alian\u00e7as e come\u00e7a a ganhar for\u00e7a na Grande Natal - Blog do Bispo\",\"isPartOf\":{\"@id\":\"https:\/\/blogdobispo.com.br\/#website\"},\"primaryImageOfPage\":{\"@id\":\"https:\/\/blogdobispo.com.br\/?p=5662#primaryimage\"},\"image\":{\"@id\":\"https:\/\/blogdobispo.com.br\/?p=5662#primaryimage\"},\"thumbnailUrl\":\"https:\/\/blogdobispo.com.br\/wp-content\/uploads\/2025\/06\/img_5224-1.png\",\"datePublished\":\"2025-06-21T14:14:56+00:00\",\"breadcrumb\":{\"@id\":\"https:\/\/blogdobispo.com.br\/?p=5662#breadcrumb\"},\"inLanguage\":\"pt-BR\",\"potentialAction\":[{\"@type\":\"ReadAction\",\"target\":[\"https:\/\/blogdobispo.com.br\/?p=5662\"]}]},{\"@type\":\"ImageObject\",\"inLanguage\":\"pt-BR\",\"@id\":\"https:\/\/blogdobispo.com.br\/?p=5662#primaryimage\",\"url\":\"https:\/\/blogdobispo.com.br\/wp-content\/uploads\/2025\/06\/img_5224-1.png\",\"contentUrl\":\"https:\/\/blogdobispo.com.br\/wp-content\/uploads\/2025\/06\/img_5224-1.png\"},{\"@type\":\"BreadcrumbList\",\"@id\":\"https:\/\/blogdobispo.com.br\/?p=5662#breadcrumb\",\"itemListElement\":[{\"@type\":\"ListItem\",\"position\":1,\"name\":\"In\u00edcio\",\"item\":\"https:\/\/blogdobispo.com.br\/\"},{\"@type\":\"ListItem\",\"position\":2,\"name\":\"Allyson Bezerra amplia alian\u00e7as e come\u00e7a a ganhar for\u00e7a na Grande Natal\"}]},{\"@type\":\"WebSite\",\"@id\":\"https:\/\/blogdobispo.com.br\/#website\",\"url\":\"https:\/\/blogdobispo.com.br\/\",\"name\":\"Blog do Bispo\",\"description\":\"Comprometido apenas com o leitor\",\"publisher\":{\"@id\":\"https:\/\/blogdobispo.com.br\/#organization\"},\"potentialAction\":[{\"@type\":\"SearchAction\",\"target\":{\"@type\":\"EntryPoint\",\"urlTemplate\":\"https:\/\/blogdobispo.com.br\/?s={search_term_string}\"},\"query-input\":{\"@type\":\"PropertyValueSpecification\",\"valueRequired\":true,\"valueName\":\"search_term_string\"}}],\"inLanguage\":\"pt-BR\"},{\"@type\":\"Organization\",\"@id\":\"https:\/\/blogdobispo.com.br\/#organization\",\"name\":\"Blog do Bispo\",\"url\":\"https:\/\/blogdobispo.com.br\/\",\"logo\":{\"@type\":\"ImageObject\",\"inLanguage\":\"pt-BR\",\"@id\":\"https:\/\/blogdobispo.com.br\/#\/schema\/logo\/image\/\",\"url\":\"http:\/\/blogdobispo.com.br\/wp-content\/uploads\/2023\/05\/cropped-headear.png\",\"contentUrl\":\"http:\/\/blogdobispo.com.br\/wp-content\/uploads\/2023\/05\/cropped-headear.png\",\"width\":1500,\"height\":399,\"caption\":\"Blog do Bispo\"},\"image\":{\"@id\":\"https:\/\/blogdobispo.com.br\/#\/schema\/logo\/image\/\"}},{\"@type\":\"Person\",\"@id\":\"https:\/\/blogdobispo.com.br\/#\/schema\/person\/e2209cc0e6cea5c5233d033e997b373f\",\"name\":\"Jefferson Sterfeno\",\"image\":{\"@type\":\"ImageObject\",\"inLanguage\":\"pt-BR\",\"@id\":\"https:\/\/blogdobispo.com.br\/#\/schema\/person\/image\/\",\"url\":\"https:\/\/secure.gravatar.com\/avatar\/0534e84764641168a677026b6d57a3f51dc7ac4db0b4f6186d9cb330d4ee1160?s=96&d=mm&r=g\",\"contentUrl\":\"https:\/\/secure.gravatar.com\/avatar\/0534e84764641168a677026b6d57a3f51dc7ac4db0b4f6186d9cb330d4ee1160?s=96&d=mm&r=g\",\"caption\":\"Jefferson Sterfeno\"},\"sameAs\":[\"http:\/\/blogdobispo.com.br\"],\"url\":\"https:\/\/blogdobispo.com.br\/?author=1\"}]}<\/script>\n<!-- \/ Yoast SEO plugin. -->","yoast_head_json":{"title":"Allyson Bezerra amplia alian\u00e7as e come\u00e7a a ganhar for\u00e7a na Grande Natal - Blog do Bispo","robots":{"index":"index","follow":"follow","max-snippet":"max-snippet:-1","max-image-preview":"max-image-preview:large","max-video-preview":"max-video-preview:-1"},"canonical":"https:\/\/blogdobispo.com.br\/?p=5662","og_locale":"pt_BR","og_type":"article","og_title":"Allyson Bezerra amplia alian\u00e7as e come\u00e7a a ganhar for\u00e7a na Grande Natal - Blog do Bispo","og_description":"O prefeito de Mossor\u00f3, Allyson Bezerra, pr\u00e9-candidato ao Governo do Estado em 2026, come\u00e7ou a intensificar sua articula\u00e7\u00e3o pol\u00edtica na regi\u00e3o mais decisiva eleitoralmente do Rio Grande do Norte: a Grande Natal. A movimenta\u00e7\u00e3o tem sido estrat\u00e9gica e j\u00e1 mostra resultados concretos. Allyson j\u00e1 conta com o apoio declarado de nomes de peso no col\u00e9gio [&hellip;]","og_url":"https:\/\/blogdobispo.com.br\/?p=5662","og_site_name":"Blog do Bispo","article_published_time":"2025-06-21T14:14:56+00:00","og_image":[{"url":"https:\/\/blogdobispo.com.br\/wp-content\/uploads\/2025\/06\/img_5224-1.png","type":"","width":"","height":""}],"author":"Jefferson Sterfeno","twitter_card":"summary_large_image","twitter_misc":{"Escrito por":"Jefferson Sterfeno","Est. tempo de leitura":"1 minuto"},"schema":{"@context":"https:\/\/schema.org","@graph":[{"@type":"Article","@id":"https:\/\/blogdobispo.com.br\/?p=5662#article","isPartOf":{"@id":"https:\/\/blogdobispo.com.br\/?p=5662"},"author":{"name":"Jefferson Sterfeno","@id":"https:\/\/blogdobispo.com.br\/#\/schema\/person\/e2209cc0e6cea5c5233d033e997b373f"},"headline":"Allyson Bezerra amplia alian\u00e7as e come\u00e7a a ganhar for\u00e7a na Grande Natal","datePublished":"2025-06-21T14:14:56+00:00","mainEntityOfPage":{"@id":"https:\/\/blogdobispo.com.br\/?p=5662"},"wordCount":223,"commentCount":0,"publisher":{"@id":"https:\/\/blogdobispo.com.br\/#organization"},"image":{"@id":"https:\/\/blogdobispo.com.br\/?p=5662#primaryimage"},"thumbnailUrl":"https:\/\/blogdobispo.com.br\/wp-content\/uploads\/2025\/06\/img_5224-1.png","articleSection":["diversos"],"inLanguage":"pt-BR","potentialAction":[{"@type":"CommentAction","name":"Comment","target":["https:\/\/blogdobispo.com.br\/?p=5662#respond"]}]},{"@type":"WebPage","@id":"https:\/\/blogdobispo.com.br\/?p=5662","url":"https:\/\/blogdobispo.com.br\/?p=5662","name":"Allyson Bezerra amplia alian\u00e7as e come\u00e7a a ganhar for\u00e7a na Grande Natal - Blog do Bispo","isPartOf":{"@id":"https:\/\/blogdobispo.com.br\/#website"},"primaryImageOfPage":{"@id":"https:\/\/blogdobispo.com.br\/?p=5662#primaryimage"},"image":{"@id":"https:\/\/blogdobispo.com.br\/?p=5662#primaryimage"},"thumbnailUrl":"https:\/\/blogdobispo.com.br\/wp-content\/uploads\/2025\/06\/img_5224-1.png","datePublished":"2025-06-21T14:14:56+00:00","breadcrumb":{"@id":"https:\/\/blogdobispo.com.br\/?p=5662#breadcrumb"},"inLanguage":"pt-BR","potentialAction":[{"@type":"ReadAction","target":["https:\/\/blogdobispo.com.br\/?p=5662"]}]},{"@type":"ImageObject","inLanguage":"pt-BR","@id":"https:\/\/blogdobispo.com.br\/?p=5662#primaryimage","url":"https:\/\/blogdobispo.com.br\/wp-content\/uploads\/2025\/06\/img_5224-1.png","contentUrl":"https:\/\/blogdobispo.com.br\/wp-content\/uploads\/2025\/06\/img_5224-1.png"},{"@type":"BreadcrumbList","@id":"https:\/\/blogdobispo.com.br\/?p=5662#breadcrumb","itemListElement":[{"@type":"ListItem","position":1,"name":"In\u00edcio","item":"https:\/\/blogdobispo.com.br\/"},{"@type":"ListItem","position":2,"name":"Allyson Bezerra amplia alian\u00e7as e come\u00e7a a ganhar for\u00e7a na Grande Natal"}]},{"@type":"WebSite","@id":"https:\/\/blogdobispo.com.br\/#website","url":"https:\/\/blogdobispo.com.br\/","name":"Blog do Bispo","description":"Comprometido apenas com o leitor","publisher":{"@id":"https:\/\/blogdobispo.com.br\/#organization"},"potentialAction":[{"@type":"SearchAction","target":{"@type":"EntryPoint","urlTemplate":"https:\/\/blogdobispo.com.br\/?s={search_term_string}"},"query-input":{"@type":"PropertyValueSpecification","valueRequired":true,"valueName":"search_term_string"}}],"inLanguage":"pt-BR"},{"@type":"Organization","@id":"https:\/\/blogdobispo.com.br\/#organization","name":"Blog do Bispo","url":"https:\/\/blogdobispo.com.br\/","logo":{"@type":"ImageObject","inLanguage":"pt-BR","@id":"https:\/\/blogdobispo.com.br\/#\/schema\/logo\/image\/","url":"http:\/\/blogdobispo.com.br\/wp-content\/uploads\/2023\/05\/cropped-headear.png","contentUrl":"http:\/\/blogdobispo.com.br\/wp-content\/uploads\/2023\/05\/cropped-headear.png","width":1500,"height":399,"caption":"Blog do Bispo"},"image":{"@id":"https:\/\/blogdobispo.com.br\/#\/schema\/logo\/image\/"}},{"@type":"Person","@id":"https:\/\/blogdobispo.com.br\/#\/schema\/person\/e2209cc0e6cea5c5233d033e997b373f","name":"Jefferson Sterfeno","image":{"@type":"ImageObject","inLanguage":"pt-BR","@id":"https:\/\/blogdobispo.com.br\/#\/schema\/person\/image\/","url":"https:\/\/secure.gravatar.com\/avatar\/0534e84764641168a677026b6d57a3f51dc7ac4db0b4f6186d9cb330d4ee1160?s=96&d=mm&r=g","contentUrl":"https:\/\/secure.gravatar.com\/avatar\/0534e84764641168a677026b6d57a3f51dc7ac4db0b4f6186d9cb330d4ee1160?s=96&d=mm&r=g","caption":"Jefferson Sterfeno"},"sameAs":["http:\/\/blogdobispo.com.br"],"url":"https:\/\/blogdobispo.com.br\/?author=1"}]}},"featured_image_urls":{"full":"","thumbnail":"","medium":"","medium_large":"","large":"","1536x1536":"","2048x2048":""},"author_info":{"display_name":"Jefferson Sterfeno","author_link":"https:\/\/blogdobispo.com.br\/?author=1"},"category_info":"<a href=\"https:\/\/blogdobispo.com.br\/?cat=1\" rel=\"category\">diversos<\/a>","tag_info":"diversos","comment_count":"0","jetpack_featured_media_url":"","jetpack_sharing_enabled":true,"_links":{"self":[{"href":"https:\/\/blogdobispo.com.br\/index.php?rest_route=\/wp\/v2\/posts\/5662","targetHints":{"allow":["GET"]}}],"collection":[{"href":"https:\/\/blogdobispo.com.br\/index.php?rest_route=\/wp\/v2\/posts"}],"about":[{"href":"https:\/\/blogdobispo.com.br\/index.php?rest_route=\/wp\/v2\/types\/post"}],"author":[{"embeddable":true,"href":"https:\/\/blogdobispo.com.br\/index.php?rest_route=\/wp\/v2\/users\/1"}],"replies":[{"embeddable":true,"href":"https:\/\/blogdobispo.com.br\/index.php?rest_route=%2Fwp%2Fv2%2Fcomments&post=5662"}],"version-history":[{"count":0,"href":"https:\/\/blogdobispo.com.br\/index.php?rest_route=\/wp\/v2\/posts\/5662\/revisions"}],"wp:attachment":[{"href":"https:\/\/blogdobispo.com.br\/index.php?rest_route=%2Fwp%2Fv2%2Fmedia&parent=5662"}],"wp:term":[{"taxonomy":"category","embeddable":true,"href":"https:\/\/blogdobispo.com.br\/index.php?rest_route=%2Fwp%2Fv2%2Fcategories&post=5662"},{"taxonomy":"post_tag","embeddable":true,"href":"https:\/\/blogdobispo.com.br\/index.php?rest_route=%2Fwp%2Fv2%2Ftags&post=5662"}],"curies":[{"name":"wp","href":"https:\/\/api.w.org\/{rel}","templated":true}]}}