{"id":5658,"date":"2025-06-20T18:55:52","date_gmt":"2025-06-20T18:55:52","guid":{"rendered":"https:\/\/blogdobispo.com.br\/?p=5658"},"modified":"2025-06-20T18:55:52","modified_gmt":"2025-06-20T18:55:52","slug":"deputado-ubaldo-acompanha-obras-e-acoes-que-viabilizou-em-guamare-durante-feriado","status":"publish","type":"post","link":"https:\/\/blogdobispo.com.br\/?p=5658","title":{"rendered":"Deputado Ubaldo acompanha obras e a\u00e7\u00f5es que viabilizou em Guamar\u00e9 durante feriado"},"content":{"rendered":"\n<figure class=\"wp-block-image size-large\"><img data-recalc-dims=\"1\" fetchpriority=\"high\" decoding=\"async\" width=\"800\" height=\"600\" src=\"https:\/\/i0.wp.com\/blogdobispo.com.br\/wp-content\/uploads\/2025\/06\/056677e1-99d4-47b2-858d-290380baf06d-1-1024x768.jpg?resize=800%2C600&#038;ssl=1\" class=\"wp-image-5657\" srcset=\"https:\/\/i0.wp.com\/blogdobispo.com.br\/wp-content\/uploads\/2025\/06\/056677e1-99d4-47b2-858d-290380baf06d-1.jpg?resize=1024%2C768&amp;ssl=1 1024w, https:\/\/i0.wp.com\/blogdobispo.com.br\/wp-content\/uploads\/2025\/06\/056677e1-99d4-47b2-858d-290380baf06d-1.jpg?resize=300%2C225&amp;ssl=1 300w, https:\/\/i0.wp.com\/blogdobispo.com.br\/wp-content\/uploads\/2025\/06\/056677e1-99d4-47b2-858d-290380baf06d-1.jpg?resize=768%2C576&amp;ssl=1 768w, https:\/\/i0.wp.com\/blogdobispo.com.br\/wp-content\/uploads\/2025\/06\/056677e1-99d4-47b2-858d-290380baf06d-1.jpg?resize=1536%2C1152&amp;ssl=1 1536w, https:\/\/i0.wp.com\/blogdobispo.com.br\/wp-content\/uploads\/2025\/06\/056677e1-99d4-47b2-858d-290380baf06d-1.jpg?w=2000&amp;ssl=1 2000w, https:\/\/i0.wp.com\/blogdobispo.com.br\/wp-content\/uploads\/2025\/06\/056677e1-99d4-47b2-858d-290380baf06d-1.jpg?w=1600 1600w\" sizes=\"(max-width: 800px) 100vw, 800px\" \/><\/figure>\n\n\n\n<p><\/p>\n\n\n\n<p>Aproveitando o feriado de Corpus Christi, nesta quinta-feira (19), o deputado estadual Ubaldo Fernandes cumpriu agenda no interior do Rio Grande do Norte, com destino ao munic\u00edpio de Guamar\u00e9, no litoral potiguar. A visita teve como objetivo acompanhar de perto obras e iniciativas que v\u00eam sendo realizadas com recursos destinados por seu mandato.<\/p>\n\n\n\n<p>A primeira parada foi na Unidade B\u00e1sica de Sa\u00fade do Assentamento Santa Paz, que passou por uma importante reforma viabilizada atrav\u00e9s de uma emenda parlamentar de R$ 150 mil destinada por Ubaldo. No local, o parlamentar p\u00f4de constatar a melhoria na estrutura f\u00edsica, que antes apresentava diversas precariedades.<\/p>\n\n\n\n<p>&#8220;Ver uma UBS que antes tinha paredes quebradas e hoje oferece mais dignidade a pacientes e profissionais \u00e9 gratificante. Nosso mandato tem esse compromisso com a sa\u00fade p\u00fablica e com as comunidades que mais precisam&#8221;, destacou o deputado.<\/p>\n\n\n\n<p>Leandro F\u00e9lix, suplente de vereador e lideran\u00e7a local que solicitou a emenda, tamb\u00e9m ressaltou a import\u00e2ncia da a\u00e7\u00e3o. \u201cAntes, a estrutura era muito prec\u00e1ria. Tinha parede quebrada, infiltra\u00e7\u00e3o\u2026 e agora a comunidade tem um espa\u00e7o mais digno e funcional. S\u00f3 temos a agradecer pelo apoio do deputado\u201d, afirmou.<\/p>\n\n\n\n<p>Em seguida, Ubaldo visitou a Col\u00f4nia de Pescadores da cidade, onde tamb\u00e9m destinou recursos (R$ 84 mil) para um projeto inovador: a implanta\u00e7\u00e3o de uma usina de energia solar. A iniciativa trouxe autonomia energ\u00e9tica e al\u00edvio financeiro para dezenas de fam\u00edlias que vivem da pesca artesanal.<\/p>\n\n\n\n<p>\u201cEssa usina solar \u00e9 um marco. A conta de luz era um peso enorme para os pescadores. Agora, com a energia renov\u00e1vel, a economia \u00e9 significativa e os recursos podem ser investidos em outras necessidades\u201d, comentou um dos beneficiados.<\/p>\n\n\n\n<p>\u201cO nosso mandato tem compromisso com quem mais precisa. Investir em sa\u00fade e em gera\u00e7\u00e3o de energia limpa para trabalhadores \u00e9 construir um futuro mais justo e sustent\u00e1vel\u201d, enfatizou Ubaldo Fernandes.<\/p>\n","protected":false},"excerpt":{"rendered":"<p>Aproveitando o feriado de Corpus Christi, nesta quinta-feira (19), o deputado estadual Ubaldo Fernandes cumpriu agenda no interior do Rio Grande do Norte, com destino ao munic\u00edpio de Guamar\u00e9, no litoral potiguar. A visita teve como objetivo acompanhar de perto obras e iniciativas que v\u00eam sendo realizadas com recursos destinados por seu mandato. A primeira [&hellip;]<\/p>\n","protected":false},"author":1,"featured_media":0,"comment_status":"open","ping_status":"open","sticky":false,"template":"","format":"standard","meta":{"cybocfi_hide_featured_image":"","_jetpack_memberships_contains_paid_content":false,"footnotes":""},"categories":[1],"tags":[],"class_list":["post-5658","post","type-post","status-publish","format-standard","hentry","category-diversos"],"yoast_head":"<!-- This site is optimized with the Yoast SEO plugin v25.6 - https:\/\/yoast.com\/wordpress\/plugins\/seo\/ -->\n<title>Deputado Ubaldo acompanha obras e a\u00e7\u00f5es que viabilizou em Guamar\u00e9 durante feriado - Blog do Bispo<\/title>\n<meta name=\"robots\" content=\"index, follow, max-snippet:-1, max-image-preview:large, max-video-preview:-1\" \/>\n<link rel=\"canonical\" href=\"https:\/\/blogdobispo.com.br\/?p=5658\" \/>\n<meta property=\"og:locale\" content=\"pt_BR\" \/>\n<meta property=\"og:type\" content=\"article\" \/>\n<meta property=\"og:title\" content=\"Deputado Ubaldo acompanha obras e a\u00e7\u00f5es que viabilizou em Guamar\u00e9 durante feriado - Blog do Bispo\" \/>\n<meta property=\"og:description\" content=\"Aproveitando o feriado de Corpus Christi, nesta quinta-feira (19), o deputado estadual Ubaldo Fernandes cumpriu agenda no interior do Rio Grande do Norte, com destino ao munic\u00edpio de Guamar\u00e9, no litoral potiguar. A visita teve como objetivo acompanhar de perto obras e iniciativas que v\u00eam sendo realizadas com recursos destinados por seu mandato. A primeira [&hellip;]\" \/>\n<meta property=\"og:url\" content=\"https:\/\/blogdobispo.com.br\/?p=5658\" \/>\n<meta property=\"og:site_name\" content=\"Blog do Bispo\" \/>\n<meta property=\"article:published_time\" content=\"2025-06-20T18:55:52+00:00\" \/>\n<meta property=\"og:image\" content=\"https:\/\/blogdobispo.com.br\/wp-content\/uploads\/2025\/06\/056677e1-99d4-47b2-858d-290380baf06d-1-1024x768.jpg\" \/>\n<meta name=\"author\" content=\"Jefferson Sterfeno\" \/>\n<meta name=\"twitter:card\" content=\"summary_large_image\" \/>\n<meta name=\"twitter:label1\" content=\"Escrito por\" \/>\n\t<meta name=\"twitter:data1\" content=\"Jefferson Sterfeno\" \/>\n\t<meta name=\"twitter:label2\" content=\"Est. tempo de leitura\" \/>\n\t<meta name=\"twitter:data2\" content=\"2 minutos\" \/>\n<script type=\"application\/ld+json\" class=\"yoast-schema-graph\">{\"@context\":\"https:\/\/schema.org\",\"@graph\":[{\"@type\":\"Article\",\"@id\":\"https:\/\/blogdobispo.com.br\/?p=5658#article\",\"isPartOf\":{\"@id\":\"https:\/\/blogdobispo.com.br\/?p=5658\"},\"author\":{\"name\":\"Jefferson Sterfeno\",\"@id\":\"https:\/\/blogdobispo.com.br\/#\/schema\/person\/e2209cc0e6cea5c5233d033e997b373f\"},\"headline\":\"Deputado Ubaldo acompanha obras e a\u00e7\u00f5es que viabilizou em Guamar\u00e9 durante feriado\",\"datePublished\":\"2025-06-20T18:55:52+00:00\",\"mainEntityOfPage\":{\"@id\":\"https:\/\/blogdobispo.com.br\/?p=5658\"},\"wordCount\":336,\"commentCount\":0,\"publisher\":{\"@id\":\"https:\/\/blogdobispo.com.br\/#organization\"},\"image\":{\"@id\":\"https:\/\/blogdobispo.com.br\/?p=5658#primaryimage\"},\"thumbnailUrl\":\"https:\/\/blogdobispo.com.br\/wp-content\/uploads\/2025\/06\/056677e1-99d4-47b2-858d-290380baf06d-1-1024x768.jpg\",\"articleSection\":[\"diversos\"],\"inLanguage\":\"pt-BR\",\"potentialAction\":[{\"@type\":\"CommentAction\",\"name\":\"Comment\",\"target\":[\"https:\/\/blogdobispo.com.br\/?p=5658#respond\"]}]},{\"@type\":\"WebPage\",\"@id\":\"https:\/\/blogdobispo.com.br\/?p=5658\",\"url\":\"https:\/\/blogdobispo.com.br\/?p=5658\",\"name\":\"Deputado Ubaldo acompanha obras e a\u00e7\u00f5es que viabilizou em Guamar\u00e9 durante feriado - Blog do Bispo\",\"isPartOf\":{\"@id\":\"https:\/\/blogdobispo.com.br\/#website\"},\"primaryImageOfPage\":{\"@id\":\"https:\/\/blogdobispo.com.br\/?p=5658#primaryimage\"},\"image\":{\"@id\":\"https:\/\/blogdobispo.com.br\/?p=5658#primaryimage\"},\"thumbnailUrl\":\"https:\/\/blogdobispo.com.br\/wp-content\/uploads\/2025\/06\/056677e1-99d4-47b2-858d-290380baf06d-1-1024x768.jpg\",\"datePublished\":\"2025-06-20T18:55:52+00:00\",\"breadcrumb\":{\"@id\":\"https:\/\/blogdobispo.com.br\/?p=5658#breadcrumb\"},\"inLanguage\":\"pt-BR\",\"potentialAction\":[{\"@type\":\"ReadAction\",\"target\":[\"https:\/\/blogdobispo.com.br\/?p=5658\"]}]},{\"@type\":\"ImageObject\",\"inLanguage\":\"pt-BR\",\"@id\":\"https:\/\/blogdobispo.com.br\/?p=5658#primaryimage\",\"url\":\"https:\/\/blogdobispo.com.br\/wp-content\/uploads\/2025\/06\/056677e1-99d4-47b2-858d-290380baf06d-1-1024x768.jpg\",\"contentUrl\":\"https:\/\/blogdobispo.com.br\/wp-content\/uploads\/2025\/06\/056677e1-99d4-47b2-858d-290380baf06d-1-1024x768.jpg\"},{\"@type\":\"BreadcrumbList\",\"@id\":\"https:\/\/blogdobispo.com.br\/?p=5658#breadcrumb\",\"itemListElement\":[{\"@type\":\"ListItem\",\"position\":1,\"name\":\"In\u00edcio\",\"item\":\"https:\/\/blogdobispo.com.br\/\"},{\"@type\":\"ListItem\",\"position\":2,\"name\":\"Deputado Ubaldo acompanha obras e a\u00e7\u00f5es que viabilizou em Guamar\u00e9 durante feriado\"}]},{\"@type\":\"WebSite\",\"@id\":\"https:\/\/blogdobispo.com.br\/#website\",\"url\":\"https:\/\/blogdobispo.com.br\/\",\"name\":\"Blog do Bispo\",\"description\":\"Comprometido apenas com o leitor\",\"publisher\":{\"@id\":\"https:\/\/blogdobispo.com.br\/#organization\"},\"potentialAction\":[{\"@type\":\"SearchAction\",\"target\":{\"@type\":\"EntryPoint\",\"urlTemplate\":\"https:\/\/blogdobispo.com.br\/?s={search_term_string}\"},\"query-input\":{\"@type\":\"PropertyValueSpecification\",\"valueRequired\":true,\"valueName\":\"search_term_string\"}}],\"inLanguage\":\"pt-BR\"},{\"@type\":\"Organization\",\"@id\":\"https:\/\/blogdobispo.com.br\/#organization\",\"name\":\"Blog do Bispo\",\"url\":\"https:\/\/blogdobispo.com.br\/\",\"logo\":{\"@type\":\"ImageObject\",\"inLanguage\":\"pt-BR\",\"@id\":\"https:\/\/blogdobispo.com.br\/#\/schema\/logo\/image\/\",\"url\":\"http:\/\/blogdobispo.com.br\/wp-content\/uploads\/2023\/05\/cropped-headear.png\",\"contentUrl\":\"http:\/\/blogdobispo.com.br\/wp-content\/uploads\/2023\/05\/cropped-headear.png\",\"width\":1500,\"height\":399,\"caption\":\"Blog do Bispo\"},\"image\":{\"@id\":\"https:\/\/blogdobispo.com.br\/#\/schema\/logo\/image\/\"}},{\"@type\":\"Person\",\"@id\":\"https:\/\/blogdobispo.com.br\/#\/schema\/person\/e2209cc0e6cea5c5233d033e997b373f\",\"name\":\"Jefferson Sterfeno\",\"image\":{\"@type\":\"ImageObject\",\"inLanguage\":\"pt-BR\",\"@id\":\"https:\/\/blogdobispo.com.br\/#\/schema\/person\/image\/\",\"url\":\"https:\/\/secure.gravatar.com\/avatar\/0534e84764641168a677026b6d57a3f51dc7ac4db0b4f6186d9cb330d4ee1160?s=96&d=mm&r=g\",\"contentUrl\":\"https:\/\/secure.gravatar.com\/avatar\/0534e84764641168a677026b6d57a3f51dc7ac4db0b4f6186d9cb330d4ee1160?s=96&d=mm&r=g\",\"caption\":\"Jefferson Sterfeno\"},\"sameAs\":[\"http:\/\/blogdobispo.com.br\"],\"url\":\"https:\/\/blogdobispo.com.br\/?author=1\"}]}<\/script>\n<!-- \/ Yoast SEO plugin. -->","yoast_head_json":{"title":"Deputado Ubaldo acompanha obras e a\u00e7\u00f5es que viabilizou em Guamar\u00e9 durante feriado - Blog do Bispo","robots":{"index":"index","follow":"follow","max-snippet":"max-snippet:-1","max-image-preview":"max-image-preview:large","max-video-preview":"max-video-preview:-1"},"canonical":"https:\/\/blogdobispo.com.br\/?p=5658","og_locale":"pt_BR","og_type":"article","og_title":"Deputado Ubaldo acompanha obras e a\u00e7\u00f5es que viabilizou em Guamar\u00e9 durante feriado - Blog do Bispo","og_description":"Aproveitando o feriado de Corpus Christi, nesta quinta-feira (19), o deputado estadual Ubaldo Fernandes cumpriu agenda no interior do Rio Grande do Norte, com destino ao munic\u00edpio de Guamar\u00e9, no litoral potiguar. A visita teve como objetivo acompanhar de perto obras e iniciativas que v\u00eam sendo realizadas com recursos destinados por seu mandato. A primeira [&hellip;]","og_url":"https:\/\/blogdobispo.com.br\/?p=5658","og_site_name":"Blog do Bispo","article_published_time":"2025-06-20T18:55:52+00:00","og_image":[{"url":"https:\/\/blogdobispo.com.br\/wp-content\/uploads\/2025\/06\/056677e1-99d4-47b2-858d-290380baf06d-1-1024x768.jpg","type":"","width":"","height":""}],"author":"Jefferson Sterfeno","twitter_card":"summary_large_image","twitter_misc":{"Escrito por":"Jefferson Sterfeno","Est. tempo de leitura":"2 minutos"},"schema":{"@context":"https:\/\/schema.org","@graph":[{"@type":"Article","@id":"https:\/\/blogdobispo.com.br\/?p=5658#article","isPartOf":{"@id":"https:\/\/blogdobispo.com.br\/?p=5658"},"author":{"name":"Jefferson Sterfeno","@id":"https:\/\/blogdobispo.com.br\/#\/schema\/person\/e2209cc0e6cea5c5233d033e997b373f"},"headline":"Deputado Ubaldo acompanha obras e a\u00e7\u00f5es que viabilizou em Guamar\u00e9 durante feriado","datePublished":"2025-06-20T18:55:52+00:00","mainEntityOfPage":{"@id":"https:\/\/blogdobispo.com.br\/?p=5658"},"wordCount":336,"commentCount":0,"publisher":{"@id":"https:\/\/blogdobispo.com.br\/#organization"},"image":{"@id":"https:\/\/blogdobispo.com.br\/?p=5658#primaryimage"},"thumbnailUrl":"https:\/\/blogdobispo.com.br\/wp-content\/uploads\/2025\/06\/056677e1-99d4-47b2-858d-290380baf06d-1-1024x768.jpg","articleSection":["diversos"],"inLanguage":"pt-BR","potentialAction":[{"@type":"CommentAction","name":"Comment","target":["https:\/\/blogdobispo.com.br\/?p=5658#respond"]}]},{"@type":"WebPage","@id":"https:\/\/blogdobispo.com.br\/?p=5658","url":"https:\/\/blogdobispo.com.br\/?p=5658","name":"Deputado Ubaldo acompanha obras e a\u00e7\u00f5es que viabilizou em Guamar\u00e9 durante feriado - Blog do Bispo","isPartOf":{"@id":"https:\/\/blogdobispo.com.br\/#website"},"primaryImageOfPage":{"@id":"https:\/\/blogdobispo.com.br\/?p=5658#primaryimage"},"image":{"@id":"https:\/\/blogdobispo.com.br\/?p=5658#primaryimage"},"thumbnailUrl":"https:\/\/blogdobispo.com.br\/wp-content\/uploads\/2025\/06\/056677e1-99d4-47b2-858d-290380baf06d-1-1024x768.jpg","datePublished":"2025-06-20T18:55:52+00:00","breadcrumb":{"@id":"https:\/\/blogdobispo.com.br\/?p=5658#breadcrumb"},"inLanguage":"pt-BR","potentialAction":[{"@type":"ReadAction","target":["https:\/\/blogdobispo.com.br\/?p=5658"]}]},{"@type":"ImageObject","inLanguage":"pt-BR","@id":"https:\/\/blogdobispo.com.br\/?p=5658#primaryimage","url":"https:\/\/blogdobispo.com.br\/wp-content\/uploads\/2025\/06\/056677e1-99d4-47b2-858d-290380baf06d-1-1024x768.jpg","contentUrl":"https:\/\/blogdobispo.com.br\/wp-content\/uploads\/2025\/06\/056677e1-99d4-47b2-858d-290380baf06d-1-1024x768.jpg"},{"@type":"BreadcrumbList","@id":"https:\/\/blogdobispo.com.br\/?p=5658#breadcrumb","itemListElement":[{"@type":"ListItem","position":1,"name":"In\u00edcio","item":"https:\/\/blogdobispo.com.br\/"},{"@type":"ListItem","position":2,"name":"Deputado Ubaldo acompanha obras e a\u00e7\u00f5es que viabilizou em Guamar\u00e9 durante feriado"}]},{"@type":"WebSite","@id":"https:\/\/blogdobispo.com.br\/#website","url":"https:\/\/blogdobispo.com.br\/","name":"Blog do Bispo","description":"Comprometido apenas com o leitor","publisher":{"@id":"https:\/\/blogdobispo.com.br\/#organization"},"potentialAction":[{"@type":"SearchAction","target":{"@type":"EntryPoint","urlTemplate":"https:\/\/blogdobispo.com.br\/?s={search_term_string}"},"query-input":{"@type":"PropertyValueSpecification","valueRequired":true,"valueName":"search_term_string"}}],"inLanguage":"pt-BR"},{"@type":"Organization","@id":"https:\/\/blogdobispo.com.br\/#organization","name":"Blog do Bispo","url":"https:\/\/blogdobispo.com.br\/","logo":{"@type":"ImageObject","inLanguage":"pt-BR","@id":"https:\/\/blogdobispo.com.br\/#\/schema\/logo\/image\/","url":"http:\/\/blogdobispo.com.br\/wp-content\/uploads\/2023\/05\/cropped-headear.png","contentUrl":"http:\/\/blogdobispo.com.br\/wp-content\/uploads\/2023\/05\/cropped-headear.png","width":1500,"height":399,"caption":"Blog do Bispo"},"image":{"@id":"https:\/\/blogdobispo.com.br\/#\/schema\/logo\/image\/"}},{"@type":"Person","@id":"https:\/\/blogdobispo.com.br\/#\/schema\/person\/e2209cc0e6cea5c5233d033e997b373f","name":"Jefferson Sterfeno","image":{"@type":"ImageObject","inLanguage":"pt-BR","@id":"https:\/\/blogdobispo.com.br\/#\/schema\/person\/image\/","url":"https:\/\/secure.gravatar.com\/avatar\/0534e84764641168a677026b6d57a3f51dc7ac4db0b4f6186d9cb330d4ee1160?s=96&d=mm&r=g","contentUrl":"https:\/\/secure.gravatar.com\/avatar\/0534e84764641168a677026b6d57a3f51dc7ac4db0b4f6186d9cb330d4ee1160?s=96&d=mm&r=g","caption":"Jefferson Sterfeno"},"sameAs":["http:\/\/blogdobispo.com.br"],"url":"https:\/\/blogdobispo.com.br\/?author=1"}]}},"featured_image_urls":{"full":"","thumbnail":"","medium":"","medium_large":"","large":"","1536x1536":"","2048x2048":""},"author_info":{"display_name":"Jefferson Sterfeno","author_link":"https:\/\/blogdobispo.com.br\/?author=1"},"category_info":"<a href=\"https:\/\/blogdobispo.com.br\/?cat=1\" rel=\"category\">diversos<\/a>","tag_info":"diversos","comment_count":"0","jetpack_featured_media_url":"","jetpack_sharing_enabled":true,"_links":{"self":[{"href":"https:\/\/blogdobispo.com.br\/index.php?rest_route=\/wp\/v2\/posts\/5658","targetHints":{"allow":["GET"]}}],"collection":[{"href":"https:\/\/blogdobispo.com.br\/index.php?rest_route=\/wp\/v2\/posts"}],"about":[{"href":"https:\/\/blogdobispo.com.br\/index.php?rest_route=\/wp\/v2\/types\/post"}],"author":[{"embeddable":true,"href":"https:\/\/blogdobispo.com.br\/index.php?rest_route=\/wp\/v2\/users\/1"}],"replies":[{"embeddable":true,"href":"https:\/\/blogdobispo.com.br\/index.php?rest_route=%2Fwp%2Fv2%2Fcomments&post=5658"}],"version-history":[{"count":0,"href":"https:\/\/blogdobispo.com.br\/index.php?rest_route=\/wp\/v2\/posts\/5658\/revisions"}],"wp:attachment":[{"href":"https:\/\/blogdobispo.com.br\/index.php?rest_route=%2Fwp%2Fv2%2Fmedia&parent=5658"}],"wp:term":[{"taxonomy":"category","embeddable":true,"href":"https:\/\/blogdobispo.com.br\/index.php?rest_route=%2Fwp%2Fv2%2Fcategories&post=5658"},{"taxonomy":"post_tag","embeddable":true,"href":"https:\/\/blogdobispo.com.br\/index.php?rest_route=%2Fwp%2Fv2%2Ftags&post=5658"}],"curies":[{"name":"wp","href":"https:\/\/api.w.org\/{rel}","templated":true}]}}