{"id":5656,"date":"2025-06-20T18:52:27","date_gmt":"2025-06-20T18:52:27","guid":{"rendered":"https:\/\/blogdobispo.com.br\/?p=5656"},"modified":"2025-06-20T18:52:27","modified_gmt":"2025-06-20T18:52:27","slug":"luciano-nascimento-comemora-sucesso-do-polo-junino-da-zona-oeste","status":"publish","type":"post","link":"https:\/\/blogdobispo.com.br\/?p=5656","title":{"rendered":"Luciano Nascimento comemora sucesso do polo junino da zona Oeste"},"content":{"rendered":"\n<figure class=\"wp-block-image size-large\"><img data-recalc-dims=\"1\" fetchpriority=\"high\" decoding=\"async\" width=\"739\" height=\"1024\" src=\"https:\/\/i0.wp.com\/blogdobispo.com.br\/wp-content\/uploads\/2025\/06\/6c2c40e0-35cc-42c8-a1fe-132c95e16e64-1-739x1024.jpg?resize=739%2C1024&#038;ssl=1\" class=\"wp-image-5655\" srcset=\"https:\/\/i0.wp.com\/blogdobispo.com.br\/wp-content\/uploads\/2025\/06\/6c2c40e0-35cc-42c8-a1fe-132c95e16e64-1.jpg?resize=739%2C1024&amp;ssl=1 739w, https:\/\/i0.wp.com\/blogdobispo.com.br\/wp-content\/uploads\/2025\/06\/6c2c40e0-35cc-42c8-a1fe-132c95e16e64-1.jpg?resize=216%2C300&amp;ssl=1 216w, https:\/\/i0.wp.com\/blogdobispo.com.br\/wp-content\/uploads\/2025\/06\/6c2c40e0-35cc-42c8-a1fe-132c95e16e64-1.jpg?resize=768%2C1065&amp;ssl=1 768w, https:\/\/i0.wp.com\/blogdobispo.com.br\/wp-content\/uploads\/2025\/06\/6c2c40e0-35cc-42c8-a1fe-132c95e16e64-1.jpg?resize=1108%2C1536&amp;ssl=1 1108w, https:\/\/i0.wp.com\/blogdobispo.com.br\/wp-content\/uploads\/2025\/06\/6c2c40e0-35cc-42c8-a1fe-132c95e16e64-1.jpg?resize=1024%2C1420&amp;ssl=1 1024w, https:\/\/i0.wp.com\/blogdobispo.com.br\/wp-content\/uploads\/2025\/06\/6c2c40e0-35cc-42c8-a1fe-132c95e16e64-1.jpg?w=1154&amp;ssl=1 1154w\" sizes=\"(max-width: 739px) 100vw, 739px\" \/><\/figure>\n\n\n\n<p><\/p>\n\n\n\n<p>O vereador Luciano Nascimento comemorou o sucesso do polo junino da zona Oeste de Natal, inaugurado nesta quinta-feira (19), na Cidade da Esperan\u00e7a. A primeira noite do evento levou milhares de pessoas \u00e0s ruas e entrou para a hist\u00f3ria como um dos momentos mais marcantes do S\u00e3o Jo\u00e3o de Natal, que este ano j\u00e1 \u00e9 considerado o maior de todos os tempos.<\/p>\n\n\n\n<p>Reconhecido como o vereador mais atuante da zona Oeste, Luciano destacou a import\u00e2ncia da festa para a regi\u00e3o e agradeceu ao prefeito Paulinho Freire por atender esse antigo desejo da popula\u00e7\u00e3o. \u201cFoi emocionante ver a nossa comunidade vibrando com alegria, seguran\u00e7a e orgulho. Esse polo \u00e9 um s\u00edmbolo de valoriza\u00e7\u00e3o do nosso povo e da cultura popular. Parab\u00e9ns ao prefeito e a toda a equipe da Prefeitura pela grandiosidade do evento\u201d, afirmou.<\/p>\n\n\n\n<p>O parlamentar tamb\u00e9m ressaltou o impacto positivo do S\u00e3o Jo\u00e3o na economia local e a import\u00e2ncia de descentralizar os polos culturais. \u201cEsse formato fortalece a economia das comunidades, movimenta o com\u00e9rcio e gera renda para muitas fam\u00edlias. \u00c9 isso que queremos: uma Natal que respeita e valoriza todas as suas regi\u00f5es\u201d, finalizou Luciano.<\/p>\n","protected":false},"excerpt":{"rendered":"<p>O vereador Luciano Nascimento comemorou o sucesso do polo junino da zona Oeste de Natal, inaugurado nesta quinta-feira (19), na Cidade da Esperan\u00e7a. A primeira noite do evento levou milhares de pessoas \u00e0s ruas e entrou para a hist\u00f3ria como um dos momentos mais marcantes do S\u00e3o Jo\u00e3o de Natal, que este ano j\u00e1 \u00e9 [&hellip;]<\/p>\n","protected":false},"author":1,"featured_media":0,"comment_status":"open","ping_status":"open","sticky":false,"template":"","format":"standard","meta":{"cybocfi_hide_featured_image":"","_jetpack_memberships_contains_paid_content":false,"footnotes":""},"categories":[1],"tags":[],"class_list":["post-5656","post","type-post","status-publish","format-standard","hentry","category-diversos"],"yoast_head":"<!-- This site is optimized with the Yoast SEO plugin v25.6 - https:\/\/yoast.com\/wordpress\/plugins\/seo\/ -->\n<title>Luciano Nascimento comemora sucesso do polo junino da zona Oeste - Blog do Bispo<\/title>\n<meta name=\"robots\" content=\"index, follow, max-snippet:-1, max-image-preview:large, max-video-preview:-1\" \/>\n<link rel=\"canonical\" href=\"https:\/\/blogdobispo.com.br\/?p=5656\" \/>\n<meta property=\"og:locale\" content=\"pt_BR\" \/>\n<meta property=\"og:type\" content=\"article\" \/>\n<meta property=\"og:title\" content=\"Luciano Nascimento comemora sucesso do polo junino da zona Oeste - Blog do Bispo\" \/>\n<meta property=\"og:description\" content=\"O vereador Luciano Nascimento comemorou o sucesso do polo junino da zona Oeste de Natal, inaugurado nesta quinta-feira (19), na Cidade da Esperan\u00e7a. A primeira noite do evento levou milhares de pessoas \u00e0s ruas e entrou para a hist\u00f3ria como um dos momentos mais marcantes do S\u00e3o Jo\u00e3o de Natal, que este ano j\u00e1 \u00e9 [&hellip;]\" \/>\n<meta property=\"og:url\" content=\"https:\/\/blogdobispo.com.br\/?p=5656\" \/>\n<meta property=\"og:site_name\" content=\"Blog do Bispo\" \/>\n<meta property=\"article:published_time\" content=\"2025-06-20T18:52:27+00:00\" \/>\n<meta property=\"og:image\" content=\"https:\/\/blogdobispo.com.br\/wp-content\/uploads\/2025\/06\/6c2c40e0-35cc-42c8-a1fe-132c95e16e64-1-739x1024.jpg\" \/>\n<meta name=\"author\" content=\"Jefferson Sterfeno\" \/>\n<meta name=\"twitter:card\" content=\"summary_large_image\" \/>\n<meta name=\"twitter:label1\" content=\"Escrito por\" \/>\n\t<meta name=\"twitter:data1\" content=\"Jefferson Sterfeno\" \/>\n\t<meta name=\"twitter:label2\" content=\"Est. tempo de leitura\" \/>\n\t<meta name=\"twitter:data2\" content=\"1 minuto\" \/>\n<script type=\"application\/ld+json\" class=\"yoast-schema-graph\">{\"@context\":\"https:\/\/schema.org\",\"@graph\":[{\"@type\":\"Article\",\"@id\":\"https:\/\/blogdobispo.com.br\/?p=5656#article\",\"isPartOf\":{\"@id\":\"https:\/\/blogdobispo.com.br\/?p=5656\"},\"author\":{\"name\":\"Jefferson Sterfeno\",\"@id\":\"https:\/\/blogdobispo.com.br\/#\/schema\/person\/e2209cc0e6cea5c5233d033e997b373f\"},\"headline\":\"Luciano Nascimento comemora sucesso do polo junino da zona Oeste\",\"datePublished\":\"2025-06-20T18:52:27+00:00\",\"mainEntityOfPage\":{\"@id\":\"https:\/\/blogdobispo.com.br\/?p=5656\"},\"wordCount\":211,\"commentCount\":1,\"publisher\":{\"@id\":\"https:\/\/blogdobispo.com.br\/#organization\"},\"image\":{\"@id\":\"https:\/\/blogdobispo.com.br\/?p=5656#primaryimage\"},\"thumbnailUrl\":\"https:\/\/blogdobispo.com.br\/wp-content\/uploads\/2025\/06\/6c2c40e0-35cc-42c8-a1fe-132c95e16e64-1-739x1024.jpg\",\"articleSection\":[\"diversos\"],\"inLanguage\":\"pt-BR\",\"potentialAction\":[{\"@type\":\"CommentAction\",\"name\":\"Comment\",\"target\":[\"https:\/\/blogdobispo.com.br\/?p=5656#respond\"]}]},{\"@type\":\"WebPage\",\"@id\":\"https:\/\/blogdobispo.com.br\/?p=5656\",\"url\":\"https:\/\/blogdobispo.com.br\/?p=5656\",\"name\":\"Luciano Nascimento comemora sucesso do polo junino da zona Oeste - Blog do Bispo\",\"isPartOf\":{\"@id\":\"https:\/\/blogdobispo.com.br\/#website\"},\"primaryImageOfPage\":{\"@id\":\"https:\/\/blogdobispo.com.br\/?p=5656#primaryimage\"},\"image\":{\"@id\":\"https:\/\/blogdobispo.com.br\/?p=5656#primaryimage\"},\"thumbnailUrl\":\"https:\/\/blogdobispo.com.br\/wp-content\/uploads\/2025\/06\/6c2c40e0-35cc-42c8-a1fe-132c95e16e64-1-739x1024.jpg\",\"datePublished\":\"2025-06-20T18:52:27+00:00\",\"breadcrumb\":{\"@id\":\"https:\/\/blogdobispo.com.br\/?p=5656#breadcrumb\"},\"inLanguage\":\"pt-BR\",\"potentialAction\":[{\"@type\":\"ReadAction\",\"target\":[\"https:\/\/blogdobispo.com.br\/?p=5656\"]}]},{\"@type\":\"ImageObject\",\"inLanguage\":\"pt-BR\",\"@id\":\"https:\/\/blogdobispo.com.br\/?p=5656#primaryimage\",\"url\":\"https:\/\/blogdobispo.com.br\/wp-content\/uploads\/2025\/06\/6c2c40e0-35cc-42c8-a1fe-132c95e16e64-1-739x1024.jpg\",\"contentUrl\":\"https:\/\/blogdobispo.com.br\/wp-content\/uploads\/2025\/06\/6c2c40e0-35cc-42c8-a1fe-132c95e16e64-1-739x1024.jpg\"},{\"@type\":\"BreadcrumbList\",\"@id\":\"https:\/\/blogdobispo.com.br\/?p=5656#breadcrumb\",\"itemListElement\":[{\"@type\":\"ListItem\",\"position\":1,\"name\":\"In\u00edcio\",\"item\":\"https:\/\/blogdobispo.com.br\/\"},{\"@type\":\"ListItem\",\"position\":2,\"name\":\"Luciano Nascimento comemora sucesso do polo junino da zona Oeste\"}]},{\"@type\":\"WebSite\",\"@id\":\"https:\/\/blogdobispo.com.br\/#website\",\"url\":\"https:\/\/blogdobispo.com.br\/\",\"name\":\"Blog do Bispo\",\"description\":\"Comprometido apenas com o leitor\",\"publisher\":{\"@id\":\"https:\/\/blogdobispo.com.br\/#organization\"},\"potentialAction\":[{\"@type\":\"SearchAction\",\"target\":{\"@type\":\"EntryPoint\",\"urlTemplate\":\"https:\/\/blogdobispo.com.br\/?s={search_term_string}\"},\"query-input\":{\"@type\":\"PropertyValueSpecification\",\"valueRequired\":true,\"valueName\":\"search_term_string\"}}],\"inLanguage\":\"pt-BR\"},{\"@type\":\"Organization\",\"@id\":\"https:\/\/blogdobispo.com.br\/#organization\",\"name\":\"Blog do Bispo\",\"url\":\"https:\/\/blogdobispo.com.br\/\",\"logo\":{\"@type\":\"ImageObject\",\"inLanguage\":\"pt-BR\",\"@id\":\"https:\/\/blogdobispo.com.br\/#\/schema\/logo\/image\/\",\"url\":\"http:\/\/blogdobispo.com.br\/wp-content\/uploads\/2023\/05\/cropped-headear.png\",\"contentUrl\":\"http:\/\/blogdobispo.com.br\/wp-content\/uploads\/2023\/05\/cropped-headear.png\",\"width\":1500,\"height\":399,\"caption\":\"Blog do Bispo\"},\"image\":{\"@id\":\"https:\/\/blogdobispo.com.br\/#\/schema\/logo\/image\/\"}},{\"@type\":\"Person\",\"@id\":\"https:\/\/blogdobispo.com.br\/#\/schema\/person\/e2209cc0e6cea5c5233d033e997b373f\",\"name\":\"Jefferson Sterfeno\",\"image\":{\"@type\":\"ImageObject\",\"inLanguage\":\"pt-BR\",\"@id\":\"https:\/\/blogdobispo.com.br\/#\/schema\/person\/image\/\",\"url\":\"https:\/\/secure.gravatar.com\/avatar\/0534e84764641168a677026b6d57a3f51dc7ac4db0b4f6186d9cb330d4ee1160?s=96&d=mm&r=g\",\"contentUrl\":\"https:\/\/secure.gravatar.com\/avatar\/0534e84764641168a677026b6d57a3f51dc7ac4db0b4f6186d9cb330d4ee1160?s=96&d=mm&r=g\",\"caption\":\"Jefferson Sterfeno\"},\"sameAs\":[\"http:\/\/blogdobispo.com.br\"],\"url\":\"https:\/\/blogdobispo.com.br\/?author=1\"}]}<\/script>\n<!-- \/ Yoast SEO plugin. -->","yoast_head_json":{"title":"Luciano Nascimento comemora sucesso do polo junino da zona Oeste - Blog do Bispo","robots":{"index":"index","follow":"follow","max-snippet":"max-snippet:-1","max-image-preview":"max-image-preview:large","max-video-preview":"max-video-preview:-1"},"canonical":"https:\/\/blogdobispo.com.br\/?p=5656","og_locale":"pt_BR","og_type":"article","og_title":"Luciano Nascimento comemora sucesso do polo junino da zona Oeste - Blog do Bispo","og_description":"O vereador Luciano Nascimento comemorou o sucesso do polo junino da zona Oeste de Natal, inaugurado nesta quinta-feira (19), na Cidade da Esperan\u00e7a. A primeira noite do evento levou milhares de pessoas \u00e0s ruas e entrou para a hist\u00f3ria como um dos momentos mais marcantes do S\u00e3o Jo\u00e3o de Natal, que este ano j\u00e1 \u00e9 [&hellip;]","og_url":"https:\/\/blogdobispo.com.br\/?p=5656","og_site_name":"Blog do Bispo","article_published_time":"2025-06-20T18:52:27+00:00","og_image":[{"url":"https:\/\/blogdobispo.com.br\/wp-content\/uploads\/2025\/06\/6c2c40e0-35cc-42c8-a1fe-132c95e16e64-1-739x1024.jpg","type":"","width":"","height":""}],"author":"Jefferson Sterfeno","twitter_card":"summary_large_image","twitter_misc":{"Escrito por":"Jefferson Sterfeno","Est. tempo de leitura":"1 minuto"},"schema":{"@context":"https:\/\/schema.org","@graph":[{"@type":"Article","@id":"https:\/\/blogdobispo.com.br\/?p=5656#article","isPartOf":{"@id":"https:\/\/blogdobispo.com.br\/?p=5656"},"author":{"name":"Jefferson Sterfeno","@id":"https:\/\/blogdobispo.com.br\/#\/schema\/person\/e2209cc0e6cea5c5233d033e997b373f"},"headline":"Luciano Nascimento comemora sucesso do polo junino da zona Oeste","datePublished":"2025-06-20T18:52:27+00:00","mainEntityOfPage":{"@id":"https:\/\/blogdobispo.com.br\/?p=5656"},"wordCount":211,"commentCount":1,"publisher":{"@id":"https:\/\/blogdobispo.com.br\/#organization"},"image":{"@id":"https:\/\/blogdobispo.com.br\/?p=5656#primaryimage"},"thumbnailUrl":"https:\/\/blogdobispo.com.br\/wp-content\/uploads\/2025\/06\/6c2c40e0-35cc-42c8-a1fe-132c95e16e64-1-739x1024.jpg","articleSection":["diversos"],"inLanguage":"pt-BR","potentialAction":[{"@type":"CommentAction","name":"Comment","target":["https:\/\/blogdobispo.com.br\/?p=5656#respond"]}]},{"@type":"WebPage","@id":"https:\/\/blogdobispo.com.br\/?p=5656","url":"https:\/\/blogdobispo.com.br\/?p=5656","name":"Luciano Nascimento comemora sucesso do polo junino da zona Oeste - Blog do Bispo","isPartOf":{"@id":"https:\/\/blogdobispo.com.br\/#website"},"primaryImageOfPage":{"@id":"https:\/\/blogdobispo.com.br\/?p=5656#primaryimage"},"image":{"@id":"https:\/\/blogdobispo.com.br\/?p=5656#primaryimage"},"thumbnailUrl":"https:\/\/blogdobispo.com.br\/wp-content\/uploads\/2025\/06\/6c2c40e0-35cc-42c8-a1fe-132c95e16e64-1-739x1024.jpg","datePublished":"2025-06-20T18:52:27+00:00","breadcrumb":{"@id":"https:\/\/blogdobispo.com.br\/?p=5656#breadcrumb"},"inLanguage":"pt-BR","potentialAction":[{"@type":"ReadAction","target":["https:\/\/blogdobispo.com.br\/?p=5656"]}]},{"@type":"ImageObject","inLanguage":"pt-BR","@id":"https:\/\/blogdobispo.com.br\/?p=5656#primaryimage","url":"https:\/\/blogdobispo.com.br\/wp-content\/uploads\/2025\/06\/6c2c40e0-35cc-42c8-a1fe-132c95e16e64-1-739x1024.jpg","contentUrl":"https:\/\/blogdobispo.com.br\/wp-content\/uploads\/2025\/06\/6c2c40e0-35cc-42c8-a1fe-132c95e16e64-1-739x1024.jpg"},{"@type":"BreadcrumbList","@id":"https:\/\/blogdobispo.com.br\/?p=5656#breadcrumb","itemListElement":[{"@type":"ListItem","position":1,"name":"In\u00edcio","item":"https:\/\/blogdobispo.com.br\/"},{"@type":"ListItem","position":2,"name":"Luciano Nascimento comemora sucesso do polo junino da zona Oeste"}]},{"@type":"WebSite","@id":"https:\/\/blogdobispo.com.br\/#website","url":"https:\/\/blogdobispo.com.br\/","name":"Blog do Bispo","description":"Comprometido apenas com o leitor","publisher":{"@id":"https:\/\/blogdobispo.com.br\/#organization"},"potentialAction":[{"@type":"SearchAction","target":{"@type":"EntryPoint","urlTemplate":"https:\/\/blogdobispo.com.br\/?s={search_term_string}"},"query-input":{"@type":"PropertyValueSpecification","valueRequired":true,"valueName":"search_term_string"}}],"inLanguage":"pt-BR"},{"@type":"Organization","@id":"https:\/\/blogdobispo.com.br\/#organization","name":"Blog do Bispo","url":"https:\/\/blogdobispo.com.br\/","logo":{"@type":"ImageObject","inLanguage":"pt-BR","@id":"https:\/\/blogdobispo.com.br\/#\/schema\/logo\/image\/","url":"http:\/\/blogdobispo.com.br\/wp-content\/uploads\/2023\/05\/cropped-headear.png","contentUrl":"http:\/\/blogdobispo.com.br\/wp-content\/uploads\/2023\/05\/cropped-headear.png","width":1500,"height":399,"caption":"Blog do Bispo"},"image":{"@id":"https:\/\/blogdobispo.com.br\/#\/schema\/logo\/image\/"}},{"@type":"Person","@id":"https:\/\/blogdobispo.com.br\/#\/schema\/person\/e2209cc0e6cea5c5233d033e997b373f","name":"Jefferson Sterfeno","image":{"@type":"ImageObject","inLanguage":"pt-BR","@id":"https:\/\/blogdobispo.com.br\/#\/schema\/person\/image\/","url":"https:\/\/secure.gravatar.com\/avatar\/0534e84764641168a677026b6d57a3f51dc7ac4db0b4f6186d9cb330d4ee1160?s=96&d=mm&r=g","contentUrl":"https:\/\/secure.gravatar.com\/avatar\/0534e84764641168a677026b6d57a3f51dc7ac4db0b4f6186d9cb330d4ee1160?s=96&d=mm&r=g","caption":"Jefferson Sterfeno"},"sameAs":["http:\/\/blogdobispo.com.br"],"url":"https:\/\/blogdobispo.com.br\/?author=1"}]}},"featured_image_urls":{"full":"","thumbnail":"","medium":"","medium_large":"","large":"","1536x1536":"","2048x2048":""},"author_info":{"display_name":"Jefferson Sterfeno","author_link":"https:\/\/blogdobispo.com.br\/?author=1"},"category_info":"<a href=\"https:\/\/blogdobispo.com.br\/?cat=1\" rel=\"category\">diversos<\/a>","tag_info":"diversos","comment_count":"1","jetpack_featured_media_url":"","jetpack_sharing_enabled":true,"_links":{"self":[{"href":"https:\/\/blogdobispo.com.br\/index.php?rest_route=\/wp\/v2\/posts\/5656","targetHints":{"allow":["GET"]}}],"collection":[{"href":"https:\/\/blogdobispo.com.br\/index.php?rest_route=\/wp\/v2\/posts"}],"about":[{"href":"https:\/\/blogdobispo.com.br\/index.php?rest_route=\/wp\/v2\/types\/post"}],"author":[{"embeddable":true,"href":"https:\/\/blogdobispo.com.br\/index.php?rest_route=\/wp\/v2\/users\/1"}],"replies":[{"embeddable":true,"href":"https:\/\/blogdobispo.com.br\/index.php?rest_route=%2Fwp%2Fv2%2Fcomments&post=5656"}],"version-history":[{"count":0,"href":"https:\/\/blogdobispo.com.br\/index.php?rest_route=\/wp\/v2\/posts\/5656\/revisions"}],"wp:attachment":[{"href":"https:\/\/blogdobispo.com.br\/index.php?rest_route=%2Fwp%2Fv2%2Fmedia&parent=5656"}],"wp:term":[{"taxonomy":"category","embeddable":true,"href":"https:\/\/blogdobispo.com.br\/index.php?rest_route=%2Fwp%2Fv2%2Fcategories&post=5656"},{"taxonomy":"post_tag","embeddable":true,"href":"https:\/\/blogdobispo.com.br\/index.php?rest_route=%2Fwp%2Fv2%2Ftags&post=5656"}],"curies":[{"name":"wp","href":"https:\/\/api.w.org\/{rel}","templated":true}]}}