{"id":5650,"date":"2025-06-19T00:40:13","date_gmt":"2025-06-19T00:40:13","guid":{"rendered":"https:\/\/blogdobispo.com.br\/?p=5650"},"modified":"2025-06-19T00:40:13","modified_gmt":"2025-06-19T00:40:13","slug":"walter-alves-nega-mas-age-como-candidato-ao-governo-montagem-de-equipe-com-10-meses-de-antecedencia-reforca-expectativa-de-sucessao-de-fatima","status":"publish","type":"post","link":"https:\/\/blogdobispo.com.br\/?p=5650","title":{"rendered":"Walter Alves nega, mas age como candidato ao governo: montagem de equipe com 10 meses de anteced\u00eancia refor\u00e7a expectativa de sucess\u00e3o de F\u00e1tima"},"content":{"rendered":"\n<figure class=\"wp-block-image size-large\"><img data-recalc-dims=\"1\" fetchpriority=\"high\" decoding=\"async\" width=\"635\" height=\"397\" src=\"https:\/\/i0.wp.com\/blogdobispo.com.br\/wp-content\/uploads\/2025\/06\/img_5186-1.jpg?resize=635%2C397&#038;ssl=1\" class=\"wp-image-5649\" srcset=\"https:\/\/i0.wp.com\/blogdobispo.com.br\/wp-content\/uploads\/2025\/06\/img_5186-1.jpg?w=635&amp;ssl=1 635w, https:\/\/i0.wp.com\/blogdobispo.com.br\/wp-content\/uploads\/2025\/06\/img_5186-1.jpg?resize=300%2C188&amp;ssl=1 300w\" sizes=\"(max-width: 635px) 100vw, 635px\" \/><\/figure>\n\n\n\n<p class=\"p1\"><\/p>\n\n\n\n<p class=\"p1\">Nos bastidores do governo do Rio Grande do Norte, a movimenta\u00e7\u00e3o do vice-governador Walter Alves tem chamado aten\u00e7\u00e3o \u2014 e alimentado uma s\u00e9rie de especula\u00e7\u00f5es. Embora declare publicamente que n\u00e3o ser\u00e1 candidato ao Governo do Estado em 2026, Walter j\u00e1 se comporta como quem est\u00e1 a caminho do cargo. E mais: como algu\u00e9m que j\u00e1 se prepara para assumir o comando do Executivo antes mesmo da elei\u00e7\u00e3o.<\/p>\n\n\n\n<p class=\"p1\">Com a expectativa de que a governadora F\u00e1tima Bezerra deixe o cargo em 2026 para disputar uma vaga no Senado, Walter assumiria o governo com pelo menos 10 meses de anteced\u00eancia do t\u00e9rmino oficial do mandato \u2014 o que o colocaria no centro da cena pol\u00edtica em um momento decisivo. E \u00e9 exatamente esse cen\u00e1rio que parece embasar as suas recentes a\u00e7\u00f5es.<\/p>\n\n\n\n<p class=\"p1\">A nomea\u00e7\u00e3o de figuras ligadas diretamente ao MDB, como Alan Silveira para o Desenvolvimento Econ\u00f4mico e Luciano Santos para Recursos H\u00eddricos, indica mais do que influ\u00eancia: revela um processo de montagem antecipada de um futuro governo com a cara de Walter. Na pr\u00e1tica, o vice-governador j\u00e1 estaria desenhando sua equipe de confian\u00e7a e ocupando espa\u00e7os estrat\u00e9gicos para uma poss\u00edvel transi\u00e7\u00e3o suave e continuada.<\/p>\n\n\n\n<p class=\"p1\">Outro fator que fortalece essa leitura \u00e9 o apoio declarado do presidente da Assembleia Legislativa, Ezequiel Ferreira, que afirmou recentemente que estar\u00e1 com Walter, \u201ccomo esteve em 2022\u201d. Trata-se de um apoio de peso, que sinaliza um campo pol\u00edtico bem pavimentado e uma articula\u00e7\u00e3o robusta em andamento.<\/p>\n\n\n\n<p class=\"p1\">Embora continue negando oficialmente qualquer pretens\u00e3o eleitoral, a postura de Walter contrasta com seu discurso. A estrat\u00e9gia pode ser interpretada como um movimento de prote\u00e7\u00e3o, evitando o desgaste prematuro e mantendo margem de manobra enquanto o cen\u00e1rio ainda se acomoda. Mas entre o que se diz e o que se faz, o vice-governador parece j\u00e1 estar em campanha silenciosa \u2014 e antecipada.<\/p>\n\n\n\n<p class=\"p1\">Com a eventual sa\u00edda de F\u00e1tima e o apoio de lideran\u00e7as importantes, Walter Alves poder\u00e1 chegar ao cargo com for\u00e7a in\u00e9dita e tempo suficiente para consolidar sua imagem de gestor antes mesmo da disputa nas urnas. Se ser\u00e1 candidato, ele ainda diz que n\u00e3o. Mas se preparar para governar, ele j\u00e1 est\u00e1.<\/p>\n","protected":false},"excerpt":{"rendered":"<p>Nos bastidores do governo do Rio Grande do Norte, a movimenta\u00e7\u00e3o do vice-governador Walter Alves tem chamado aten\u00e7\u00e3o \u2014 e alimentado uma s\u00e9rie de especula\u00e7\u00f5es. Embora declare publicamente que n\u00e3o ser\u00e1 candidato ao Governo do Estado em 2026, Walter j\u00e1 se comporta como quem est\u00e1 a caminho do cargo. E mais: como algu\u00e9m que j\u00e1 [&hellip;]<\/p>\n","protected":false},"author":1,"featured_media":0,"comment_status":"open","ping_status":"open","sticky":false,"template":"","format":"standard","meta":{"cybocfi_hide_featured_image":"","_jetpack_memberships_contains_paid_content":false,"footnotes":""},"categories":[1],"tags":[],"class_list":["post-5650","post","type-post","status-publish","format-standard","hentry","category-diversos"],"yoast_head":"<!-- This site is optimized with the Yoast SEO plugin v25.6 - https:\/\/yoast.com\/wordpress\/plugins\/seo\/ -->\n<title>Walter Alves nega, mas age como candidato ao governo: montagem de equipe com 10 meses de anteced\u00eancia refor\u00e7a expectativa de sucess\u00e3o de F\u00e1tima - Blog do Bispo<\/title>\n<meta name=\"robots\" content=\"index, follow, max-snippet:-1, max-image-preview:large, max-video-preview:-1\" \/>\n<link rel=\"canonical\" href=\"https:\/\/blogdobispo.com.br\/?p=5650\" \/>\n<meta property=\"og:locale\" content=\"pt_BR\" \/>\n<meta property=\"og:type\" content=\"article\" \/>\n<meta property=\"og:title\" content=\"Walter Alves nega, mas age como candidato ao governo: montagem de equipe com 10 meses de anteced\u00eancia refor\u00e7a expectativa de sucess\u00e3o de F\u00e1tima - Blog do Bispo\" \/>\n<meta property=\"og:description\" content=\"Nos bastidores do governo do Rio Grande do Norte, a movimenta\u00e7\u00e3o do vice-governador Walter Alves tem chamado aten\u00e7\u00e3o \u2014 e alimentado uma s\u00e9rie de especula\u00e7\u00f5es. Embora declare publicamente que n\u00e3o ser\u00e1 candidato ao Governo do Estado em 2026, Walter j\u00e1 se comporta como quem est\u00e1 a caminho do cargo. E mais: como algu\u00e9m que j\u00e1 [&hellip;]\" \/>\n<meta property=\"og:url\" content=\"https:\/\/blogdobispo.com.br\/?p=5650\" \/>\n<meta property=\"og:site_name\" content=\"Blog do Bispo\" \/>\n<meta property=\"article:published_time\" content=\"2025-06-19T00:40:13+00:00\" \/>\n<meta property=\"og:image\" content=\"https:\/\/blogdobispo.com.br\/wp-content\/uploads\/2025\/06\/img_5186-1.jpg\" \/>\n<meta name=\"author\" content=\"Jefferson Sterfeno\" \/>\n<meta name=\"twitter:card\" content=\"summary_large_image\" \/>\n<meta name=\"twitter:label1\" content=\"Escrito por\" \/>\n\t<meta name=\"twitter:data1\" content=\"Jefferson Sterfeno\" \/>\n\t<meta name=\"twitter:label2\" content=\"Est. tempo de leitura\" \/>\n\t<meta name=\"twitter:data2\" content=\"2 minutos\" \/>\n<script type=\"application\/ld+json\" class=\"yoast-schema-graph\">{\"@context\":\"https:\/\/schema.org\",\"@graph\":[{\"@type\":\"Article\",\"@id\":\"https:\/\/blogdobispo.com.br\/?p=5650#article\",\"isPartOf\":{\"@id\":\"https:\/\/blogdobispo.com.br\/?p=5650\"},\"author\":{\"name\":\"Jefferson Sterfeno\",\"@id\":\"https:\/\/blogdobispo.com.br\/#\/schema\/person\/e2209cc0e6cea5c5233d033e997b373f\"},\"headline\":\"Walter Alves nega, mas age como candidato ao governo: montagem de equipe com 10 meses de anteced\u00eancia refor\u00e7a expectativa de sucess\u00e3o de F\u00e1tima\",\"datePublished\":\"2025-06-19T00:40:13+00:00\",\"mainEntityOfPage\":{\"@id\":\"https:\/\/blogdobispo.com.br\/?p=5650\"},\"wordCount\":405,\"commentCount\":0,\"publisher\":{\"@id\":\"https:\/\/blogdobispo.com.br\/#organization\"},\"image\":{\"@id\":\"https:\/\/blogdobispo.com.br\/?p=5650#primaryimage\"},\"thumbnailUrl\":\"https:\/\/blogdobispo.com.br\/wp-content\/uploads\/2025\/06\/img_5186-1.jpg\",\"articleSection\":[\"diversos\"],\"inLanguage\":\"pt-BR\",\"potentialAction\":[{\"@type\":\"CommentAction\",\"name\":\"Comment\",\"target\":[\"https:\/\/blogdobispo.com.br\/?p=5650#respond\"]}]},{\"@type\":\"WebPage\",\"@id\":\"https:\/\/blogdobispo.com.br\/?p=5650\",\"url\":\"https:\/\/blogdobispo.com.br\/?p=5650\",\"name\":\"Walter Alves nega, mas age como candidato ao governo: montagem de equipe com 10 meses de anteced\u00eancia refor\u00e7a expectativa de sucess\u00e3o de F\u00e1tima - Blog do Bispo\",\"isPartOf\":{\"@id\":\"https:\/\/blogdobispo.com.br\/#website\"},\"primaryImageOfPage\":{\"@id\":\"https:\/\/blogdobispo.com.br\/?p=5650#primaryimage\"},\"image\":{\"@id\":\"https:\/\/blogdobispo.com.br\/?p=5650#primaryimage\"},\"thumbnailUrl\":\"https:\/\/blogdobispo.com.br\/wp-content\/uploads\/2025\/06\/img_5186-1.jpg\",\"datePublished\":\"2025-06-19T00:40:13+00:00\",\"breadcrumb\":{\"@id\":\"https:\/\/blogdobispo.com.br\/?p=5650#breadcrumb\"},\"inLanguage\":\"pt-BR\",\"potentialAction\":[{\"@type\":\"ReadAction\",\"target\":[\"https:\/\/blogdobispo.com.br\/?p=5650\"]}]},{\"@type\":\"ImageObject\",\"inLanguage\":\"pt-BR\",\"@id\":\"https:\/\/blogdobispo.com.br\/?p=5650#primaryimage\",\"url\":\"https:\/\/blogdobispo.com.br\/wp-content\/uploads\/2025\/06\/img_5186-1.jpg\",\"contentUrl\":\"https:\/\/blogdobispo.com.br\/wp-content\/uploads\/2025\/06\/img_5186-1.jpg\"},{\"@type\":\"BreadcrumbList\",\"@id\":\"https:\/\/blogdobispo.com.br\/?p=5650#breadcrumb\",\"itemListElement\":[{\"@type\":\"ListItem\",\"position\":1,\"name\":\"In\u00edcio\",\"item\":\"https:\/\/blogdobispo.com.br\/\"},{\"@type\":\"ListItem\",\"position\":2,\"name\":\"Walter Alves nega, mas age como candidato ao governo: montagem de equipe com 10 meses de anteced\u00eancia refor\u00e7a expectativa de sucess\u00e3o de F\u00e1tima\"}]},{\"@type\":\"WebSite\",\"@id\":\"https:\/\/blogdobispo.com.br\/#website\",\"url\":\"https:\/\/blogdobispo.com.br\/\",\"name\":\"Blog do Bispo\",\"description\":\"Comprometido apenas com o leitor\",\"publisher\":{\"@id\":\"https:\/\/blogdobispo.com.br\/#organization\"},\"potentialAction\":[{\"@type\":\"SearchAction\",\"target\":{\"@type\":\"EntryPoint\",\"urlTemplate\":\"https:\/\/blogdobispo.com.br\/?s={search_term_string}\"},\"query-input\":{\"@type\":\"PropertyValueSpecification\",\"valueRequired\":true,\"valueName\":\"search_term_string\"}}],\"inLanguage\":\"pt-BR\"},{\"@type\":\"Organization\",\"@id\":\"https:\/\/blogdobispo.com.br\/#organization\",\"name\":\"Blog do Bispo\",\"url\":\"https:\/\/blogdobispo.com.br\/\",\"logo\":{\"@type\":\"ImageObject\",\"inLanguage\":\"pt-BR\",\"@id\":\"https:\/\/blogdobispo.com.br\/#\/schema\/logo\/image\/\",\"url\":\"http:\/\/blogdobispo.com.br\/wp-content\/uploads\/2023\/05\/cropped-headear.png\",\"contentUrl\":\"http:\/\/blogdobispo.com.br\/wp-content\/uploads\/2023\/05\/cropped-headear.png\",\"width\":1500,\"height\":399,\"caption\":\"Blog do Bispo\"},\"image\":{\"@id\":\"https:\/\/blogdobispo.com.br\/#\/schema\/logo\/image\/\"}},{\"@type\":\"Person\",\"@id\":\"https:\/\/blogdobispo.com.br\/#\/schema\/person\/e2209cc0e6cea5c5233d033e997b373f\",\"name\":\"Jefferson Sterfeno\",\"image\":{\"@type\":\"ImageObject\",\"inLanguage\":\"pt-BR\",\"@id\":\"https:\/\/blogdobispo.com.br\/#\/schema\/person\/image\/\",\"url\":\"https:\/\/secure.gravatar.com\/avatar\/0534e84764641168a677026b6d57a3f51dc7ac4db0b4f6186d9cb330d4ee1160?s=96&d=mm&r=g\",\"contentUrl\":\"https:\/\/secure.gravatar.com\/avatar\/0534e84764641168a677026b6d57a3f51dc7ac4db0b4f6186d9cb330d4ee1160?s=96&d=mm&r=g\",\"caption\":\"Jefferson Sterfeno\"},\"sameAs\":[\"http:\/\/blogdobispo.com.br\"],\"url\":\"https:\/\/blogdobispo.com.br\/?author=1\"}]}<\/script>\n<!-- \/ Yoast SEO plugin. -->","yoast_head_json":{"title":"Walter Alves nega, mas age como candidato ao governo: montagem de equipe com 10 meses de anteced\u00eancia refor\u00e7a expectativa de sucess\u00e3o de F\u00e1tima - Blog do Bispo","robots":{"index":"index","follow":"follow","max-snippet":"max-snippet:-1","max-image-preview":"max-image-preview:large","max-video-preview":"max-video-preview:-1"},"canonical":"https:\/\/blogdobispo.com.br\/?p=5650","og_locale":"pt_BR","og_type":"article","og_title":"Walter Alves nega, mas age como candidato ao governo: montagem de equipe com 10 meses de anteced\u00eancia refor\u00e7a expectativa de sucess\u00e3o de F\u00e1tima - Blog do Bispo","og_description":"Nos bastidores do governo do Rio Grande do Norte, a movimenta\u00e7\u00e3o do vice-governador Walter Alves tem chamado aten\u00e7\u00e3o \u2014 e alimentado uma s\u00e9rie de especula\u00e7\u00f5es. Embora declare publicamente que n\u00e3o ser\u00e1 candidato ao Governo do Estado em 2026, Walter j\u00e1 se comporta como quem est\u00e1 a caminho do cargo. E mais: como algu\u00e9m que j\u00e1 [&hellip;]","og_url":"https:\/\/blogdobispo.com.br\/?p=5650","og_site_name":"Blog do Bispo","article_published_time":"2025-06-19T00:40:13+00:00","og_image":[{"url":"https:\/\/blogdobispo.com.br\/wp-content\/uploads\/2025\/06\/img_5186-1.jpg","type":"","width":"","height":""}],"author":"Jefferson Sterfeno","twitter_card":"summary_large_image","twitter_misc":{"Escrito por":"Jefferson Sterfeno","Est. tempo de leitura":"2 minutos"},"schema":{"@context":"https:\/\/schema.org","@graph":[{"@type":"Article","@id":"https:\/\/blogdobispo.com.br\/?p=5650#article","isPartOf":{"@id":"https:\/\/blogdobispo.com.br\/?p=5650"},"author":{"name":"Jefferson Sterfeno","@id":"https:\/\/blogdobispo.com.br\/#\/schema\/person\/e2209cc0e6cea5c5233d033e997b373f"},"headline":"Walter Alves nega, mas age como candidato ao governo: montagem de equipe com 10 meses de anteced\u00eancia refor\u00e7a expectativa de sucess\u00e3o de F\u00e1tima","datePublished":"2025-06-19T00:40:13+00:00","mainEntityOfPage":{"@id":"https:\/\/blogdobispo.com.br\/?p=5650"},"wordCount":405,"commentCount":0,"publisher":{"@id":"https:\/\/blogdobispo.com.br\/#organization"},"image":{"@id":"https:\/\/blogdobispo.com.br\/?p=5650#primaryimage"},"thumbnailUrl":"https:\/\/blogdobispo.com.br\/wp-content\/uploads\/2025\/06\/img_5186-1.jpg","articleSection":["diversos"],"inLanguage":"pt-BR","potentialAction":[{"@type":"CommentAction","name":"Comment","target":["https:\/\/blogdobispo.com.br\/?p=5650#respond"]}]},{"@type":"WebPage","@id":"https:\/\/blogdobispo.com.br\/?p=5650","url":"https:\/\/blogdobispo.com.br\/?p=5650","name":"Walter Alves nega, mas age como candidato ao governo: montagem de equipe com 10 meses de anteced\u00eancia refor\u00e7a expectativa de sucess\u00e3o de F\u00e1tima - Blog do Bispo","isPartOf":{"@id":"https:\/\/blogdobispo.com.br\/#website"},"primaryImageOfPage":{"@id":"https:\/\/blogdobispo.com.br\/?p=5650#primaryimage"},"image":{"@id":"https:\/\/blogdobispo.com.br\/?p=5650#primaryimage"},"thumbnailUrl":"https:\/\/blogdobispo.com.br\/wp-content\/uploads\/2025\/06\/img_5186-1.jpg","datePublished":"2025-06-19T00:40:13+00:00","breadcrumb":{"@id":"https:\/\/blogdobispo.com.br\/?p=5650#breadcrumb"},"inLanguage":"pt-BR","potentialAction":[{"@type":"ReadAction","target":["https:\/\/blogdobispo.com.br\/?p=5650"]}]},{"@type":"ImageObject","inLanguage":"pt-BR","@id":"https:\/\/blogdobispo.com.br\/?p=5650#primaryimage","url":"https:\/\/blogdobispo.com.br\/wp-content\/uploads\/2025\/06\/img_5186-1.jpg","contentUrl":"https:\/\/blogdobispo.com.br\/wp-content\/uploads\/2025\/06\/img_5186-1.jpg"},{"@type":"BreadcrumbList","@id":"https:\/\/blogdobispo.com.br\/?p=5650#breadcrumb","itemListElement":[{"@type":"ListItem","position":1,"name":"In\u00edcio","item":"https:\/\/blogdobispo.com.br\/"},{"@type":"ListItem","position":2,"name":"Walter Alves nega, mas age como candidato ao governo: montagem de equipe com 10 meses de anteced\u00eancia refor\u00e7a expectativa de sucess\u00e3o de F\u00e1tima"}]},{"@type":"WebSite","@id":"https:\/\/blogdobispo.com.br\/#website","url":"https:\/\/blogdobispo.com.br\/","name":"Blog do Bispo","description":"Comprometido apenas com o leitor","publisher":{"@id":"https:\/\/blogdobispo.com.br\/#organization"},"potentialAction":[{"@type":"SearchAction","target":{"@type":"EntryPoint","urlTemplate":"https:\/\/blogdobispo.com.br\/?s={search_term_string}"},"query-input":{"@type":"PropertyValueSpecification","valueRequired":true,"valueName":"search_term_string"}}],"inLanguage":"pt-BR"},{"@type":"Organization","@id":"https:\/\/blogdobispo.com.br\/#organization","name":"Blog do Bispo","url":"https:\/\/blogdobispo.com.br\/","logo":{"@type":"ImageObject","inLanguage":"pt-BR","@id":"https:\/\/blogdobispo.com.br\/#\/schema\/logo\/image\/","url":"http:\/\/blogdobispo.com.br\/wp-content\/uploads\/2023\/05\/cropped-headear.png","contentUrl":"http:\/\/blogdobispo.com.br\/wp-content\/uploads\/2023\/05\/cropped-headear.png","width":1500,"height":399,"caption":"Blog do Bispo"},"image":{"@id":"https:\/\/blogdobispo.com.br\/#\/schema\/logo\/image\/"}},{"@type":"Person","@id":"https:\/\/blogdobispo.com.br\/#\/schema\/person\/e2209cc0e6cea5c5233d033e997b373f","name":"Jefferson Sterfeno","image":{"@type":"ImageObject","inLanguage":"pt-BR","@id":"https:\/\/blogdobispo.com.br\/#\/schema\/person\/image\/","url":"https:\/\/secure.gravatar.com\/avatar\/0534e84764641168a677026b6d57a3f51dc7ac4db0b4f6186d9cb330d4ee1160?s=96&d=mm&r=g","contentUrl":"https:\/\/secure.gravatar.com\/avatar\/0534e84764641168a677026b6d57a3f51dc7ac4db0b4f6186d9cb330d4ee1160?s=96&d=mm&r=g","caption":"Jefferson Sterfeno"},"sameAs":["http:\/\/blogdobispo.com.br"],"url":"https:\/\/blogdobispo.com.br\/?author=1"}]}},"featured_image_urls":{"full":"","thumbnail":"","medium":"","medium_large":"","large":"","1536x1536":"","2048x2048":""},"author_info":{"display_name":"Jefferson Sterfeno","author_link":"https:\/\/blogdobispo.com.br\/?author=1"},"category_info":"<a href=\"https:\/\/blogdobispo.com.br\/?cat=1\" rel=\"category\">diversos<\/a>","tag_info":"diversos","comment_count":"0","jetpack_featured_media_url":"","jetpack_sharing_enabled":true,"_links":{"self":[{"href":"https:\/\/blogdobispo.com.br\/index.php?rest_route=\/wp\/v2\/posts\/5650","targetHints":{"allow":["GET"]}}],"collection":[{"href":"https:\/\/blogdobispo.com.br\/index.php?rest_route=\/wp\/v2\/posts"}],"about":[{"href":"https:\/\/blogdobispo.com.br\/index.php?rest_route=\/wp\/v2\/types\/post"}],"author":[{"embeddable":true,"href":"https:\/\/blogdobispo.com.br\/index.php?rest_route=\/wp\/v2\/users\/1"}],"replies":[{"embeddable":true,"href":"https:\/\/blogdobispo.com.br\/index.php?rest_route=%2Fwp%2Fv2%2Fcomments&post=5650"}],"version-history":[{"count":0,"href":"https:\/\/blogdobispo.com.br\/index.php?rest_route=\/wp\/v2\/posts\/5650\/revisions"}],"wp:attachment":[{"href":"https:\/\/blogdobispo.com.br\/index.php?rest_route=%2Fwp%2Fv2%2Fmedia&parent=5650"}],"wp:term":[{"taxonomy":"category","embeddable":true,"href":"https:\/\/blogdobispo.com.br\/index.php?rest_route=%2Fwp%2Fv2%2Fcategories&post=5650"},{"taxonomy":"post_tag","embeddable":true,"href":"https:\/\/blogdobispo.com.br\/index.php?rest_route=%2Fwp%2Fv2%2Ftags&post=5650"}],"curies":[{"name":"wp","href":"https:\/\/api.w.org\/{rel}","templated":true}]}}